{"id":15939,"date":"2025-03-27T08:23:00","date_gmt":"2025-03-27T11:23:00","guid":{"rendered":"https:\/\/www.correiobraziliense.com.br\/cbradar\/?p=15939"},"modified":"2025-03-26T17:11:16","modified_gmt":"2025-03-26T20:11:16","slug":"audi-a6-avant-surpreende-com-o-retorno-dos-motores-a-combustao","status":"publish","type":"post","link":"https:\/\/www.correiobraziliense.com.br\/cbradar\/audi-a6-avant-surpreende-com-o-retorno-dos-motores-a-combustao\/","title":{"rendered":"Audi A6 Avant surpreende com o retorno dos motores a combust\u00e3o"},"content":{"rendered":"\n<p>Recentemente, a <strong>Audi <\/strong>anunciou a introdu\u00e7\u00e3o de novas vers\u00f5es da perua<strong> A6 Avant<\/strong>, equipadas com motores a combust\u00e3o. Este movimento ocorre ap\u00f3s a apresenta\u00e7\u00e3o das vers\u00f5es el\u00e9tricas da mesma linha, sinalizando uma estrat\u00e9gia diversificada da marca alem\u00e3 em rela\u00e7\u00e3o ao mercado automotivo. A decis\u00e3o de incluir motores a gasolina e diesel, com tecnologia h\u00edbrida, reflete a busca por atender diferentes perfis de consumidores.<\/p>\n\n\n\n<p>O lan\u00e7amento das novas op\u00e7\u00f5es de motoriza\u00e7\u00e3o para a A6 Avant destaca-se em um cen\u00e1rio onde a ind\u00fastria automotiva global est\u00e1 cada vez mais voltada para a eletrifica\u00e7\u00e3o. No entanto, a Audi, assim como outras montadoras, reconhece a import\u00e2ncia de oferecer alternativas que combinem efici\u00eancia energ\u00e9tica com a familiaridade dos motores tradicionais.<\/p>\n\n\n\n<h2 class=\"wp-block-heading\"><strong>Quais s\u00e3o as especifica\u00e7\u00f5es dos novos motores?<\/strong><\/h2>\n\n\n\n<p>Entre as novidades, a vers\u00e3o topo de linha da A6 Avant vem equipada com um motor 3.0 turbo de seis cilindros a gasolina. Este motor \u00e9 capaz de entregar 367 cavalos de pot\u00eancia e um torque de 56 kgfm, permitindo que o ve\u00edculo acelere de 0 a 100 km\/h em apenas 4,7 segundos. Al\u00e9m disso, a tecnologia h\u00edbrida incorporada permite que o carro opere em modo exclusivamente el\u00e9trico, proporcionando uma experi\u00eancia de condu\u00e7\u00e3o mais vers\u00e1til.<\/p>\n\n\n\n<figure class=\"wp-block-image size-large\"><img decoding=\"async\" width=\"1024\" height=\"576\" src=\"https:\/\/www.correiobraziliense.com.br\/cbradar\/wp-content\/uploads\/2025\/03\/Motores-a-Combustao_1742992670611-1024x576.jpg\" alt=\"Audi A6 Avant surpreende o retorno dos motores a combust\u00e3o!\" class=\"wp-image-15942\" srcset=\"https:\/\/www.correiobraziliense.com.br\/cbradar\/wp-content\/uploads\/2025\/03\/Motores-a-Combustao_1742992670611-1024x576.jpg 1024w, https:\/\/www.correiobraziliense.com.br\/cbradar\/wp-content\/uploads\/2025\/03\/Motores-a-Combustao_1742992670611-300x169.jpg 300w, https:\/\/www.correiobraziliense.com.br\/cbradar\/wp-content\/uploads\/2025\/03\/Motores-a-Combustao_1742992670611-768x432.jpg 768w, https:\/\/www.correiobraziliense.com.br\/cbradar\/wp-content\/uploads\/2025\/03\/Motores-a-Combustao_1742992670611-750x422.jpg 750w, https:\/\/www.correiobraziliense.com.br\/cbradar\/wp-content\/uploads\/2025\/03\/Motores-a-Combustao_1742992670611-1140x642.jpg 1140w, https:\/\/www.correiobraziliense.com.br\/cbradar\/wp-content\/uploads\/2025\/03\/Motores-a-Combustao_1742992670611.jpg 1279w\" sizes=\"(max-width: 1024px) 100vw, 1024px\" \/><figcaption class=\"wp-element-caption\">Motores a Combust\u00e3o.Cr\u00e9ditos: depositphotos.com \/ nelsonart<\/figcaption><\/figure>\n\n\n\n<p>As op\u00e7\u00f5es de motoriza\u00e7\u00e3o n\u00e3o se limitam ao motor a gasolina. A Audi tamb\u00e9m oferece vers\u00f5es com motores a diesel, que s\u00e3o conhecidas por sua efici\u00eancia em consumo de combust\u00edvel. A inclus\u00e3o de motores h\u00edbridos nas novas vers\u00f5es da A6 Avant demonstra o compromisso da Audi em reduzir as emiss\u00f5es de carbono, sem comprometer o desempenho.<\/p>\n\n\n\n<h2 class=\"wp-block-heading\"><strong>Por que a Audi ainda investe em motores a combust\u00e3o?<\/strong><\/h2>\n\n\n\n<p>A decis\u00e3o da Audi de continuar investindo em motores a combust\u00e3o, mesmo em um mercado que caminha para a eletrifica\u00e7\u00e3o, pode ser explicada por diversos fatores. Primeiramente, muitos consumidores ainda preferem a confiabilidade e o desempenho dos motores tradicionais. Al\u00e9m disso, em v\u00e1rias regi\u00f5es do mundo, a infraestrutura para ve\u00edculos el\u00e9tricos ainda est\u00e1 em desenvolvimento, tornando os motores a combust\u00e3o uma op\u00e7\u00e3o mais pr\u00e1tica.<\/p>\n\n\n\n<p>Outro ponto a considerar \u00e9 que a transi\u00e7\u00e3o para ve\u00edculos totalmente el\u00e9tricos requer tempo e investimento significativo. Ao oferecer uma gama diversificada de op\u00e7\u00f5es de motoriza\u00e7\u00e3o, a Audi consegue atender tanto os consumidores que j\u00e1 est\u00e3o prontos para adotar a eletrifica\u00e7\u00e3o quanto aqueles que ainda dependem dos motores a combust\u00e3o.<\/p>\n\n\n\n<h2 class=\"wp-block-heading\"><strong>Qual \u00e9 o impacto dessa estrat\u00e9gia no mercado automotivo?<\/strong><\/h2>\n\n\n\n<p>A estrat\u00e9gia da Audi de lan\u00e7ar vers\u00f5es a combust\u00e3o da A6 Avant pode influenciar outras montadoras a seguir um caminho semelhante. Ao equilibrar inova\u00e7\u00e3o e tradi\u00e7\u00e3o, a Audi demonstra que \u00e9 poss\u00edvel avan\u00e7ar em dire\u00e7\u00e3o a um futuro mais sustent\u00e1vel sem abandonar completamente as tecnologias que moldaram a ind\u00fastria automotiva at\u00e9 agora.<\/p>\n\n\n\n<p>Al\u00e9m disso, a introdu\u00e7\u00e3o de modelos h\u00edbridos e a combust\u00e3o pode estimular a competitividade no mercado, incentivando outras marcas a desenvolverem solu\u00e7\u00f5es inovadoras que atendam \u00e0s demandas de um p\u00fablico diversificado. Em \u00faltima an\u00e1lise, a abordagem da Audi reflete uma vis\u00e3o pragm\u00e1tica do futuro da mobilidade, onde diferentes tecnologias coexistem para oferecer o melhor de ambos os mundos.<\/p>\n","protected":false},"excerpt":{"rendered":"<p>A Audi surpreende com o lan\u00e7amento de novas vers\u00f5es da A6 Avant com motores a combust\u00e3o, oferecendo uma abordagem pragm\u00e1tica<\/p>\n","protected":false},"author":3,"featured_media":16126,"comment_status":"open","ping_status":"open","sticky":false,"template":"","format":"standard","meta":{"_yoast_wpseo_focuskw":"Audi A5 Avant","_yoast_wpseo_title":"%%title%%","_yoast_wpseo_metadesc":"A Audi surpreende com o lan\u00e7amento de novas vers\u00f5es da A6 Avant com motores a combust\u00e3o, oferecendo uma abordagem pragm\u00e1tica","jnews-multi-image_gallery":[],"jnews_single_post":{"format":"standard"},"jnews_primary_category":[],"jnews_social_meta":[],"jnews_override_counter":[],"footnotes":""},"categories":[122],"post_tag":[896,2479],"class_list":["post-15939","post","type-post","status-publish","format-standard","has-post-thumbnail","hentry","category-automobilismo","tag-audi","tag-audi-a6-avant"],"yoast_head":"<!-- This site is optimized with the Yoast SEO plugin v24.6 - https:\/\/yoast.com\/wordpress\/plugins\/seo\/ -->\n<title>Audi A6 Avant surpreende com o retorno dos motores a combust\u00e3o<\/title>\n<meta name=\"description\" content=\"A Audi surpreende com o lan\u00e7amento de novas vers\u00f5es da A6 Avant com motores a combust\u00e3o, oferecendo uma abordagem pragm\u00e1tica\" \/>\n<meta name=\"robots\" content=\"index, follow, max-snippet:-1, max-image-preview:large, max-video-preview:-1\" \/>\n<link rel=\"canonical\" href=\"https:\/\/www.correiobraziliense.com.br\/cbradar\/audi-a6-avant-surpreende-com-o-retorno-dos-motores-a-combustao\/\" \/>\n<meta property=\"og:locale\" content=\"pt_BR\" \/>\n<meta property=\"og:type\" content=\"article\" \/>\n<meta property=\"og:title\" content=\"Audi A6 Avant surpreende com o retorno dos motores a combust\u00e3o\" \/>\n<meta property=\"og:description\" content=\"A Audi surpreende com o lan\u00e7amento de novas vers\u00f5es da A6 Avant com motores a combust\u00e3o, oferecendo uma abordagem pragm\u00e1tica\" \/>\n<meta property=\"og:url\" content=\"https:\/\/www.correiobraziliense.com.br\/cbradar\/audi-a6-avant-surpreende-com-o-retorno-dos-motores-a-combustao\/\" \/>\n<meta property=\"og:site_name\" content=\"Correio Braziliense - Radar\" \/>\n<meta property=\"article:published_time\" content=\"2025-03-27T11:23:00+00:00\" \/>\n<meta property=\"og:image\" content=\"https:\/\/www.correiobraziliense.com.br\/cbradar\/wp-content\/uploads\/2025\/03\/Audi-A6-Avant.png\" \/>\n\t<meta property=\"og:image:width\" content=\"1280\" \/>\n\t<meta property=\"og:image:height\" content=\"720\" \/>\n\t<meta property=\"og:image:type\" content=\"image\/png\" \/>\n<meta name=\"author\" content=\"Larissa Carvalho\" \/>\n<meta name=\"twitter:card\" content=\"summary_large_image\" \/>\n<meta name=\"twitter:label1\" content=\"Escrito por\" \/>\n\t<meta name=\"twitter:data1\" content=\"Larissa Carvalho\" \/>\n\t<meta name=\"twitter:label2\" content=\"Est. tempo de leitura\" \/>\n\t<meta name=\"twitter:data2\" content=\"4 minutos\" \/>\n<!-- \/ Yoast SEO plugin. -->","yoast_head_json":{"title":"Audi A6 Avant surpreende com o retorno dos motores a combust\u00e3o","description":"A Audi surpreende com o lan\u00e7amento de novas vers\u00f5es da A6 Avant com motores a combust\u00e3o, oferecendo uma abordagem pragm\u00e1tica","robots":{"index":"index","follow":"follow","max-snippet":"max-snippet:-1","max-image-preview":"max-image-preview:large","max-video-preview":"max-video-preview:-1"},"canonical":"https:\/\/www.correiobraziliense.com.br\/cbradar\/audi-a6-avant-surpreende-com-o-retorno-dos-motores-a-combustao\/","og_locale":"pt_BR","og_type":"article","og_title":"Audi A6 Avant surpreende com o retorno dos motores a combust\u00e3o","og_description":"A Audi surpreende com o lan\u00e7amento de novas vers\u00f5es da A6 Avant com motores a combust\u00e3o, oferecendo uma abordagem pragm\u00e1tica","og_url":"https:\/\/www.correiobraziliense.com.br\/cbradar\/audi-a6-avant-surpreende-com-o-retorno-dos-motores-a-combustao\/","og_site_name":"Correio Braziliense - Radar","article_published_time":"2025-03-27T11:23:00+00:00","og_image":[{"width":1280,"height":720,"url":"https:\/\/www.correiobraziliense.com.br\/cbradar\/wp-content\/uploads\/2025\/03\/Audi-A6-Avant.png","type":"image\/png"}],"author":"Larissa Carvalho","twitter_card":"summary_large_image","twitter_misc":{"Escrito por":"Larissa Carvalho","Est. tempo de leitura":"4 minutos"},"schema":{"@context":"https:\/\/schema.org","@graph":[{"@type":"WebPage","@id":"https:\/\/www.correiobraziliense.com.br\/cbradar\/audi-a6-avant-surpreende-com-o-retorno-dos-motores-a-combustao\/","url":"https:\/\/www.correiobraziliense.com.br\/cbradar\/audi-a6-avant-surpreende-com-o-retorno-dos-motores-a-combustao\/","name":"Audi A6 Avant surpreende com o retorno dos motores a combust\u00e3o","isPartOf":{"@id":"https:\/\/www.correiobraziliense.com.br\/cbradar\/#website"},"primaryImageOfPage":{"@id":"https:\/\/www.correiobraziliense.com.br\/cbradar\/audi-a6-avant-surpreende-com-o-retorno-dos-motores-a-combustao\/#primaryimage"},"image":{"@id":"https:\/\/www.correiobraziliense.com.br\/cbradar\/audi-a6-avant-surpreende-com-o-retorno-dos-motores-a-combustao\/#primaryimage"},"thumbnailUrl":"https:\/\/www.correiobraziliense.com.br\/cbradar\/wp-content\/uploads\/2025\/03\/Audi-A6-Avant.png","datePublished":"2025-03-27T11:23:00+00:00","author":{"@id":"https:\/\/www.correiobraziliense.com.br\/cbradar\/#\/schema\/person\/58422787644df994b53a19d3e56c1513"},"description":"A Audi surpreende com o lan\u00e7amento de novas vers\u00f5es da A6 Avant com motores a combust\u00e3o, oferecendo uma abordagem pragm\u00e1tica","breadcrumb":{"@id":"https:\/\/www.correiobraziliense.com.br\/cbradar\/audi-a6-avant-surpreende-com-o-retorno-dos-motores-a-combustao\/#breadcrumb"},"inLanguage":"pt-BR","potentialAction":[{"@type":"ReadAction","target":["https:\/\/www.correiobraziliense.com.br\/cbradar\/audi-a6-avant-surpreende-com-o-retorno-dos-motores-a-combustao\/"]}]},{"@type":"ImageObject","inLanguage":"pt-BR","@id":"https:\/\/www.correiobraziliense.com.br\/cbradar\/audi-a6-avant-surpreende-com-o-retorno-dos-motores-a-combustao\/#primaryimage","url":"https:\/\/www.correiobraziliense.com.br\/cbradar\/wp-content\/uploads\/2025\/03\/Audi-A6-Avant.png","contentUrl":"https:\/\/www.correiobraziliense.com.br\/cbradar\/wp-content\/uploads\/2025\/03\/Audi-A6-Avant.png","width":1280,"height":720,"caption":"Audi A6 Avant. Fonte: divulga\u00e7\u00e3o \/ Audi"},{"@type":"BreadcrumbList","@id":"https:\/\/www.correiobraziliense.com.br\/cbradar\/audi-a6-avant-surpreende-com-o-retorno-dos-motores-a-combustao\/#breadcrumb","itemListElement":[{"@type":"ListItem","position":1,"name":"In\u00edcio","item":"https:\/\/www.correiobraziliense.com.br\/cbradar\/"},{"@type":"ListItem","position":2,"name":"Audi A6 Avant surpreende com o retorno dos motores a combust\u00e3o"}]},{"@type":"WebSite","@id":"https:\/\/www.correiobraziliense.com.br\/cbradar\/#website","url":"https:\/\/www.correiobraziliense.com.br\/cbradar\/","name":"Correio Braziliense - Radar","description":"Acompanhe as \u00faltimas not\u00edcias e fique bem informado sobre tudo o que acontece no Brasil e no mundo.","potentialAction":[{"@type":"SearchAction","target":{"@type":"EntryPoint","urlTemplate":"https:\/\/www.correiobraziliense.com.br\/cbradar\/?s={search_term_string}"},"query-input":{"@type":"PropertyValueSpecification","valueRequired":true,"valueName":"search_term_string"}}],"inLanguage":"pt-BR"},{"@type":"Person","@id":"https:\/\/www.correiobraziliense.com.br\/cbradar\/#\/schema\/person\/58422787644df994b53a19d3e56c1513","name":"Larissa Carvalho","image":{"@type":"ImageObject","inLanguage":"pt-BR","@id":"https:\/\/www.correiobraziliense.com.br\/cbradar\/#\/schema\/person\/image\/","url":"https:\/\/secure.gravatar.com\/avatar\/fe4f91a0de32b52a838d0d612abdc1aa?s=96&d=mm&r=g","contentUrl":"https:\/\/secure.gravatar.com\/avatar\/fe4f91a0de32b52a838d0d612abdc1aa?s=96&d=mm&r=g","caption":"Larissa Carvalho"},"url":"https:\/\/www.correiobraziliense.com.br\/cbradar\/author\/larissamyth\/"}]}},"_links":{"self":[{"href":"https:\/\/www.correiobraziliense.com.br\/cbradar\/wp-json\/wp\/v2\/posts\/15939","targetHints":{"allow":["GET"]}}],"collection":[{"href":"https:\/\/www.correiobraziliense.com.br\/cbradar\/wp-json\/wp\/v2\/posts"}],"about":[{"href":"https:\/\/www.correiobraziliense.com.br\/cbradar\/wp-json\/wp\/v2\/types\/post"}],"author":[{"embeddable":true,"href":"https:\/\/www.correiobraziliense.com.br\/cbradar\/wp-json\/wp\/v2\/users\/3"}],"replies":[{"embeddable":true,"href":"https:\/\/www.correiobraziliense.com.br\/cbradar\/wp-json\/wp\/v2\/comments?post=15939"}],"version-history":[{"count":2,"href":"https:\/\/www.correiobraziliense.com.br\/cbradar\/wp-json\/wp\/v2\/posts\/15939\/revisions"}],"predecessor-version":[{"id":16127,"href":"https:\/\/www.correiobraziliense.com.br\/cbradar\/wp-json\/wp\/v2\/posts\/15939\/revisions\/16127"}],"wp:featuredmedia":[{"embeddable":true,"href":"https:\/\/www.correiobraziliense.com.br\/cbradar\/wp-json\/wp\/v2\/media\/16126"}],"wp:attachment":[{"href":"https:\/\/www.correiobraziliense.com.br\/cbradar\/wp-json\/wp\/v2\/media?parent=15939"}],"wp:term":[{"taxonomy":"category","embeddable":true,"href":"https:\/\/www.correiobraziliense.com.br\/cbradar\/wp-json\/wp\/v2\/categories?post=15939"},{"taxonomy":"post_tag","embeddable":true,"href":"https:\/\/www.correiobraziliense.com.br\/cbradar\/wp-json\/wp\/v2\/post_tag?post=15939"}],"curies":[{"name":"wp","href":"https:\/\/api.w.org\/{rel}","templated":true}]}}