{"id":15950,"date":"2025-03-27T07:30:00","date_gmt":"2025-03-27T10:30:00","guid":{"rendered":"https:\/\/www.correiobraziliense.com.br\/cbradar\/?p=15950"},"modified":"2025-03-26T17:11:30","modified_gmt":"2025-03-26T20:11:30","slug":"conheca-a-cidade-onde-os-moradores-se-comunicam-por-eco-natural","status":"publish","type":"post","link":"https:\/\/www.correiobraziliense.com.br\/cbradar\/conheca-a-cidade-onde-os-moradores-se-comunicam-por-eco-natural\/","title":{"rendered":"Conhe\u00e7a a cidade onde os moradores se comunicam por eco natural"},"content":{"rendered":"\n<p>Escondida entre as montanhas e florestas do estado de <strong>Meghalaya<\/strong>, no nordeste da <strong>\u00cdndia<\/strong>, existe uma vila encantadora chamada <strong>Kongthong<\/strong>, onde os moradores t\u00eam uma forma de comunica\u00e7\u00e3o \u00fanica no mundo: <strong>em vez de nomes falados, eles se chamam com associados mel\u00f3dicos<\/strong>, aproveitando o <strong>eco natural das colinas ao redor<\/strong>.<\/p>\n\n\n\n<p>Conhecida como a <strong>\u201caldeia dos assobios\u201d<\/strong>, Kongthong mant\u00e9m viva uma tradi\u00e7\u00e3o oral rara que combina natureza, m\u00fasica e identidade pessoal de forma extraordin\u00e1ria.<\/p>\n\n\n\n<h2 class=\"wp-block-heading\"><strong>Como funciona a linguagem dos associados em Kongthong?<\/strong><\/h2>\n\n\n\n<p>Em Kongthong, cada pessoa tem <strong>dois nomes<\/strong>:<\/p>\n\n\n\n<ol class=\"wp-block-list\">\n<li>Um <strong>nome oficial falado<\/strong>, como em qualquer lugar.<\/li>\n\n\n\n<li>Um <strong>nome-assobio exclusivo<\/strong>, criado pela m\u00e3e quando o beb\u00ea nasce.<\/li>\n<\/ol>\n\n\n\n<p>Esse nome mel\u00f3dico, chamado de <strong>&#8220;jingrwai lawbei&#8221;<\/strong> (can\u00e7\u00e3o de chamada), \u00e9:<\/p>\n\n\n\n<ul class=\"wp-block-list\">\n<li>\u00danico para cada indiv\u00edduo.<\/li>\n\n\n\n<li>Usado para chamar algu\u00e9m \u00e0 dist\u00e2ncia, no campo ou na floresta.<\/li>\n\n\n\n<li>Baseado em <strong>notas musicais e ritmo personalizado<\/strong>, que ecoa pelas montanhas.<\/li>\n<\/ul>\n\n\n\n<p>Esses associados viajam por grandes dist\u00e2ncias, ajudando os moradores a se comunicarem mesmo em terrenos dif\u00edceis e densamente arborizados.<\/p>\n\n\n\n<figure class=\"wp-block-image size-large\"><img decoding=\"async\" width=\"1024\" height=\"576\" src=\"https:\/\/www.correiobraziliense.com.br\/cbradar\/wp-content\/uploads\/2025\/03\/Meghalaya_1742993892416-1024x576.jpg\" alt=\"Conhe\u00e7a a cidade onde os moradores se comunicam por eco natural\" class=\"wp-image-15954\" srcset=\"https:\/\/www.correiobraziliense.com.br\/cbradar\/wp-content\/uploads\/2025\/03\/Meghalaya_1742993892416-1024x576.jpg 1024w, https:\/\/www.correiobraziliense.com.br\/cbradar\/wp-content\/uploads\/2025\/03\/Meghalaya_1742993892416-300x169.jpg 300w, https:\/\/www.correiobraziliense.com.br\/cbradar\/wp-content\/uploads\/2025\/03\/Meghalaya_1742993892416-768x432.jpg 768w, https:\/\/www.correiobraziliense.com.br\/cbradar\/wp-content\/uploads\/2025\/03\/Meghalaya_1742993892416-750x422.jpg 750w, https:\/\/www.correiobraziliense.com.br\/cbradar\/wp-content\/uploads\/2025\/03\/Meghalaya_1742993892416-1140x641.jpg 1140w, https:\/\/www.correiobraziliense.com.br\/cbradar\/wp-content\/uploads\/2025\/03\/Meghalaya_1742993892416.jpg 1280w\" sizes=\"(max-width: 1024px) 100vw, 1024px\" \/><figcaption class=\"wp-element-caption\">Meghalaya. Cr\u00e9ditos: depositphotos.com \/ RealityImages<\/figcaption><\/figure>\n\n\n\n<h2 class=\"wp-block-heading\"><strong>Por que os moradores usam o eco para se comunicar?<\/strong><\/h2>\n\n\n\n<p>Uma tradi\u00e7\u00e3o tem origens antigas e \u00e9 profundamente enraizada na cultura do povo <strong>Khasi<\/strong>, etnia majorit\u00e1ria na regi\u00e3o. O uso de associados:<\/p>\n\n\n\n<ul class=\"wp-block-list\">\n<li><strong>Evita confus\u00f5es em vilarejos com nomes repetidos.<\/strong><\/li>\n\n\n\n<li><strong>Respeita o ambiente, sendo menos intrusivo do que gritos.<\/strong><\/li>\n\n\n\n<li><strong>Valoriza a liga\u00e7\u00e3o emocional entre m\u00e3e e filho<\/strong>, j\u00e1 que o nome-assobio \u00e9 composto com carinho.<\/li>\n<\/ul>\n\n\n\n<p>Al\u00e9m disso, o relevo montanhoso e o ambiente silencioso de Kongthong favorecem a propaga\u00e7\u00e3o de sons, tornando o eco <strong>um meio natural de amplifica\u00e7\u00e3o da comunica\u00e7\u00e3o<\/strong>.<\/p>\n\n\n\n<h2 class=\"wp-block-heading\"><strong>Curiosidades sobre Kongthong<\/strong><\/h2>\n\n\n\n<ul class=\"wp-block-list\">\n<li><strong>A vila tem cerca de 700 habitantes<\/strong>, e todos possuem nomes-assobio.<\/li>\n\n\n\n<li><strong>Foi indicado ao t\u00edtulo de Patrim\u00f4nio Cultural Imaterial da Humanidade pela UNESCO.<\/strong><\/li>\n\n\n\n<li><strong>H\u00e1 registros de turistas recebendo seus pr\u00f3prios nomes-assobio durante as visitas.<\/strong><\/li>\n\n\n\n<li><strong>A tradi\u00e7\u00e3o est\u00e1 sendo preservada por meio da educa\u00e7\u00e3o local e incentivo ao turismo consciente.<\/strong><\/li>\n\n\n\n<li><strong>N\u00e3o existem duas associa\u00e7\u00f5es iguais<\/strong>, tornando cada identidade sonora t\u00e3o \u00fanica quanto uma impress\u00e3o digital.<\/li>\n<\/ul>\n\n\n\n<p>Kongthong \u00e9 um lugar onde <strong>a natureza e a cultura se harmonizam<\/strong> para criar uma forma de comunica\u00e7\u00e3o \u00fanica, musical e profundamente humana \u2014 uma vila onde <strong>cada nome \u00e9 uma melodia ecoando nas montanhas<\/strong>.<\/p>\n","protected":false},"excerpt":{"rendered":"<p>Em uma vila na \u00cdndia, moradores se chamam por associados personalizados que ecoam pelas montanhas. Descubra Kongthong, a aldeia dos assobios!<\/p>\n","protected":false},"author":3,"featured_media":15953,"comment_status":"open","ping_status":"open","sticky":false,"template":"","format":"standard","meta":{"_yoast_wpseo_focuskw":"cidade comunicam eco","_yoast_wpseo_title":"%%title%%","_yoast_wpseo_metadesc":"Em uma vila na \u00cdndia, moradores se chamam por associados personalizados que ecoam pelas montanhas. Descubra Kongthong, a aldeia dos assobios!","jnews-multi-image_gallery":[],"jnews_single_post":{"format":"standard"},"jnews_primary_category":[],"jnews_social_meta":[],"jnews_override_counter":[],"footnotes":""},"categories":[108],"tags":[109],"class_list":["post-15950","post","type-post","status-publish","format-standard","has-post-thumbnail","hentry","category-cidades","tag-cidades"],"yoast_head":"<!-- This site is optimized with the Yoast SEO plugin v24.6 - https:\/\/yoast.com\/wordpress\/plugins\/seo\/ -->\n<title>Conhe\u00e7a a cidade onde os moradores se comunicam por eco natural<\/title>\n<meta name=\"description\" content=\"Em uma vila na \u00cdndia, moradores se chamam por associados personalizados que ecoam pelas montanhas. Descubra Kongthong, a aldeia dos assobios!\" \/>\n<meta name=\"robots\" content=\"index, follow, max-snippet:-1, max-image-preview:large, max-video-preview:-1\" \/>\n<link rel=\"canonical\" href=\"https:\/\/www.correiobraziliense.com.br\/cbradar\/conheca-a-cidade-onde-os-moradores-se-comunicam-por-eco-natural\/\" \/>\n<meta property=\"og:locale\" content=\"pt_BR\" \/>\n<meta property=\"og:type\" content=\"article\" \/>\n<meta property=\"og:title\" content=\"Conhe\u00e7a a cidade onde os moradores se comunicam por eco natural\" \/>\n<meta property=\"og:description\" content=\"Em uma vila na \u00cdndia, moradores se chamam por associados personalizados que ecoam pelas montanhas. Descubra Kongthong, a aldeia dos assobios!\" \/>\n<meta property=\"og:url\" content=\"https:\/\/www.correiobraziliense.com.br\/cbradar\/conheca-a-cidade-onde-os-moradores-se-comunicam-por-eco-natural\/\" \/>\n<meta property=\"og:site_name\" content=\"Correio Braziliense - Radar\" \/>\n<meta property=\"article:published_time\" content=\"2025-03-27T10:30:00+00:00\" \/>\n<meta property=\"og:image\" content=\"https:\/\/www.correiobraziliense.com.br\/cbradar\/wp-content\/uploads\/2025\/03\/Meghalaya_1742993863312.jpg\" \/>\n\t<meta property=\"og:image:width\" content=\"1280\" \/>\n\t<meta property=\"og:image:height\" content=\"720\" \/>\n\t<meta property=\"og:image:type\" content=\"image\/jpeg\" \/>\n<meta name=\"author\" content=\"Larissa Carvalho\" \/>\n<meta name=\"twitter:card\" content=\"summary_large_image\" \/>\n<meta name=\"twitter:label1\" content=\"Escrito por\" \/>\n\t<meta name=\"twitter:data1\" content=\"Larissa Carvalho\" \/>\n\t<meta name=\"twitter:label2\" content=\"Est. tempo de leitura\" \/>\n\t<meta name=\"twitter:data2\" content=\"3 minutos\" \/>\n<!-- \/ Yoast SEO plugin. -->","yoast_head_json":{"title":"Conhe\u00e7a a cidade onde os moradores se comunicam por eco natural","description":"Em uma vila na \u00cdndia, moradores se chamam por associados personalizados que ecoam pelas montanhas. Descubra Kongthong, a aldeia dos assobios!","robots":{"index":"index","follow":"follow","max-snippet":"max-snippet:-1","max-image-preview":"max-image-preview:large","max-video-preview":"max-video-preview:-1"},"canonical":"https:\/\/www.correiobraziliense.com.br\/cbradar\/conheca-a-cidade-onde-os-moradores-se-comunicam-por-eco-natural\/","og_locale":"pt_BR","og_type":"article","og_title":"Conhe\u00e7a a cidade onde os moradores se comunicam por eco natural","og_description":"Em uma vila na \u00cdndia, moradores se chamam por associados personalizados que ecoam pelas montanhas. Descubra Kongthong, a aldeia dos assobios!","og_url":"https:\/\/www.correiobraziliense.com.br\/cbradar\/conheca-a-cidade-onde-os-moradores-se-comunicam-por-eco-natural\/","og_site_name":"Correio Braziliense - Radar","article_published_time":"2025-03-27T10:30:00+00:00","og_image":[{"width":1280,"height":720,"url":"https:\/\/www.correiobraziliense.com.br\/cbradar\/wp-content\/uploads\/2025\/03\/Meghalaya_1742993863312.jpg","type":"image\/jpeg"}],"author":"Larissa Carvalho","twitter_card":"summary_large_image","twitter_misc":{"Escrito por":"Larissa Carvalho","Est. tempo de leitura":"3 minutos"},"schema":{"@context":"https:\/\/schema.org","@graph":[{"@type":"WebPage","@id":"https:\/\/www.correiobraziliense.com.br\/cbradar\/conheca-a-cidade-onde-os-moradores-se-comunicam-por-eco-natural\/","url":"https:\/\/www.correiobraziliense.com.br\/cbradar\/conheca-a-cidade-onde-os-moradores-se-comunicam-por-eco-natural\/","name":"Conhe\u00e7a a cidade onde os moradores se comunicam por eco natural","isPartOf":{"@id":"https:\/\/www.correiobraziliense.com.br\/cbradar\/#website"},"primaryImageOfPage":{"@id":"https:\/\/www.correiobraziliense.com.br\/cbradar\/conheca-a-cidade-onde-os-moradores-se-comunicam-por-eco-natural\/#primaryimage"},"image":{"@id":"https:\/\/www.correiobraziliense.com.br\/cbradar\/conheca-a-cidade-onde-os-moradores-se-comunicam-por-eco-natural\/#primaryimage"},"thumbnailUrl":"https:\/\/www.correiobraziliense.com.br\/cbradar\/wp-content\/uploads\/2025\/03\/Meghalaya_1742993863312.jpg","datePublished":"2025-03-27T10:30:00+00:00","author":{"@id":"https:\/\/www.correiobraziliense.com.br\/cbradar\/#\/schema\/person\/58422787644df994b53a19d3e56c1513"},"description":"Em uma vila na \u00cdndia, moradores se chamam por associados personalizados que ecoam pelas montanhas. Descubra Kongthong, a aldeia dos assobios!","breadcrumb":{"@id":"https:\/\/www.correiobraziliense.com.br\/cbradar\/conheca-a-cidade-onde-os-moradores-se-comunicam-por-eco-natural\/#breadcrumb"},"inLanguage":"pt-BR","potentialAction":[{"@type":"ReadAction","target":["https:\/\/www.correiobraziliense.com.br\/cbradar\/conheca-a-cidade-onde-os-moradores-se-comunicam-por-eco-natural\/"]}]},{"@type":"ImageObject","inLanguage":"pt-BR","@id":"https:\/\/www.correiobraziliense.com.br\/cbradar\/conheca-a-cidade-onde-os-moradores-se-comunicam-por-eco-natural\/#primaryimage","url":"https:\/\/www.correiobraziliense.com.br\/cbradar\/wp-content\/uploads\/2025\/03\/Meghalaya_1742993863312.jpg","contentUrl":"https:\/\/www.correiobraziliense.com.br\/cbradar\/wp-content\/uploads\/2025\/03\/Meghalaya_1742993863312.jpg","width":1280,"height":720,"caption":"Meghalaya. Cr\u00e9ditos: depositphotos.com \/ explorewithinfo"},{"@type":"BreadcrumbList","@id":"https:\/\/www.correiobraziliense.com.br\/cbradar\/conheca-a-cidade-onde-os-moradores-se-comunicam-por-eco-natural\/#breadcrumb","itemListElement":[{"@type":"ListItem","position":1,"name":"In\u00edcio","item":"https:\/\/www.correiobraziliense.com.br\/cbradar\/"},{"@type":"ListItem","position":2,"name":"Conhe\u00e7a a cidade onde os moradores se comunicam por eco natural"}]},{"@type":"WebSite","@id":"https:\/\/www.correiobraziliense.com.br\/cbradar\/#website","url":"https:\/\/www.correiobraziliense.com.br\/cbradar\/","name":"Correio Braziliense - Radar","description":"Acompanhe as \u00faltimas not\u00edcias e fique bem informado sobre tudo o que acontece no Brasil e no mundo.","potentialAction":[{"@type":"SearchAction","target":{"@type":"EntryPoint","urlTemplate":"https:\/\/www.correiobraziliense.com.br\/cbradar\/?s={search_term_string}"},"query-input":{"@type":"PropertyValueSpecification","valueRequired":true,"valueName":"search_term_string"}}],"inLanguage":"pt-BR"},{"@type":"Person","@id":"https:\/\/www.correiobraziliense.com.br\/cbradar\/#\/schema\/person\/58422787644df994b53a19d3e56c1513","name":"Larissa Carvalho","image":{"@type":"ImageObject","inLanguage":"pt-BR","@id":"https:\/\/www.correiobraziliense.com.br\/cbradar\/#\/schema\/person\/image\/","url":"https:\/\/secure.gravatar.com\/avatar\/fe4f91a0de32b52a838d0d612abdc1aa?s=96&d=mm&r=g","contentUrl":"https:\/\/secure.gravatar.com\/avatar\/fe4f91a0de32b52a838d0d612abdc1aa?s=96&d=mm&r=g","caption":"Larissa Carvalho"},"url":"https:\/\/www.correiobraziliense.com.br\/cbradar\/author\/larissamyth\/"}]}},"_links":{"self":[{"href":"https:\/\/www.correiobraziliense.com.br\/cbradar\/wp-json\/wp\/v2\/posts\/15950","targetHints":{"allow":["GET"]}}],"collection":[{"href":"https:\/\/www.correiobraziliense.com.br\/cbradar\/wp-json\/wp\/v2\/posts"}],"about":[{"href":"https:\/\/www.correiobraziliense.com.br\/cbradar\/wp-json\/wp\/v2\/types\/post"}],"author":[{"embeddable":true,"href":"https:\/\/www.correiobraziliense.com.br\/cbradar\/wp-json\/wp\/v2\/users\/3"}],"replies":[{"embeddable":true,"href":"https:\/\/www.correiobraziliense.com.br\/cbradar\/wp-json\/wp\/v2\/comments?post=15950"}],"version-history":[{"count":1,"href":"https:\/\/www.correiobraziliense.com.br\/cbradar\/wp-json\/wp\/v2\/posts\/15950\/revisions"}],"predecessor-version":[{"id":15955,"href":"https:\/\/www.correiobraziliense.com.br\/cbradar\/wp-json\/wp\/v2\/posts\/15950\/revisions\/15955"}],"wp:featuredmedia":[{"embeddable":true,"href":"https:\/\/www.correiobraziliense.com.br\/cbradar\/wp-json\/wp\/v2\/media\/15953"}],"wp:attachment":[{"href":"https:\/\/www.correiobraziliense.com.br\/cbradar\/wp-json\/wp\/v2\/media?parent=15950"}],"wp:term":[{"taxonomy":"category","embeddable":true,"href":"https:\/\/www.correiobraziliense.com.br\/cbradar\/wp-json\/wp\/v2\/categories?post=15950"},{"taxonomy":"post_tag","embeddable":true,"href":"https:\/\/www.correiobraziliense.com.br\/cbradar\/wp-json\/wp\/v2\/tags?post=15950"}],"curies":[{"name":"wp","href":"https:\/\/api.w.org\/{rel}","templated":true}]}}