{"id":15960,"date":"2025-03-27T18:30:00","date_gmt":"2025-03-27T21:30:00","guid":{"rendered":"https:\/\/www.correiobraziliense.com.br\/cbradar\/?p=15960"},"modified":"2025-03-26T17:08:16","modified_gmt":"2025-03-26T20:08:16","slug":"conheca-a-cidade-onde-os-moradores-ainda-usam-trenos-para-se-locomover","status":"publish","type":"post","link":"https:\/\/www.correiobraziliense.com.br\/cbradar\/conheca-a-cidade-onde-os-moradores-ainda-usam-trenos-para-se-locomover\/","title":{"rendered":"Conhe\u00e7a a cidade onde os moradores ainda usam tren\u00f3s para se locomover"},"content":{"rendered":"\n<p>Na pitoresca cidade de <strong>R\u00f8ros<\/strong>, localizada no centro da <strong>Noruega<\/strong>, o inverno transforma a paisagem em um cen\u00e1rio m\u00e1gico \u2014 e o transporte tamb\u00e9m muda. Ali, <strong>n\u00e3o \u00e9 raro ver moradores trabalhando de trem<\/strong>, deslizando pelas ruas cobertas de neve como parte da rotina di\u00e1ria. Essa pr\u00e1tica \u00e9 <strong>uma tradi\u00e7\u00e3o, praticidade e um toque encantador<\/strong> \u00e0 vida urbana local.<\/p>\n\n\n\n<h2 class=\"wp-block-heading\">Por que voc\u00ea usa trem como transporte em R\u00f8ros?<\/h2>\n\n\n\n<p>R\u00f8ros \u00e9 uma das cidades mais frias da Noruega, com <strong>invernos longos e rigorosos<\/strong>, onde a neve pode permanecer no ch\u00e3o por <strong>at\u00e9 sete meses por ano<\/strong>. A cidade possui:<\/p>\n\n\n\n<ul class=\"wp-block-list\">\n<li>Ruas estreitas e hist\u00f3ricas, que dificultam a circula\u00e7\u00e3o de ve\u00edculos convencionais no gelo.<\/li>\n\n\n\n<li>Uma cultura que preserva <strong>modos de vida tradicionais<\/strong>, incluindo o uso de tren\u00f3s puxados por pessoas ou, em \u00e1reas rurais, por cavalos.<\/li>\n\n\n\n<li>Incentivo \u00e0 mobilidade n\u00e3o motorizada durante o inverno, por quest\u00f5es <strong>ambientais e pr\u00e1ticas<\/strong>.<\/li>\n<\/ul>\n\n\n\n<p>Os tren\u00f3s s\u00e3o leves, feitos de madeira ou alum\u00ednio, e usados \u200b\u200bpara:<\/p>\n\n\n\n<ul class=\"wp-block-list\">\n<li><strong>Levar as crian\u00e7as \u00e0 escola<\/strong><\/li>\n\n\n\n<li><strong>Transportar pequenas cargas e compras<\/strong><\/li>\n\n\n\n<li><strong>Chegar ao trabalho sem depender de ve\u00edculos motorizados<\/strong><\/li>\n<\/ul>\n\n\n\n<figure class=\"wp-block-image size-large\"><img decoding=\"async\" width=\"1024\" height=\"576\" src=\"https:\/\/www.correiobraziliense.com.br\/cbradar\/wp-content\/uploads\/2025\/03\/Noruega_1742994679686-1024x576.jpg\" alt=\"Conhe\u00e7a a cidade onde os moradores ainda usam tren\u00f3s para se locomover\" class=\"wp-image-15970\" srcset=\"https:\/\/www.correiobraziliense.com.br\/cbradar\/wp-content\/uploads\/2025\/03\/Noruega_1742994679686-1024x576.jpg 1024w, https:\/\/www.correiobraziliense.com.br\/cbradar\/wp-content\/uploads\/2025\/03\/Noruega_1742994679686-300x169.jpg 300w, https:\/\/www.correiobraziliense.com.br\/cbradar\/wp-content\/uploads\/2025\/03\/Noruega_1742994679686-768x432.jpg 768w, https:\/\/www.correiobraziliense.com.br\/cbradar\/wp-content\/uploads\/2025\/03\/Noruega_1742994679686-750x422.jpg 750w, https:\/\/www.correiobraziliense.com.br\/cbradar\/wp-content\/uploads\/2025\/03\/Noruega_1742994679686-1140x641.jpg 1140w, https:\/\/www.correiobraziliense.com.br\/cbradar\/wp-content\/uploads\/2025\/03\/Noruega_1742994679686.jpg 1280w\" sizes=\"(max-width: 1024px) 100vw, 1024px\" \/><figcaption class=\"wp-element-caption\">Noruega. Cr\u00e9ditos: depositphotos.com \/ inigocia<\/figcaption><\/figure>\n\n\n\n<h2 class=\"wp-block-heading\">O que torna R\u00f8ros t\u00e3o especial?<\/h2>\n\n\n\n<p>R\u00f8ros \u00e9 uma <strong>cidade-museu viva<\/strong>, considerada <strong>Patrim\u00f4nio Mundial da UNESCO<\/strong> por sua arquitetura preservada e seu passado como centro de minera\u00e7\u00e3o de cobre. Mesmo com o frio intenso, a cidade se mant\u00e9m ativa, charmosa e fiel \u00e0s suas ra\u00edzes.<\/p>\n\n\n\n<p>Entre os destaques de R\u00f8ros:<\/p>\n\n\n\n<ul class=\"wp-block-list\">\n<li><strong>Casas de madeira datadas do s\u00e9culo XVII<\/strong><\/li>\n\n\n\n<li><strong>Mercado de inverno tradicional (R\u00f8rosmartnan)<\/strong>, onde tren\u00f3s tamb\u00e9m s\u00e3o usados \u200b\u200bcomo transporte oficial<\/li>\n\n\n\n<li><strong>Arenas e trilhas para esqui e trem<\/strong>, incentivando o transporte alternativo<\/li>\n<\/ul>\n\n\n\n<h2 class=\"wp-block-heading\">Curiosidades sobre R\u00f8ros e seus tren\u00f3s<\/h2>\n\n\n\n<ul class=\"wp-block-list\">\n<li><strong>O uso de trem \u00e9 t\u00e3o comum quanto o de bicicleta em outras cidades europeias.<\/strong><\/li>\n\n\n\n<li><strong>Durante o mercado de inverno, cavalos e trens assumem todo o transporte local.<\/strong><\/li>\n\n\n\n<li><strong>Os moradores mant\u00eam os tren\u00f3s encostados nas portas, como bicicletas.<\/strong><\/li>\n\n\n\n<li><strong>\u00c9 uma das cidades mais altas da Noruega<\/strong>, o que contribui para o clima extremo.<\/li>\n\n\n\n<li><strong>A cidade j\u00e1 foi usada como cen\u00e1rio de filmes e s\u00e9ries por sua est\u00e9tica congelada e hist\u00f3rica.<\/strong><\/li>\n<\/ul>\n\n\n\n<p>R\u00f8ros provou que <strong>a tecnologia nem sempre \u00e9 sin\u00f4nimo de modernidade<\/strong> \u2014 \u00e0s vezes, <strong>voltar ao b\u00e1sico \u00e9 a melhor solu\u00e7\u00e3o<\/strong>. E por l\u00e1, deslizar pelas ruas com um trem faz parte do dia a dia com charme e efici\u00eancia.<\/p>\n","protected":false},"excerpt":{"rendered":"<p>Em R\u00f8ros, Noruega, moradores usam tren\u00f3s para se locomover no inverno. Conhe\u00e7a uma cidade onde o transporte ainda faz parte da rotina!<\/p>\n","protected":false},"author":3,"featured_media":15969,"comment_status":"open","ping_status":"open","sticky":false,"template":"","format":"standard","meta":{"_yoast_wpseo_focuskw":"cidade tren\u00f3 trabalho","_yoast_wpseo_title":"%%title%%","_yoast_wpseo_metadesc":"Em R\u00f8ros, Noruega, moradores usam tren\u00f3s para se locomover no inverno. Conhe\u00e7a uma cidade onde o transporte ainda faz parte da rotina!","jnews-multi-image_gallery":[],"jnews_single_post":{"format":"standard"},"jnews_primary_category":[],"jnews_social_meta":[],"jnews_override_counter":[],"footnotes":""},"categories":[108],"tags":[109],"class_list":["post-15960","post","type-post","status-publish","format-standard","has-post-thumbnail","hentry","category-cidades","tag-cidades"],"yoast_head":"<!-- This site is optimized with the Yoast SEO plugin v24.6 - https:\/\/yoast.com\/wordpress\/plugins\/seo\/ -->\n<title>Conhe\u00e7a a cidade onde os moradores ainda usam tren\u00f3s para se locomover<\/title>\n<meta name=\"description\" content=\"Em R\u00f8ros, Noruega, moradores usam tren\u00f3s para se locomover no inverno. Conhe\u00e7a uma cidade onde o transporte ainda faz parte da rotina!\" \/>\n<meta name=\"robots\" content=\"index, follow, max-snippet:-1, max-image-preview:large, max-video-preview:-1\" \/>\n<link rel=\"canonical\" href=\"https:\/\/www.correiobraziliense.com.br\/cbradar\/conheca-a-cidade-onde-os-moradores-ainda-usam-trenos-para-se-locomover\/\" \/>\n<meta property=\"og:locale\" content=\"pt_BR\" \/>\n<meta property=\"og:type\" content=\"article\" \/>\n<meta property=\"og:title\" content=\"Conhe\u00e7a a cidade onde os moradores ainda usam tren\u00f3s para se locomover\" \/>\n<meta property=\"og:description\" content=\"Em R\u00f8ros, Noruega, moradores usam tren\u00f3s para se locomover no inverno. Conhe\u00e7a uma cidade onde o transporte ainda faz parte da rotina!\" \/>\n<meta property=\"og:url\" content=\"https:\/\/www.correiobraziliense.com.br\/cbradar\/conheca-a-cidade-onde-os-moradores-ainda-usam-trenos-para-se-locomover\/\" \/>\n<meta property=\"og:site_name\" content=\"Correio Braziliense - Radar\" \/>\n<meta property=\"article:published_time\" content=\"2025-03-27T21:30:00+00:00\" \/>\n<meta property=\"og:image\" content=\"https:\/\/www.correiobraziliense.com.br\/cbradar\/wp-content\/uploads\/2025\/03\/Noruega_1742994648209.jpg\" \/>\n\t<meta property=\"og:image:width\" content=\"1280\" \/>\n\t<meta property=\"og:image:height\" content=\"720\" \/>\n\t<meta property=\"og:image:type\" content=\"image\/jpeg\" \/>\n<meta name=\"author\" content=\"Larissa Carvalho\" \/>\n<meta name=\"twitter:card\" content=\"summary_large_image\" \/>\n<meta name=\"twitter:label1\" content=\"Escrito por\" \/>\n\t<meta name=\"twitter:data1\" content=\"Larissa Carvalho\" \/>\n\t<meta name=\"twitter:label2\" content=\"Est. tempo de leitura\" \/>\n\t<meta name=\"twitter:data2\" content=\"3 minutos\" \/>\n<!-- \/ Yoast SEO plugin. -->","yoast_head_json":{"title":"Conhe\u00e7a a cidade onde os moradores ainda usam tren\u00f3s para se locomover","description":"Em R\u00f8ros, Noruega, moradores usam tren\u00f3s para se locomover no inverno. Conhe\u00e7a uma cidade onde o transporte ainda faz parte da rotina!","robots":{"index":"index","follow":"follow","max-snippet":"max-snippet:-1","max-image-preview":"max-image-preview:large","max-video-preview":"max-video-preview:-1"},"canonical":"https:\/\/www.correiobraziliense.com.br\/cbradar\/conheca-a-cidade-onde-os-moradores-ainda-usam-trenos-para-se-locomover\/","og_locale":"pt_BR","og_type":"article","og_title":"Conhe\u00e7a a cidade onde os moradores ainda usam tren\u00f3s para se locomover","og_description":"Em R\u00f8ros, Noruega, moradores usam tren\u00f3s para se locomover no inverno. Conhe\u00e7a uma cidade onde o transporte ainda faz parte da rotina!","og_url":"https:\/\/www.correiobraziliense.com.br\/cbradar\/conheca-a-cidade-onde-os-moradores-ainda-usam-trenos-para-se-locomover\/","og_site_name":"Correio Braziliense - Radar","article_published_time":"2025-03-27T21:30:00+00:00","og_image":[{"width":1280,"height":720,"url":"https:\/\/www.correiobraziliense.com.br\/cbradar\/wp-content\/uploads\/2025\/03\/Noruega_1742994648209.jpg","type":"image\/jpeg"}],"author":"Larissa Carvalho","twitter_card":"summary_large_image","twitter_misc":{"Escrito por":"Larissa Carvalho","Est. tempo de leitura":"3 minutos"},"schema":{"@context":"https:\/\/schema.org","@graph":[{"@type":"WebPage","@id":"https:\/\/www.correiobraziliense.com.br\/cbradar\/conheca-a-cidade-onde-os-moradores-ainda-usam-trenos-para-se-locomover\/","url":"https:\/\/www.correiobraziliense.com.br\/cbradar\/conheca-a-cidade-onde-os-moradores-ainda-usam-trenos-para-se-locomover\/","name":"Conhe\u00e7a a cidade onde os moradores ainda usam tren\u00f3s para se locomover","isPartOf":{"@id":"https:\/\/www.correiobraziliense.com.br\/cbradar\/#website"},"primaryImageOfPage":{"@id":"https:\/\/www.correiobraziliense.com.br\/cbradar\/conheca-a-cidade-onde-os-moradores-ainda-usam-trenos-para-se-locomover\/#primaryimage"},"image":{"@id":"https:\/\/www.correiobraziliense.com.br\/cbradar\/conheca-a-cidade-onde-os-moradores-ainda-usam-trenos-para-se-locomover\/#primaryimage"},"thumbnailUrl":"https:\/\/www.correiobraziliense.com.br\/cbradar\/wp-content\/uploads\/2025\/03\/Noruega_1742994648209.jpg","datePublished":"2025-03-27T21:30:00+00:00","author":{"@id":"https:\/\/www.correiobraziliense.com.br\/cbradar\/#\/schema\/person\/58422787644df994b53a19d3e56c1513"},"description":"Em R\u00f8ros, Noruega, moradores usam tren\u00f3s para se locomover no inverno. Conhe\u00e7a uma cidade onde o transporte ainda faz parte da rotina!","breadcrumb":{"@id":"https:\/\/www.correiobraziliense.com.br\/cbradar\/conheca-a-cidade-onde-os-moradores-ainda-usam-trenos-para-se-locomover\/#breadcrumb"},"inLanguage":"pt-BR","potentialAction":[{"@type":"ReadAction","target":["https:\/\/www.correiobraziliense.com.br\/cbradar\/conheca-a-cidade-onde-os-moradores-ainda-usam-trenos-para-se-locomover\/"]}]},{"@type":"ImageObject","inLanguage":"pt-BR","@id":"https:\/\/www.correiobraziliense.com.br\/cbradar\/conheca-a-cidade-onde-os-moradores-ainda-usam-trenos-para-se-locomover\/#primaryimage","url":"https:\/\/www.correiobraziliense.com.br\/cbradar\/wp-content\/uploads\/2025\/03\/Noruega_1742994648209.jpg","contentUrl":"https:\/\/www.correiobraziliense.com.br\/cbradar\/wp-content\/uploads\/2025\/03\/Noruega_1742994648209.jpg","width":1280,"height":720,"caption":"Noruega. Cr\u00e9ditos: depositphotos.com \/ elenasuvorova"},{"@type":"BreadcrumbList","@id":"https:\/\/www.correiobraziliense.com.br\/cbradar\/conheca-a-cidade-onde-os-moradores-ainda-usam-trenos-para-se-locomover\/#breadcrumb","itemListElement":[{"@type":"ListItem","position":1,"name":"In\u00edcio","item":"https:\/\/www.correiobraziliense.com.br\/cbradar\/"},{"@type":"ListItem","position":2,"name":"Conhe\u00e7a a cidade onde os moradores ainda usam tren\u00f3s para se locomover"}]},{"@type":"WebSite","@id":"https:\/\/www.correiobraziliense.com.br\/cbradar\/#website","url":"https:\/\/www.correiobraziliense.com.br\/cbradar\/","name":"Correio Braziliense - Radar","description":"Acompanhe as \u00faltimas not\u00edcias e fique bem informado sobre tudo o que acontece no Brasil e no mundo.","potentialAction":[{"@type":"SearchAction","target":{"@type":"EntryPoint","urlTemplate":"https:\/\/www.correiobraziliense.com.br\/cbradar\/?s={search_term_string}"},"query-input":{"@type":"PropertyValueSpecification","valueRequired":true,"valueName":"search_term_string"}}],"inLanguage":"pt-BR"},{"@type":"Person","@id":"https:\/\/www.correiobraziliense.com.br\/cbradar\/#\/schema\/person\/58422787644df994b53a19d3e56c1513","name":"Larissa Carvalho","image":{"@type":"ImageObject","inLanguage":"pt-BR","@id":"https:\/\/www.correiobraziliense.com.br\/cbradar\/#\/schema\/person\/image\/","url":"https:\/\/secure.gravatar.com\/avatar\/fe4f91a0de32b52a838d0d612abdc1aa?s=96&d=mm&r=g","contentUrl":"https:\/\/secure.gravatar.com\/avatar\/fe4f91a0de32b52a838d0d612abdc1aa?s=96&d=mm&r=g","caption":"Larissa Carvalho"},"url":"https:\/\/www.correiobraziliense.com.br\/cbradar\/author\/larissamyth\/"}]}},"_links":{"self":[{"href":"https:\/\/www.correiobraziliense.com.br\/cbradar\/wp-json\/wp\/v2\/posts\/15960","targetHints":{"allow":["GET"]}}],"collection":[{"href":"https:\/\/www.correiobraziliense.com.br\/cbradar\/wp-json\/wp\/v2\/posts"}],"about":[{"href":"https:\/\/www.correiobraziliense.com.br\/cbradar\/wp-json\/wp\/v2\/types\/post"}],"author":[{"embeddable":true,"href":"https:\/\/www.correiobraziliense.com.br\/cbradar\/wp-json\/wp\/v2\/users\/3"}],"replies":[{"embeddable":true,"href":"https:\/\/www.correiobraziliense.com.br\/cbradar\/wp-json\/wp\/v2\/comments?post=15960"}],"version-history":[{"count":1,"href":"https:\/\/www.correiobraziliense.com.br\/cbradar\/wp-json\/wp\/v2\/posts\/15960\/revisions"}],"predecessor-version":[{"id":15971,"href":"https:\/\/www.correiobraziliense.com.br\/cbradar\/wp-json\/wp\/v2\/posts\/15960\/revisions\/15971"}],"wp:featuredmedia":[{"embeddable":true,"href":"https:\/\/www.correiobraziliense.com.br\/cbradar\/wp-json\/wp\/v2\/media\/15969"}],"wp:attachment":[{"href":"https:\/\/www.correiobraziliense.com.br\/cbradar\/wp-json\/wp\/v2\/media?parent=15960"}],"wp:term":[{"taxonomy":"category","embeddable":true,"href":"https:\/\/www.correiobraziliense.com.br\/cbradar\/wp-json\/wp\/v2\/categories?post=15960"},{"taxonomy":"post_tag","embeddable":true,"href":"https:\/\/www.correiobraziliense.com.br\/cbradar\/wp-json\/wp\/v2\/tags?post=15960"}],"curies":[{"name":"wp","href":"https:\/\/api.w.org\/{rel}","templated":true}]}}