{"id":15972,"date":"2025-03-27T20:10:00","date_gmt":"2025-03-27T23:10:00","guid":{"rendered":"https:\/\/www.correiobraziliense.com.br\/cbradar\/?p=15972"},"modified":"2025-03-26T17:07:35","modified_gmt":"2025-03-26T20:07:35","slug":"conheca-a-cidade-onde-as-placas-de-transito-sao-obras-de-arte","status":"publish","type":"post","link":"https:\/\/www.correiobraziliense.com.br\/cbradar\/conheca-a-cidade-onde-as-placas-de-transito-sao-obras-de-arte\/","title":{"rendered":"Conhe\u00e7a a cidade onde as placas de tr\u00e2nsito s\u00e3o obras de arte"},"content":{"rendered":"\n<p>Na encantadora cidade de <strong>Praga<\/strong>, capital da <strong>Rep\u00fablica Tcheca<\/strong>, as ruas hist\u00f3ricas ganham um toque futurista e criativo durante o <strong>Signal Festival<\/strong>, um evento anual que transforma <strong>placas de tr\u00e2nsito, fachadas e espa\u00e7os urbanos em obras de arte digital e interativa<\/strong>.<\/p>\n\n\n\n<p>Durante esse festival, <strong>as tradicionais placas de tr\u00e2nsito se tornam parte de instala\u00e7\u00f5es art\u00edsticas<\/strong>, provocando reflex\u00e3o, intera\u00e7\u00e3o e surpresa em moradores e turistas.<\/p>\n\n\n\n<h2 class=\"wp-block-heading\"><strong>O que \u00e9 o Signal Festival?<\/strong><\/h2>\n\n\n\n<p>O <strong>Signal Festival<\/strong> \u00e9 um dos maiores eventos de <strong>arte digital e luz da Europa<\/strong>, criado em <strong>2013<\/strong>. Todos os anos em outubro e atrai centenas de milhares de visitantes. A proposta do festival \u00e9:<\/p>\n\n\n\n<ul class=\"wp-block-list\">\n<li><strong>Unir tecnologia, arte e cidade<\/strong> em uma experi\u00eancia imersiva e gratuita.<\/li>\n\n\n\n<li><strong>Transformar espa\u00e7os p\u00fablicos em plataformas art\u00edsticas<\/strong>, integrando a cidade ao evento.<\/li>\n\n\n\n<li>Explorar temas contempor\u00e2neos como <strong>sustentabilidade, dados, vigil\u00e2ncia, liberdade de express\u00e3o e urbanismo<\/strong>.<\/li>\n<\/ul>\n\n\n\n<p>Entre os destaques est\u00e3o interven\u00e7\u00f5es que <strong>reinterpretam placas de tr\u00e2nsito como mensagens visuais po\u00e9ticas, cr\u00edticas ou simb\u00f3licas<\/strong> \u2014 algumas com luzes, outras com movimento ou som.<\/p>\n\n\n\n<figure class=\"wp-block-image size-large\"><img decoding=\"async\" width=\"1024\" height=\"576\" src=\"https:\/\/www.correiobraziliense.com.br\/cbradar\/wp-content\/uploads\/2025\/03\/Praga-Republica-Tcheca_1742994903183-1024x576.jpg\" alt=\"Conhe\u00e7a a cidade onde as placas de tr\u00e2nsito s\u00e3o obras de arte\" class=\"wp-image-15976\" srcset=\"https:\/\/www.correiobraziliense.com.br\/cbradar\/wp-content\/uploads\/2025\/03\/Praga-Republica-Tcheca_1742994903183-1024x576.jpg 1024w, https:\/\/www.correiobraziliense.com.br\/cbradar\/wp-content\/uploads\/2025\/03\/Praga-Republica-Tcheca_1742994903183-300x169.jpg 300w, https:\/\/www.correiobraziliense.com.br\/cbradar\/wp-content\/uploads\/2025\/03\/Praga-Republica-Tcheca_1742994903183-768x432.jpg 768w, https:\/\/www.correiobraziliense.com.br\/cbradar\/wp-content\/uploads\/2025\/03\/Praga-Republica-Tcheca_1742994903183-750x422.jpg 750w, https:\/\/www.correiobraziliense.com.br\/cbradar\/wp-content\/uploads\/2025\/03\/Praga-Republica-Tcheca_1742994903183-1140x641.jpg 1140w, https:\/\/www.correiobraziliense.com.br\/cbradar\/wp-content\/uploads\/2025\/03\/Praga-Republica-Tcheca_1742994903183.jpg 1280w\" sizes=\"(max-width: 1024px) 100vw, 1024px\" \/><figcaption class=\"wp-element-caption\">Praga Rep\u00fablica Tcheca. Cr\u00e9ditos: depositphotos.com \/ IuliiaVerstaBO<\/figcaption><\/figure>\n\n\n\n<h2 class=\"wp-block-heading\"><strong>Como as placas de tr\u00e2nsito viram arte?<\/strong><\/h2>\n\n\n\n<p>Durante o festival:<\/p>\n\n\n\n<ul class=\"wp-block-list\">\n<li>Artistas e coletivos criam <strong>vers\u00f5es alternativas das placas<\/strong>, que s\u00e3o instaladas temporariamente em locais estrat\u00e9gicos da cidade.<\/li>\n\n\n\n<li>As obras mant\u00eam o formato e a posi\u00e7\u00e3o das placas originais, mas ganham novos s\u00edmbolos, mensagens e efeitos visuais.<\/li>\n\n\n\n<li>Algumas placas ganham <strong>realidade aumentada<\/strong>, podendo ser exploradas com aplicativos de celular.<\/li>\n\n\n\n<li>As mensagens v\u00e3o de cr\u00edticas sociais a provoca\u00e7\u00f5es filos\u00f3ficas, sem deixar de ser divertidas e criativas.<\/li>\n<\/ul>\n\n\n\n<p>Essas interven\u00e7\u00f5es chamam a aten\u00e7\u00e3o para o cotidiano urbano \u2014 muitas vezes autom\u00e1tico \u2014 e <strong>transformam a cidade em uma galeria a c\u00e9u aberto<\/strong>.<\/p>\n\n\n\n<h2 class=\"wp-block-heading\"><strong>Curiosidades sobre o Signal Festival e Praga<\/strong><\/h2>\n\n\n\n<ul class=\"wp-block-list\">\n<li><strong>Praga \u00e9 conhecida por sua arquitetura medieval e barroca<\/strong>, criando um contraste fascinante com a arte digital contempor\u00e2nea.<\/li>\n\n\n\n<li><strong>Mais de 20 locais diferentes da cidade s\u00e3o usados \u200b\u200bem cada edi\u00e7\u00e3o do festival.<\/strong><\/li>\n\n\n\n<li><strong>Algumas instala\u00e7\u00f5es utilizam intelig\u00eancia artificial, sensores de movimento e proje\u00e7\u00f5es 3D.<\/strong><\/li>\n\n\n\n<li><strong>A transforma\u00e7\u00e3o de placas de tr\u00e2nsito j\u00e1 foi adotada como proposta permanente em bairros criativos da cidade.<\/strong><\/li>\n\n\n\n<li><strong>O festival tamb\u00e9m inclui workshops, performances ao vivo e palestras sobre tecnologia e arte.<\/strong><\/li>\n<\/ul>\n\n\n\n<p>O <strong>Signal Festival<\/strong> mostra que a arte pode estar <strong>em qualquer lugar \u2014 at\u00e9 nas placas de tr\u00e2nsito<\/strong>. Em Praga, tradi\u00e7\u00e3o e inova\u00e7\u00e3o caminham lado a lado, e at\u00e9 as regras da rua viram poesia visual.<\/p>\n","protected":false},"excerpt":{"rendered":"<p>Em Praga, placas de tr\u00e2nsito viram arte durante o Signal Festival. Descubra como a cidade transforma sinais urbanos em express\u00e3o criativa!<\/p>\n","protected":false},"author":3,"featured_media":15973,"comment_status":"open","ping_status":"open","sticky":false,"template":"","format":"standard","meta":{"_yoast_wpseo_focuskw":"cidades placas obras","_yoast_wpseo_title":"%%title%%","_yoast_wpseo_metadesc":"Em Praga, placas de tr\u00e2nsito viram arte durante o Signal Festival. Descubra como a cidade transforma sinais urbanos em express\u00e3o criativa!","jnews-multi-image_gallery":[],"jnews_single_post":{"format":"standard"},"jnews_primary_category":[],"jnews_social_meta":[],"jnews_override_counter":[],"footnotes":""},"categories":[108],"tags":[109],"class_list":["post-15972","post","type-post","status-publish","format-standard","has-post-thumbnail","hentry","category-cidades","tag-cidades"],"yoast_head":"<!-- This site is optimized with the Yoast SEO plugin v24.6 - https:\/\/yoast.com\/wordpress\/plugins\/seo\/ -->\n<title>Conhe\u00e7a a cidade onde as placas de tr\u00e2nsito s\u00e3o obras de arte<\/title>\n<meta name=\"description\" content=\"Em Praga, placas de tr\u00e2nsito viram arte durante o Signal Festival. Descubra como a cidade transforma sinais urbanos em express\u00e3o criativa!\" \/>\n<meta name=\"robots\" content=\"index, follow, max-snippet:-1, max-image-preview:large, max-video-preview:-1\" \/>\n<link rel=\"canonical\" href=\"https:\/\/www.correiobraziliense.com.br\/cbradar\/conheca-a-cidade-onde-as-placas-de-transito-sao-obras-de-arte\/\" \/>\n<meta property=\"og:locale\" content=\"pt_BR\" \/>\n<meta property=\"og:type\" content=\"article\" \/>\n<meta property=\"og:title\" content=\"Conhe\u00e7a a cidade onde as placas de tr\u00e2nsito s\u00e3o obras de arte\" \/>\n<meta property=\"og:description\" content=\"Em Praga, placas de tr\u00e2nsito viram arte durante o Signal Festival. Descubra como a cidade transforma sinais urbanos em express\u00e3o criativa!\" \/>\n<meta property=\"og:url\" content=\"https:\/\/www.correiobraziliense.com.br\/cbradar\/conheca-a-cidade-onde-as-placas-de-transito-sao-obras-de-arte\/\" \/>\n<meta property=\"og:site_name\" content=\"Correio Braziliense - Radar\" \/>\n<meta property=\"article:published_time\" content=\"2025-03-27T23:10:00+00:00\" \/>\n<meta property=\"og:image\" content=\"https:\/\/www.correiobraziliense.com.br\/cbradar\/wp-content\/uploads\/2025\/03\/Praga-Republica-Tcheca_1742994815476.jpg\" \/>\n\t<meta property=\"og:image:width\" content=\"1280\" \/>\n\t<meta property=\"og:image:height\" content=\"720\" \/>\n\t<meta property=\"og:image:type\" content=\"image\/jpeg\" \/>\n<meta name=\"author\" content=\"Larissa Carvalho\" \/>\n<meta name=\"twitter:card\" content=\"summary_large_image\" \/>\n<meta name=\"twitter:label1\" content=\"Escrito por\" \/>\n\t<meta name=\"twitter:data1\" content=\"Larissa Carvalho\" \/>\n\t<meta name=\"twitter:label2\" content=\"Est. tempo de leitura\" \/>\n\t<meta name=\"twitter:data2\" content=\"3 minutos\" \/>\n<!-- \/ Yoast SEO plugin. -->","yoast_head_json":{"title":"Conhe\u00e7a a cidade onde as placas de tr\u00e2nsito s\u00e3o obras de arte","description":"Em Praga, placas de tr\u00e2nsito viram arte durante o Signal Festival. Descubra como a cidade transforma sinais urbanos em express\u00e3o criativa!","robots":{"index":"index","follow":"follow","max-snippet":"max-snippet:-1","max-image-preview":"max-image-preview:large","max-video-preview":"max-video-preview:-1"},"canonical":"https:\/\/www.correiobraziliense.com.br\/cbradar\/conheca-a-cidade-onde-as-placas-de-transito-sao-obras-de-arte\/","og_locale":"pt_BR","og_type":"article","og_title":"Conhe\u00e7a a cidade onde as placas de tr\u00e2nsito s\u00e3o obras de arte","og_description":"Em Praga, placas de tr\u00e2nsito viram arte durante o Signal Festival. Descubra como a cidade transforma sinais urbanos em express\u00e3o criativa!","og_url":"https:\/\/www.correiobraziliense.com.br\/cbradar\/conheca-a-cidade-onde-as-placas-de-transito-sao-obras-de-arte\/","og_site_name":"Correio Braziliense - Radar","article_published_time":"2025-03-27T23:10:00+00:00","og_image":[{"width":1280,"height":720,"url":"https:\/\/www.correiobraziliense.com.br\/cbradar\/wp-content\/uploads\/2025\/03\/Praga-Republica-Tcheca_1742994815476.jpg","type":"image\/jpeg"}],"author":"Larissa Carvalho","twitter_card":"summary_large_image","twitter_misc":{"Escrito por":"Larissa Carvalho","Est. tempo de leitura":"3 minutos"},"schema":{"@context":"https:\/\/schema.org","@graph":[{"@type":"WebPage","@id":"https:\/\/www.correiobraziliense.com.br\/cbradar\/conheca-a-cidade-onde-as-placas-de-transito-sao-obras-de-arte\/","url":"https:\/\/www.correiobraziliense.com.br\/cbradar\/conheca-a-cidade-onde-as-placas-de-transito-sao-obras-de-arte\/","name":"Conhe\u00e7a a cidade onde as placas de tr\u00e2nsito s\u00e3o obras de arte","isPartOf":{"@id":"https:\/\/www.correiobraziliense.com.br\/cbradar\/#website"},"primaryImageOfPage":{"@id":"https:\/\/www.correiobraziliense.com.br\/cbradar\/conheca-a-cidade-onde-as-placas-de-transito-sao-obras-de-arte\/#primaryimage"},"image":{"@id":"https:\/\/www.correiobraziliense.com.br\/cbradar\/conheca-a-cidade-onde-as-placas-de-transito-sao-obras-de-arte\/#primaryimage"},"thumbnailUrl":"https:\/\/www.correiobraziliense.com.br\/cbradar\/wp-content\/uploads\/2025\/03\/Praga-Republica-Tcheca_1742994815476.jpg","datePublished":"2025-03-27T23:10:00+00:00","author":{"@id":"https:\/\/www.correiobraziliense.com.br\/cbradar\/#\/schema\/person\/58422787644df994b53a19d3e56c1513"},"description":"Em Praga, placas de tr\u00e2nsito viram arte durante o Signal Festival. Descubra como a cidade transforma sinais urbanos em express\u00e3o criativa!","breadcrumb":{"@id":"https:\/\/www.correiobraziliense.com.br\/cbradar\/conheca-a-cidade-onde-as-placas-de-transito-sao-obras-de-arte\/#breadcrumb"},"inLanguage":"pt-BR","potentialAction":[{"@type":"ReadAction","target":["https:\/\/www.correiobraziliense.com.br\/cbradar\/conheca-a-cidade-onde-as-placas-de-transito-sao-obras-de-arte\/"]}]},{"@type":"ImageObject","inLanguage":"pt-BR","@id":"https:\/\/www.correiobraziliense.com.br\/cbradar\/conheca-a-cidade-onde-as-placas-de-transito-sao-obras-de-arte\/#primaryimage","url":"https:\/\/www.correiobraziliense.com.br\/cbradar\/wp-content\/uploads\/2025\/03\/Praga-Republica-Tcheca_1742994815476.jpg","contentUrl":"https:\/\/www.correiobraziliense.com.br\/cbradar\/wp-content\/uploads\/2025\/03\/Praga-Republica-Tcheca_1742994815476.jpg","width":1280,"height":720,"caption":"Praga Rep\u00fablica Tcheca. Cr\u00e9ditos: depositphotos.com \/ IuliiaVerstaBO"},{"@type":"BreadcrumbList","@id":"https:\/\/www.correiobraziliense.com.br\/cbradar\/conheca-a-cidade-onde-as-placas-de-transito-sao-obras-de-arte\/#breadcrumb","itemListElement":[{"@type":"ListItem","position":1,"name":"In\u00edcio","item":"https:\/\/www.correiobraziliense.com.br\/cbradar\/"},{"@type":"ListItem","position":2,"name":"Conhe\u00e7a a cidade onde as placas de tr\u00e2nsito s\u00e3o obras de arte"}]},{"@type":"WebSite","@id":"https:\/\/www.correiobraziliense.com.br\/cbradar\/#website","url":"https:\/\/www.correiobraziliense.com.br\/cbradar\/","name":"Correio Braziliense - Radar","description":"Acompanhe as \u00faltimas not\u00edcias e fique bem informado sobre tudo o que acontece no Brasil e no mundo.","potentialAction":[{"@type":"SearchAction","target":{"@type":"EntryPoint","urlTemplate":"https:\/\/www.correiobraziliense.com.br\/cbradar\/?s={search_term_string}"},"query-input":{"@type":"PropertyValueSpecification","valueRequired":true,"valueName":"search_term_string"}}],"inLanguage":"pt-BR"},{"@type":"Person","@id":"https:\/\/www.correiobraziliense.com.br\/cbradar\/#\/schema\/person\/58422787644df994b53a19d3e56c1513","name":"Larissa Carvalho","image":{"@type":"ImageObject","inLanguage":"pt-BR","@id":"https:\/\/www.correiobraziliense.com.br\/cbradar\/#\/schema\/person\/image\/","url":"https:\/\/secure.gravatar.com\/avatar\/fe4f91a0de32b52a838d0d612abdc1aa?s=96&d=mm&r=g","contentUrl":"https:\/\/secure.gravatar.com\/avatar\/fe4f91a0de32b52a838d0d612abdc1aa?s=96&d=mm&r=g","caption":"Larissa Carvalho"},"url":"https:\/\/www.correiobraziliense.com.br\/cbradar\/author\/larissamyth\/"}]}},"_links":{"self":[{"href":"https:\/\/www.correiobraziliense.com.br\/cbradar\/wp-json\/wp\/v2\/posts\/15972","targetHints":{"allow":["GET"]}}],"collection":[{"href":"https:\/\/www.correiobraziliense.com.br\/cbradar\/wp-json\/wp\/v2\/posts"}],"about":[{"href":"https:\/\/www.correiobraziliense.com.br\/cbradar\/wp-json\/wp\/v2\/types\/post"}],"author":[{"embeddable":true,"href":"https:\/\/www.correiobraziliense.com.br\/cbradar\/wp-json\/wp\/v2\/users\/3"}],"replies":[{"embeddable":true,"href":"https:\/\/www.correiobraziliense.com.br\/cbradar\/wp-json\/wp\/v2\/comments?post=15972"}],"version-history":[{"count":1,"href":"https:\/\/www.correiobraziliense.com.br\/cbradar\/wp-json\/wp\/v2\/posts\/15972\/revisions"}],"predecessor-version":[{"id":15977,"href":"https:\/\/www.correiobraziliense.com.br\/cbradar\/wp-json\/wp\/v2\/posts\/15972\/revisions\/15977"}],"wp:featuredmedia":[{"embeddable":true,"href":"https:\/\/www.correiobraziliense.com.br\/cbradar\/wp-json\/wp\/v2\/media\/15973"}],"wp:attachment":[{"href":"https:\/\/www.correiobraziliense.com.br\/cbradar\/wp-json\/wp\/v2\/media?parent=15972"}],"wp:term":[{"taxonomy":"category","embeddable":true,"href":"https:\/\/www.correiobraziliense.com.br\/cbradar\/wp-json\/wp\/v2\/categories?post=15972"},{"taxonomy":"post_tag","embeddable":true,"href":"https:\/\/www.correiobraziliense.com.br\/cbradar\/wp-json\/wp\/v2\/tags?post=15972"}],"curies":[{"name":"wp","href":"https:\/\/api.w.org\/{rel}","templated":true}]}}