{"id":159722,"date":"2025-12-21T06:45:00","date_gmt":"2025-12-21T09:45:00","guid":{"rendered":"https:\/\/www.correiobraziliense.com.br\/cbradar\/?p=159722"},"modified":"2025-12-20T16:49:26","modified_gmt":"2025-12-20T19:49:26","slug":"5-nomes-com-11-letras-que-voce-nunca-viu-mas-vai-amar-e-vao-mudar-sua-lista-de-favoritos","status":"publish","type":"post","link":"https:\/\/www.correiobraziliense.com.br\/cbradar\/5-nomes-com-11-letras-que-voce-nunca-viu-mas-vai-amar-e-vao-mudar-sua-lista-de-favoritos\/","title":{"rendered":"5 nomes com 11 letras que voc\u00ea nunca viu, mas vai amar (e v\u00e3o mudar sua lista de favoritos)"},"content":{"rendered":"\n<p>Escolher um <strong>nome longo e marcante<\/strong> costuma chamar a aten\u00e7\u00e3o de quem busca algo diferente para batizar um beb\u00ea, criar um personagem ou at\u00e9 apelidar algu\u00e9m especial. <strong>Nomes com 11 letras<\/strong>, como <strong>Maximiliana<\/strong> e <strong>Annamariana<\/strong>, combinam sonoridade forte com um visual imponente na escrita, o que agrada quem procura <strong>originalidade<\/strong> sem abrir m\u00e3o de <strong>eleg\u00e2ncia<\/strong> e de um toque de <strong>exclusividade<\/strong> no registro civil ou na fic\u00e7\u00e3o.<\/p>\n\n\n\n<h2 class=\"wp-block-heading\">O que torna nomes longos com 11 letras t\u00e3o especiais<\/h2>\n\n\n\n<p><strong>Nomes longos com 11 letras<\/strong> costumam se destacar pela combina\u00e7\u00e3o de s\u00edlabas que permitem diversas leituras e varia\u00e7\u00f5es. Em geral, misturam ra\u00edzes de <strong>nomes cl\u00e1ssicos<\/strong> com termina\u00e7\u00f5es modernas, criando algo novo a partir de elementos conhecidos e f\u00e1ceis de pronunciar.<\/p>\n\n\n\n<p>Isso faz com que soem <strong>familiares<\/strong>, mas ainda assim diferentes o suficiente para se tornarem \u00fanicos em listas de chamada, documentos ou hist\u00f3rias fict\u00edcias. Em muitos casos, tamb\u00e9m carregam <strong>refer\u00eancias culturais<\/strong> ou homenagens discretas a familiares.<\/p>\n\n\n\n<p>Esse tema de nomes longos \u00e9 viral, e trouxemos o v\u00eddeo do perfil @nomesdebeb4:<\/p>\n\n\n\n<blockquote class=\"tiktok-embed\" cite=\"https:\/\/www.tiktok.com\/@nomesdebeb4\/video\/7295877170076044550\" data-video-id=\"7295877170076044550\" style=\"max-width: 605px;min-width: 325px;\" > <section> <a target=\"_blank\" title=\"@nomesdebeb4\" href=\"https:\/\/www.tiktok.com\/@nomesdebeb4?refer=embed\">@nomesdebeb4<\/a> nomes longos para meninas \ud83d\udc96\ud83d\udcab <a title=\"nomesdebebes\" target=\"_blank\" href=\"https:\/\/www.tiktok.com\/tag\/nomesdebebes?refer=embed\">#nomesdebebes<\/a> <a title=\"viralvideo\" target=\"_blank\" href=\"https:\/\/www.tiktok.com\/tag\/viralvideo?refer=embed\">#viralvideo<\/a> <a title=\"nomescriativos\" target=\"_blank\" href=\"https:\/\/www.tiktok.com\/tag\/nomescriativos?refer=embed\">#nomescriativos<\/a> <a title=\"significadodosnomes\" target=\"_blank\" href=\"https:\/\/www.tiktok.com\/tag\/significadodosnomes?refer=embed\">#significadodosnomes<\/a>  <a title=\"fyp\" target=\"_blank\" href=\"https:\/\/www.tiktok.com\/tag\/fyp?refer=embed\">#fyp<\/a> <a target=\"_blank\" title=\"\u266c Porque Eu Te Amo - ANAVIT\u00d3RIA\" href=\"https:\/\/www.tiktok.com\/music\/Porque-Eu-Te-Amo-6902275894790850562?refer=embed\">\u266c Porque Eu Te Amo &#8211; ANAVIT\u00d3RIA<\/a> <\/section> <\/blockquote> <script async src=\"https:\/\/www.tiktok.com\/embed.js\"><\/script>\n\n\n\n<h2 class=\"wp-block-heading\">Quais s\u00e3o 5 nomes com 11 letras que fogem do comum<\/h2>\n\n\n\n<p>A seguir, est\u00e3o cinco <strong>nomes femininos longos<\/strong>, com 11 letras, criados de forma original e pensados para lembrar exemplos como <strong>Maximiliana<\/strong>, <strong>Annamariana<\/strong> e <strong>Emanuellea<\/strong>. Todos mant\u00eam uma sonoridade suave em portugu\u00eas e permitem m\u00faltiplos diminutivos e varia\u00e7\u00f5es carinhosas no dia a dia.<\/p>\n\n\n\n<ul class=\"wp-block-list\">\n<li><strong>Marialuciana<\/strong><\/li>\n\n\n\n<li><strong>Antonielena<\/strong><\/li>\n\n\n\n<li><strong>Isabelaurina<\/strong><\/li>\n\n\n\n<li><strong>Luanamarcela<\/strong><\/li>\n\n\n\n<li><strong>Rafaelianya<\/strong><\/li>\n<\/ul>\n\n\n\n<p>Cada um desses <strong>nomes longos<\/strong> traz a fus\u00e3o de dois ou mais nomes j\u00e1 conhecidos, criando uma forma nova sem perder refer\u00eancias tradicionais. \u00c9 poss\u00edvel identificar bases como <strong>Maria<\/strong>, <strong>Lucia<\/strong>, <strong>Isabela<\/strong>, <strong>Marcela<\/strong> e <strong>Rafaela<\/strong>, o que ajuda a manter o nome original, mas ainda leg\u00edvel e harm\u00f4nico.<\/p>\n\n\n\n<h2 class=\"wp-block-heading\">Como usar nomes longos no dia a dia sem complica\u00e7\u00e3o<\/h2>\n\n\n\n<p>Embora alguns se preocupem com a extens\u00e3o de <strong>nomes compridos<\/strong>, \u00e9 comum que o uso cotidiano seja simplificado. Nomes extensos com 11 letras oferecem diversas op\u00e7\u00f5es de abrevia\u00e7\u00e3o, o que favorece a adapta\u00e7\u00e3o em ambientes familiares, escolares e profissionais.<\/p>\n\n\n\n<p>Veja alguns exemplos de <strong>apelidos poss\u00edveis<\/strong> para os nomes apresentados, mostrando como \u00e9 f\u00e1cil transform\u00e1-los em vers\u00f5es curtas e pr\u00e1ticas:<\/p>\n\n\n\n<ul class=\"wp-block-list\">\n<li><strong>Marialuciana<\/strong>: Maria, Lu, Lulu, Luci, Nana<\/li>\n\n\n\n<li><strong>Antonielena<\/strong>: Toni, Nena, Lena, Niel, Niela<\/li>\n\n\n\n<li><strong>Isabelaurina<\/strong>: Isa, Bela, Bel, Lau, Rina<\/li>\n\n\n\n<li><strong>Luanamarcela<\/strong>: Lu, Lua, Marcela, Ma, Cela<\/li>\n\n\n\n<li><strong>Rafaelianya<\/strong>: Rafa, Rafi, Lia, Anya, Fafa<\/li>\n<\/ul>\n\n\n\n<p>Na pr\u00e1tica, o uso de um <strong>nome longo feminino<\/strong> n\u00e3o impede a ado\u00e7\u00e3o de formas curtas no cotidiano. Em documentos oficiais, o nome completo garante distin\u00e7\u00e3o; em conversas informais, os diminutivos facilitam a comunica\u00e7\u00e3o e tornam o tratamento mais afetuoso.<\/p>\n\n\n\n<figure class=\"wp-block-image size-large\"><img decoding=\"async\" width=\"1024\" height=\"576\" src=\"https:\/\/www.correiobraziliense.com.br\/cbradar\/wp-content\/uploads\/2025\/12\/\u2705-BANNER-MYTH-35-1024x576.png\" alt=\"5 nomes com 11 letras que voc\u00ea nunca viu, mas vai amar (e v\u00e3o mudar sua lista de favoritos)\" class=\"wp-image-159725\" srcset=\"https:\/\/www.correiobraziliense.com.br\/cbradar\/wp-content\/uploads\/2025\/12\/\u2705-BANNER-MYTH-35-1024x576.png 1024w, https:\/\/www.correiobraziliense.com.br\/cbradar\/wp-content\/uploads\/2025\/12\/\u2705-BANNER-MYTH-35-300x169.png 300w, https:\/\/www.correiobraziliense.com.br\/cbradar\/wp-content\/uploads\/2025\/12\/\u2705-BANNER-MYTH-35-768x432.png 768w, https:\/\/www.correiobraziliense.com.br\/cbradar\/wp-content\/uploads\/2025\/12\/\u2705-BANNER-MYTH-35-750x422.png 750w, https:\/\/www.correiobraziliense.com.br\/cbradar\/wp-content\/uploads\/2025\/12\/\u2705-BANNER-MYTH-35-1140x641.png 1140w, https:\/\/www.correiobraziliense.com.br\/cbradar\/wp-content\/uploads\/2025\/12\/\u2705-BANNER-MYTH-35.png 1280w\" sizes=\"(max-width: 1024px) 100vw, 1024px\" \/><figcaption class=\"wp-element-caption\">Maximiliana soa chique e f\u00e1cil: nomes longos alegram chamadas di\u00e1rias com charme \u00fanico e descontra\u00eddo para beb\u00eas especiais.<\/figcaption><\/figure>\n\n\n\n<h2 class=\"wp-block-heading\">Por que considerar nomes longos e criativos na escolha<\/h2>\n\n\n\n<p>A escolha de <strong>nomes raros e compridos<\/strong> costuma estar ligada ao desejo de <strong>singularidade<\/strong>. Em registros civis, turmas de escola ou ambientes profissionais, \u00e9 menos prov\u00e1vel encontrar outra pessoa com a mesma combina\u00e7\u00e3o de letras, o que ajuda na identifica\u00e7\u00e3o e reduz confus\u00f5es em cadastros.<\/p>\n\n\n\n<p><strong>Nomes com 11 letras<\/strong> permitem brincar com significados, homenagens e sonoridades em uma \u00fanica palavra. Ao unir partes de nomes de familiares, muitas pessoas criam um novo nome que carrega <strong>la\u00e7os afetivos<\/strong> e, ao mesmo tempo, mant\u00e9m uma grafia harmoniosa. Assim, quem \u00e9 batizado com um nome longo pode carregar uma hist\u00f3ria particular desde o registro, unindo algo <strong>marcante<\/strong>, <strong>vers\u00e1til<\/strong> e memor\u00e1vel para toda a vida.<\/p>\n","protected":false},"excerpt":{"rendered":"<p>Nomes longos e raros que voc\u00ea vai amar: descubra 5 nomes com 11 letras, tipo Maximiliana, Annamariana e Emanuellea.<\/p>\n","protected":false},"author":3,"featured_media":159724,"comment_status":"open","ping_status":"open","sticky":false,"template":"","format":"standard","meta":{"_yoast_wpseo_focuskw":"nomes 11 letras","_yoast_wpseo_title":"%%title%%","_yoast_wpseo_metadesc":"Nomes longos e raros que voc\u00ea vai amar: descubra 5 nomes com 11 letras, tipo Maximiliana, Annamariana e Emanuellea.","jnews-multi-image_gallery":[],"jnews_single_post":{"format":"standard"},"jnews_primary_category":[],"jnews_social_meta":[],"jnews_override_counter":[],"footnotes":""},"categories":[112],"tags":[144,5202,11895,12720],"class_list":["post-159722","post","type-post","status-publish","format-standard","has-post-thumbnail","hentry","category-curiosidades","tag-curiosidades","tag-nomes","tag-nomes-de-pessoas","tag-nomes-longos"],"yoast_head":"<!-- This site is optimized with the Yoast SEO plugin v24.6 - https:\/\/yoast.com\/wordpress\/plugins\/seo\/ -->\n<title>5 nomes com 11 letras que voc\u00ea nunca viu, mas vai amar (e v\u00e3o mudar sua lista de favoritos)<\/title>\n<meta name=\"description\" content=\"Nomes longos e raros que voc\u00ea vai amar: descubra 5 nomes com 11 letras, tipo Maximiliana, Annamariana e Emanuellea.\" \/>\n<meta name=\"robots\" content=\"index, follow, max-snippet:-1, max-image-preview:large, max-video-preview:-1\" \/>\n<link rel=\"canonical\" href=\"https:\/\/www.correiobraziliense.com.br\/cbradar\/5-nomes-com-11-letras-que-voce-nunca-viu-mas-vai-amar-e-vao-mudar-sua-lista-de-favoritos\/\" \/>\n<meta property=\"og:locale\" content=\"pt_BR\" \/>\n<meta property=\"og:type\" content=\"article\" \/>\n<meta property=\"og:title\" content=\"5 nomes com 11 letras que voc\u00ea nunca viu, mas vai amar (e v\u00e3o mudar sua lista de favoritos)\" \/>\n<meta property=\"og:description\" content=\"Nomes longos e raros que voc\u00ea vai amar: descubra 5 nomes com 11 letras, tipo Maximiliana, Annamariana e Emanuellea.\" \/>\n<meta property=\"og:url\" content=\"https:\/\/www.correiobraziliense.com.br\/cbradar\/5-nomes-com-11-letras-que-voce-nunca-viu-mas-vai-amar-e-vao-mudar-sua-lista-de-favoritos\/\" \/>\n<meta property=\"og:site_name\" content=\"Correio Braziliense - Radar\" \/>\n<meta property=\"article:published_time\" content=\"2025-12-21T09:45:00+00:00\" \/>\n<meta property=\"og:image\" content=\"https:\/\/www.correiobraziliense.com.br\/cbradar\/wp-content\/uploads\/2025\/12\/\u2705-BANNER-MYTH-34.png\" \/>\n\t<meta property=\"og:image:width\" content=\"1280\" \/>\n\t<meta property=\"og:image:height\" content=\"720\" \/>\n\t<meta property=\"og:image:type\" content=\"image\/png\" \/>\n<meta name=\"author\" content=\"Larissa Carvalho\" \/>\n<meta name=\"twitter:card\" content=\"summary_large_image\" \/>\n<meta name=\"twitter:label1\" content=\"Escrito por\" \/>\n\t<meta name=\"twitter:data1\" content=\"Larissa Carvalho\" \/>\n\t<meta name=\"twitter:label2\" content=\"Est. tempo de leitura\" \/>\n\t<meta name=\"twitter:data2\" content=\"4 minutos\" \/>\n<!-- \/ Yoast SEO plugin. -->","yoast_head_json":{"title":"5 nomes com 11 letras que voc\u00ea nunca viu, mas vai amar (e v\u00e3o mudar sua lista de favoritos)","description":"Nomes longos e raros que voc\u00ea vai amar: descubra 5 nomes com 11 letras, tipo Maximiliana, Annamariana e Emanuellea.","robots":{"index":"index","follow":"follow","max-snippet":"max-snippet:-1","max-image-preview":"max-image-preview:large","max-video-preview":"max-video-preview:-1"},"canonical":"https:\/\/www.correiobraziliense.com.br\/cbradar\/5-nomes-com-11-letras-que-voce-nunca-viu-mas-vai-amar-e-vao-mudar-sua-lista-de-favoritos\/","og_locale":"pt_BR","og_type":"article","og_title":"5 nomes com 11 letras que voc\u00ea nunca viu, mas vai amar (e v\u00e3o mudar sua lista de favoritos)","og_description":"Nomes longos e raros que voc\u00ea vai amar: descubra 5 nomes com 11 letras, tipo Maximiliana, Annamariana e Emanuellea.","og_url":"https:\/\/www.correiobraziliense.com.br\/cbradar\/5-nomes-com-11-letras-que-voce-nunca-viu-mas-vai-amar-e-vao-mudar-sua-lista-de-favoritos\/","og_site_name":"Correio Braziliense - Radar","article_published_time":"2025-12-21T09:45:00+00:00","og_image":[{"width":1280,"height":720,"url":"https:\/\/www.correiobraziliense.com.br\/cbradar\/wp-content\/uploads\/2025\/12\/\u2705-BANNER-MYTH-34.png","type":"image\/png"}],"author":"Larissa Carvalho","twitter_card":"summary_large_image","twitter_misc":{"Escrito por":"Larissa Carvalho","Est. tempo de leitura":"4 minutos"},"schema":{"@context":"https:\/\/schema.org","@graph":[{"@type":"WebPage","@id":"https:\/\/www.correiobraziliense.com.br\/cbradar\/5-nomes-com-11-letras-que-voce-nunca-viu-mas-vai-amar-e-vao-mudar-sua-lista-de-favoritos\/","url":"https:\/\/www.correiobraziliense.com.br\/cbradar\/5-nomes-com-11-letras-que-voce-nunca-viu-mas-vai-amar-e-vao-mudar-sua-lista-de-favoritos\/","name":"5 nomes com 11 letras que voc\u00ea nunca viu, mas vai amar (e v\u00e3o mudar sua lista de favoritos)","isPartOf":{"@id":"https:\/\/www.correiobraziliense.com.br\/cbradar\/#website"},"primaryImageOfPage":{"@id":"https:\/\/www.correiobraziliense.com.br\/cbradar\/5-nomes-com-11-letras-que-voce-nunca-viu-mas-vai-amar-e-vao-mudar-sua-lista-de-favoritos\/#primaryimage"},"image":{"@id":"https:\/\/www.correiobraziliense.com.br\/cbradar\/5-nomes-com-11-letras-que-voce-nunca-viu-mas-vai-amar-e-vao-mudar-sua-lista-de-favoritos\/#primaryimage"},"thumbnailUrl":"https:\/\/www.correiobraziliense.com.br\/cbradar\/wp-content\/uploads\/2025\/12\/\u2705-BANNER-MYTH-34.png","datePublished":"2025-12-21T09:45:00+00:00","author":{"@id":"https:\/\/www.correiobraziliense.com.br\/cbradar\/#\/schema\/person\/58422787644df994b53a19d3e56c1513"},"description":"Nomes longos e raros que voc\u00ea vai amar: descubra 5 nomes com 11 letras, tipo Maximiliana, Annamariana e Emanuellea.","breadcrumb":{"@id":"https:\/\/www.correiobraziliense.com.br\/cbradar\/5-nomes-com-11-letras-que-voce-nunca-viu-mas-vai-amar-e-vao-mudar-sua-lista-de-favoritos\/#breadcrumb"},"inLanguage":"pt-BR","potentialAction":[{"@type":"ReadAction","target":["https:\/\/www.correiobraziliense.com.br\/cbradar\/5-nomes-com-11-letras-que-voce-nunca-viu-mas-vai-amar-e-vao-mudar-sua-lista-de-favoritos\/"]}]},{"@type":"ImageObject","inLanguage":"pt-BR","@id":"https:\/\/www.correiobraziliense.com.br\/cbradar\/5-nomes-com-11-letras-que-voce-nunca-viu-mas-vai-amar-e-vao-mudar-sua-lista-de-favoritos\/#primaryimage","url":"https:\/\/www.correiobraziliense.com.br\/cbradar\/wp-content\/uploads\/2025\/12\/\u2705-BANNER-MYTH-34.png","contentUrl":"https:\/\/www.correiobraziliense.com.br\/cbradar\/wp-content\/uploads\/2025\/12\/\u2705-BANNER-MYTH-34.png","width":1280,"height":720,"caption":"Escolha nomes marcantes para brilhar: Maximiliana evoca for\u00e7a e distin\u00e7\u00e3o, inspirando jornadas de originalidade radiante."},{"@type":"BreadcrumbList","@id":"https:\/\/www.correiobraziliense.com.br\/cbradar\/5-nomes-com-11-letras-que-voce-nunca-viu-mas-vai-amar-e-vao-mudar-sua-lista-de-favoritos\/#breadcrumb","itemListElement":[{"@type":"ListItem","position":1,"name":"In\u00edcio","item":"https:\/\/www.correiobraziliense.com.br\/cbradar\/"},{"@type":"ListItem","position":2,"name":"5 nomes com 11 letras que voc\u00ea nunca viu, mas vai amar (e v\u00e3o mudar sua lista de favoritos)"}]},{"@type":"WebSite","@id":"https:\/\/www.correiobraziliense.com.br\/cbradar\/#website","url":"https:\/\/www.correiobraziliense.com.br\/cbradar\/","name":"Correio Braziliense - Radar","description":"Acompanhe as \u00faltimas not\u00edcias e fique bem informado sobre tudo o que acontece no Brasil e no mundo.","potentialAction":[{"@type":"SearchAction","target":{"@type":"EntryPoint","urlTemplate":"https:\/\/www.correiobraziliense.com.br\/cbradar\/?s={search_term_string}"},"query-input":{"@type":"PropertyValueSpecification","valueRequired":true,"valueName":"search_term_string"}}],"inLanguage":"pt-BR"},{"@type":"Person","@id":"https:\/\/www.correiobraziliense.com.br\/cbradar\/#\/schema\/person\/58422787644df994b53a19d3e56c1513","name":"Larissa Carvalho","image":{"@type":"ImageObject","inLanguage":"pt-BR","@id":"https:\/\/www.correiobraziliense.com.br\/cbradar\/#\/schema\/person\/image\/","url":"https:\/\/secure.gravatar.com\/avatar\/fe4f91a0de32b52a838d0d612abdc1aa?s=96&d=mm&r=g","contentUrl":"https:\/\/secure.gravatar.com\/avatar\/fe4f91a0de32b52a838d0d612abdc1aa?s=96&d=mm&r=g","caption":"Larissa Carvalho"},"url":"https:\/\/www.correiobraziliense.com.br\/cbradar\/author\/larissamyth\/"}]}},"_links":{"self":[{"href":"https:\/\/www.correiobraziliense.com.br\/cbradar\/wp-json\/wp\/v2\/posts\/159722","targetHints":{"allow":["GET"]}}],"collection":[{"href":"https:\/\/www.correiobraziliense.com.br\/cbradar\/wp-json\/wp\/v2\/posts"}],"about":[{"href":"https:\/\/www.correiobraziliense.com.br\/cbradar\/wp-json\/wp\/v2\/types\/post"}],"author":[{"embeddable":true,"href":"https:\/\/www.correiobraziliense.com.br\/cbradar\/wp-json\/wp\/v2\/users\/3"}],"replies":[{"embeddable":true,"href":"https:\/\/www.correiobraziliense.com.br\/cbradar\/wp-json\/wp\/v2\/comments?post=159722"}],"version-history":[{"count":2,"href":"https:\/\/www.correiobraziliense.com.br\/cbradar\/wp-json\/wp\/v2\/posts\/159722\/revisions"}],"predecessor-version":[{"id":159726,"href":"https:\/\/www.correiobraziliense.com.br\/cbradar\/wp-json\/wp\/v2\/posts\/159722\/revisions\/159726"}],"wp:featuredmedia":[{"embeddable":true,"href":"https:\/\/www.correiobraziliense.com.br\/cbradar\/wp-json\/wp\/v2\/media\/159724"}],"wp:attachment":[{"href":"https:\/\/www.correiobraziliense.com.br\/cbradar\/wp-json\/wp\/v2\/media?parent=159722"}],"wp:term":[{"taxonomy":"category","embeddable":true,"href":"https:\/\/www.correiobraziliense.com.br\/cbradar\/wp-json\/wp\/v2\/categories?post=159722"},{"taxonomy":"post_tag","embeddable":true,"href":"https:\/\/www.correiobraziliense.com.br\/cbradar\/wp-json\/wp\/v2\/tags?post=159722"}],"curies":[{"name":"wp","href":"https:\/\/api.w.org\/{rel}","templated":true}]}}