{"id":159762,"date":"2025-12-21T21:35:00","date_gmt":"2025-12-22T00:35:00","guid":{"rendered":"https:\/\/www.correiobraziliense.com.br\/cbradar\/?p=159762"},"modified":"2025-12-20T17:25:10","modified_gmt":"2025-12-20T20:25:10","slug":"9-nomes-longos-com-9-letras-que-soam-serios-e-respeitados","status":"publish","type":"post","link":"https:\/\/www.correiobraziliense.com.br\/cbradar\/9-nomes-longos-com-9-letras-que-soam-serios-e-respeitados\/","title":{"rendered":"9 nomes longos com 9 letras que soam s\u00e9rios e respeitados"},"content":{"rendered":"\n<p>Entre quem busca um nome distinto para registrar uma crian\u00e7a ou criar um personagem, h\u00e1 um interesse crescente por <strong>nomes longos com 9 letras que soam s\u00e9rios e respeitados<\/strong>. Esse tipo de escolha costuma transmitir ideia de <strong>maturidade, responsabilidade e formalidade<\/strong>, algo que agrada fam\u00edlias que valorizam tradi\u00e7\u00e3o ou que desejam um nome marcante sem exageros, especialmente em contextos profissionais, acad\u00eamicos e de personagens de fic\u00e7\u00e3o.<\/p>\n\n\n\n<h2 class=\"wp-block-heading\">Quais s\u00e3o as caracter\u00edsticas dos nomes masculinos longos com 9 letras<\/h2>\n\n\n\n<p>Os <strong>nomes masculinos de nove letras<\/strong> geralmente passam uma sensa\u00e7\u00e3o de formalidade e firmeza. Muitos aparecem com frequ\u00eancia em ambientes acad\u00eamicos, jur\u00eddicos ou corporativos, refor\u00e7ando a percep\u00e7\u00e3o de respeito e seriedade associada ao nome completo.<\/p>\n\n\n\n<ul class=\"wp-block-list\">\n<li><strong>Cristiano<\/strong> \u2013 Nome conhecido e tradicional, com sonoridade firme e bastante aceito em diferentes regi\u00f5es.<\/li>\n\n\n\n<li><strong>Maximiano<\/strong> \u2013 Varia\u00e7\u00e3o mais extensa de \u201cM\u00e1ximo\u201d, carrega um ar antigo e solene, comum em fam\u00edlias que apreciam nomes cl\u00e1ssicos.<\/li>\n\n\n\n<li><strong>Fernandto<\/strong> \u2013 Vers\u00e3o alongada que lembra \u201cFernando\u201d, mantendo um som forte e de f\u00e1cil reconhecimento.<\/li>\n\n\n\n<li><strong>Bernardino<\/strong> \u2013 Nome que remete a tradi\u00e7\u00e3o e costuma ser associado a figuras mais formais e respeitadas.<\/li>\n\n\n\n<li><strong>Constantin<\/strong> \u2013 Forma adaptada de \u201cConstantino\u201d, muito usada para personagens de perfil s\u00e9rio e estrat\u00e9gico.<\/li>\n\n\n\n<li><strong>Leopoldo<\/strong> \u2013 Apesar de hist\u00f3rico, mant\u00e9m certa sofistica\u00e7\u00e3o discreta, adequado para diferentes idades.<\/li>\n\n\n\n<li><strong>Reginaldo<\/strong> \u2013 Nome que passou por diversas gera\u00e7\u00f5es e continua com ar respeit\u00e1vel e consistente.<\/li>\n\n\n\n<li><strong>Severiano<\/strong> \u2013 Um pouco mais raro no uso cotidiano, mas com forte impacto sonoro e visual.<\/li>\n\n\n\n<li><strong>Wilfredon<\/strong> \u2013 Varia\u00e7\u00e3o alongada de \u201cWilfred\u201d, comum em contextos de fic\u00e7\u00e3o, com tom s\u00e9rio e estrangeiro.<\/li>\n<\/ul>\n\n\n\n<p>Esse tema \u00e9 abordado em diversos v\u00eddeos virais, como o do perfil @meubaby_11:<\/p>\n\n\n\n<blockquote class=\"tiktok-embed\" cite=\"https:\/\/www.tiktok.com\/@meubaby_11\/video\/7461345389015321862\" data-video-id=\"7461345389015321862\" style=\"max-width: 605px;min-width: 325px;\" > <section> <a target=\"_blank\" title=\"@meubaby_11\" href=\"https:\/\/www.tiktok.com\/@meubaby_11?refer=embed\">@meubaby_11<\/a> <a title=\"2025\" target=\"_blank\" href=\"https:\/\/www.tiktok.com\/tag\/2025?refer=embed\">#2025<\/a> <a title=\"tendencia\" target=\"_blank\" href=\"https:\/\/www.tiktok.com\/tag\/tendencia?refer=embed\">#tendencia<\/a> <a title=\"maedemenino\" target=\"_blank\" href=\"https:\/\/www.tiktok.com\/tag\/maedemenino?refer=embed\">#maedemenino<\/a> <a title=\"name\" target=\"_blank\" href=\"https:\/\/www.tiktok.com\/tag\/name?refer=embed\">#name<\/a> <a target=\"_blank\" title=\"\u266c Dandelions (slowed + reverb) - Ruth B. &#38; sped up + slowed\" href=\"https:\/\/www.tiktok.com\/music\/Dandelions-slowed-reverb-6998574909743958017?refer=embed\">\u266c Dandelions (slowed + reverb) &#8211; Ruth B. &#38; sped up + slowed<\/a> <\/section> <\/blockquote> <script async src=\"https:\/\/www.tiktok.com\/embed.js\"><\/script>\n\n\n\n<h2 class=\"wp-block-heading\">Quais nomes femininos de 9 letras soam mais formais<\/h2>\n\n\n\n<p>No universo feminino, os <strong>nomes longos com 9 letras<\/strong> tendem a ser percebidos como elegantes e refinados. Muitas op\u00e7\u00f5es combinam termina\u00e7\u00f5es suaves com um corpo de letras mais extenso, criando equil\u00edbrio entre <strong>delicadeza e firmeza<\/strong> e funcionando bem tanto em registros civis quanto em curr\u00edculos.<\/p>\n\n\n\n<ul class=\"wp-block-list\">\n<li><strong>Emanuelle<\/strong> \u2013 Bastante associado a formalidade, \u00e9 comum em ambientes profissionais e acad\u00eamicos.<\/li>\n\n\n\n<li><strong>Bernadete<\/strong> \u2013 Tradicional, costuma remeter \u00e0 seriedade e \u00e0 figura de mulheres maduras e respons\u00e1veis.<\/li>\n\n\n\n<li><strong>Maristela<\/strong> \u2013 Combina elementos religiosos e cl\u00e1ssicos, com sonoridade fluida e presen\u00e7a forte.<\/li>\n\n\n\n<li><strong>Rozangela<\/strong> \u2013 Varia\u00e7\u00e3o de \u201cRos\u00e2ngela\u201d, bastante usada e com imagem respeit\u00e1vel em diferentes contextos.<\/li>\n\n\n\n<li><strong>Adrieleni<\/strong> \u2013 Forma mais longa que lembra \u201cAdriana\u201d, mantendo impacto visual e sonoro.<\/li>\n\n\n\n<li><strong>Carlaiane<\/strong> \u2013 Nome composto em uma \u00fanica palavra, com aspecto moderno, por\u00e9m ainda formal.<\/li>\n\n\n\n<li><strong>Gislaiane<\/strong> \u2013 Varia\u00e7\u00e3o com tra\u00e7o regional, mas que conserva um tom firme e s\u00e9rio.<\/li>\n\n\n\n<li><strong>Juliethy<\/strong> \u2013 Vers\u00e3o estilizada de \u201cJuliete\u201d, mais incomum, por\u00e9m com escrita marcante.<\/li>\n\n\n\n<li><strong>Marcilene<\/strong> \u2013 Bastante usado em algumas regi\u00f5es, associado \u00e0 imagem de responsabilidade e dedica\u00e7\u00e3o.<\/li>\n<\/ul>\n\n\n\n<figure class=\"wp-block-image size-large\"><img decoding=\"async\" width=\"1024\" height=\"576\" src=\"https:\/\/www.correiobraziliense.com.br\/cbradar\/wp-content\/uploads\/2025\/12\/\u2705-BANNER-MYTH-41-1024x576.png\" alt=\"9 nomes longos com 9 letras que soam s\u00e9rios e respeitados\" class=\"wp-image-159773\" srcset=\"https:\/\/www.correiobraziliense.com.br\/cbradar\/wp-content\/uploads\/2025\/12\/\u2705-BANNER-MYTH-41-1024x576.png 1024w, https:\/\/www.correiobraziliense.com.br\/cbradar\/wp-content\/uploads\/2025\/12\/\u2705-BANNER-MYTH-41-300x169.png 300w, https:\/\/www.correiobraziliense.com.br\/cbradar\/wp-content\/uploads\/2025\/12\/\u2705-BANNER-MYTH-41-768x432.png 768w, https:\/\/www.correiobraziliense.com.br\/cbradar\/wp-content\/uploads\/2025\/12\/\u2705-BANNER-MYTH-41-750x422.png 750w, https:\/\/www.correiobraziliense.com.br\/cbradar\/wp-content\/uploads\/2025\/12\/\u2705-BANNER-MYTH-41-1140x641.png 1140w, https:\/\/www.correiobraziliense.com.br\/cbradar\/wp-content\/uploads\/2025\/12\/\u2705-BANNER-MYTH-41.png 1280w\" sizes=\"(max-width: 1024px) 100vw, 1024px\" \/><figcaption class=\"wp-element-caption\">Valentina ou Henrique inspiram trajet\u00f3rias fortes: nomes longos elevam responsabilidade e distin\u00e7\u00e3o em vidas profissionais marcantes.<\/figcaption><\/figure>\n\n\n\n<h2 class=\"wp-block-heading\">Quais s\u00e3o as principais dicas para escolher nomes longos e respeitados<\/h2>\n\n\n\n<p>Ao selecionar um <strong>nome longo com 9 letras<\/strong>, muitas fam\u00edlias observam n\u00e3o apenas a escrita, mas tamb\u00e9m fatores pr\u00e1ticos. A sonoridade ao ser chamada em sala de aula, o encaixe com o sobrenome e a possibilidade de apelidos harmoniosos costumam pesar bastante nessa decis\u00e3o.<\/p>\n\n\n\n<ol class=\"wp-block-list\">\n<li><strong>Verificar a pron\u00fancia<\/strong>: nomes com muitas s\u00edlabas precisam ser de f\u00e1cil leitura para evitar trocas de letras e corre\u00e7\u00f5es constantes.<\/li>\n\n\n\n<li><strong>Testar com o sobrenome<\/strong>: a combina\u00e7\u00e3o completa deve soar natural, sem pausas estranhas ou repeti\u00e7\u00f5es de sons.<\/li>\n\n\n\n<li><strong>Analisar diminutivos<\/strong>: quase todo nome longo gera apelidos; \u00e9 comum observar se essas formas curtas tamb\u00e9m agradam.<\/li>\n\n\n\n<li><strong>Checar frequ\u00eancia de uso<\/strong>: alguns preferem nomes mais raros; outros optam por op\u00e7\u00f5es conhecidas, que geram menos estranhamento.<\/li>\n\n\n\n<li><strong>Observar refer\u00eancias culturais<\/strong>: certas escolhas est\u00e3o ligadas a personagens hist\u00f3ricos, figuras p\u00fablicas ou personagens de filmes e s\u00e9ries.<\/li>\n<\/ol>\n\n\n\n<p>Em 2025, a tend\u00eancia mostra que <strong>nomes longos seguem presentes<\/strong> tanto em registros civis quanto em cria\u00e7\u00f5es de hist\u00f3rias e jogos, especialmente quando h\u00e1 interesse em transmitir seriedade, respeito e distin\u00e7\u00e3o. Com op\u00e7\u00f5es variadas para meninos e meninas, esse tipo de nome equilibra <strong>visual sofisticado<\/strong>, som marcante e boa adapta\u00e7\u00e3o a diferentes fases da vida.<\/p>\n","protected":false},"excerpt":{"rendered":"<p>Nomes longos e respeitados: descubra 9 nomes com 9 letras, s\u00e9rios e elegantes, tipo Cristiano e Maximiano.<\/p>\n","protected":false},"author":3,"featured_media":159767,"comment_status":"open","ping_status":"open","sticky":false,"template":"","format":"standard","meta":{"_yoast_wpseo_focuskw":"nomes longos s\u00e9rios","_yoast_wpseo_title":"%%title%%","_yoast_wpseo_metadesc":"Nomes longos e respeitados: descubra 9 nomes com 9 letras, s\u00e9rios e elegantes, tipo Cristiano e Maximiano.","jnews-multi-image_gallery":[],"jnews_single_post":{"format":"standard"},"jnews_primary_category":[],"jnews_social_meta":[],"jnews_override_counter":[],"footnotes":""},"categories":[112],"tags":[144,5202,11895],"class_list":["post-159762","post","type-post","status-publish","format-standard","has-post-thumbnail","hentry","category-curiosidades","tag-curiosidades","tag-nomes","tag-nomes-de-pessoas"],"yoast_head":"<!-- This site is optimized with the Yoast SEO plugin v24.6 - https:\/\/yoast.com\/wordpress\/plugins\/seo\/ -->\n<title>9 nomes longos com 9 letras que soam s\u00e9rios e respeitados<\/title>\n<meta name=\"description\" content=\"Nomes longos e respeitados: descubra 9 nomes com 9 letras, s\u00e9rios e elegantes, tipo Cristiano e Maximiano.\" \/>\n<meta name=\"robots\" content=\"index, follow, max-snippet:-1, max-image-preview:large, max-video-preview:-1\" \/>\n<link rel=\"canonical\" href=\"https:\/\/www.correiobraziliense.com.br\/cbradar\/9-nomes-longos-com-9-letras-que-soam-serios-e-respeitados\/\" \/>\n<meta property=\"og:locale\" content=\"pt_BR\" \/>\n<meta property=\"og:type\" content=\"article\" \/>\n<meta property=\"og:title\" content=\"9 nomes longos com 9 letras que soam s\u00e9rios e respeitados\" \/>\n<meta property=\"og:description\" content=\"Nomes longos e respeitados: descubra 9 nomes com 9 letras, s\u00e9rios e elegantes, tipo Cristiano e Maximiano.\" \/>\n<meta property=\"og:url\" content=\"https:\/\/www.correiobraziliense.com.br\/cbradar\/9-nomes-longos-com-9-letras-que-soam-serios-e-respeitados\/\" \/>\n<meta property=\"og:site_name\" content=\"Correio Braziliense - Radar\" \/>\n<meta property=\"article:published_time\" content=\"2025-12-22T00:35:00+00:00\" \/>\n<meta property=\"og:image\" content=\"https:\/\/www.correiobraziliense.com.br\/cbradar\/wp-content\/uploads\/2025\/12\/\u2705-BANNER-MYTH-40.png\" \/>\n\t<meta property=\"og:image:width\" content=\"1280\" \/>\n\t<meta property=\"og:image:height\" content=\"720\" \/>\n\t<meta property=\"og:image:type\" content=\"image\/png\" \/>\n<meta name=\"author\" content=\"Larissa Carvalho\" \/>\n<meta name=\"twitter:card\" content=\"summary_large_image\" \/>\n<meta name=\"twitter:label1\" content=\"Escrito por\" \/>\n\t<meta name=\"twitter:data1\" content=\"Larissa Carvalho\" \/>\n\t<meta name=\"twitter:label2\" content=\"Est. tempo de leitura\" \/>\n\t<meta name=\"twitter:data2\" content=\"4 minutos\" \/>\n<!-- \/ Yoast SEO plugin. -->","yoast_head_json":{"title":"9 nomes longos com 9 letras que soam s\u00e9rios e respeitados","description":"Nomes longos e respeitados: descubra 9 nomes com 9 letras, s\u00e9rios e elegantes, tipo Cristiano e Maximiano.","robots":{"index":"index","follow":"follow","max-snippet":"max-snippet:-1","max-image-preview":"max-image-preview:large","max-video-preview":"max-video-preview:-1"},"canonical":"https:\/\/www.correiobraziliense.com.br\/cbradar\/9-nomes-longos-com-9-letras-que-soam-serios-e-respeitados\/","og_locale":"pt_BR","og_type":"article","og_title":"9 nomes longos com 9 letras que soam s\u00e9rios e respeitados","og_description":"Nomes longos e respeitados: descubra 9 nomes com 9 letras, s\u00e9rios e elegantes, tipo Cristiano e Maximiano.","og_url":"https:\/\/www.correiobraziliense.com.br\/cbradar\/9-nomes-longos-com-9-letras-que-soam-serios-e-respeitados\/","og_site_name":"Correio Braziliense - Radar","article_published_time":"2025-12-22T00:35:00+00:00","og_image":[{"width":1280,"height":720,"url":"https:\/\/www.correiobraziliense.com.br\/cbradar\/wp-content\/uploads\/2025\/12\/\u2705-BANNER-MYTH-40.png","type":"image\/png"}],"author":"Larissa Carvalho","twitter_card":"summary_large_image","twitter_misc":{"Escrito por":"Larissa Carvalho","Est. tempo de leitura":"4 minutos"},"schema":{"@context":"https:\/\/schema.org","@graph":[{"@type":"WebPage","@id":"https:\/\/www.correiobraziliense.com.br\/cbradar\/9-nomes-longos-com-9-letras-que-soam-serios-e-respeitados\/","url":"https:\/\/www.correiobraziliense.com.br\/cbradar\/9-nomes-longos-com-9-letras-que-soam-serios-e-respeitados\/","name":"9 nomes longos com 9 letras que soam s\u00e9rios e respeitados","isPartOf":{"@id":"https:\/\/www.correiobraziliense.com.br\/cbradar\/#website"},"primaryImageOfPage":{"@id":"https:\/\/www.correiobraziliense.com.br\/cbradar\/9-nomes-longos-com-9-letras-que-soam-serios-e-respeitados\/#primaryimage"},"image":{"@id":"https:\/\/www.correiobraziliense.com.br\/cbradar\/9-nomes-longos-com-9-letras-que-soam-serios-e-respeitados\/#primaryimage"},"thumbnailUrl":"https:\/\/www.correiobraziliense.com.br\/cbradar\/wp-content\/uploads\/2025\/12\/\u2705-BANNER-MYTH-40.png","datePublished":"2025-12-22T00:35:00+00:00","author":{"@id":"https:\/\/www.correiobraziliense.com.br\/cbradar\/#\/schema\/person\/58422787644df994b53a19d3e56c1513"},"description":"Nomes longos e respeitados: descubra 9 nomes com 9 letras, s\u00e9rios e elegantes, tipo Cristiano e Maximiano.","breadcrumb":{"@id":"https:\/\/www.correiobraziliense.com.br\/cbradar\/9-nomes-longos-com-9-letras-que-soam-serios-e-respeitados\/#breadcrumb"},"inLanguage":"pt-BR","potentialAction":[{"@type":"ReadAction","target":["https:\/\/www.correiobraziliense.com.br\/cbradar\/9-nomes-longos-com-9-letras-que-soam-serios-e-respeitados\/"]}]},{"@type":"ImageObject","inLanguage":"pt-BR","@id":"https:\/\/www.correiobraziliense.com.br\/cbradar\/9-nomes-longos-com-9-letras-que-soam-serios-e-respeitados\/#primaryimage","url":"https:\/\/www.correiobraziliense.com.br\/cbradar\/wp-content\/uploads\/2025\/12\/\u2705-BANNER-MYTH-40.png","contentUrl":"https:\/\/www.correiobraziliense.com.br\/cbradar\/wp-content\/uploads\/2025\/12\/\u2705-BANNER-MYTH-40.png","width":1280,"height":720,"caption":"Escolha nomes como Mariana para versatilidade: maturidade sonora facilita impacto profissional e acad\u00eamico duradouro."},{"@type":"BreadcrumbList","@id":"https:\/\/www.correiobraziliense.com.br\/cbradar\/9-nomes-longos-com-9-letras-que-soam-serios-e-respeitados\/#breadcrumb","itemListElement":[{"@type":"ListItem","position":1,"name":"In\u00edcio","item":"https:\/\/www.correiobraziliense.com.br\/cbradar\/"},{"@type":"ListItem","position":2,"name":"9 nomes longos com 9 letras que soam s\u00e9rios e respeitados"}]},{"@type":"WebSite","@id":"https:\/\/www.correiobraziliense.com.br\/cbradar\/#website","url":"https:\/\/www.correiobraziliense.com.br\/cbradar\/","name":"Correio Braziliense - Radar","description":"Acompanhe as \u00faltimas not\u00edcias e fique bem informado sobre tudo o que acontece no Brasil e no mundo.","potentialAction":[{"@type":"SearchAction","target":{"@type":"EntryPoint","urlTemplate":"https:\/\/www.correiobraziliense.com.br\/cbradar\/?s={search_term_string}"},"query-input":{"@type":"PropertyValueSpecification","valueRequired":true,"valueName":"search_term_string"}}],"inLanguage":"pt-BR"},{"@type":"Person","@id":"https:\/\/www.correiobraziliense.com.br\/cbradar\/#\/schema\/person\/58422787644df994b53a19d3e56c1513","name":"Larissa Carvalho","image":{"@type":"ImageObject","inLanguage":"pt-BR","@id":"https:\/\/www.correiobraziliense.com.br\/cbradar\/#\/schema\/person\/image\/","url":"https:\/\/secure.gravatar.com\/avatar\/fe4f91a0de32b52a838d0d612abdc1aa?s=96&d=mm&r=g","contentUrl":"https:\/\/secure.gravatar.com\/avatar\/fe4f91a0de32b52a838d0d612abdc1aa?s=96&d=mm&r=g","caption":"Larissa Carvalho"},"url":"https:\/\/www.correiobraziliense.com.br\/cbradar\/author\/larissamyth\/"}]}},"_links":{"self":[{"href":"https:\/\/www.correiobraziliense.com.br\/cbradar\/wp-json\/wp\/v2\/posts\/159762","targetHints":{"allow":["GET"]}}],"collection":[{"href":"https:\/\/www.correiobraziliense.com.br\/cbradar\/wp-json\/wp\/v2\/posts"}],"about":[{"href":"https:\/\/www.correiobraziliense.com.br\/cbradar\/wp-json\/wp\/v2\/types\/post"}],"author":[{"embeddable":true,"href":"https:\/\/www.correiobraziliense.com.br\/cbradar\/wp-json\/wp\/v2\/users\/3"}],"replies":[{"embeddable":true,"href":"https:\/\/www.correiobraziliense.com.br\/cbradar\/wp-json\/wp\/v2\/comments?post=159762"}],"version-history":[{"count":2,"href":"https:\/\/www.correiobraziliense.com.br\/cbradar\/wp-json\/wp\/v2\/posts\/159762\/revisions"}],"predecessor-version":[{"id":159775,"href":"https:\/\/www.correiobraziliense.com.br\/cbradar\/wp-json\/wp\/v2\/posts\/159762\/revisions\/159775"}],"wp:featuredmedia":[{"embeddable":true,"href":"https:\/\/www.correiobraziliense.com.br\/cbradar\/wp-json\/wp\/v2\/media\/159767"}],"wp:attachment":[{"href":"https:\/\/www.correiobraziliense.com.br\/cbradar\/wp-json\/wp\/v2\/media?parent=159762"}],"wp:term":[{"taxonomy":"category","embeddable":true,"href":"https:\/\/www.correiobraziliense.com.br\/cbradar\/wp-json\/wp\/v2\/categories?post=159762"},{"taxonomy":"post_tag","embeddable":true,"href":"https:\/\/www.correiobraziliense.com.br\/cbradar\/wp-json\/wp\/v2\/tags?post=159762"}],"curies":[{"name":"wp","href":"https:\/\/api.w.org\/{rel}","templated":true}]}}