{"id":16043,"date":"2025-03-27T15:50:00","date_gmt":"2025-03-27T18:50:00","guid":{"rendered":"https:\/\/www.correiobraziliense.com.br\/cbradar\/?p=16043"},"modified":"2025-03-26T17:09:14","modified_gmt":"2025-03-26T20:09:14","slug":"cidade-comeca-a-usar-lava-vulcanica-nas-construcoes-entenda","status":"publish","type":"post","link":"https:\/\/www.correiobraziliense.com.br\/cbradar\/cidade-comeca-a-usar-lava-vulcanica-nas-construcoes-entenda\/","title":{"rendered":"Cidade come\u00e7a a usar lava vulc\u00e2nica nas constru\u00e7\u00f5es, entenda"},"content":{"rendered":"\n<p>Na <strong>Isl\u00e2ndia<\/strong>, uma arquiteta est\u00e1 explorando uma abordagem inovadora para a constru\u00e7\u00e3o sustent\u00e1vel, utilizando a lava vulc\u00e2nica como material de constru\u00e7\u00e3o. <strong>Arnhildur P\u00e1lmad\u00f3ttir<\/strong>, por meio de seu projeto &#8220;<strong>Lavaforming<\/strong>&#8220;, prop\u00f5e transformar o poder destrutivo da lava em uma oportunidade de constru\u00e7\u00e3o, substituindo m\u00e9todos tradicionais de minera\u00e7\u00e3o e gera\u00e7\u00e3o de energia n\u00e3o renov\u00e1vel.<\/p>\n\n\n\n<p>O projeto \u00e9 conduzido pelo escrit\u00f3rio <strong>s.ap architects<\/strong>, localizado em <strong>Reykjav\u00edk<\/strong>, e visa aproveitar a intensa atividade vulc\u00e2nica da regi\u00e3o. A <strong>Isl\u00e2ndia<\/strong>, situada entre as placas tect\u00f4nicas <strong>Eurasiana <\/strong>e <strong>Norte-Americana<\/strong>, \u00e9 um local prop\u00edcio para essa inova\u00e7\u00e3o, oferecendo uma combina\u00e7\u00e3o \u00fanica de amea\u00e7a e oportunidade em termos de energia geot\u00e9rmica.<\/p>\n\n\n\n<h2 class=\"wp-block-heading\"><strong>Como a lava vulc\u00e2nica pode ser utilizada na constru\u00e7\u00e3o?<\/strong><\/h2>\n\n\n\n<p>A ideia central do projeto de <strong>P\u00e1lmad\u00f3ttir <\/strong>\u00e9 guiar a lava derretida atrav\u00e9s de canais, permitindo que ela solidifique em formas controladas e dur\u00e1veis. Este processo criaria funda\u00e7\u00f5es s\u00f3lidas para edif\u00edcios e at\u00e9 mesmo cidades inteiras. A arquiteta destaca que a arquitetura est\u00e1 em um momento de transforma\u00e7\u00e3o, buscando m\u00e9todos mais sustent\u00e1veis e menos prejudiciais a longo prazo.<\/p>\n\n\n\n<p>Um dos principais desafios t\u00e9cnicos enfrentados \u00e9 o controle do resfriamento da lava, que pode atingir temperaturas entre 700 e 1.200 graus Celsius. A solidifica\u00e7\u00e3o da lava em formas uniformes \u00e9 crucial para garantir a estabilidade das estruturas constru\u00eddas.<\/p>\n\n\n\n<figure class=\"wp-block-image size-large\"><img decoding=\"async\" width=\"1024\" height=\"576\" src=\"https:\/\/www.correiobraziliense.com.br\/cbradar\/wp-content\/uploads\/2025\/03\/vulcao_1742998309657-1024x576.jpg\" alt=\"Cidade come\u00e7a a usar lava vulc\u00e2nica nas constru\u00e7\u00f5es, entenda\" class=\"wp-image-16052\" srcset=\"https:\/\/www.correiobraziliense.com.br\/cbradar\/wp-content\/uploads\/2025\/03\/vulcao_1742998309657-1024x576.jpg 1024w, https:\/\/www.correiobraziliense.com.br\/cbradar\/wp-content\/uploads\/2025\/03\/vulcao_1742998309657-300x169.jpg 300w, https:\/\/www.correiobraziliense.com.br\/cbradar\/wp-content\/uploads\/2025\/03\/vulcao_1742998309657-768x432.jpg 768w, https:\/\/www.correiobraziliense.com.br\/cbradar\/wp-content\/uploads\/2025\/03\/vulcao_1742998309657-750x422.jpg 750w, https:\/\/www.correiobraziliense.com.br\/cbradar\/wp-content\/uploads\/2025\/03\/vulcao_1742998309657-1140x641.jpg 1140w, https:\/\/www.correiobraziliense.com.br\/cbradar\/wp-content\/uploads\/2025\/03\/vulcao_1742998309657.jpg 1280w\" sizes=\"(max-width: 1024px) 100vw, 1024px\" \/><figcaption class=\"wp-element-caption\">vulc\u00e3o\nCr\u00e9ditos: depositphotos.com \/ Antoksena<\/figcaption><\/figure>\n\n\n\n<h2 class=\"wp-block-heading\"><strong>Quais s\u00e3o os desafios e benef\u00edcios do uso da lava?<\/strong><\/h2>\n\n\n\n<p>O uso da lava como material de constru\u00e7\u00e3o apresenta desafios significativos, principalmente relacionados \u00e0 padroniza\u00e7\u00e3o das estruturas ap\u00f3s o resfriamento. A lava pode se solidificar de maneira irregular, comprometendo a uniformidade necess\u00e1ria para a constru\u00e7\u00e3o de edif\u00edcios. No entanto, se esses desafios forem superados, a lava pode se tornar uma alternativa vi\u00e1vel e sustent\u00e1vel aos materiais de constru\u00e7\u00e3o tradicionais.<\/p>\n\n\n\n<p>Al\u00e9m disso, a utiliza\u00e7\u00e3o da lava pode reduzir a depend\u00eancia de recursos n\u00e3o renov\u00e1veis, contribuindo para um futuro mais sustent\u00e1vel. A <strong>Isl\u00e2ndia <\/strong>j\u00e1 utiliza a energia geot\u00e9rmica de forma eficaz, e a incorpora\u00e7\u00e3o da lava no setor de constru\u00e7\u00e3o pode representar um avan\u00e7o significativo na busca por solu\u00e7\u00f5es ecol\u00f3gicas.<\/p>\n\n\n\n<h2 class=\"wp-block-heading\"><strong>O futuro da constru\u00e7\u00e3o com lava vulc\u00e2nica<\/strong><\/h2>\n\n\n\n<p>A proposta de <strong>P\u00e1lmad\u00f3ttir <\/strong>ser\u00e1 apresentada na <strong>Bienal Internacional de Arquitetura<\/strong> <strong>de Veneza<\/strong>, destacando a vis\u00e3o de um futuro onde a lava \u00e9 utilizada de forma semelhante \u00e0 energia a vapor no passado. A exposi\u00e7\u00e3o busca inspirar uma nova maneira de pensar a arquitetura, moldando um futuro onde os recursos naturais s\u00e3o utilizados de forma inovadora e sustent\u00e1vel.<\/p>\n\n\n\n<p>O projeto &#8220;<strong>Lavaforming<\/strong>&#8221; n\u00e3o apenas desafia as pr\u00e1ticas atuais de constru\u00e7\u00e3o, mas tamb\u00e9m oferece uma vis\u00e3o de como a arquitetura pode evoluir para enfrentar os desafios ambientais do s\u00e9culo XXI. A <strong>Isl\u00e2ndia<\/strong>, com sua rica atividade vulc\u00e2nica, pode se tornar um exemplo de como transformar amea\u00e7as naturais em oportunidades de desenvolvimento sustent\u00e1vel.<\/p>\n","protected":false},"excerpt":{"rendered":"<p>Um futuro sustent\u00e1vel utilizando lava vulc\u00e2nica: um projeto inovador na Isl\u00e2ndia molda um novo caminho para a arquitetura.<\/p>\n","protected":false},"author":3,"featured_media":16051,"comment_status":"open","ping_status":"open","sticky":false,"template":"","format":"standard","meta":{"_yoast_wpseo_focuskw":"lava vulc\u00e2nica","_yoast_wpseo_title":"%%title%%","_yoast_wpseo_metadesc":"Um futuro sustent\u00e1vel utilizando lava vulc\u00e2nica: um projeto inovador na Isl\u00e2ndia molda um novo caminho para a arquitetura.","jnews-multi-image_gallery":[],"jnews_single_post":{"format":"standard"},"jnews_primary_category":[],"jnews_social_meta":[],"jnews_override_counter":[],"footnotes":""},"categories":[108],"tags":[109],"class_list":["post-16043","post","type-post","status-publish","format-standard","has-post-thumbnail","hentry","category-cidades","tag-cidades"],"yoast_head":"<!-- This site is optimized with the Yoast SEO plugin v24.6 - https:\/\/yoast.com\/wordpress\/plugins\/seo\/ -->\n<title>Cidade come\u00e7a a usar lava vulc\u00e2nica nas constru\u00e7\u00f5es, entenda<\/title>\n<meta name=\"description\" content=\"Um futuro sustent\u00e1vel utilizando lava vulc\u00e2nica: um projeto inovador na Isl\u00e2ndia molda um novo caminho para a arquitetura.\" \/>\n<meta name=\"robots\" content=\"index, follow, max-snippet:-1, max-image-preview:large, max-video-preview:-1\" \/>\n<link rel=\"canonical\" href=\"https:\/\/www.correiobraziliense.com.br\/cbradar\/cidade-comeca-a-usar-lava-vulcanica-nas-construcoes-entenda\/\" \/>\n<meta property=\"og:locale\" content=\"pt_BR\" \/>\n<meta property=\"og:type\" content=\"article\" \/>\n<meta property=\"og:title\" content=\"Cidade come\u00e7a a usar lava vulc\u00e2nica nas constru\u00e7\u00f5es, entenda\" \/>\n<meta property=\"og:description\" content=\"Um futuro sustent\u00e1vel utilizando lava vulc\u00e2nica: um projeto inovador na Isl\u00e2ndia molda um novo caminho para a arquitetura.\" \/>\n<meta property=\"og:url\" content=\"https:\/\/www.correiobraziliense.com.br\/cbradar\/cidade-comeca-a-usar-lava-vulcanica-nas-construcoes-entenda\/\" \/>\n<meta property=\"og:site_name\" content=\"Correio Braziliense - Radar\" \/>\n<meta property=\"article:published_time\" content=\"2025-03-27T18:50:00+00:00\" \/>\n<meta property=\"og:image\" content=\"https:\/\/www.correiobraziliense.com.br\/cbradar\/wp-content\/uploads\/2025\/03\/lava-vulcanica_1742998277942.jpg\" \/>\n\t<meta property=\"og:image:width\" content=\"1280\" \/>\n\t<meta property=\"og:image:height\" content=\"720\" \/>\n\t<meta property=\"og:image:type\" content=\"image\/jpeg\" \/>\n<meta name=\"author\" content=\"Larissa Carvalho\" \/>\n<meta name=\"twitter:card\" content=\"summary_large_image\" \/>\n<meta name=\"twitter:label1\" content=\"Escrito por\" \/>\n\t<meta name=\"twitter:data1\" content=\"Larissa Carvalho\" \/>\n\t<meta name=\"twitter:label2\" content=\"Est. tempo de leitura\" \/>\n\t<meta name=\"twitter:data2\" content=\"3 minutos\" \/>\n<!-- \/ Yoast SEO plugin. -->","yoast_head_json":{"title":"Cidade come\u00e7a a usar lava vulc\u00e2nica nas constru\u00e7\u00f5es, entenda","description":"Um futuro sustent\u00e1vel utilizando lava vulc\u00e2nica: um projeto inovador na Isl\u00e2ndia molda um novo caminho para a arquitetura.","robots":{"index":"index","follow":"follow","max-snippet":"max-snippet:-1","max-image-preview":"max-image-preview:large","max-video-preview":"max-video-preview:-1"},"canonical":"https:\/\/www.correiobraziliense.com.br\/cbradar\/cidade-comeca-a-usar-lava-vulcanica-nas-construcoes-entenda\/","og_locale":"pt_BR","og_type":"article","og_title":"Cidade come\u00e7a a usar lava vulc\u00e2nica nas constru\u00e7\u00f5es, entenda","og_description":"Um futuro sustent\u00e1vel utilizando lava vulc\u00e2nica: um projeto inovador na Isl\u00e2ndia molda um novo caminho para a arquitetura.","og_url":"https:\/\/www.correiobraziliense.com.br\/cbradar\/cidade-comeca-a-usar-lava-vulcanica-nas-construcoes-entenda\/","og_site_name":"Correio Braziliense - Radar","article_published_time":"2025-03-27T18:50:00+00:00","og_image":[{"width":1280,"height":720,"url":"https:\/\/www.correiobraziliense.com.br\/cbradar\/wp-content\/uploads\/2025\/03\/lava-vulcanica_1742998277942.jpg","type":"image\/jpeg"}],"author":"Larissa Carvalho","twitter_card":"summary_large_image","twitter_misc":{"Escrito por":"Larissa Carvalho","Est. tempo de leitura":"3 minutos"},"schema":{"@context":"https:\/\/schema.org","@graph":[{"@type":"WebPage","@id":"https:\/\/www.correiobraziliense.com.br\/cbradar\/cidade-comeca-a-usar-lava-vulcanica-nas-construcoes-entenda\/","url":"https:\/\/www.correiobraziliense.com.br\/cbradar\/cidade-comeca-a-usar-lava-vulcanica-nas-construcoes-entenda\/","name":"Cidade come\u00e7a a usar lava vulc\u00e2nica nas constru\u00e7\u00f5es, entenda","isPartOf":{"@id":"https:\/\/www.correiobraziliense.com.br\/cbradar\/#website"},"primaryImageOfPage":{"@id":"https:\/\/www.correiobraziliense.com.br\/cbradar\/cidade-comeca-a-usar-lava-vulcanica-nas-construcoes-entenda\/#primaryimage"},"image":{"@id":"https:\/\/www.correiobraziliense.com.br\/cbradar\/cidade-comeca-a-usar-lava-vulcanica-nas-construcoes-entenda\/#primaryimage"},"thumbnailUrl":"https:\/\/www.correiobraziliense.com.br\/cbradar\/wp-content\/uploads\/2025\/03\/lava-vulcanica_1742998277942.jpg","datePublished":"2025-03-27T18:50:00+00:00","author":{"@id":"https:\/\/www.correiobraziliense.com.br\/cbradar\/#\/schema\/person\/58422787644df994b53a19d3e56c1513"},"description":"Um futuro sustent\u00e1vel utilizando lava vulc\u00e2nica: um projeto inovador na Isl\u00e2ndia molda um novo caminho para a arquitetura.","breadcrumb":{"@id":"https:\/\/www.correiobraziliense.com.br\/cbradar\/cidade-comeca-a-usar-lava-vulcanica-nas-construcoes-entenda\/#breadcrumb"},"inLanguage":"pt-BR","potentialAction":[{"@type":"ReadAction","target":["https:\/\/www.correiobraziliense.com.br\/cbradar\/cidade-comeca-a-usar-lava-vulcanica-nas-construcoes-entenda\/"]}]},{"@type":"ImageObject","inLanguage":"pt-BR","@id":"https:\/\/www.correiobraziliense.com.br\/cbradar\/cidade-comeca-a-usar-lava-vulcanica-nas-construcoes-entenda\/#primaryimage","url":"https:\/\/www.correiobraziliense.com.br\/cbradar\/wp-content\/uploads\/2025\/03\/lava-vulcanica_1742998277942.jpg","contentUrl":"https:\/\/www.correiobraziliense.com.br\/cbradar\/wp-content\/uploads\/2025\/03\/lava-vulcanica_1742998277942.jpg","width":1280,"height":720,"caption":"lava vulc\u00e2nica Cr\u00e9ditos: depositphotos.com \/ siimsepp"},{"@type":"BreadcrumbList","@id":"https:\/\/www.correiobraziliense.com.br\/cbradar\/cidade-comeca-a-usar-lava-vulcanica-nas-construcoes-entenda\/#breadcrumb","itemListElement":[{"@type":"ListItem","position":1,"name":"In\u00edcio","item":"https:\/\/www.correiobraziliense.com.br\/cbradar\/"},{"@type":"ListItem","position":2,"name":"Cidade come\u00e7a a usar lava vulc\u00e2nica nas constru\u00e7\u00f5es, entenda"}]},{"@type":"WebSite","@id":"https:\/\/www.correiobraziliense.com.br\/cbradar\/#website","url":"https:\/\/www.correiobraziliense.com.br\/cbradar\/","name":"Correio Braziliense - Radar","description":"Acompanhe as \u00faltimas not\u00edcias e fique bem informado sobre tudo o que acontece no Brasil e no mundo.","potentialAction":[{"@type":"SearchAction","target":{"@type":"EntryPoint","urlTemplate":"https:\/\/www.correiobraziliense.com.br\/cbradar\/?s={search_term_string}"},"query-input":{"@type":"PropertyValueSpecification","valueRequired":true,"valueName":"search_term_string"}}],"inLanguage":"pt-BR"},{"@type":"Person","@id":"https:\/\/www.correiobraziliense.com.br\/cbradar\/#\/schema\/person\/58422787644df994b53a19d3e56c1513","name":"Larissa Carvalho","image":{"@type":"ImageObject","inLanguage":"pt-BR","@id":"https:\/\/www.correiobraziliense.com.br\/cbradar\/#\/schema\/person\/image\/","url":"https:\/\/secure.gravatar.com\/avatar\/fe4f91a0de32b52a838d0d612abdc1aa?s=96&d=mm&r=g","contentUrl":"https:\/\/secure.gravatar.com\/avatar\/fe4f91a0de32b52a838d0d612abdc1aa?s=96&d=mm&r=g","caption":"Larissa Carvalho"},"url":"https:\/\/www.correiobraziliense.com.br\/cbradar\/author\/larissamyth\/"}]}},"_links":{"self":[{"href":"https:\/\/www.correiobraziliense.com.br\/cbradar\/wp-json\/wp\/v2\/posts\/16043","targetHints":{"allow":["GET"]}}],"collection":[{"href":"https:\/\/www.correiobraziliense.com.br\/cbradar\/wp-json\/wp\/v2\/posts"}],"about":[{"href":"https:\/\/www.correiobraziliense.com.br\/cbradar\/wp-json\/wp\/v2\/types\/post"}],"author":[{"embeddable":true,"href":"https:\/\/www.correiobraziliense.com.br\/cbradar\/wp-json\/wp\/v2\/users\/3"}],"replies":[{"embeddable":true,"href":"https:\/\/www.correiobraziliense.com.br\/cbradar\/wp-json\/wp\/v2\/comments?post=16043"}],"version-history":[{"count":2,"href":"https:\/\/www.correiobraziliense.com.br\/cbradar\/wp-json\/wp\/v2\/posts\/16043\/revisions"}],"predecessor-version":[{"id":16159,"href":"https:\/\/www.correiobraziliense.com.br\/cbradar\/wp-json\/wp\/v2\/posts\/16043\/revisions\/16159"}],"wp:featuredmedia":[{"embeddable":true,"href":"https:\/\/www.correiobraziliense.com.br\/cbradar\/wp-json\/wp\/v2\/media\/16051"}],"wp:attachment":[{"href":"https:\/\/www.correiobraziliense.com.br\/cbradar\/wp-json\/wp\/v2\/media?parent=16043"}],"wp:term":[{"taxonomy":"category","embeddable":true,"href":"https:\/\/www.correiobraziliense.com.br\/cbradar\/wp-json\/wp\/v2\/categories?post=16043"},{"taxonomy":"post_tag","embeddable":true,"href":"https:\/\/www.correiobraziliense.com.br\/cbradar\/wp-json\/wp\/v2\/tags?post=16043"}],"curies":[{"name":"wp","href":"https:\/\/api.w.org\/{rel}","templated":true}]}}