{"id":160487,"date":"2025-12-22T17:05:00","date_gmt":"2025-12-22T20:05:00","guid":{"rendered":"https:\/\/www.correiobraziliense.com.br\/cbradar\/?p=160487"},"modified":"2025-12-21T19:28:38","modified_gmt":"2025-12-21T22:28:38","slug":"o-que-esta-por-tras-do-medo-de-rejeicao-e-como-ele-afeta-nossas-relacoes","status":"publish","type":"post","link":"https:\/\/www.correiobraziliense.com.br\/cbradar\/o-que-esta-por-tras-do-medo-de-rejeicao-e-como-ele-afeta-nossas-relacoes\/","title":{"rendered":"O que est\u00e1 por tr\u00e1s do medo de rejei\u00e7\u00e3o e como ele afeta nossas rela\u00e7\u00f5es?"},"content":{"rendered":"\n<p><strong>O medo de rejei\u00e7\u00e3o \u00e9 uma das emo\u00e7\u00f5es mais silenciosas e poderosas da experi\u00eancia humana.<\/strong> Ele aparece em rela\u00e7\u00f5es afetivas, amizades, trabalho e at\u00e9 em situa\u00e7\u00f5es simples do dia a dia, moldando comportamentos, escolhas e como nos mostramos ao mundo. Por tr\u00e1s desse medo, h\u00e1 mecanismos psicol\u00f3gicos profundos ligados \u00e0 sobreviv\u00eancia emocional e ao pertencimento.<\/p>\n\n\n\n<h2 class=\"wp-block-heading\">O que \u00e9 o medo de rejei\u00e7\u00e3o, afinal?<\/h2>\n\n\n\n<p><strong>O medo de rejei\u00e7\u00e3o \u00e9 o receio intenso de n\u00e3o ser aceito, valorizado ou desejado pelos outros<\/strong>. Ele n\u00e3o se limita a situa\u00e7\u00f5es expl\u00edcitas de recusa, mas tamb\u00e9m surge como antecipa\u00e7\u00e3o: a pessoa evita se expor para n\u00e3o arriscar ser rejeitada.<\/p>\n\n\n\n<p>Esse medo pode levar a comportamentos como agradar excessivamente, silenciar opini\u00f5es ou evitar v\u00ednculos mais profundos. Embora pare\u00e7a prote\u00e7\u00e3o, ele costuma restringir a autenticidade e impedir conex\u00f5es genu\u00ednas, criando uma sensa\u00e7\u00e3o constante de inseguran\u00e7a social.<\/p>\n\n\n<div class=\"wp-block-image\">\n<figure class=\"aligncenter size-large\"><img decoding=\"async\" width=\"1024\" height=\"576\" src=\"https:\/\/www.correiobraziliense.com.br\/cbradar\/wp-content\/uploads\/2025\/06\/preocupado_1750635275831-1024x576.jpg\" alt=\"O que est\u00e1 por tr\u00e1s do medo de rejei\u00e7\u00e3o e como ele afeta nossas rela\u00e7\u00f5es?\" class=\"wp-image-57651\" srcset=\"https:\/\/www.correiobraziliense.com.br\/cbradar\/wp-content\/uploads\/2025\/06\/preocupado_1750635275831-1024x576.jpg 1024w, https:\/\/www.correiobraziliense.com.br\/cbradar\/wp-content\/uploads\/2025\/06\/preocupado_1750635275831-300x169.jpg 300w, https:\/\/www.correiobraziliense.com.br\/cbradar\/wp-content\/uploads\/2025\/06\/preocupado_1750635275831-768x432.jpg 768w, https:\/\/www.correiobraziliense.com.br\/cbradar\/wp-content\/uploads\/2025\/06\/preocupado_1750635275831-750x422.jpg 750w, https:\/\/www.correiobraziliense.com.br\/cbradar\/wp-content\/uploads\/2025\/06\/preocupado_1750635275831-1140x641.jpg 1140w, https:\/\/www.correiobraziliense.com.br\/cbradar\/wp-content\/uploads\/2025\/06\/preocupado_1750635275831.jpg 1280w\" sizes=\"(max-width: 1024px) 100vw, 1024px\" \/><figcaption class=\"wp-element-caption\">Reduzir o medo de rejei\u00e7\u00e3o envolve fortalecer a seguran\u00e7a interna, n\u00e3o controlar a rea\u00e7\u00e3o dos outros. \/\/ Cr\u00e9ditos: depositphotos.com \/ AndrewLozovyi<\/figcaption><\/figure><\/div>\n\n\n<h2 class=\"wp-block-heading\">O medo de rejei\u00e7\u00e3o tem origem na inf\u00e2ncia?<\/h2>\n\n\n\n<p><strong>Sim, o medo de rejei\u00e7\u00e3o frequentemente tem origem em experi\u00eancias da inf\u00e2ncia<\/strong>, quando aceita\u00e7\u00e3o e cuidado eram essenciais para a sobreviv\u00eancia emocional. Viv\u00eancias como cr\u00edticas constantes, abandono emocional ou afeto condicionado ao desempenho podem deixar marcas duradouras.<\/p>\n\n\n\n<p>Nessas situa\u00e7\u00f5es, a crian\u00e7a aprende que o amor pode ser perdido. Na vida adulta, esse aprendizado se manifesta como vigil\u00e2ncia constante do comportamento e medo de desagradar. O c\u00e9rebro passa a associar rejei\u00e7\u00e3o \u00e0 dor emocional intensa, mesmo quando o risco real \u00e9 pequeno.<\/p>\n\n\n<div class=\"wp-block-image\">\n<figure class=\"aligncenter size-large\"><img decoding=\"async\" width=\"1024\" height=\"576\" src=\"https:\/\/www.correiobraziliense.com.br\/cbradar\/wp-content\/uploads\/2025\/04\/fobia_1745021801801-1024x576.jpg\" alt=\"O que est\u00e1 por tr\u00e1s do medo de rejei\u00e7\u00e3o e como ele afeta nossas rela\u00e7\u00f5es?\" class=\"wp-image-25721\" srcset=\"https:\/\/www.correiobraziliense.com.br\/cbradar\/wp-content\/uploads\/2025\/04\/fobia_1745021801801-1024x576.jpg 1024w, https:\/\/www.correiobraziliense.com.br\/cbradar\/wp-content\/uploads\/2025\/04\/fobia_1745021801801-300x169.jpg 300w, https:\/\/www.correiobraziliense.com.br\/cbradar\/wp-content\/uploads\/2025\/04\/fobia_1745021801801-768x432.jpg 768w, https:\/\/www.correiobraziliense.com.br\/cbradar\/wp-content\/uploads\/2025\/04\/fobia_1745021801801-750x422.jpg 750w, https:\/\/www.correiobraziliense.com.br\/cbradar\/wp-content\/uploads\/2025\/04\/fobia_1745021801801-1140x641.jpg 1140w, https:\/\/www.correiobraziliense.com.br\/cbradar\/wp-content\/uploads\/2025\/04\/fobia_1745021801801.jpg 1280w\" sizes=\"(max-width: 1024px) 100vw, 1024px\" \/><figcaption class=\"wp-element-caption\">Controlar a respira\u00e7\u00e3o ap\u00f3s um susto ajuda a acalmar o cora\u00e7\u00e3o e reduzir a ansiedade. \/\/ Cr\u00e9ditos: depositphotos.com \/ HayDmitriy<\/figcaption><\/figure><\/div>\n\n\n<h2 class=\"wp-block-heading\">Por que o c\u00e9rebro reage t\u00e3o forte \u00e0 possibilidade de rejei\u00e7\u00e3o?<\/h2>\n\n\n\n<p><strong>O c\u00e9rebro reage fortemente \u00e0 rejei\u00e7\u00e3o porque ela ativa \u00e1reas ligadas \u00e0 dor<\/strong>, semelhantes \u00e0s da dor f\u00edsica. Estudos em neuroci\u00eancia mostram que exclus\u00e3o social \u00e9 interpretada como amea\u00e7a, acionando respostas autom\u00e1ticas de defesa.<\/p>\n\n\n\n<p>Essa rea\u00e7\u00e3o tem base evolutiva. Ao longo da hist\u00f3ria humana, pertencer a um grupo aumentava chances de sobreviv\u00eancia. Por isso, o c\u00e9rebro desenvolveu sensibilidade extrema a sinais de exclus\u00e3o. Hoje, esse mecanismo permanece ativo, mesmo em contextos onde a rejei\u00e7\u00e3o n\u00e3o representa perigo real.<\/p>\n\n\n\n<p>Antes de avan\u00e7ar, vale observar alguns comportamentos comuns associados ao medo de rejei\u00e7\u00e3o:<\/p>\n\n\n\n<style>\n  .azul-wrap{\n    max-width: 900px;\n    margin: 40px auto;\n    padding: 0 20px;\n    font-family: system-ui, -apple-system, Segoe UI, Roboto, sans-serif;\n    color: #1e3550;\n  }\n\n  .azul-title{\n    font-size: 28px;\n    margin: 0 0 10px;\n    color: #2f6fb2;\n  }\n\n  .azul-intro{\n    margin: 0 0 18px;\n    color: #345577;\n    line-height: 1.55;\n  }\n\n  .azul-cards{\n    display: grid;\n    gap: 16px;\n    grid-template-columns: 1fr;\n  }\n\n  @media (min-width: 700px){\n    .azul-cards{\n      grid-template-columns: repeat(3, 1fr);\n    }\n  }\n\n  .azul-card{\n    position: relative;\n    border: 2px solid #c6d9f1;\n    border-radius: 18px;\n    padding: 18px 18px 18px 22px;\n    background: linear-gradient(135deg, #ffffff, #f4f8fe);\n    box-shadow: 0 12px 26px rgba(47,111,178,.12);\n    transition: transform .2s ease, box-shadow .2s ease, border-color .2s ease;\n    overflow: hidden;\n  }\n\n  .azul-card::before{\n    content: \"\";\n    position: absolute;\n    left: 0;\n    top: 0;\n    width: 7px;\n    height: 100%;\n    background: linear-gradient(180deg, #2f6fb2, #6fa0dc);\n  }\n\n  .azul-card:hover{\n    border-color: #6fa0dc;\n    box-shadow: 0 16px 32px rgba(47,111,178,.18);\n    transform: translateY(-4px);\n  }\n\n  .azul-card p{\n    margin: 0;\n    font-size: 15px;\n    color: #345577;\n    line-height: 1.55;\n    font-weight: 500;\n  }\n<\/style>\n\n<div class=\"azul-wrap\">\n  <h2 class=\"azul-title\">Comportamentos comuns associados ao medo de rejei\u00e7\u00e3o<\/h2>\n\n  <p class=\"azul-intro\">\n    Alguns padr\u00f5es de comportamento podem indicar a presen\u00e7a de medo de rejei\u00e7\u00e3o\n    e impactar a forma como a pessoa se posiciona no dia a dia.\n  <\/p>\n\n  <div class=\"azul-cards\">\n    <div class=\"azul-card\">\n      <p>\n        Necessidade constante de aprova\u00e7\u00e3o,\n        utilizando a valida\u00e7\u00e3o externa como principal refer\u00eancia de valor pessoal.\n      <\/p>\n    <\/div>\n\n    <div class=\"azul-card\">\n      <p>\n        Dificuldade em dizer \u201cn\u00e3o\u201d,\n        mesmo quando isso implica sobrecarga ou desrespeito aos pr\u00f3prios limites.\n      <\/p>\n    <\/div>\n\n    <div class=\"azul-card\">\n      <p>\n        Evita\u00e7\u00e3o de conflitos ou de exposi\u00e7\u00e3o,\n        priorizando a aceita\u00e7\u00e3o alheia em detrimento da pr\u00f3pria autenticidade.\n      <\/p>\n    <\/div>\n  <\/div>\n<\/div>\n\n\n\n\n<p>Esses comportamentos buscam evitar a rejei\u00e7\u00e3o, mas acabam refor\u00e7ando o medo ao longo do tempo.<\/p>\n\n\n<div class=\"wp-block-image\">\n<figure class=\"aligncenter size-large\"><img decoding=\"async\" width=\"1024\" height=\"576\" src=\"https:\/\/www.correiobraziliense.com.br\/cbradar\/wp-content\/uploads\/2025\/06\/preocupado_1750635250180-1024x576.jpg\" alt=\"O que est\u00e1 por tr\u00e1s do medo de rejei\u00e7\u00e3o e como ele afeta nossas rela\u00e7\u00f5es?\" class=\"wp-image-57650\" srcset=\"https:\/\/www.correiobraziliense.com.br\/cbradar\/wp-content\/uploads\/2025\/06\/preocupado_1750635250180-1024x576.jpg 1024w, https:\/\/www.correiobraziliense.com.br\/cbradar\/wp-content\/uploads\/2025\/06\/preocupado_1750635250180-300x169.jpg 300w, https:\/\/www.correiobraziliense.com.br\/cbradar\/wp-content\/uploads\/2025\/06\/preocupado_1750635250180-768x432.jpg 768w, https:\/\/www.correiobraziliense.com.br\/cbradar\/wp-content\/uploads\/2025\/06\/preocupado_1750635250180-750x422.jpg 750w, https:\/\/www.correiobraziliense.com.br\/cbradar\/wp-content\/uploads\/2025\/06\/preocupado_1750635250180-1140x641.jpg 1140w, https:\/\/www.correiobraziliense.com.br\/cbradar\/wp-content\/uploads\/2025\/06\/preocupado_1750635250180.jpg 1280w\" sizes=\"(max-width: 1024px) 100vw, 1024px\" \/><figcaption class=\"wp-element-caption\">O medo de rejei\u00e7\u00e3o \u00e9 o receio intenso de n\u00e3o ser aceito, valorizado ou desejado pelos outros \/\/ Cr\u00e9ditos: depositphotos.com \/ AndrewLozovyi<\/figcaption><\/figure><\/div>\n\n\n<h2 class=\"wp-block-heading\">O medo de rejei\u00e7\u00e3o afeta autoestima e relacionamentos?<\/h2>\n\n\n\n<p><strong>Sim, o medo de rejei\u00e7\u00e3o afeta diretamente a autoestima e a qualidade dos relacionamentos<\/strong>. Quando a pessoa mede seu valor pela aceita\u00e7\u00e3o externa, qualquer sinal de distanciamento \u00e9 vivido como confirma\u00e7\u00e3o de inadequa\u00e7\u00e3o.<\/p>\n\n\n\n<p><strong>Nos relacionamentos, isso pode gerar depend\u00eancia emocional ou afastamento excessivo. <\/strong>A pessoa pode se anular para manter v\u00ednculos ou, ao contr\u00e1rio, evitar proximidade para n\u00e3o sofrer. Em ambos os casos, o medo impede trocas equilibradas e seguras.<\/p>\n\n\n\n<p>Para entender melhor os impactos desse medo, veja a tabela abaixo:<\/p>\n\n\n\n<style>\n  .azul-wrap{\n    max-width: 900px;\n    margin: 40px auto;\n    padding: 0 20px;\n    font-family: system-ui, -apple-system, Segoe UI, Roboto, sans-serif;\n    color: #1e3550;\n  }\n\n  .azul-title{\n    font-size: 28px;\n    margin: 0 0 18px;\n    color: #2f6fb2;\n  }\n\n  .azul-table{\n    width: 100%;\n    border-collapse: separate;\n    border-spacing: 0;\n    border: 2px solid #c6d9f1;\n    border-radius: 18px;\n    overflow: hidden;\n    background: #ffffff;\n    box-shadow: 0 12px 26px rgba(47,111,178,.12);\n  }\n\n  .azul-table thead{\n    background: linear-gradient(135deg, #e7f0fb, #dbe9fb);\n  }\n\n  .azul-table th,\n  .azul-table td{\n    padding: 16px;\n    text-align: left;\n    font-size: 14.5px;\n  }\n\n  .azul-table th{\n    color: #2f6fb2;\n    font-weight: 800;\n    border-bottom: 1px solid #c6d9f1;\n  }\n\n  .azul-table td{\n    color: #345577;\n    border-bottom: 1px solid #eef3fa;\n  }\n\n  .azul-table tr:last-child td{\n    border-bottom: none;\n  }\n\n  .azul-table tbody tr{\n    transition: background .2s ease;\n  }\n\n  .azul-table tbody tr:hover{\n    background: #f2f7fd;\n  }\n\n  \/* Responsivo: vira cards *\/\n  @media (max-width: 680px){\n    .azul-table thead{\n      display: none;\n    }\n\n    .azul-table,\n    .azul-table tbody,\n    .azul-table tr,\n    .azul-table td{\n      display: block;\n      width: 100%;\n    }\n\n    .azul-table tr{\n      margin-bottom: 16px;\n      border: 1px solid #c6d9f1;\n      border-radius: 16px;\n      overflow: hidden;\n      background: #ffffff;\n    }\n\n    .azul-table td{\n      border: none;\n      padding: 10px 14px;\n    }\n\n    .azul-table td::before{\n      content: attr(data-label);\n      display: block;\n      font-size: 12px;\n      font-weight: 800;\n      color: #2f6fb2;\n      margin-bottom: 4px;\n    }\n  }\n<\/style>\n\n<div class=\"azul-wrap\">\n  <h2 class=\"azul-title\">Impactos do medo de rejei\u00e7\u00e3o em diferentes \u00e1reas da vida<\/h2>\n\n  <table class=\"azul-table\">\n    <thead>\n      <tr>\n        <th>\u00c1rea da vida<\/th>\n        <th>Impacto do medo de rejei\u00e7\u00e3o<\/th>\n      <\/tr>\n    <\/thead>\n    <tbody>\n      <tr>\n        <td data-label=\"\u00c1rea\">Autoestima<\/td>\n        <td data-label=\"Impacto\">\n          Autovalor condicionado \u00e0 aprova\u00e7\u00e3o externa\n        <\/td>\n      <\/tr>\n\n      <tr>\n        <td data-label=\"\u00c1rea\">Relacionamentos<\/td>\n        <td data-label=\"Impacto\">\n          Inseguran\u00e7a emocional e desequil\u00edbrio nas rela\u00e7\u00f5es\n        <\/td>\n      <\/tr>\n\n      <tr>\n        <td data-label=\"\u00c1rea\">Comunica\u00e7\u00e3o<\/td>\n        <td data-label=\"Impacto\">\n          Silenciamento das pr\u00f3prias necessidades ou agradar excessivo\n        <\/td>\n      <\/tr>\n\n      <tr>\n        <td data-label=\"\u00c1rea\">Tomada de decis\u00f5es<\/td>\n        <td data-label=\"Impacto\">\n          Evita\u00e7\u00e3o de riscos e dificuldade em se posicionar\n        <\/td>\n      <\/tr>\n    <\/tbody>\n  <\/table>\n<\/div>\n\n\n\n\n<p><strong>Leia tamb\u00e9m: <a href=\"https:\/\/www.correiobraziliense.com.br\/cbradar\/uma-cidade-mineira-se-tornou-um-sonho-nacional-para-viver-bem-com-condicoes-de-vida-realmente-acima-da-media\/\" target=\"_blank\" rel=\"noreferrer noopener\">Uma cidade mineira se tornou um sonho nacional para viver bem com condi\u00e7\u00f5es de vida realmente acima da m\u00e9dia.<\/a><\/strong><\/p>\n\n\n\n<h2 class=\"wp-block-heading\">O que ajuda a reduzir o medo de rejei\u00e7\u00e3o?<\/h2>\n\n\n\n<p><strong>Reduzir o medo de rejei\u00e7\u00e3o envolve fortalecer a seguran\u00e7a interna<\/strong>, n\u00e3o controlar a rea\u00e7\u00e3o dos outros. Isso come\u00e7a com o reconhecimento de que rejei\u00e7\u00e3o faz parte da experi\u00eancia humana e n\u00e3o define valor pessoal.<\/p>\n\n\n\n<p>Construir limites, validar emo\u00e7\u00f5es pr\u00f3prias e aceitar imperfei\u00e7\u00f5es ajuda a reprogramar a resposta autom\u00e1tica do c\u00e9rebro. Com o tempo, a pessoa aprende que pode lidar com a rejei\u00e7\u00e3o sem perder identidade ou dignidade, transformando o medo em toler\u00e2ncia emocional.<\/p>\n\n\n\n<p>O medo de rejei\u00e7\u00e3o n\u00e3o \u00e9 fraqueza, mas um sinal de que pertencimento importa. Quando compreendido, ele deixa de comandar comportamentos e passa a ser apenas uma emo\u00e7\u00e3o entre muitas. Ao desenvolver seguran\u00e7a interna, torna-se poss\u00edvel se relacionar com mais liberdade, autenticidade e equil\u00edbrio.<\/p>\n","protected":false},"excerpt":{"rendered":"<p>O medo de rejei\u00e7\u00e3o \u00e9 uma das emo\u00e7\u00f5es mais silenciosas e poderosas da experi\u00eancia humana. Ele aparece em rela\u00e7\u00f5es afetivas, amizades, trabalho e at\u00e9 em situa\u00e7\u00f5es simples do dia a dia, moldando comportamentos, escolhas e como nos mostramos ao mundo. Por tr\u00e1s desse medo, h\u00e1 mecanismos psicol\u00f3gicos profundos ligados \u00e0 sobreviv\u00eancia emocional e ao pertencimento. [&hellip;]<\/p>\n","protected":false},"author":8,"featured_media":160556,"comment_status":"open","ping_status":"open","sticky":false,"template":"","format":"standard","meta":{"_yoast_wpseo_focuskw":"medo da rejei\u00e7\u00e3o","_yoast_wpseo_title":"","_yoast_wpseo_metadesc":"A psicologia explica como o medo de rejei\u00e7\u00e3o influencia atitudes, inseguran\u00e7as e a forma como nos conectamos com os outros.","jnews-multi-image_gallery":[],"jnews_single_post":{"format":"standard"},"jnews_primary_category":[],"jnews_social_meta":[],"jnews_override_counter":[],"footnotes":""},"categories":[112],"tags":[13066,404],"class_list":["post-160487","post","type-post","status-publish","format-standard","has-post-thumbnail","hentry","category-curiosidades","tag-medo-da-rejeicao","tag-psicologia"],"yoast_head":"<!-- This site is optimized with the Yoast SEO plugin v24.6 - https:\/\/yoast.com\/wordpress\/plugins\/seo\/ -->\n<title>O que est\u00e1 por tr\u00e1s do medo de rejei\u00e7\u00e3o e como ele afeta nossas rela\u00e7\u00f5es? - Correio Braziliense - Radar<\/title>\n<meta name=\"description\" content=\"A psicologia explica como o medo de rejei\u00e7\u00e3o influencia atitudes, inseguran\u00e7as e a forma como nos conectamos com os outros.\" \/>\n<meta name=\"robots\" content=\"index, follow, max-snippet:-1, max-image-preview:large, max-video-preview:-1\" \/>\n<link rel=\"canonical\" href=\"https:\/\/www.correiobraziliense.com.br\/cbradar\/o-que-esta-por-tras-do-medo-de-rejeicao-e-como-ele-afeta-nossas-relacoes\/\" \/>\n<meta property=\"og:locale\" content=\"pt_BR\" \/>\n<meta property=\"og:type\" content=\"article\" \/>\n<meta property=\"og:title\" content=\"O que est\u00e1 por tr\u00e1s do medo de rejei\u00e7\u00e3o e como ele afeta nossas rela\u00e7\u00f5es? - Correio Braziliense - Radar\" \/>\n<meta property=\"og:description\" content=\"A psicologia explica como o medo de rejei\u00e7\u00e3o influencia atitudes, inseguran\u00e7as e a forma como nos conectamos com os outros.\" \/>\n<meta property=\"og:url\" content=\"https:\/\/www.correiobraziliense.com.br\/cbradar\/o-que-esta-por-tras-do-medo-de-rejeicao-e-como-ele-afeta-nossas-relacoes\/\" \/>\n<meta property=\"og:site_name\" content=\"Correio Braziliense - Radar\" \/>\n<meta property=\"article:published_time\" content=\"2025-12-22T20:05:00+00:00\" \/>\n<meta property=\"og:image\" content=\"https:\/\/www.correiobraziliense.com.br\/cbradar\/wp-content\/uploads\/2025\/12\/medo_1766356030485.jpg\" \/>\n\t<meta property=\"og:image:width\" content=\"1280\" \/>\n\t<meta property=\"og:image:height\" content=\"720\" \/>\n\t<meta property=\"og:image:type\" content=\"image\/jpeg\" \/>\n<meta name=\"author\" content=\"Maura Pereira\" \/>\n<meta name=\"twitter:card\" content=\"summary_large_image\" \/>\n<meta name=\"twitter:label1\" content=\"Escrito por\" \/>\n\t<meta name=\"twitter:data1\" content=\"Maura Pereira\" \/>\n\t<meta name=\"twitter:label2\" content=\"Est. tempo de leitura\" \/>\n\t<meta name=\"twitter:data2\" content=\"6 minutos\" \/>\n<!-- \/ Yoast SEO plugin. -->","yoast_head_json":{"title":"O que est\u00e1 por tr\u00e1s do medo de rejei\u00e7\u00e3o e como ele afeta nossas rela\u00e7\u00f5es? - Correio Braziliense - Radar","description":"A psicologia explica como o medo de rejei\u00e7\u00e3o influencia atitudes, inseguran\u00e7as e a forma como nos conectamos com os outros.","robots":{"index":"index","follow":"follow","max-snippet":"max-snippet:-1","max-image-preview":"max-image-preview:large","max-video-preview":"max-video-preview:-1"},"canonical":"https:\/\/www.correiobraziliense.com.br\/cbradar\/o-que-esta-por-tras-do-medo-de-rejeicao-e-como-ele-afeta-nossas-relacoes\/","og_locale":"pt_BR","og_type":"article","og_title":"O que est\u00e1 por tr\u00e1s do medo de rejei\u00e7\u00e3o e como ele afeta nossas rela\u00e7\u00f5es? - Correio Braziliense - Radar","og_description":"A psicologia explica como o medo de rejei\u00e7\u00e3o influencia atitudes, inseguran\u00e7as e a forma como nos conectamos com os outros.","og_url":"https:\/\/www.correiobraziliense.com.br\/cbradar\/o-que-esta-por-tras-do-medo-de-rejeicao-e-como-ele-afeta-nossas-relacoes\/","og_site_name":"Correio Braziliense - Radar","article_published_time":"2025-12-22T20:05:00+00:00","og_image":[{"width":1280,"height":720,"url":"https:\/\/www.correiobraziliense.com.br\/cbradar\/wp-content\/uploads\/2025\/12\/medo_1766356030485.jpg","type":"image\/jpeg"}],"author":"Maura Pereira","twitter_card":"summary_large_image","twitter_misc":{"Escrito por":"Maura Pereira","Est. tempo de leitura":"6 minutos"},"schema":{"@context":"https:\/\/schema.org","@graph":[{"@type":"WebPage","@id":"https:\/\/www.correiobraziliense.com.br\/cbradar\/o-que-esta-por-tras-do-medo-de-rejeicao-e-como-ele-afeta-nossas-relacoes\/","url":"https:\/\/www.correiobraziliense.com.br\/cbradar\/o-que-esta-por-tras-do-medo-de-rejeicao-e-como-ele-afeta-nossas-relacoes\/","name":"O que est\u00e1 por tr\u00e1s do medo de rejei\u00e7\u00e3o e como ele afeta nossas rela\u00e7\u00f5es? - Correio Braziliense - Radar","isPartOf":{"@id":"https:\/\/www.correiobraziliense.com.br\/cbradar\/#website"},"primaryImageOfPage":{"@id":"https:\/\/www.correiobraziliense.com.br\/cbradar\/o-que-esta-por-tras-do-medo-de-rejeicao-e-como-ele-afeta-nossas-relacoes\/#primaryimage"},"image":{"@id":"https:\/\/www.correiobraziliense.com.br\/cbradar\/o-que-esta-por-tras-do-medo-de-rejeicao-e-como-ele-afeta-nossas-relacoes\/#primaryimage"},"thumbnailUrl":"https:\/\/www.correiobraziliense.com.br\/cbradar\/wp-content\/uploads\/2025\/12\/medo_1766356030485.jpg","datePublished":"2025-12-22T20:05:00+00:00","author":{"@id":"https:\/\/www.correiobraziliense.com.br\/cbradar\/#\/schema\/person\/4053c651a9bfc785afc6f4cbc9032fd3"},"description":"A psicologia explica como o medo de rejei\u00e7\u00e3o influencia atitudes, inseguran\u00e7as e a forma como nos conectamos com os outros.","breadcrumb":{"@id":"https:\/\/www.correiobraziliense.com.br\/cbradar\/o-que-esta-por-tras-do-medo-de-rejeicao-e-como-ele-afeta-nossas-relacoes\/#breadcrumb"},"inLanguage":"pt-BR","potentialAction":[{"@type":"ReadAction","target":["https:\/\/www.correiobraziliense.com.br\/cbradar\/o-que-esta-por-tras-do-medo-de-rejeicao-e-como-ele-afeta-nossas-relacoes\/"]}]},{"@type":"ImageObject","inLanguage":"pt-BR","@id":"https:\/\/www.correiobraziliense.com.br\/cbradar\/o-que-esta-por-tras-do-medo-de-rejeicao-e-como-ele-afeta-nossas-relacoes\/#primaryimage","url":"https:\/\/www.correiobraziliense.com.br\/cbradar\/wp-content\/uploads\/2025\/12\/medo_1766356030485.jpg","contentUrl":"https:\/\/www.correiobraziliense.com.br\/cbradar\/wp-content\/uploads\/2025\/12\/medo_1766356030485.jpg","width":1280,"height":720,"caption":"Pare de se comparar e brilhe \u00fanico! Celebre sua jornada pessoal, transforme inveja em motiva\u00e7\u00e3o e conquiste autoconfian\u00e7a radiante em um mundo de apar\u00eancias falsas. \/\/ Cr\u00e9ditos: depositphotos.com \/ AndrewLozovyi"},{"@type":"BreadcrumbList","@id":"https:\/\/www.correiobraziliense.com.br\/cbradar\/o-que-esta-por-tras-do-medo-de-rejeicao-e-como-ele-afeta-nossas-relacoes\/#breadcrumb","itemListElement":[{"@type":"ListItem","position":1,"name":"In\u00edcio","item":"https:\/\/www.correiobraziliense.com.br\/cbradar\/"},{"@type":"ListItem","position":2,"name":"O que est\u00e1 por tr\u00e1s do medo de rejei\u00e7\u00e3o e como ele afeta nossas rela\u00e7\u00f5es?"}]},{"@type":"WebSite","@id":"https:\/\/www.correiobraziliense.com.br\/cbradar\/#website","url":"https:\/\/www.correiobraziliense.com.br\/cbradar\/","name":"Correio Braziliense - Radar","description":"Acompanhe as \u00faltimas not\u00edcias e fique bem informado sobre tudo o que acontece no Brasil e no mundo.","potentialAction":[{"@type":"SearchAction","target":{"@type":"EntryPoint","urlTemplate":"https:\/\/www.correiobraziliense.com.br\/cbradar\/?s={search_term_string}"},"query-input":{"@type":"PropertyValueSpecification","valueRequired":true,"valueName":"search_term_string"}}],"inLanguage":"pt-BR"},{"@type":"Person","@id":"https:\/\/www.correiobraziliense.com.br\/cbradar\/#\/schema\/person\/4053c651a9bfc785afc6f4cbc9032fd3","name":"Maura Pereira","image":{"@type":"ImageObject","inLanguage":"pt-BR","@id":"https:\/\/www.correiobraziliense.com.br\/cbradar\/#\/schema\/person\/image\/","url":"https:\/\/secure.gravatar.com\/avatar\/3effd6bdadfa447f15089c7f7144eaa6?s=96&d=mm&r=g","contentUrl":"https:\/\/secure.gravatar.com\/avatar\/3effd6bdadfa447f15089c7f7144eaa6?s=96&d=mm&r=g","caption":"Maura Pereira"},"sameAs":["https:\/\/www.correiobraziliense.com.br\/"],"url":"https:\/\/www.correiobraziliense.com.br\/cbradar\/author\/mauramyth\/"}]}},"_links":{"self":[{"href":"https:\/\/www.correiobraziliense.com.br\/cbradar\/wp-json\/wp\/v2\/posts\/160487","targetHints":{"allow":["GET"]}}],"collection":[{"href":"https:\/\/www.correiobraziliense.com.br\/cbradar\/wp-json\/wp\/v2\/posts"}],"about":[{"href":"https:\/\/www.correiobraziliense.com.br\/cbradar\/wp-json\/wp\/v2\/types\/post"}],"author":[{"embeddable":true,"href":"https:\/\/www.correiobraziliense.com.br\/cbradar\/wp-json\/wp\/v2\/users\/8"}],"replies":[{"embeddable":true,"href":"https:\/\/www.correiobraziliense.com.br\/cbradar\/wp-json\/wp\/v2\/comments?post=160487"}],"version-history":[{"count":10,"href":"https:\/\/www.correiobraziliense.com.br\/cbradar\/wp-json\/wp\/v2\/posts\/160487\/revisions"}],"predecessor-version":[{"id":160557,"href":"https:\/\/www.correiobraziliense.com.br\/cbradar\/wp-json\/wp\/v2\/posts\/160487\/revisions\/160557"}],"wp:featuredmedia":[{"embeddable":true,"href":"https:\/\/www.correiobraziliense.com.br\/cbradar\/wp-json\/wp\/v2\/media\/160556"}],"wp:attachment":[{"href":"https:\/\/www.correiobraziliense.com.br\/cbradar\/wp-json\/wp\/v2\/media?parent=160487"}],"wp:term":[{"taxonomy":"category","embeddable":true,"href":"https:\/\/www.correiobraziliense.com.br\/cbradar\/wp-json\/wp\/v2\/categories?post=160487"},{"taxonomy":"post_tag","embeddable":true,"href":"https:\/\/www.correiobraziliense.com.br\/cbradar\/wp-json\/wp\/v2\/tags?post=160487"}],"curies":[{"name":"wp","href":"https:\/\/api.w.org\/{rel}","templated":true}]}}