{"id":160666,"date":"2025-12-23T06:45:00","date_gmt":"2025-12-23T09:45:00","guid":{"rendered":"https:\/\/www.correiobraziliense.com.br\/cbradar\/?p=160666"},"modified":"2025-12-23T00:47:30","modified_gmt":"2025-12-23T03:47:30","slug":"6-nomes-com-7-letras-que-tem-cara-de-bebe-calmo-e-dorminhoco","status":"publish","type":"post","link":"https:\/\/www.correiobraziliense.com.br\/cbradar\/6-nomes-com-7-letras-que-tem-cara-de-bebe-calmo-e-dorminhoco\/","title":{"rendered":"6 nomes com 7 letras que t\u00eam cara de beb\u00ea calmo e dorminhoco"},"content":{"rendered":"\n<p>Entre fam\u00edlias que buscam nomes delicados e tranquilos, a procura por <strong>nomes com 7 letras que t\u00eam cara de beb\u00ea calmo e dorminhoco<\/strong> tem ganhado espa\u00e7o nos \u00faltimos anos. Essa escolha costuma estar ligada \u00e0 sonoridade suave, ao ritmo das s\u00edlabas e \u00e0 forma como o nome \u00e9 percebido no dia a dia, j\u00e1 que muitos pais desejam um nome que una <strong>harmonia, significado e praticidade<\/strong> para acompanhar a crian\u00e7a em todas as fases da vida.<\/p>\n\n\n\n<h2 class=\"wp-block-heading\">O que torna um nome com 7 letras t\u00e3o harmonioso e especial<\/h2>\n\n\n\n<p>Os <strong>nomes com 7 letras<\/strong> tendem a ter um ritmo equilibrado, geralmente com tr\u00eas ou quatro s\u00edlabas, o que favorece uma pron\u00fancia mais cadenciada. Essa musicalidade pode remeter \u00e0 ideia de um beb\u00ea calmo e dorminhoco, especialmente quando o nome tem sons suaves, como vogais abertas e consoantes menos marcadas.<\/p>\n\n\n\n<p>Al\u00e9m disso, nomes de sete letras costumam ser <strong>f\u00e1ceis de lembrar e escrever<\/strong>, o que ajuda na rotina escolar e profissional no futuro. Muitos pais tamb\u00e9m buscam nomes que funcionem bem com <strong>apelidos carinhosos<\/strong>, refor\u00e7ando a sensa\u00e7\u00e3o de aconchego e permitindo varia\u00e7\u00f5es sem perder a identidade principal.<\/p>\n\n\n\n<p>Por ser um tema viral, diversos perfis trouxeram ideias interessantes, como no v\u00eddeo do perfil @dicas_baby:<\/p>\n\n\n\n<blockquote class=\"tiktok-embed\" cite=\"https:\/\/www.tiktok.com\/@dicas_baby\/video\/7345209057654902021\" data-video-id=\"7345209057654902021\" style=\"max-width: 605px;min-width: 325px;\" > <section> <a target=\"_blank\" title=\"@dicas_baby\" href=\"https:\/\/www.tiktok.com\/@dicas_baby?refer=embed\">@dicas_baby<\/a> Nomes de beb\u00eas tranquilos para seu menino \ud83d\udc99 <a title=\"nomesdebebes\" target=\"_blank\" href=\"https:\/\/www.tiktok.com\/tag\/nomesdebebes?refer=embed\">#nomesdebebes<\/a> <a title=\"nomesdemeninos\" target=\"_blank\" href=\"https:\/\/www.tiktok.com\/tag\/nomesdemeninos?refer=embed\">#nomesdemeninos<\/a> <a title=\"nomeslindos\" target=\"_blank\" href=\"https:\/\/www.tiktok.com\/tag\/nomeslindos?refer=embed\">#nomeslindos<\/a> <a title=\"nomescurtos\" target=\"_blank\" href=\"https:\/\/www.tiktok.com\/tag\/nomescurtos?refer=embed\">#nomescurtos<\/a> <a title=\"tendencia\" target=\"_blank\" href=\"https:\/\/www.tiktok.com\/tag\/tendencia?refer=embed\">#tendencia<\/a> <a title=\"name\" target=\"_blank\" href=\"https:\/\/www.tiktok.com\/tag\/name?refer=embed\">#name<\/a> <a title=\"nombresbeb\u00e9\" target=\"_blank\" href=\"https:\/\/www.tiktok.com\/tag\/nombresbeb%C3%A9?refer=embed\">#nombresbeb\u00e9<\/a> <a title=\"mamaedeprimeiraviagem\" target=\"_blank\" href=\"https:\/\/www.tiktok.com\/tag\/mamaedeprimeiraviagem?refer=embed\">#mamaedeprimeiraviagem<\/a> <a title=\"maedemenino\" target=\"_blank\" href=\"https:\/\/www.tiktok.com\/tag\/maedemenino?refer=embed\">#maedemenino<\/a> <a title=\"\ud83d\udc99\" target=\"_blank\" href=\"https:\/\/www.tiktok.com\/tag\/%F0%9F%92%99?refer=embed\">#\ud83d\udc99<\/a>  <a title=\"fyyyyyyyyyyyyyyyy\" target=\"_blank\" href=\"https:\/\/www.tiktok.com\/tag\/fyyyyyyyyyyyyyyyy?refer=embed\">#fyyyyyyyyyyyyyyyy<\/a> <a title=\"\u2764\ufe0f\" target=\"_blank\" href=\"https:\/\/www.tiktok.com\/tag\/%E2%9D%A4%EF%B8%8F?refer=embed\">#\u2764\ufe0f<\/a> <a title=\"foryou\" target=\"_blank\" href=\"https:\/\/www.tiktok.com\/tag\/foryou?refer=embed\">#foryou<\/a> <a title=\"inspiration\" target=\"_blank\" href=\"https:\/\/www.tiktok.com\/tag\/inspiration?refer=embed\">#inspiration<\/a> <a title=\"filhos\" target=\"_blank\" href=\"https:\/\/www.tiktok.com\/tag\/filhos?refer=embed\">#filhos<\/a> <a title=\"fy\" target=\"_blank\" href=\"https:\/\/www.tiktok.com\/tag\/fy?refer=embed\">#fy<\/a> <a title=\"fyp\u30b7\" target=\"_blank\" href=\"https:\/\/www.tiktok.com\/tag\/fyp%E3%82%B7?refer=embed\">#fyp\u30b7<\/a> <a title=\"funnyvideos\" target=\"_blank\" href=\"https:\/\/www.tiktok.com\/tag\/funnyvideos?refer=embed\">#funnyvideos<\/a> <a title=\"funny\" target=\"_blank\" href=\"https:\/\/www.tiktok.com\/tag\/funny?refer=embed\">#funny<\/a> <a title=\"cute\" target=\"_blank\" href=\"https:\/\/www.tiktok.com\/tag\/cute?refer=embed\">#cute<\/a> <a title=\"baby\" target=\"_blank\" href=\"https:\/\/www.tiktok.com\/tag\/baby?refer=embed\">#baby<\/a> <a title=\"babyboy\" target=\"_blank\" href=\"https:\/\/www.tiktok.com\/tag\/babyboy?refer=embed\">#babyboy<\/a> <a title=\"itsaboy\" target=\"_blank\" href=\"https:\/\/www.tiktok.com\/tag\/itsaboy?refer=embed\">#itsaboy<\/a> <a title=\"maternidade\" target=\"_blank\" href=\"https:\/\/www.tiktok.com\/tag\/maternidade?refer=embed\">#maternidade<\/a> <a title=\"gestante\" target=\"_blank\" href=\"https:\/\/www.tiktok.com\/tag\/gestante?refer=embed\">#gestante<\/a> <a title=\"gravidez\" target=\"_blank\" href=\"https:\/\/www.tiktok.com\/tag\/gravidez?refer=embed\">#gravidez<\/a> <a title=\"amor\" target=\"_blank\" href=\"https:\/\/www.tiktok.com\/tag\/amor?refer=embed\">#amor<\/a> <a title=\"love\" target=\"_blank\" href=\"https:\/\/www.tiktok.com\/tag\/love?refer=embed\">#love<\/a> <a title=\"loveyou\" target=\"_blank\" href=\"https:\/\/www.tiktok.com\/tag\/loveyou?refer=embed\">#loveyou<\/a> <a title=\"mundoazul\" target=\"_blank\" href=\"https:\/\/www.tiktok.com\/tag\/mundoazul?refer=embed\">#mundoazul<\/a> <a title=\"2024\" target=\"_blank\" href=\"https:\/\/www.tiktok.com\/tag\/2024?refer=embed\">#2024<\/a> <a title=\"following\" target=\"_blank\" href=\"https:\/\/www.tiktok.com\/tag\/following?refer=embed\">#following<\/a> <a target=\"_blank\" title=\"\u266c Baby I Love You - \u5ba3\u7490\" href=\"https:\/\/www.tiktok.com\/music\/Baby-I-Love-You-6772406152970897412?refer=embed\">\u266c Baby I Love You &#8211; \u5ba3\u7490<\/a> <\/section> <\/blockquote> <script async src=\"https:\/\/www.tiktok.com\/embed.js\"><\/script>\n\n\n\n<h2 class=\"wp-block-heading\">Quais s\u00e3o 6 nomes com 7 letras que t\u00eam cara de beb\u00ea calmo e dorminhoco<\/h2>\n\n\n\n<p>Entre as op\u00e7\u00f5es dispon\u00edveis, alguns nomes se destacam pela <strong>sonoridade doce<\/strong> e pela imagem de tranquilidade que costumam transmitir. A seguir, aparecem <strong>6 nomes com 7 letras<\/strong> associados a essa ideia de beb\u00ea sereno, incluindo exemplos como <strong>Isadora<\/strong>, <strong>Juliano<\/strong>, <strong>Tatiane<\/strong> e <strong>Rodrigo<\/strong>, al\u00e9m de outras sugest\u00f5es semelhantes.<\/p>\n\n\n\n<ul class=\"wp-block-list\">\n<li><strong>Isadora<\/strong> \u2013 Nome feminino com som suave e final aberto, bastante ligado a uma imagem delicada.<\/li>\n\n\n\n<li><strong>Tatiane<\/strong> \u2013 Combina tradi\u00e7\u00e3o e suavidade, com ritmo constante nas s\u00edlabas.<\/li>\n\n\n\n<li><strong>Juliano<\/strong> \u2013 Nome masculino com entona\u00e7\u00e3o tranquila e alongada, f\u00e1cil de pronunciar.<\/li>\n\n\n\n<li><strong>Rodrigo<\/strong> \u2013 Bastante conhecido no Brasil, tem sonoridade firme, mas pode ser associado a um perfil calmo, especialmente com apelidos.<\/li>\n\n\n\n<li><strong>Mariane<\/strong> \u2013 Variante leve de nomes cl\u00e1ssicos, com sequ\u00eancia de sons considerados harm\u00f4nicos.<\/li>\n\n\n\n<li><strong>Gustavo<\/strong> \u2013 Apesar da consoante inicial forte, o conjunto das s\u00edlabas traz equil\u00edbrio e fluidez.<\/li>\n<\/ul>\n\n\n\n<p>Esses nomes ilustram como diferentes estilos podem se encaixar na proposta de um <strong>beb\u00ea tranquilo e dorminhoco<\/strong>. Alguns s\u00e3o mais tradicionais, outros t\u00eam um ar um pouco mais moderno, mas todos mant\u00eam o padr\u00e3o das sete letras e uma pron\u00fancia relativamente suave.<\/p>\n\n\n\n<h2 class=\"wp-block-heading\">Quais outros nomes com 7 letras passam sensa\u00e7\u00e3o de tranquilidade<\/h2>\n\n\n\n<p>Al\u00e9m dos seis exemplos principais, muitos respons\u00e1veis buscam <strong>listas ampliadas de nomes com 7 letras<\/strong> para comparar op\u00e7\u00f5es antes de decidir. Diversas combina\u00e7\u00f5es, tanto femininas quanto masculinas, podem remeter a um beb\u00ea dorminhoco, seja pela sonoridade, seja pela <strong>associa\u00e7\u00e3o cultural<\/strong> criada ao longo do tempo.<\/p>\n\n\n\n<p>Entre as sugest\u00f5es femininas com esse perfil, destacam-se algumas alternativas que seguem a mesma linha de nomes como <strong>Isadora<\/strong> e <strong>Tatiane<\/strong>:<\/p>\n\n\n\n<ul class=\"wp-block-list\">\n<li><strong>Helena<\/strong> (variante com 6 letras, mas frequentemente considerada em listas parecidas, pela suavidade sonora)<\/li>\n\n\n\n<li><strong>Mariana<\/strong><\/li>\n\n\n\n<li><strong>Leticia<\/strong><\/li>\n\n\n\n<li><strong>Lorena<\/strong> (6 letras, por\u00e9m com ritmo calmo e semelhante)<\/li>\n\n\n\n<li><strong>Renata<\/strong><\/li>\n\n\n\n<li><strong>Samara<\/strong><\/li>\n<\/ul>\n\n\n\n<p>Para quem busca nomes masculinos semelhantes a <strong>Juliano<\/strong> e <strong>Rodrigo<\/strong>, algumas op\u00e7\u00f5es de sonoridade tranquila aparecem com frequ\u00eancia nas pesquisas:<\/p>\n\n\n\n<ul class=\"wp-block-list\">\n<li><strong>Antonio<\/strong><\/li>\n\n\n\n<li><strong>Eduardo<\/strong><\/li>\n\n\n\n<li><strong>Rafael<\/strong> (6 letras, mas recorrente em listas de nomes serenos)<\/li>\n\n\n\n<li><strong>Luciano<\/strong><\/li>\n\n\n\n<li><strong>Marcelo<\/strong><\/li>\n\n\n\n<li><strong>Renato<\/strong><\/li>\n<\/ul>\n\n\n\n<figure class=\"wp-block-image size-large\"><img decoding=\"async\" width=\"1024\" height=\"576\" src=\"https:\/\/www.correiobraziliense.com.br\/cbradar\/wp-content\/uploads\/2025\/12\/\u2705-BANNER-MYTH-75-1024x576.png\" alt=\"6 nomes com 7 letras que t\u00eam cara de beb\u00ea calmo e dorminhoco\" class=\"wp-image-161038\" srcset=\"https:\/\/www.correiobraziliense.com.br\/cbradar\/wp-content\/uploads\/2025\/12\/\u2705-BANNER-MYTH-75-1024x576.png 1024w, https:\/\/www.correiobraziliense.com.br\/cbradar\/wp-content\/uploads\/2025\/12\/\u2705-BANNER-MYTH-75-300x169.png 300w, https:\/\/www.correiobraziliense.com.br\/cbradar\/wp-content\/uploads\/2025\/12\/\u2705-BANNER-MYTH-75-768x432.png 768w, https:\/\/www.correiobraziliense.com.br\/cbradar\/wp-content\/uploads\/2025\/12\/\u2705-BANNER-MYTH-75-750x422.png 750w, https:\/\/www.correiobraziliense.com.br\/cbradar\/wp-content\/uploads\/2025\/12\/\u2705-BANNER-MYTH-75-1140x641.png 1140w, https:\/\/www.correiobraziliense.com.br\/cbradar\/wp-content\/uploads\/2025\/12\/\u2705-BANNER-MYTH-75.png 1280w\" sizes=\"(max-width: 1024px) 100vw, 1024px\" \/><figcaption class=\"wp-element-caption\">Nomes fofos de 7 letras soam como um abra\u00e7o quentinho, perfeitos para beb\u00eas dorminhocos que encantam com sua vibe calma e ador\u00e1vel.<\/figcaption><\/figure>\n\n\n\n<h2 class=\"wp-block-heading\">Como montar uma lista pessoal de nomes calmos com 7 letras<\/h2>\n\n\n\n<p>Na hora de montar uma lista personalizada de <strong>nomes com 7 letras que parecem de beb\u00ea calmo<\/strong>, muitas fam\u00edlias seguem alguns passos simples. O objetivo \u00e9 chegar a poucas op\u00e7\u00f5es finais que se encaixem bem no sobrenome e na realidade da casa, equilibrando <strong>estilo, significado e sonoridade<\/strong>.<\/p>\n\n\n\n<ol class=\"wp-block-list\">\n<li><strong>Definir o estilo desejado<\/strong>: mais cl\u00e1ssico, moderno, b\u00edblico, internacional ou regional.<\/li>\n\n\n\n<li><strong>Selecionar apenas nomes com 7 letras<\/strong>: isso ajuda a manter um padr\u00e3o e facilita compara\u00e7\u00f5es.<\/li>\n\n\n\n<li><strong>Ler o nome em voz alta<\/strong>: observar se a sonoridade \u00e9 suave e se combina com o sobrenome.<\/li>\n\n\n\n<li><strong>Pensar em apelidos poss\u00edveis<\/strong>: avaliar se os diminutivos tamb\u00e9m trazem a mesma imagem de calma.<\/li>\n\n\n\n<li><strong>Verificar escrita e pron\u00fancia<\/strong>: garantir que n\u00e3o gerem confus\u00e3o frequente no cotidiano.<\/li>\n<\/ol>\n\n\n\n<p>Ao final desse processo, a escolha tende a ficar mais clara. Nomes como <strong>Isadora<\/strong>, <strong>Juliano<\/strong>, <strong>Tatiane<\/strong>, <strong>Rodrigo<\/strong> e outras varia\u00e7\u00f5es de sete letras mostram como a combina\u00e7\u00e3o entre <strong>som, comprimento e tradi\u00e7\u00e3o<\/strong> influencia a imagem de um beb\u00ea sereno e sempre pronto para um bom cochilo.<\/p>\n","protected":false},"excerpt":{"rendered":"<p>Nomes de beb\u00ea calmo e dorminhoco: 6 nomes com 7 letras, tipo Isadora, Juliano, Tatiane e Rodrigo, em listas cheias de inspira\u00e7\u00e3o.<\/p>\n","protected":false},"author":3,"featured_media":161363,"comment_status":"open","ping_status":"open","sticky":false,"template":"","format":"standard","meta":{"_yoast_wpseo_focuskw":"nomes 7 letras","_yoast_wpseo_title":"%%title%%","_yoast_wpseo_metadesc":"Nomes de beb\u00ea calmo e dorminhoco: 6 nomes com 7 letras, tipo Isadora, Juliano, Tatiane e Rodrigo, em listas cheias de inspira\u00e7\u00e3o.","jnews-multi-image_gallery":[],"jnews_single_post":{"format":"standard"},"jnews_primary_category":[],"jnews_social_meta":[],"jnews_override_counter":[],"footnotes":""},"categories":[112],"tags":[144,5202,11895],"class_list":["post-160666","post","type-post","status-publish","format-standard","has-post-thumbnail","hentry","category-curiosidades","tag-curiosidades","tag-nomes","tag-nomes-de-pessoas"],"yoast_head":"<!-- This site is optimized with the Yoast SEO plugin v24.6 - https:\/\/yoast.com\/wordpress\/plugins\/seo\/ -->\n<title>6 nomes com 7 letras que t\u00eam cara de beb\u00ea calmo e dorminhoco<\/title>\n<meta name=\"description\" content=\"Nomes de beb\u00ea calmo e dorminhoco: 6 nomes com 7 letras, tipo Isadora, Juliano, Tatiane e Rodrigo, em listas cheias de inspira\u00e7\u00e3o.\" \/>\n<meta name=\"robots\" content=\"index, follow, max-snippet:-1, max-image-preview:large, max-video-preview:-1\" \/>\n<link rel=\"canonical\" href=\"https:\/\/www.correiobraziliense.com.br\/cbradar\/6-nomes-com-7-letras-que-tem-cara-de-bebe-calmo-e-dorminhoco\/\" \/>\n<meta property=\"og:locale\" content=\"pt_BR\" \/>\n<meta property=\"og:type\" content=\"article\" \/>\n<meta property=\"og:title\" content=\"6 nomes com 7 letras que t\u00eam cara de beb\u00ea calmo e dorminhoco\" \/>\n<meta property=\"og:description\" content=\"Nomes de beb\u00ea calmo e dorminhoco: 6 nomes com 7 letras, tipo Isadora, Juliano, Tatiane e Rodrigo, em listas cheias de inspira\u00e7\u00e3o.\" \/>\n<meta property=\"og:url\" content=\"https:\/\/www.correiobraziliense.com.br\/cbradar\/6-nomes-com-7-letras-que-tem-cara-de-bebe-calmo-e-dorminhoco\/\" \/>\n<meta property=\"og:site_name\" content=\"Correio Braziliense - Radar\" \/>\n<meta property=\"article:published_time\" content=\"2025-12-23T09:45:00+00:00\" \/>\n<meta property=\"og:image\" content=\"https:\/\/www.correiobraziliense.com.br\/cbradar\/wp-content\/uploads\/2025\/12\/6-nomes-com-7-letras-que-tem-cara-de-bebe-calmo-e-dorminhoco.jpeg\" \/>\n\t<meta property=\"og:image:width\" content=\"1280\" \/>\n\t<meta property=\"og:image:height\" content=\"720\" \/>\n\t<meta property=\"og:image:type\" content=\"image\/jpeg\" \/>\n<meta name=\"author\" content=\"Larissa Carvalho\" \/>\n<meta name=\"twitter:card\" content=\"summary_large_image\" \/>\n<meta name=\"twitter:label1\" content=\"Escrito por\" \/>\n\t<meta name=\"twitter:data1\" content=\"Larissa Carvalho\" \/>\n\t<meta name=\"twitter:label2\" content=\"Est. tempo de leitura\" \/>\n\t<meta name=\"twitter:data2\" content=\"5 minutos\" \/>\n<!-- \/ Yoast SEO plugin. -->","yoast_head_json":{"title":"6 nomes com 7 letras que t\u00eam cara de beb\u00ea calmo e dorminhoco","description":"Nomes de beb\u00ea calmo e dorminhoco: 6 nomes com 7 letras, tipo Isadora, Juliano, Tatiane e Rodrigo, em listas cheias de inspira\u00e7\u00e3o.","robots":{"index":"index","follow":"follow","max-snippet":"max-snippet:-1","max-image-preview":"max-image-preview:large","max-video-preview":"max-video-preview:-1"},"canonical":"https:\/\/www.correiobraziliense.com.br\/cbradar\/6-nomes-com-7-letras-que-tem-cara-de-bebe-calmo-e-dorminhoco\/","og_locale":"pt_BR","og_type":"article","og_title":"6 nomes com 7 letras que t\u00eam cara de beb\u00ea calmo e dorminhoco","og_description":"Nomes de beb\u00ea calmo e dorminhoco: 6 nomes com 7 letras, tipo Isadora, Juliano, Tatiane e Rodrigo, em listas cheias de inspira\u00e7\u00e3o.","og_url":"https:\/\/www.correiobraziliense.com.br\/cbradar\/6-nomes-com-7-letras-que-tem-cara-de-bebe-calmo-e-dorminhoco\/","og_site_name":"Correio Braziliense - Radar","article_published_time":"2025-12-23T09:45:00+00:00","og_image":[{"width":1280,"height":720,"url":"https:\/\/www.correiobraziliense.com.br\/cbradar\/wp-content\/uploads\/2025\/12\/6-nomes-com-7-letras-que-tem-cara-de-bebe-calmo-e-dorminhoco.jpeg","type":"image\/jpeg"}],"author":"Larissa Carvalho","twitter_card":"summary_large_image","twitter_misc":{"Escrito por":"Larissa Carvalho","Est. tempo de leitura":"5 minutos"},"schema":{"@context":"https:\/\/schema.org","@graph":[{"@type":"WebPage","@id":"https:\/\/www.correiobraziliense.com.br\/cbradar\/6-nomes-com-7-letras-que-tem-cara-de-bebe-calmo-e-dorminhoco\/","url":"https:\/\/www.correiobraziliense.com.br\/cbradar\/6-nomes-com-7-letras-que-tem-cara-de-bebe-calmo-e-dorminhoco\/","name":"6 nomes com 7 letras que t\u00eam cara de beb\u00ea calmo e dorminhoco","isPartOf":{"@id":"https:\/\/www.correiobraziliense.com.br\/cbradar\/#website"},"primaryImageOfPage":{"@id":"https:\/\/www.correiobraziliense.com.br\/cbradar\/6-nomes-com-7-letras-que-tem-cara-de-bebe-calmo-e-dorminhoco\/#primaryimage"},"image":{"@id":"https:\/\/www.correiobraziliense.com.br\/cbradar\/6-nomes-com-7-letras-que-tem-cara-de-bebe-calmo-e-dorminhoco\/#primaryimage"},"thumbnailUrl":"https:\/\/www.correiobraziliense.com.br\/cbradar\/wp-content\/uploads\/2025\/12\/6-nomes-com-7-letras-que-tem-cara-de-bebe-calmo-e-dorminhoco.jpeg","datePublished":"2025-12-23T09:45:00+00:00","author":{"@id":"https:\/\/www.correiobraziliense.com.br\/cbradar\/#\/schema\/person\/58422787644df994b53a19d3e56c1513"},"description":"Nomes de beb\u00ea calmo e dorminhoco: 6 nomes com 7 letras, tipo Isadora, Juliano, Tatiane e Rodrigo, em listas cheias de inspira\u00e7\u00e3o.","breadcrumb":{"@id":"https:\/\/www.correiobraziliense.com.br\/cbradar\/6-nomes-com-7-letras-que-tem-cara-de-bebe-calmo-e-dorminhoco\/#breadcrumb"},"inLanguage":"pt-BR","potentialAction":[{"@type":"ReadAction","target":["https:\/\/www.correiobraziliense.com.br\/cbradar\/6-nomes-com-7-letras-que-tem-cara-de-bebe-calmo-e-dorminhoco\/"]}]},{"@type":"ImageObject","inLanguage":"pt-BR","@id":"https:\/\/www.correiobraziliense.com.br\/cbradar\/6-nomes-com-7-letras-que-tem-cara-de-bebe-calmo-e-dorminhoco\/#primaryimage","url":"https:\/\/www.correiobraziliense.com.br\/cbradar\/wp-content\/uploads\/2025\/12\/6-nomes-com-7-letras-que-tem-cara-de-bebe-calmo-e-dorminhoco.jpeg","contentUrl":"https:\/\/www.correiobraziliense.com.br\/cbradar\/wp-content\/uploads\/2025\/12\/6-nomes-com-7-letras-que-tem-cara-de-bebe-calmo-e-dorminhoco.jpeg","width":1280,"height":720,"caption":"6 nomes longos que transmitem paz absoluta, equil\u00edbrio e conforto sonoro para seu beb\u00ea. Veja a lista inspiradora."},{"@type":"BreadcrumbList","@id":"https:\/\/www.correiobraziliense.com.br\/cbradar\/6-nomes-com-7-letras-que-tem-cara-de-bebe-calmo-e-dorminhoco\/#breadcrumb","itemListElement":[{"@type":"ListItem","position":1,"name":"In\u00edcio","item":"https:\/\/www.correiobraziliense.com.br\/cbradar\/"},{"@type":"ListItem","position":2,"name":"6 nomes com 7 letras que t\u00eam cara de beb\u00ea calmo e dorminhoco"}]},{"@type":"WebSite","@id":"https:\/\/www.correiobraziliense.com.br\/cbradar\/#website","url":"https:\/\/www.correiobraziliense.com.br\/cbradar\/","name":"Correio Braziliense - Radar","description":"Acompanhe as \u00faltimas not\u00edcias e fique bem informado sobre tudo o que acontece no Brasil e no mundo.","potentialAction":[{"@type":"SearchAction","target":{"@type":"EntryPoint","urlTemplate":"https:\/\/www.correiobraziliense.com.br\/cbradar\/?s={search_term_string}"},"query-input":{"@type":"PropertyValueSpecification","valueRequired":true,"valueName":"search_term_string"}}],"inLanguage":"pt-BR"},{"@type":"Person","@id":"https:\/\/www.correiobraziliense.com.br\/cbradar\/#\/schema\/person\/58422787644df994b53a19d3e56c1513","name":"Larissa Carvalho","image":{"@type":"ImageObject","inLanguage":"pt-BR","@id":"https:\/\/www.correiobraziliense.com.br\/cbradar\/#\/schema\/person\/image\/","url":"https:\/\/secure.gravatar.com\/avatar\/fe4f91a0de32b52a838d0d612abdc1aa?s=96&d=mm&r=g","contentUrl":"https:\/\/secure.gravatar.com\/avatar\/fe4f91a0de32b52a838d0d612abdc1aa?s=96&d=mm&r=g","caption":"Larissa Carvalho"},"url":"https:\/\/www.correiobraziliense.com.br\/cbradar\/author\/larissamyth\/"}]}},"_links":{"self":[{"href":"https:\/\/www.correiobraziliense.com.br\/cbradar\/wp-json\/wp\/v2\/posts\/160666","targetHints":{"allow":["GET"]}}],"collection":[{"href":"https:\/\/www.correiobraziliense.com.br\/cbradar\/wp-json\/wp\/v2\/posts"}],"about":[{"href":"https:\/\/www.correiobraziliense.com.br\/cbradar\/wp-json\/wp\/v2\/types\/post"}],"author":[{"embeddable":true,"href":"https:\/\/www.correiobraziliense.com.br\/cbradar\/wp-json\/wp\/v2\/users\/3"}],"replies":[{"embeddable":true,"href":"https:\/\/www.correiobraziliense.com.br\/cbradar\/wp-json\/wp\/v2\/comments?post=160666"}],"version-history":[{"count":3,"href":"https:\/\/www.correiobraziliense.com.br\/cbradar\/wp-json\/wp\/v2\/posts\/160666\/revisions"}],"predecessor-version":[{"id":161042,"href":"https:\/\/www.correiobraziliense.com.br\/cbradar\/wp-json\/wp\/v2\/posts\/160666\/revisions\/161042"}],"wp:featuredmedia":[{"embeddable":true,"href":"https:\/\/www.correiobraziliense.com.br\/cbradar\/wp-json\/wp\/v2\/media\/161363"}],"wp:attachment":[{"href":"https:\/\/www.correiobraziliense.com.br\/cbradar\/wp-json\/wp\/v2\/media?parent=160666"}],"wp:term":[{"taxonomy":"category","embeddable":true,"href":"https:\/\/www.correiobraziliense.com.br\/cbradar\/wp-json\/wp\/v2\/categories?post=160666"},{"taxonomy":"post_tag","embeddable":true,"href":"https:\/\/www.correiobraziliense.com.br\/cbradar\/wp-json\/wp\/v2\/tags?post=160666"}],"curies":[{"name":"wp","href":"https:\/\/api.w.org\/{rel}","templated":true}]}}