{"id":16067,"date":"2025-03-27T17:50:00","date_gmt":"2025-03-27T20:50:00","guid":{"rendered":"https:\/\/www.correiobraziliense.com.br\/cbradar\/?p=16067"},"modified":"2025-03-26T17:08:35","modified_gmt":"2025-03-26T20:08:35","slug":"conheca-as-cidades-brasileiras-com-toque-europeu","status":"publish","type":"post","link":"https:\/\/www.correiobraziliense.com.br\/cbradar\/conheca-as-cidades-brasileiras-com-toque-europeu\/","title":{"rendered":"Conhe\u00e7a as cidades brasileiras com toque europeu"},"content":{"rendered":"\n<p>Embora o <strong>Brasil <\/strong>seja conhecido por seu clima tropical e praias deslumbrantes, algumas cidades oferecem uma experi\u00eancia que lembra a <strong>Europa<\/strong>, com temperaturas mais amenas e influ\u00eancias culturais europeias. Localizadas principalmente nas regi\u00f5es sul e sudeste, essas cidades s\u00e3o destinos ideais para quem busca um ambiente diferente dentro do pa\u00eds.<\/p>\n\n\n\n<p>Essas cidades n\u00e3o apenas oferecem um clima mais fresco, mas tamb\u00e9m possuem uma arquitetura e cultura que evocam o <strong>Velho Continente<\/strong>. Vamos explorar algumas dessas cidades que proporcionam uma experi\u00eancia \u00fanica e encantadora para os visitantes.<\/p>\n\n\n\n<h2 class=\"wp-block-heading\"><strong>Quais cidades brasileiras t\u00eam um clima semelhante ao europeu?<\/strong><\/h2>\n\n\n\n<p>Entre as cidades brasileiras que se destacam por suas caracter\u00edsticas europeias est\u00e3o&nbsp;<strong>Gramado<\/strong>,&nbsp;<strong>Campos do Jord\u00e3o<\/strong>,&nbsp;<strong>Petr\u00f3polis<\/strong>,&nbsp;<strong>Curitiba<\/strong>&nbsp;e&nbsp;<strong>Blumenau<\/strong>. Cada uma dessas cidades possui caracter\u00edsticas distintas que as tornam atrativas para os turistas.<\/p>\n\n\n\n<figure class=\"wp-block-image size-large\"><img decoding=\"async\" width=\"1024\" height=\"576\" src=\"https:\/\/www.correiobraziliense.com.br\/cbradar\/wp-content\/uploads\/2025\/03\/Curitiba_1742999324936-1024x576.jpg\" alt=\"Conhe\u00e7a as cidades brasileiras com toque europeu\" class=\"wp-image-16072\" srcset=\"https:\/\/www.correiobraziliense.com.br\/cbradar\/wp-content\/uploads\/2025\/03\/Curitiba_1742999324936-1024x576.jpg 1024w, https:\/\/www.correiobraziliense.com.br\/cbradar\/wp-content\/uploads\/2025\/03\/Curitiba_1742999324936-300x169.jpg 300w, https:\/\/www.correiobraziliense.com.br\/cbradar\/wp-content\/uploads\/2025\/03\/Curitiba_1742999324936-768x432.jpg 768w, https:\/\/www.correiobraziliense.com.br\/cbradar\/wp-content\/uploads\/2025\/03\/Curitiba_1742999324936-750x422.jpg 750w, https:\/\/www.correiobraziliense.com.br\/cbradar\/wp-content\/uploads\/2025\/03\/Curitiba_1742999324936-1140x641.jpg 1140w, https:\/\/www.correiobraziliense.com.br\/cbradar\/wp-content\/uploads\/2025\/03\/Curitiba_1742999324936.jpg 1280w\" sizes=\"(max-width: 1024px) 100vw, 1024px\" \/><figcaption class=\"wp-element-caption\">Curitiba &#8211; Paran\u00e1\nCr\u00e9ditos: depositphotos.com \/ diegograndi<\/figcaption><\/figure>\n\n\n\n<h2 class=\"wp-block-heading\"><strong>Gramado: Charme Europeu na Serra Ga\u00facha<\/strong><\/h2>\n\n\n\n<p><strong>Gramado<\/strong>, localizada na <strong>Serra Ga\u00facha<\/strong>, \u00e9 conhecida por suas temperaturas baixas e arquitetura que remete a vilarejos europeus. A cidade \u00e9 famosa por eventos como o&nbsp;<em><strong>Natal Luz<\/strong><\/em>, que a transforma em um destino popular durante o inverno. Suas paisagens naturais e atra\u00e7\u00f5es culturais fazem de <strong>Gramado <\/strong>um local imperd\u00edvel.<\/p>\n\n\n\n<h2 class=\"wp-block-heading\"><strong>Campos do Jord\u00e3o: A Su\u00ed\u00e7a Brasileira<\/strong><\/h2>\n\n\n\n<p><strong>Campos do Jord\u00e3o<\/strong>, situada no estado de <strong>S\u00e3o Paulo<\/strong>, \u00e9 frequentemente chamada de \u201c<strong>Su\u00ed\u00e7a Brasileira<\/strong>\u201d devido \u00e0 sua arquitetura alpina e clima frio. A cidade \u00e9 um ref\u00fagio para aqueles que buscam uma experi\u00eancia cultural e gastron\u00f4mica rica, com festivais de inverno e constru\u00e7\u00f5es t\u00edpicas que lembram os <strong>Alpes su\u00ed\u00e7os<\/strong>.<\/p>\n\n\n\n<h2 class=\"wp-block-heading\"><strong>Por que essas cidades s\u00e3o t\u00e3o procuradas?<\/strong><\/h2>\n\n\n\n<p>As cidades brasileiras com clima europeu s\u00e3o populares por diversos motivos. O clima mais ameno \u00e9 um dos principais atrativos, especialmente para aqueles que desejam escapar do calor tropical. Al\u00e9m disso, a influ\u00eancia europeia \u00e9 evidente na arquitetura, gastronomia e eventos culturais, proporcionando uma experi\u00eancia rica e diversificada.<\/p>\n\n\n\n<ul class=\"wp-block-list\">\n<li><strong>Clima agrad\u00e1vel:<\/strong>&nbsp;As temperaturas mais baixas oferecem um al\u00edvio do calor intenso encontrado em outras partes do <strong>Brasil<\/strong>.<\/li>\n\n\n\n<li><strong>Cultura e gastronomia:<\/strong>&nbsp;A culin\u00e1ria local \u00e9 fortemente influenciada por tradi\u00e7\u00f5es europeias, oferecendo pratos t\u00edpicos que encantam os visitantes.<\/li>\n\n\n\n<li><strong>Arquitetura e hist\u00f3ria:<\/strong>&nbsp;As cidades possuem um patrim\u00f4nio arquitet\u00f4nico que transporta os visitantes para uma atmosfera europeia.<\/li>\n<\/ul>\n\n\n\n<h2 class=\"wp-block-heading\"><strong>Como planejar uma viagem para essas cidades?<\/strong><\/h2>\n\n\n\n<p>Para aproveitar ao m\u00e1ximo a visita a essas cidades, \u00e9 essencial planejar com anteced\u00eancia. A alta temporada, especialmente durante o inverno, atrai muitos turistas, tornando importante a reserva antecipada de acomoda\u00e7\u00f5es. Al\u00e9m disso, participar de eventos culturais locais pode enriquecer ainda mais a experi\u00eancia.<\/p>\n\n\n\n<p>Explorar as cidades brasileiras com clima europeu oferece uma oportunidade \u00fanica de vivenciar uma parte diferente do <strong>Brasil<\/strong>. Com suas paisagens encantadoras e rica heran\u00e7a cultural, esses destinos prometem experi\u00eancias memor\u00e1veis para todos os visitantes.<\/p>\n","protected":false},"excerpt":{"rendered":"<p>Descubra cidades brasileiras com influ\u00eancias europeias, de clima ameno e paisagens encantadoras.<\/p>\n","protected":false},"author":3,"featured_media":16071,"comment_status":"open","ping_status":"open","sticky":false,"template":"","format":"standard","meta":{"_yoast_wpseo_focuskw":"cidades brasileiras","_yoast_wpseo_title":"%%title%%","_yoast_wpseo_metadesc":"Descubra cidades brasileiras com influ\u00eancias europeias, de clima ameno e paisagens encantadoras.","jnews-multi-image_gallery":[],"jnews_single_post":{"format":"standard"},"jnews_primary_category":[],"jnews_social_meta":[],"jnews_override_counter":[],"footnotes":""},"categories":[108],"tags":[109],"class_list":["post-16067","post","type-post","status-publish","format-standard","has-post-thumbnail","hentry","category-cidades","tag-cidades"],"yoast_head":"<!-- This site is optimized with the Yoast SEO plugin v24.6 - https:\/\/yoast.com\/wordpress\/plugins\/seo\/ -->\n<title>Conhe\u00e7a as cidades brasileiras com toque europeu<\/title>\n<meta name=\"description\" content=\"Descubra cidades brasileiras com influ\u00eancias europeias, de clima ameno e paisagens encantadoras.\" \/>\n<meta name=\"robots\" content=\"index, follow, max-snippet:-1, max-image-preview:large, max-video-preview:-1\" \/>\n<link rel=\"canonical\" href=\"https:\/\/www.correiobraziliense.com.br\/cbradar\/conheca-as-cidades-brasileiras-com-toque-europeu\/\" \/>\n<meta property=\"og:locale\" content=\"pt_BR\" \/>\n<meta property=\"og:type\" content=\"article\" \/>\n<meta property=\"og:title\" content=\"Conhe\u00e7a as cidades brasileiras com toque europeu\" \/>\n<meta property=\"og:description\" content=\"Descubra cidades brasileiras com influ\u00eancias europeias, de clima ameno e paisagens encantadoras.\" \/>\n<meta property=\"og:url\" content=\"https:\/\/www.correiobraziliense.com.br\/cbradar\/conheca-as-cidades-brasileiras-com-toque-europeu\/\" \/>\n<meta property=\"og:site_name\" content=\"Correio Braziliense - Radar\" \/>\n<meta property=\"article:published_time\" content=\"2025-03-27T20:50:00+00:00\" \/>\n<meta property=\"og:image\" content=\"https:\/\/www.correiobraziliense.com.br\/cbradar\/wp-content\/uploads\/2025\/03\/campos-do-jordao_1742999259972.jpg\" \/>\n\t<meta property=\"og:image:width\" content=\"1280\" \/>\n\t<meta property=\"og:image:height\" content=\"720\" \/>\n\t<meta property=\"og:image:type\" content=\"image\/jpeg\" \/>\n<meta name=\"author\" content=\"Larissa Carvalho\" \/>\n<meta name=\"twitter:card\" content=\"summary_large_image\" \/>\n<meta name=\"twitter:label1\" content=\"Escrito por\" \/>\n\t<meta name=\"twitter:data1\" content=\"Larissa Carvalho\" \/>\n\t<meta name=\"twitter:label2\" content=\"Est. tempo de leitura\" \/>\n\t<meta name=\"twitter:data2\" content=\"3 minutos\" \/>\n<!-- \/ Yoast SEO plugin. -->","yoast_head_json":{"title":"Conhe\u00e7a as cidades brasileiras com toque europeu","description":"Descubra cidades brasileiras com influ\u00eancias europeias, de clima ameno e paisagens encantadoras.","robots":{"index":"index","follow":"follow","max-snippet":"max-snippet:-1","max-image-preview":"max-image-preview:large","max-video-preview":"max-video-preview:-1"},"canonical":"https:\/\/www.correiobraziliense.com.br\/cbradar\/conheca-as-cidades-brasileiras-com-toque-europeu\/","og_locale":"pt_BR","og_type":"article","og_title":"Conhe\u00e7a as cidades brasileiras com toque europeu","og_description":"Descubra cidades brasileiras com influ\u00eancias europeias, de clima ameno e paisagens encantadoras.","og_url":"https:\/\/www.correiobraziliense.com.br\/cbradar\/conheca-as-cidades-brasileiras-com-toque-europeu\/","og_site_name":"Correio Braziliense - Radar","article_published_time":"2025-03-27T20:50:00+00:00","og_image":[{"width":1280,"height":720,"url":"https:\/\/www.correiobraziliense.com.br\/cbradar\/wp-content\/uploads\/2025\/03\/campos-do-jordao_1742999259972.jpg","type":"image\/jpeg"}],"author":"Larissa Carvalho","twitter_card":"summary_large_image","twitter_misc":{"Escrito por":"Larissa Carvalho","Est. tempo de leitura":"3 minutos"},"schema":{"@context":"https:\/\/schema.org","@graph":[{"@type":"WebPage","@id":"https:\/\/www.correiobraziliense.com.br\/cbradar\/conheca-as-cidades-brasileiras-com-toque-europeu\/","url":"https:\/\/www.correiobraziliense.com.br\/cbradar\/conheca-as-cidades-brasileiras-com-toque-europeu\/","name":"Conhe\u00e7a as cidades brasileiras com toque europeu","isPartOf":{"@id":"https:\/\/www.correiobraziliense.com.br\/cbradar\/#website"},"primaryImageOfPage":{"@id":"https:\/\/www.correiobraziliense.com.br\/cbradar\/conheca-as-cidades-brasileiras-com-toque-europeu\/#primaryimage"},"image":{"@id":"https:\/\/www.correiobraziliense.com.br\/cbradar\/conheca-as-cidades-brasileiras-com-toque-europeu\/#primaryimage"},"thumbnailUrl":"https:\/\/www.correiobraziliense.com.br\/cbradar\/wp-content\/uploads\/2025\/03\/campos-do-jordao_1742999259972.jpg","datePublished":"2025-03-27T20:50:00+00:00","author":{"@id":"https:\/\/www.correiobraziliense.com.br\/cbradar\/#\/schema\/person\/58422787644df994b53a19d3e56c1513"},"description":"Descubra cidades brasileiras com influ\u00eancias europeias, de clima ameno e paisagens encantadoras.","breadcrumb":{"@id":"https:\/\/www.correiobraziliense.com.br\/cbradar\/conheca-as-cidades-brasileiras-com-toque-europeu\/#breadcrumb"},"inLanguage":"pt-BR","potentialAction":[{"@type":"ReadAction","target":["https:\/\/www.correiobraziliense.com.br\/cbradar\/conheca-as-cidades-brasileiras-com-toque-europeu\/"]}]},{"@type":"ImageObject","inLanguage":"pt-BR","@id":"https:\/\/www.correiobraziliense.com.br\/cbradar\/conheca-as-cidades-brasileiras-com-toque-europeu\/#primaryimage","url":"https:\/\/www.correiobraziliense.com.br\/cbradar\/wp-content\/uploads\/2025\/03\/campos-do-jordao_1742999259972.jpg","contentUrl":"https:\/\/www.correiobraziliense.com.br\/cbradar\/wp-content\/uploads\/2025\/03\/campos-do-jordao_1742999259972.jpg","width":1280,"height":720,"caption":"Campos do Jord\u00e3o - S\u00e3o Paulo Cr\u00e9ditos: depositphotos.com \/ murilomazzo"},{"@type":"BreadcrumbList","@id":"https:\/\/www.correiobraziliense.com.br\/cbradar\/conheca-as-cidades-brasileiras-com-toque-europeu\/#breadcrumb","itemListElement":[{"@type":"ListItem","position":1,"name":"In\u00edcio","item":"https:\/\/www.correiobraziliense.com.br\/cbradar\/"},{"@type":"ListItem","position":2,"name":"Conhe\u00e7a as cidades brasileiras com toque europeu"}]},{"@type":"WebSite","@id":"https:\/\/www.correiobraziliense.com.br\/cbradar\/#website","url":"https:\/\/www.correiobraziliense.com.br\/cbradar\/","name":"Correio Braziliense - Radar","description":"Acompanhe as \u00faltimas not\u00edcias e fique bem informado sobre tudo o que acontece no Brasil e no mundo.","potentialAction":[{"@type":"SearchAction","target":{"@type":"EntryPoint","urlTemplate":"https:\/\/www.correiobraziliense.com.br\/cbradar\/?s={search_term_string}"},"query-input":{"@type":"PropertyValueSpecification","valueRequired":true,"valueName":"search_term_string"}}],"inLanguage":"pt-BR"},{"@type":"Person","@id":"https:\/\/www.correiobraziliense.com.br\/cbradar\/#\/schema\/person\/58422787644df994b53a19d3e56c1513","name":"Larissa Carvalho","image":{"@type":"ImageObject","inLanguage":"pt-BR","@id":"https:\/\/www.correiobraziliense.com.br\/cbradar\/#\/schema\/person\/image\/","url":"https:\/\/secure.gravatar.com\/avatar\/fe4f91a0de32b52a838d0d612abdc1aa?s=96&d=mm&r=g","contentUrl":"https:\/\/secure.gravatar.com\/avatar\/fe4f91a0de32b52a838d0d612abdc1aa?s=96&d=mm&r=g","caption":"Larissa Carvalho"},"url":"https:\/\/www.correiobraziliense.com.br\/cbradar\/author\/larissamyth\/"}]}},"_links":{"self":[{"href":"https:\/\/www.correiobraziliense.com.br\/cbradar\/wp-json\/wp\/v2\/posts\/16067","targetHints":{"allow":["GET"]}}],"collection":[{"href":"https:\/\/www.correiobraziliense.com.br\/cbradar\/wp-json\/wp\/v2\/posts"}],"about":[{"href":"https:\/\/www.correiobraziliense.com.br\/cbradar\/wp-json\/wp\/v2\/types\/post"}],"author":[{"embeddable":true,"href":"https:\/\/www.correiobraziliense.com.br\/cbradar\/wp-json\/wp\/v2\/users\/3"}],"replies":[{"embeddable":true,"href":"https:\/\/www.correiobraziliense.com.br\/cbradar\/wp-json\/wp\/v2\/comments?post=16067"}],"version-history":[{"count":2,"href":"https:\/\/www.correiobraziliense.com.br\/cbradar\/wp-json\/wp\/v2\/posts\/16067\/revisions"}],"predecessor-version":[{"id":16161,"href":"https:\/\/www.correiobraziliense.com.br\/cbradar\/wp-json\/wp\/v2\/posts\/16067\/revisions\/16161"}],"wp:featuredmedia":[{"embeddable":true,"href":"https:\/\/www.correiobraziliense.com.br\/cbradar\/wp-json\/wp\/v2\/media\/16071"}],"wp:attachment":[{"href":"https:\/\/www.correiobraziliense.com.br\/cbradar\/wp-json\/wp\/v2\/media?parent=16067"}],"wp:term":[{"taxonomy":"category","embeddable":true,"href":"https:\/\/www.correiobraziliense.com.br\/cbradar\/wp-json\/wp\/v2\/categories?post=16067"},{"taxonomy":"post_tag","embeddable":true,"href":"https:\/\/www.correiobraziliense.com.br\/cbradar\/wp-json\/wp\/v2\/tags?post=16067"}],"curies":[{"name":"wp","href":"https:\/\/api.w.org\/{rel}","templated":true}]}}