{"id":16082,"date":"2025-03-27T21:50:00","date_gmt":"2025-03-28T00:50:00","guid":{"rendered":"https:\/\/www.correiobraziliense.com.br\/cbradar\/?p=16082"},"modified":"2025-03-26T17:06:59","modified_gmt":"2025-03-26T20:06:59","slug":"conheca-o-destino-europeu-acessivel-para-viajar-sem-gastar-muito","status":"publish","type":"post","link":"https:\/\/www.correiobraziliense.com.br\/cbradar\/conheca-o-destino-europeu-acessivel-para-viajar-sem-gastar-muito\/","title":{"rendered":"Conhe\u00e7a o destino europeu acess\u00edvel para viajar sem gastar muito"},"content":{"rendered":"\n<p>Em 2025, Bucareste se destaca como um destino europeu acess\u00edvel, ideal para aqueles que desejam explorar a <strong>Europa <\/strong>sem gastar muito. A capital da <strong>Rom\u00eania <\/strong>oferece uma rica tape\u00e7aria de cultura e hist\u00f3ria, combinada com um custo de vida mais baixo em compara\u00e7\u00e3o com outras capitais europeias. Isso torna a cidade uma op\u00e7\u00e3o atraente para viajantes que buscam experi\u00eancias aut\u00eanticas sem comprometer o or\u00e7amento.<\/p>\n\n\n\n<p>Os pre\u00e7os em <strong>Bucareste <\/strong>s\u00e3o consideravelmente mais baixos, refletindo-se em hospedagem, alimenta\u00e7\u00e3o e transporte. A cidade oferece uma ampla gama de op\u00e7\u00f5es de acomoda\u00e7\u00e3o, desde hot\u00e9is econ\u00f4micos at\u00e9 hostels e alugu\u00e9is de curto prazo. Al\u00e9m disso, o transporte p\u00fablico \u00e9 n\u00e3o apenas eficiente, mas tamb\u00e9m acess\u00edvel, facilitando a explora\u00e7\u00e3o da cidade por visitantes.<\/p>\n\n\n\n<h2 class=\"wp-block-heading\"><strong>Quais s\u00e3o as atra\u00e7\u00f5es imperd\u00edveis em Bucareste?<\/strong><\/h2>\n\n\n\n<p><strong>Bucareste <\/strong>\u00e9 uma cidade rica em atra\u00e7\u00f5es que refletem sua heran\u00e7a cultural e hist\u00f3rica. O&nbsp;<strong>Pal\u00e1cio do Parlamento<\/strong>&nbsp;\u00e9 um dos marcos mais not\u00e1veis, conhecido por sua arquitetura grandiosa e import\u00e2ncia hist\u00f3rica. Este edif\u00edcio monumental \u00e9 um dos maiores do mundo e oferece visitas guiadas que s\u00e3o altamente recomendadas para quem deseja entender mais sobre a hist\u00f3ria local.<\/p>\n\n\n\n<p>Outro ponto de interesse \u00e9 o&nbsp;<strong>Museu do Vilarejo<\/strong>, que oferece uma vis\u00e3o aut\u00eantica da vida rural romena atrav\u00e9s de suas exposi\u00e7\u00f5es ao ar livre. Para os amantes da natureza, o&nbsp;<strong>Parque Her\u0103str\u0103u<\/strong>&nbsp;\u00e9 um espa\u00e7o verde no cora\u00e7\u00e3o da cidade, ideal para caminhadas e piqueniques. O centro hist\u00f3rico, conhecido como&nbsp;<em><strong>Lipscani<\/strong><\/em>, \u00e9 perfeito para passeios a p\u00e9, com suas ruas charmosas e lojas de artesanato.<\/p>\n\n\n\n<figure class=\"wp-block-image size-large\"><img decoding=\"async\" width=\"1024\" height=\"576\" src=\"https:\/\/www.correiobraziliense.com.br\/cbradar\/wp-content\/uploads\/2025\/03\/Bucareste_1742999993785-1024x576.jpg\" alt=\"Conhe\u00e7a o destino europeu acess\u00edvel para viajar sem gastar muito\" class=\"wp-image-16084\" srcset=\"https:\/\/www.correiobraziliense.com.br\/cbradar\/wp-content\/uploads\/2025\/03\/Bucareste_1742999993785-1024x576.jpg 1024w, https:\/\/www.correiobraziliense.com.br\/cbradar\/wp-content\/uploads\/2025\/03\/Bucareste_1742999993785-300x169.jpg 300w, https:\/\/www.correiobraziliense.com.br\/cbradar\/wp-content\/uploads\/2025\/03\/Bucareste_1742999993785-768x432.jpg 768w, https:\/\/www.correiobraziliense.com.br\/cbradar\/wp-content\/uploads\/2025\/03\/Bucareste_1742999993785-750x422.jpg 750w, https:\/\/www.correiobraziliense.com.br\/cbradar\/wp-content\/uploads\/2025\/03\/Bucareste_1742999993785-1140x641.jpg 1140w, https:\/\/www.correiobraziliense.com.br\/cbradar\/wp-content\/uploads\/2025\/03\/Bucareste_1742999993785.jpg 1280w\" sizes=\"(max-width: 1024px) 100vw, 1024px\" \/><figcaption class=\"wp-element-caption\">O Pal\u00e1cio do Parlamento, Bucareste &#8211; Rom\u00eania\nCr\u00e9ditos: depositphotos.com \/ Balate Dorin<\/figcaption><\/figure>\n\n\n\n<h2 class=\"wp-block-heading\"><strong>Como organizar uma viagem econ\u00f4mica para Bucareste?<\/strong><\/h2>\n\n\n\n<p>Organizar uma viagem econ\u00f4mica para <strong>Bucareste <\/strong>pode ser simples com algumas estrat\u00e9gias eficazes. Reservar voos e acomoda\u00e7\u00f5es com anteced\u00eancia \u00e9 uma maneira de garantir pre\u00e7os mais baixos. Utilizar plataformas de compara\u00e7\u00e3o de pre\u00e7os pode ajudar a encontrar as melhores ofertas dispon\u00edveis. Al\u00e9m disso, o uso do transporte p\u00fablico \u00e9 uma op\u00e7\u00e3o econ\u00f4mica e pr\u00e1tica para se locomover pela cidade.<\/p>\n\n\n\n<p>Explorar mercados locais e feiras de rua \u00e9 uma excelente maneira de experimentar a culin\u00e1ria romena sem gastar muito. Pratos tradicionais, como&nbsp;<strong><em>sarmale<\/em>&nbsp;<\/strong>e&nbsp;<em><strong>m\u0103m\u0103lig\u0103<\/strong><\/em>, s\u00e3o oferecidos a pre\u00e7os acess\u00edveis em muitos restaurantes locais. Com um planejamento cuidadoso, \u00e9 poss\u00edvel desfrutar de tudo o que <strong>Bucareste <\/strong>tem a oferecer sem comprometer o or\u00e7amento.<\/p>\n\n\n\n<h2 class=\"wp-block-heading\"><strong>Quais s\u00e3o os benef\u00edcios de visitar Bucareste em 2025?<\/strong><\/h2>\n\n\n\n<p>Visitar <strong>Bucareste <\/strong>em 2025 oferece in\u00fameras vantagens para os viajantes que buscam uma experi\u00eancia rica e econ\u00f4mica. A cidade combina cultura, hist\u00f3ria e acessibilidade, proporcionando uma experi\u00eancia completa sem altos custos. Al\u00e9m disso, muitos museus e atra\u00e7\u00f5es culturais oferecem entrada gratuita ou com desconto, especialmente para estudantes e idosos, tornando a cidade ainda mais atraente para uma ampla gama de visitantes.<\/p>\n\n\n\n<p>Com sua mistura de hist\u00f3ria fascinante, cultura vibrante e economia acess\u00edvel, <strong>Bucareste <\/strong>promete uma experi\u00eancia memor\u00e1vel para todos os tipos de viajantes. A cidade oferece uma oportunidade \u00fanica de explorar a <strong>Europa <\/strong>de maneira econ\u00f4mica, sem abrir m\u00e3o de experi\u00eancias culturais e hist\u00f3ricas enriquecedoras. <strong>Bucareste <\/strong>\u00e9, sem d\u00favida, um destino imperd\u00edvel para 2025.<\/p>\n","protected":false},"excerpt":{"rendered":"<p>Bucareste \u00e9 o destino perfeito para quem deseja explorar a Europa de forma econ\u00f4mica. Com sua cultura rica, hist\u00f3ria fascinante e baixo custo de vida.<\/p>\n","protected":false},"author":3,"featured_media":16083,"comment_status":"open","ping_status":"open","sticky":false,"template":"","format":"standard","meta":{"_yoast_wpseo_focuskw":"Bucareste","_yoast_wpseo_title":"%%title%%","_yoast_wpseo_metadesc":"Bucareste \u00e9 o destino perfeito para quem deseja explorar a Europa de forma econ\u00f4mica. Com sua cultura rica, hist\u00f3ria fascinante e baixo custo de vida.","jnews-multi-image_gallery":[],"jnews_single_post":{"format":"standard"},"jnews_primary_category":[],"jnews_social_meta":[],"jnews_override_counter":[],"footnotes":""},"categories":[108],"tags":[109],"class_list":["post-16082","post","type-post","status-publish","format-standard","has-post-thumbnail","hentry","category-cidades","tag-cidades"],"yoast_head":"<!-- This site is optimized with the Yoast SEO plugin v24.6 - https:\/\/yoast.com\/wordpress\/plugins\/seo\/ -->\n<title>Conhe\u00e7a o destino europeu acess\u00edvel para viajar sem gastar muito<\/title>\n<meta name=\"description\" content=\"Bucareste \u00e9 o destino perfeito para quem deseja explorar a Europa de forma econ\u00f4mica. Com sua cultura rica, hist\u00f3ria fascinante e baixo custo de vida.\" \/>\n<meta name=\"robots\" content=\"index, follow, max-snippet:-1, max-image-preview:large, max-video-preview:-1\" \/>\n<link rel=\"canonical\" href=\"https:\/\/www.correiobraziliense.com.br\/cbradar\/conheca-o-destino-europeu-acessivel-para-viajar-sem-gastar-muito\/\" \/>\n<meta property=\"og:locale\" content=\"pt_BR\" \/>\n<meta property=\"og:type\" content=\"article\" \/>\n<meta property=\"og:title\" content=\"Conhe\u00e7a o destino europeu acess\u00edvel para viajar sem gastar muito\" \/>\n<meta property=\"og:description\" content=\"Bucareste \u00e9 o destino perfeito para quem deseja explorar a Europa de forma econ\u00f4mica. Com sua cultura rica, hist\u00f3ria fascinante e baixo custo de vida.\" \/>\n<meta property=\"og:url\" content=\"https:\/\/www.correiobraziliense.com.br\/cbradar\/conheca-o-destino-europeu-acessivel-para-viajar-sem-gastar-muito\/\" \/>\n<meta property=\"og:site_name\" content=\"Correio Braziliense - Radar\" \/>\n<meta property=\"article:published_time\" content=\"2025-03-28T00:50:00+00:00\" \/>\n<meta property=\"og:image\" content=\"https:\/\/www.correiobraziliense.com.br\/cbradar\/wp-content\/uploads\/2025\/03\/Bucareste_1742999953479.jpg\" \/>\n\t<meta property=\"og:image:width\" content=\"1280\" \/>\n\t<meta property=\"og:image:height\" content=\"720\" \/>\n\t<meta property=\"og:image:type\" content=\"image\/jpeg\" \/>\n<meta name=\"author\" content=\"Larissa Carvalho\" \/>\n<meta name=\"twitter:card\" content=\"summary_large_image\" \/>\n<meta name=\"twitter:label1\" content=\"Escrito por\" \/>\n\t<meta name=\"twitter:data1\" content=\"Larissa Carvalho\" \/>\n\t<meta name=\"twitter:label2\" content=\"Est. tempo de leitura\" \/>\n\t<meta name=\"twitter:data2\" content=\"4 minutos\" \/>\n<!-- \/ Yoast SEO plugin. -->","yoast_head_json":{"title":"Conhe\u00e7a o destino europeu acess\u00edvel para viajar sem gastar muito","description":"Bucareste \u00e9 o destino perfeito para quem deseja explorar a Europa de forma econ\u00f4mica. Com sua cultura rica, hist\u00f3ria fascinante e baixo custo de vida.","robots":{"index":"index","follow":"follow","max-snippet":"max-snippet:-1","max-image-preview":"max-image-preview:large","max-video-preview":"max-video-preview:-1"},"canonical":"https:\/\/www.correiobraziliense.com.br\/cbradar\/conheca-o-destino-europeu-acessivel-para-viajar-sem-gastar-muito\/","og_locale":"pt_BR","og_type":"article","og_title":"Conhe\u00e7a o destino europeu acess\u00edvel para viajar sem gastar muito","og_description":"Bucareste \u00e9 o destino perfeito para quem deseja explorar a Europa de forma econ\u00f4mica. Com sua cultura rica, hist\u00f3ria fascinante e baixo custo de vida.","og_url":"https:\/\/www.correiobraziliense.com.br\/cbradar\/conheca-o-destino-europeu-acessivel-para-viajar-sem-gastar-muito\/","og_site_name":"Correio Braziliense - Radar","article_published_time":"2025-03-28T00:50:00+00:00","og_image":[{"width":1280,"height":720,"url":"https:\/\/www.correiobraziliense.com.br\/cbradar\/wp-content\/uploads\/2025\/03\/Bucareste_1742999953479.jpg","type":"image\/jpeg"}],"author":"Larissa Carvalho","twitter_card":"summary_large_image","twitter_misc":{"Escrito por":"Larissa Carvalho","Est. tempo de leitura":"4 minutos"},"schema":{"@context":"https:\/\/schema.org","@graph":[{"@type":"WebPage","@id":"https:\/\/www.correiobraziliense.com.br\/cbradar\/conheca-o-destino-europeu-acessivel-para-viajar-sem-gastar-muito\/","url":"https:\/\/www.correiobraziliense.com.br\/cbradar\/conheca-o-destino-europeu-acessivel-para-viajar-sem-gastar-muito\/","name":"Conhe\u00e7a o destino europeu acess\u00edvel para viajar sem gastar muito","isPartOf":{"@id":"https:\/\/www.correiobraziliense.com.br\/cbradar\/#website"},"primaryImageOfPage":{"@id":"https:\/\/www.correiobraziliense.com.br\/cbradar\/conheca-o-destino-europeu-acessivel-para-viajar-sem-gastar-muito\/#primaryimage"},"image":{"@id":"https:\/\/www.correiobraziliense.com.br\/cbradar\/conheca-o-destino-europeu-acessivel-para-viajar-sem-gastar-muito\/#primaryimage"},"thumbnailUrl":"https:\/\/www.correiobraziliense.com.br\/cbradar\/wp-content\/uploads\/2025\/03\/Bucareste_1742999953479.jpg","datePublished":"2025-03-28T00:50:00+00:00","author":{"@id":"https:\/\/www.correiobraziliense.com.br\/cbradar\/#\/schema\/person\/58422787644df994b53a19d3e56c1513"},"description":"Bucareste \u00e9 o destino perfeito para quem deseja explorar a Europa de forma econ\u00f4mica. Com sua cultura rica, hist\u00f3ria fascinante e baixo custo de vida.","breadcrumb":{"@id":"https:\/\/www.correiobraziliense.com.br\/cbradar\/conheca-o-destino-europeu-acessivel-para-viajar-sem-gastar-muito\/#breadcrumb"},"inLanguage":"pt-BR","potentialAction":[{"@type":"ReadAction","target":["https:\/\/www.correiobraziliense.com.br\/cbradar\/conheca-o-destino-europeu-acessivel-para-viajar-sem-gastar-muito\/"]}]},{"@type":"ImageObject","inLanguage":"pt-BR","@id":"https:\/\/www.correiobraziliense.com.br\/cbradar\/conheca-o-destino-europeu-acessivel-para-viajar-sem-gastar-muito\/#primaryimage","url":"https:\/\/www.correiobraziliense.com.br\/cbradar\/wp-content\/uploads\/2025\/03\/Bucareste_1742999953479.jpg","contentUrl":"https:\/\/www.correiobraziliense.com.br\/cbradar\/wp-content\/uploads\/2025\/03\/Bucareste_1742999953479.jpg","width":1280,"height":720,"caption":"Bucareste - Rom\u00eania Cr\u00e9ditos: depositphotos.com \/ panama7"},{"@type":"BreadcrumbList","@id":"https:\/\/www.correiobraziliense.com.br\/cbradar\/conheca-o-destino-europeu-acessivel-para-viajar-sem-gastar-muito\/#breadcrumb","itemListElement":[{"@type":"ListItem","position":1,"name":"In\u00edcio","item":"https:\/\/www.correiobraziliense.com.br\/cbradar\/"},{"@type":"ListItem","position":2,"name":"Conhe\u00e7a o destino europeu acess\u00edvel para viajar sem gastar muito"}]},{"@type":"WebSite","@id":"https:\/\/www.correiobraziliense.com.br\/cbradar\/#website","url":"https:\/\/www.correiobraziliense.com.br\/cbradar\/","name":"Correio Braziliense - Radar","description":"Acompanhe as \u00faltimas not\u00edcias e fique bem informado sobre tudo o que acontece no Brasil e no mundo.","potentialAction":[{"@type":"SearchAction","target":{"@type":"EntryPoint","urlTemplate":"https:\/\/www.correiobraziliense.com.br\/cbradar\/?s={search_term_string}"},"query-input":{"@type":"PropertyValueSpecification","valueRequired":true,"valueName":"search_term_string"}}],"inLanguage":"pt-BR"},{"@type":"Person","@id":"https:\/\/www.correiobraziliense.com.br\/cbradar\/#\/schema\/person\/58422787644df994b53a19d3e56c1513","name":"Larissa Carvalho","image":{"@type":"ImageObject","inLanguage":"pt-BR","@id":"https:\/\/www.correiobraziliense.com.br\/cbradar\/#\/schema\/person\/image\/","url":"https:\/\/secure.gravatar.com\/avatar\/fe4f91a0de32b52a838d0d612abdc1aa?s=96&d=mm&r=g","contentUrl":"https:\/\/secure.gravatar.com\/avatar\/fe4f91a0de32b52a838d0d612abdc1aa?s=96&d=mm&r=g","caption":"Larissa Carvalho"},"url":"https:\/\/www.correiobraziliense.com.br\/cbradar\/author\/larissamyth\/"}]}},"_links":{"self":[{"href":"https:\/\/www.correiobraziliense.com.br\/cbradar\/wp-json\/wp\/v2\/posts\/16082","targetHints":{"allow":["GET"]}}],"collection":[{"href":"https:\/\/www.correiobraziliense.com.br\/cbradar\/wp-json\/wp\/v2\/posts"}],"about":[{"href":"https:\/\/www.correiobraziliense.com.br\/cbradar\/wp-json\/wp\/v2\/types\/post"}],"author":[{"embeddable":true,"href":"https:\/\/www.correiobraziliense.com.br\/cbradar\/wp-json\/wp\/v2\/users\/3"}],"replies":[{"embeddable":true,"href":"https:\/\/www.correiobraziliense.com.br\/cbradar\/wp-json\/wp\/v2\/comments?post=16082"}],"version-history":[{"count":2,"href":"https:\/\/www.correiobraziliense.com.br\/cbradar\/wp-json\/wp\/v2\/posts\/16082\/revisions"}],"predecessor-version":[{"id":16163,"href":"https:\/\/www.correiobraziliense.com.br\/cbradar\/wp-json\/wp\/v2\/posts\/16082\/revisions\/16163"}],"wp:featuredmedia":[{"embeddable":true,"href":"https:\/\/www.correiobraziliense.com.br\/cbradar\/wp-json\/wp\/v2\/media\/16083"}],"wp:attachment":[{"href":"https:\/\/www.correiobraziliense.com.br\/cbradar\/wp-json\/wp\/v2\/media?parent=16082"}],"wp:term":[{"taxonomy":"category","embeddable":true,"href":"https:\/\/www.correiobraziliense.com.br\/cbradar\/wp-json\/wp\/v2\/categories?post=16082"},{"taxonomy":"post_tag","embeddable":true,"href":"https:\/\/www.correiobraziliense.com.br\/cbradar\/wp-json\/wp\/v2\/tags?post=16082"}],"curies":[{"name":"wp","href":"https:\/\/api.w.org\/{rel}","templated":true}]}}