{"id":16089,"date":"2025-03-27T22:50:00","date_gmt":"2025-03-28T01:50:00","guid":{"rendered":"https:\/\/www.correiobraziliense.com.br\/cbradar\/?p=16089"},"modified":"2025-03-26T17:06:35","modified_gmt":"2025-03-26T20:06:35","slug":"conheca-a-cidade-que-funciona-inteiramente-com-energia-solar","status":"publish","type":"post","link":"https:\/\/www.correiobraziliense.com.br\/cbradar\/conheca-a-cidade-que-funciona-inteiramente-com-energia-solar\/","title":{"rendered":"Conhe\u00e7a a cidade que funciona inteiramente com energia solar"},"content":{"rendered":"\n<p>Em meio ao deserto dos <strong>Emirados \u00c1rabes Unidos<\/strong>, surge uma cidade que parece ter vindo do futuro: <strong>Masdar City<\/strong>. Localizada nos arredores de <strong>Abu Dhabi<\/strong>, ela foi projetada para ser <strong>a primeira cidade do mundo movida 100% por energia renov\u00e1vel<\/strong>, com foco especial na <strong>energia solar<\/strong>.<\/p>\n\n\n\n<h2 class=\"wp-block-heading\"><strong>Por que Masdar City foi criada?<\/strong><\/h2>\n\n\n\n<p>Lan\u00e7ada em <strong>2006<\/strong> , Masdar City nasceu como uma iniciativa do governo dos Emirados para mostrar que \u00e9 poss\u00edvel construir uma <strong>cidade sustent\u00e1vel em um dos ambientes mais hostis do planeta<\/strong>: o deserto. O projeto foi idealizado pela <strong>Masdar, empresa de energia limpa pertencente ao governo de Abu Dhabi<\/strong>, em parceria com arquitetos e urbanistas internacionais.<\/p>\n\n\n\n<p>O objetivo \u00e9 que Masdar sirva como <strong>modelo global de cidade ecol\u00f3gica e autossuficiente<\/strong>, com solu\u00e7\u00f5es tecnol\u00f3gicas e ambientais que reduzam o impacto humano no planeta.<\/p>\n\n\n\n<figure class=\"wp-block-image size-large\"><img decoding=\"async\" width=\"1024\" height=\"576\" src=\"https:\/\/www.correiobraziliense.com.br\/cbradar\/wp-content\/uploads\/2025\/03\/Masdar-City_1743010486975-1024x576.jpg\" alt=\"Conhe\u00e7a a cidade que funciona inteiramente com energia solar\" class=\"wp-image-16091\" srcset=\"https:\/\/www.correiobraziliense.com.br\/cbradar\/wp-content\/uploads\/2025\/03\/Masdar-City_1743010486975-1024x576.jpg 1024w, https:\/\/www.correiobraziliense.com.br\/cbradar\/wp-content\/uploads\/2025\/03\/Masdar-City_1743010486975-300x169.jpg 300w, https:\/\/www.correiobraziliense.com.br\/cbradar\/wp-content\/uploads\/2025\/03\/Masdar-City_1743010486975-768x432.jpg 768w, https:\/\/www.correiobraziliense.com.br\/cbradar\/wp-content\/uploads\/2025\/03\/Masdar-City_1743010486975-750x422.jpg 750w, https:\/\/www.correiobraziliense.com.br\/cbradar\/wp-content\/uploads\/2025\/03\/Masdar-City_1743010486975-1140x641.jpg 1140w, https:\/\/www.correiobraziliense.com.br\/cbradar\/wp-content\/uploads\/2025\/03\/Masdar-City_1743010486975.jpg 1280w\" sizes=\"(max-width: 1024px) 100vw, 1024px\" \/><figcaption class=\"wp-element-caption\">Masdar City. Cr\u00e9ditos: depositphotos.com \/ lspencer<\/figcaption><\/figure>\n\n\n\n<h2 class=\"wp-block-heading\"><strong>Como a energia solar move toda a cidade?<\/strong><\/h2>\n\n\n\n<p>Masdar foi constru\u00edda para <strong>aproveitar ao m\u00e1ximo a energia solar<\/strong>, abundante na regi\u00e3o. Isso \u00e9 feito de v\u00e1rias formas:<\/p>\n\n\n\n<ul class=\"wp-block-list\">\n<li><strong>Pain\u00e9is solares fotovoltaicos cobrindo telhados e estacionamentos<\/strong>, gerando eletricidade para uso residencial, comercial e urbano.<\/li>\n\n\n\n<li><strong>Usinas solares ao redor da cidade<\/strong>, alimentando a rede el\u00e9trica local.<\/li>\n\n\n\n<li><strong>Sistemas inteligentes de gest\u00e3o de energia<\/strong>, que monitoram e otimizam o uso de eletricidade em tempo real.<\/li>\n\n\n\n<li><strong>Design urbano que reduz o consumo de energia<\/strong>, com sombras naturais, ventila\u00e7\u00e3o cruzada e materiais que minimizam o calor interno.<\/li>\n<\/ul>\n\n\n\n<p>Al\u00e9m disso, a cidade foi projetada para ser <strong>livre de carros (livre de carros ocasionais)<\/strong> , com transporte feito por ve\u00edculos el\u00e9tricos aut\u00f4nomos ou bondes movidos a energia limpa.<\/p>\n\n\n\n<h2 class=\"wp-block-heading\"><strong>Curiosidades sobre Masdar City<\/strong><\/h2>\n\n\n\n<ul class=\"wp-block-list\">\n<li><strong>O consumo energ\u00e9tico da cidade \u00e9 40% menor do que nas cidades tradicionais.<\/strong><\/li>\n\n\n\n<li><strong>A \u00e1gua \u00e9 reciclada e reaproveitada, e o uso de ar condicionado foi ligeiramente reduzido.<\/strong><\/li>\n\n\n\n<li><strong>Pr\u00e9dios t\u00eam fachadas inteligentes que se adaptam \u00e0 luz solar e ao calor.<\/strong><\/li>\n\n\n\n<li><strong>A cidade abriga o Instituto Masdar, um centro de pesquisa dedicado \u00e0 energia limpa.<\/strong><\/li>\n\n\n\n<li><strong>Apesar de ainda estar em constru\u00e7\u00e3o, Masdar j\u00e1 funciona parcialmente e recebe milhares de visitantes por ano.<\/strong><\/li>\n<\/ul>\n\n\n\n<p>Masdar City mostra que \u00e9 poss\u00edvel viver no deserto com conforto, tecnologia e <strong>respeito ao meio ambiente<\/strong>, sendo um <strong>exemplo global de como as cidades do futuro podem \u2013 e devem \u2013 funcionar<\/strong>.<\/p>\n","protected":false},"excerpt":{"rendered":"<p>Uma cidade nos Emirados \u00c1rabes Unidos \u00f3pera pr\u00f3pria com energia solar. Conhe\u00e7a Masdar City, um exemplo real de sustentabilidade no deserto!<\/p>\n","protected":false},"author":3,"featured_media":16090,"comment_status":"open","ping_status":"open","sticky":false,"template":"","format":"standard","meta":{"_yoast_wpseo_focuskw":"cidade energia solar","_yoast_wpseo_title":"","_yoast_wpseo_metadesc":"Uma cidade nos Emirados \u00c1rabes Unidos \u00f3pera pr\u00f3pria com energia solar. Conhe\u00e7a Masdar City, um exemplo real de sustentabilidade no deserto!","jnews-multi-image_gallery":[],"jnews_single_post":{"format":"standard"},"jnews_primary_category":[],"jnews_social_meta":[],"jnews_override_counter":[],"footnotes":""},"categories":[108],"tags":[109],"class_list":["post-16089","post","type-post","status-publish","format-standard","has-post-thumbnail","hentry","category-cidades","tag-cidades"],"yoast_head":"<!-- This site is optimized with the Yoast SEO plugin v24.6 - https:\/\/yoast.com\/wordpress\/plugins\/seo\/ -->\n<title>Conhe\u00e7a a cidade que funciona inteiramente com energia solar - Correio Braziliense - Radar<\/title>\n<meta name=\"description\" content=\"Uma cidade nos Emirados \u00c1rabes Unidos \u00f3pera pr\u00f3pria com energia solar. Conhe\u00e7a Masdar City, um exemplo real de sustentabilidade no deserto!\" \/>\n<meta name=\"robots\" content=\"index, follow, max-snippet:-1, max-image-preview:large, max-video-preview:-1\" \/>\n<link rel=\"canonical\" href=\"https:\/\/www.correiobraziliense.com.br\/cbradar\/conheca-a-cidade-que-funciona-inteiramente-com-energia-solar\/\" \/>\n<meta property=\"og:locale\" content=\"pt_BR\" \/>\n<meta property=\"og:type\" content=\"article\" \/>\n<meta property=\"og:title\" content=\"Conhe\u00e7a a cidade que funciona inteiramente com energia solar - Correio Braziliense - Radar\" \/>\n<meta property=\"og:description\" content=\"Uma cidade nos Emirados \u00c1rabes Unidos \u00f3pera pr\u00f3pria com energia solar. Conhe\u00e7a Masdar City, um exemplo real de sustentabilidade no deserto!\" \/>\n<meta property=\"og:url\" content=\"https:\/\/www.correiobraziliense.com.br\/cbradar\/conheca-a-cidade-que-funciona-inteiramente-com-energia-solar\/\" \/>\n<meta property=\"og:site_name\" content=\"Correio Braziliense - Radar\" \/>\n<meta property=\"article:published_time\" content=\"2025-03-28T01:50:00+00:00\" \/>\n<meta property=\"og:image\" content=\"https:\/\/www.correiobraziliense.com.br\/cbradar\/wp-content\/uploads\/2025\/03\/Masdar-City_1743010459710.jpg\" \/>\n\t<meta property=\"og:image:width\" content=\"1280\" \/>\n\t<meta property=\"og:image:height\" content=\"720\" \/>\n\t<meta property=\"og:image:type\" content=\"image\/jpeg\" \/>\n<meta name=\"author\" content=\"Larissa Carvalho\" \/>\n<meta name=\"twitter:card\" content=\"summary_large_image\" \/>\n<meta name=\"twitter:label1\" content=\"Escrito por\" \/>\n\t<meta name=\"twitter:data1\" content=\"Larissa Carvalho\" \/>\n\t<meta name=\"twitter:label2\" content=\"Est. tempo de leitura\" \/>\n\t<meta name=\"twitter:data2\" content=\"3 minutos\" \/>\n<!-- \/ Yoast SEO plugin. -->","yoast_head_json":{"title":"Conhe\u00e7a a cidade que funciona inteiramente com energia solar - Correio Braziliense - Radar","description":"Uma cidade nos Emirados \u00c1rabes Unidos \u00f3pera pr\u00f3pria com energia solar. Conhe\u00e7a Masdar City, um exemplo real de sustentabilidade no deserto!","robots":{"index":"index","follow":"follow","max-snippet":"max-snippet:-1","max-image-preview":"max-image-preview:large","max-video-preview":"max-video-preview:-1"},"canonical":"https:\/\/www.correiobraziliense.com.br\/cbradar\/conheca-a-cidade-que-funciona-inteiramente-com-energia-solar\/","og_locale":"pt_BR","og_type":"article","og_title":"Conhe\u00e7a a cidade que funciona inteiramente com energia solar - Correio Braziliense - Radar","og_description":"Uma cidade nos Emirados \u00c1rabes Unidos \u00f3pera pr\u00f3pria com energia solar. Conhe\u00e7a Masdar City, um exemplo real de sustentabilidade no deserto!","og_url":"https:\/\/www.correiobraziliense.com.br\/cbradar\/conheca-a-cidade-que-funciona-inteiramente-com-energia-solar\/","og_site_name":"Correio Braziliense - Radar","article_published_time":"2025-03-28T01:50:00+00:00","og_image":[{"width":1280,"height":720,"url":"https:\/\/www.correiobraziliense.com.br\/cbradar\/wp-content\/uploads\/2025\/03\/Masdar-City_1743010459710.jpg","type":"image\/jpeg"}],"author":"Larissa Carvalho","twitter_card":"summary_large_image","twitter_misc":{"Escrito por":"Larissa Carvalho","Est. tempo de leitura":"3 minutos"},"schema":{"@context":"https:\/\/schema.org","@graph":[{"@type":"WebPage","@id":"https:\/\/www.correiobraziliense.com.br\/cbradar\/conheca-a-cidade-que-funciona-inteiramente-com-energia-solar\/","url":"https:\/\/www.correiobraziliense.com.br\/cbradar\/conheca-a-cidade-que-funciona-inteiramente-com-energia-solar\/","name":"Conhe\u00e7a a cidade que funciona inteiramente com energia solar - Correio Braziliense - Radar","isPartOf":{"@id":"https:\/\/www.correiobraziliense.com.br\/cbradar\/#website"},"primaryImageOfPage":{"@id":"https:\/\/www.correiobraziliense.com.br\/cbradar\/conheca-a-cidade-que-funciona-inteiramente-com-energia-solar\/#primaryimage"},"image":{"@id":"https:\/\/www.correiobraziliense.com.br\/cbradar\/conheca-a-cidade-que-funciona-inteiramente-com-energia-solar\/#primaryimage"},"thumbnailUrl":"https:\/\/www.correiobraziliense.com.br\/cbradar\/wp-content\/uploads\/2025\/03\/Masdar-City_1743010459710.jpg","datePublished":"2025-03-28T01:50:00+00:00","author":{"@id":"https:\/\/www.correiobraziliense.com.br\/cbradar\/#\/schema\/person\/58422787644df994b53a19d3e56c1513"},"description":"Uma cidade nos Emirados \u00c1rabes Unidos \u00f3pera pr\u00f3pria com energia solar. Conhe\u00e7a Masdar City, um exemplo real de sustentabilidade no deserto!","breadcrumb":{"@id":"https:\/\/www.correiobraziliense.com.br\/cbradar\/conheca-a-cidade-que-funciona-inteiramente-com-energia-solar\/#breadcrumb"},"inLanguage":"pt-BR","potentialAction":[{"@type":"ReadAction","target":["https:\/\/www.correiobraziliense.com.br\/cbradar\/conheca-a-cidade-que-funciona-inteiramente-com-energia-solar\/"]}]},{"@type":"ImageObject","inLanguage":"pt-BR","@id":"https:\/\/www.correiobraziliense.com.br\/cbradar\/conheca-a-cidade-que-funciona-inteiramente-com-energia-solar\/#primaryimage","url":"https:\/\/www.correiobraziliense.com.br\/cbradar\/wp-content\/uploads\/2025\/03\/Masdar-City_1743010459710.jpg","contentUrl":"https:\/\/www.correiobraziliense.com.br\/cbradar\/wp-content\/uploads\/2025\/03\/Masdar-City_1743010459710.jpg","width":1280,"height":720,"caption":"Masdar City. Cr\u00e9ditos: depositphotos.com \/ lspencer"},{"@type":"BreadcrumbList","@id":"https:\/\/www.correiobraziliense.com.br\/cbradar\/conheca-a-cidade-que-funciona-inteiramente-com-energia-solar\/#breadcrumb","itemListElement":[{"@type":"ListItem","position":1,"name":"In\u00edcio","item":"https:\/\/www.correiobraziliense.com.br\/cbradar\/"},{"@type":"ListItem","position":2,"name":"Conhe\u00e7a a cidade que funciona inteiramente com energia solar"}]},{"@type":"WebSite","@id":"https:\/\/www.correiobraziliense.com.br\/cbradar\/#website","url":"https:\/\/www.correiobraziliense.com.br\/cbradar\/","name":"Correio Braziliense - Radar","description":"Acompanhe as \u00faltimas not\u00edcias e fique bem informado sobre tudo o que acontece no Brasil e no mundo.","potentialAction":[{"@type":"SearchAction","target":{"@type":"EntryPoint","urlTemplate":"https:\/\/www.correiobraziliense.com.br\/cbradar\/?s={search_term_string}"},"query-input":{"@type":"PropertyValueSpecification","valueRequired":true,"valueName":"search_term_string"}}],"inLanguage":"pt-BR"},{"@type":"Person","@id":"https:\/\/www.correiobraziliense.com.br\/cbradar\/#\/schema\/person\/58422787644df994b53a19d3e56c1513","name":"Larissa Carvalho","image":{"@type":"ImageObject","inLanguage":"pt-BR","@id":"https:\/\/www.correiobraziliense.com.br\/cbradar\/#\/schema\/person\/image\/","url":"https:\/\/secure.gravatar.com\/avatar\/fe4f91a0de32b52a838d0d612abdc1aa?s=96&d=mm&r=g","contentUrl":"https:\/\/secure.gravatar.com\/avatar\/fe4f91a0de32b52a838d0d612abdc1aa?s=96&d=mm&r=g","caption":"Larissa Carvalho"},"url":"https:\/\/www.correiobraziliense.com.br\/cbradar\/author\/larissamyth\/"}]}},"_links":{"self":[{"href":"https:\/\/www.correiobraziliense.com.br\/cbradar\/wp-json\/wp\/v2\/posts\/16089","targetHints":{"allow":["GET"]}}],"collection":[{"href":"https:\/\/www.correiobraziliense.com.br\/cbradar\/wp-json\/wp\/v2\/posts"}],"about":[{"href":"https:\/\/www.correiobraziliense.com.br\/cbradar\/wp-json\/wp\/v2\/types\/post"}],"author":[{"embeddable":true,"href":"https:\/\/www.correiobraziliense.com.br\/cbradar\/wp-json\/wp\/v2\/users\/3"}],"replies":[{"embeddable":true,"href":"https:\/\/www.correiobraziliense.com.br\/cbradar\/wp-json\/wp\/v2\/comments?post=16089"}],"version-history":[{"count":1,"href":"https:\/\/www.correiobraziliense.com.br\/cbradar\/wp-json\/wp\/v2\/posts\/16089\/revisions"}],"predecessor-version":[{"id":16092,"href":"https:\/\/www.correiobraziliense.com.br\/cbradar\/wp-json\/wp\/v2\/posts\/16089\/revisions\/16092"}],"wp:featuredmedia":[{"embeddable":true,"href":"https:\/\/www.correiobraziliense.com.br\/cbradar\/wp-json\/wp\/v2\/media\/16090"}],"wp:attachment":[{"href":"https:\/\/www.correiobraziliense.com.br\/cbradar\/wp-json\/wp\/v2\/media?parent=16089"}],"wp:term":[{"taxonomy":"category","embeddable":true,"href":"https:\/\/www.correiobraziliense.com.br\/cbradar\/wp-json\/wp\/v2\/categories?post=16089"},{"taxonomy":"post_tag","embeddable":true,"href":"https:\/\/www.correiobraziliense.com.br\/cbradar\/wp-json\/wp\/v2\/tags?post=16089"}],"curies":[{"name":"wp","href":"https:\/\/api.w.org\/{rel}","templated":true}]}}