{"id":16097,"date":"2025-03-27T10:30:00","date_gmt":"2025-03-27T13:30:00","guid":{"rendered":"https:\/\/www.correiobraziliense.com.br\/cbradar\/?p=16097"},"modified":"2025-03-26T17:10:29","modified_gmt":"2025-03-26T20:10:29","slug":"trailer-da-segunda-temporada-de-doctor-who-anima-fas-veja","status":"publish","type":"post","link":"https:\/\/www.correiobraziliense.com.br\/cbradar\/trailer-da-segunda-temporada-de-doctor-who-anima-fas-veja\/","title":{"rendered":"Trailer da segunda temporada de Doctor Who anima f\u00e3s, veja"},"content":{"rendered":"\n<p>A segunda temporada da nova vers\u00e3o de\u00a0<strong>\u201c<a href=\"https:\/\/www.correiobraziliense.com.br\/cbradar\/esse-e-o-jeito-certo-de-comecar-a-assistir-doctor-who\/\" target=\"_blank\" rel=\"noreferrer noopener\">Doctor Who<\/a>\u201d<\/strong>\u00a0est\u00e1 prestes a estrear, trazendo uma s\u00e9rie de aventuras emocionantes para os f\u00e3s. Com lan\u00e7amento previsto para 12 de abril de 2025, a temporada contar\u00e1 com oito epis\u00f3dios que ser\u00e3o disponibilizados semanalmente. Esta nova fase promete levar o p\u00fablico a uma jornada \u00e9pica ao lado do Doutor e sua equipe da <strong>Tardis<\/strong>.<\/p>\n\n\n\n<p>Na trama, o Doutor, interpretado por\u00a0<strong>Ncuti Gatwa<\/strong>, encontra-se com <strong>Belinda Chandra<\/strong>, vivida por\u00a0<strong>Varada Sethu<\/strong>. Juntos, eles embarcam em uma miss\u00e3o para lev\u00e1-la de volta \u00e0 Terra. No entanto, uma for\u00e7a misteriosa surge como um obst\u00e1culo, desafiando a equipe a enfrentar perigos e inimigos in\u00e9ditos. Esta temporada promete intensificar os desafios enfrentados pelo Doutor e seus companheiros.<\/p>\n\n\n\n<h2 class=\"wp-block-heading\"><strong>Quem faz parte do rlenco da nova temporada?<\/strong><\/h2>\n\n\n\n<p>Al\u00e9m de Ncuti Gatwa e Varada Sethu, o elenco da nova temporada de&nbsp;<em>Doctor Who<\/em>&nbsp;\u00e9 composto por um talentoso grupo de atores. Entre eles est\u00e3o&nbsp;<strong>Millie Gibson<\/strong>,&nbsp;<strong>Rose Ayling-Ellis<\/strong>,&nbsp;<strong>Christopher Chung<\/strong>,&nbsp;<strong>Anita Dobson<\/strong>,&nbsp;<strong>Michelle Greenidge<\/strong>,&nbsp;<strong>Jonah Hauer-King<\/strong>,&nbsp;<strong>Ruth Madeley<\/strong>,&nbsp;<strong>Jemma Redgrave<\/strong>&nbsp;e&nbsp;<strong>Susan Twist<\/strong>. Cada um desses atores traz uma nova din\u00e2mica para a s\u00e9rie, enriquecendo a narrativa com suas performances.<\/p>\n\n\n\n<iframe loading=\"lazy\" width=\"560\" height=\"315\" src=\"https:\/\/www.youtube.com\/embed\/IN7nAyeeN5Q?si=zGn8tB5RM71xs5iZ\" title=\"YouTube video player\" frameborder=\"0\" allow=\"accelerometer; autoplay; clipboard-write; encrypted-media; gyroscope; picture-in-picture; web-share\" referrerpolicy=\"strict-origin-when-cross-origin\" allowfullscreen><\/iframe>\n\n\n\n<h2 class=\"wp-block-heading\"><strong>O que esperar da nova temporada de Doctor Who?<\/strong><\/h2>\n\n\n\n<p>A s\u00e9rie&nbsp;<strong>Doctor Who<\/strong>&nbsp;\u00e9 conhecida por suas hist\u00f3rias envolventes e a capacidade de se reinventar a cada nova fase. Com a introdu\u00e7\u00e3o de novos personagens e desafios, a segunda temporada promete manter essa tradi\u00e7\u00e3o. O Doutor, um ser de Gallifrey, continua sua explora\u00e7\u00e3o pelo universo com a Tardis, uma nave que viaja no tempo e no espa\u00e7o. A regenera\u00e7\u00e3o do Doutor, um processo que ocorre sempre que ele morre, traz uma nova identidade e marca o in\u00edcio de uma nova era na s\u00e9rie.<\/p>\n\n\n\n<figure class=\"wp-block-image size-large\"><img decoding=\"async\" width=\"1024\" height=\"576\" src=\"https:\/\/www.correiobraziliense.com.br\/cbradar\/wp-content\/uploads\/2025\/03\/Doctor-Who-1-1024x576.png\" alt=\"Trailer da segunda temporada de Doctor Who anima f\u00e3s, veja\" class=\"wp-image-16102\" srcset=\"https:\/\/www.correiobraziliense.com.br\/cbradar\/wp-content\/uploads\/2025\/03\/Doctor-Who-1-1024x576.png 1024w, https:\/\/www.correiobraziliense.com.br\/cbradar\/wp-content\/uploads\/2025\/03\/Doctor-Who-1-300x169.png 300w, https:\/\/www.correiobraziliense.com.br\/cbradar\/wp-content\/uploads\/2025\/03\/Doctor-Who-1-768x432.png 768w, https:\/\/www.correiobraziliense.com.br\/cbradar\/wp-content\/uploads\/2025\/03\/Doctor-Who-1-750x422.png 750w, https:\/\/www.correiobraziliense.com.br\/cbradar\/wp-content\/uploads\/2025\/03\/Doctor-Who-1-1140x641.png 1140w, https:\/\/www.correiobraziliense.com.br\/cbradar\/wp-content\/uploads\/2025\/03\/Doctor-Who-1.png 1280w\" sizes=\"(max-width: 1024px) 100vw, 1024px\" \/><figcaption class=\"wp-element-caption\">Doctor Who. Fonte: divulga\u00e7\u00e3o \/ Disney+<\/figcaption><\/figure>\n\n\n\n<h2 class=\"wp-block-heading\"><strong>Qual \u00e9 o novo spin-off de Doctor Who?<\/strong><\/h2>\n\n\n\n<p>Al\u00e9m da nova temporada, os f\u00e3s de\u00a0<em>Doctor Who<\/em>\u00a0podem esperar por um spin-off intitulado\u00a0<strong>\u201cThe War Between The Land And The Sea\u201d<\/strong>. Criada por\u00a0<strong>Russell T. Davies<\/strong>, esta nova produ\u00e7\u00e3o trar\u00e1 de volta os Sea Devils, vil\u00f5es cl\u00e1ssicos do universo da s\u00e9rie que apareceram pela primeira vez em 1972. Este spin-off promete expandir ainda mais o universo de Doctor Who, oferecendo novas hist\u00f3rias e desafios.<\/p>\n\n\n\n<h2 class=\"wp-block-heading\"><strong>Por que Doctor Who continua a fascinar o p\u00fablico?<\/strong><\/h2>\n\n\n\n<p>Desde sua estreia,&nbsp;<strong>Doctor Who<\/strong>&nbsp;tem cativado o p\u00fablico com suas hist\u00f3rias inovadoras e personagens memor\u00e1veis. A capacidade da s\u00e9rie de se reinventar, introduzindo novos elementos e explorando diferentes aspectos do universo, \u00e9 uma das raz\u00f5es de seu sucesso duradouro. Com cada nova temporada, os f\u00e3s s\u00e3o convidados a embarcar em aventuras que desafiam a imagina\u00e7\u00e3o e exploram as complexidades do tempo e do espa\u00e7o.<\/p>\n","protected":false},"excerpt":{"rendered":"<p>A aguardada segunda temporada da vers\u00e3o moderna de Doctor Who est\u00e1 quase aqui! Com uma nova equipe e aventuras \u00e9picas.<\/p>\n","protected":false},"author":3,"featured_media":16101,"comment_status":"open","ping_status":"open","sticky":false,"template":"","format":"standard","meta":{"_yoast_wpseo_focuskw":"doctor who 2\u00aa temporada","_yoast_wpseo_title":"%%title%%","_yoast_wpseo_metadesc":"A aguardada segunda temporada da vers\u00e3o moderna de Doctor Who est\u00e1 quase aqui! Com uma nova equipe e aventuras \u00e9picas.","jnews-multi-image_gallery":[],"jnews_single_post":{"format":"standard"},"jnews_primary_category":[],"jnews_social_meta":[],"jnews_override_counter":[],"footnotes":""},"categories":[140],"post_tag":[1964,568],"class_list":["post-16097","post","type-post","status-publish","format-standard","has-post-thumbnail","hentry","category-entretenimento","tag-doctor-who","tag-series-e-filmes"],"yoast_head":"<!-- This site is optimized with the Yoast SEO plugin v24.6 - https:\/\/yoast.com\/wordpress\/plugins\/seo\/ -->\n<title>Trailer da segunda temporada de Doctor Who anima f\u00e3s, veja<\/title>\n<meta name=\"description\" content=\"A aguardada segunda temporada da vers\u00e3o moderna de Doctor Who est\u00e1 quase aqui! Com uma nova equipe e aventuras \u00e9picas.\" \/>\n<meta name=\"robots\" content=\"index, follow, max-snippet:-1, max-image-preview:large, max-video-preview:-1\" \/>\n<link rel=\"canonical\" href=\"https:\/\/www.correiobraziliense.com.br\/cbradar\/trailer-da-segunda-temporada-de-doctor-who-anima-fas-veja\/\" \/>\n<meta property=\"og:locale\" content=\"pt_BR\" \/>\n<meta property=\"og:type\" content=\"article\" \/>\n<meta property=\"og:title\" content=\"Trailer da segunda temporada de Doctor Who anima f\u00e3s, veja\" \/>\n<meta property=\"og:description\" content=\"A aguardada segunda temporada da vers\u00e3o moderna de Doctor Who est\u00e1 quase aqui! Com uma nova equipe e aventuras \u00e9picas.\" \/>\n<meta property=\"og:url\" content=\"https:\/\/www.correiobraziliense.com.br\/cbradar\/trailer-da-segunda-temporada-de-doctor-who-anima-fas-veja\/\" \/>\n<meta property=\"og:site_name\" content=\"Correio Braziliense - Radar\" \/>\n<meta property=\"article:published_time\" content=\"2025-03-27T13:30:00+00:00\" \/>\n<meta property=\"og:image\" content=\"https:\/\/www.correiobraziliense.com.br\/cbradar\/wp-content\/uploads\/2025\/03\/Doctor-Who-2-1.png\" \/>\n\t<meta property=\"og:image:width\" content=\"1280\" \/>\n\t<meta property=\"og:image:height\" content=\"720\" \/>\n\t<meta property=\"og:image:type\" content=\"image\/png\" \/>\n<meta name=\"author\" content=\"Larissa Carvalho\" \/>\n<meta name=\"twitter:card\" content=\"summary_large_image\" \/>\n<meta name=\"twitter:label1\" content=\"Escrito por\" \/>\n\t<meta name=\"twitter:data1\" content=\"Larissa Carvalho\" \/>\n\t<meta name=\"twitter:label2\" content=\"Est. tempo de leitura\" \/>\n\t<meta name=\"twitter:data2\" content=\"3 minutos\" \/>\n<!-- \/ Yoast SEO plugin. -->","yoast_head_json":{"title":"Trailer da segunda temporada de Doctor Who anima f\u00e3s, veja","description":"A aguardada segunda temporada da vers\u00e3o moderna de Doctor Who est\u00e1 quase aqui! Com uma nova equipe e aventuras \u00e9picas.","robots":{"index":"index","follow":"follow","max-snippet":"max-snippet:-1","max-image-preview":"max-image-preview:large","max-video-preview":"max-video-preview:-1"},"canonical":"https:\/\/www.correiobraziliense.com.br\/cbradar\/trailer-da-segunda-temporada-de-doctor-who-anima-fas-veja\/","og_locale":"pt_BR","og_type":"article","og_title":"Trailer da segunda temporada de Doctor Who anima f\u00e3s, veja","og_description":"A aguardada segunda temporada da vers\u00e3o moderna de Doctor Who est\u00e1 quase aqui! Com uma nova equipe e aventuras \u00e9picas.","og_url":"https:\/\/www.correiobraziliense.com.br\/cbradar\/trailer-da-segunda-temporada-de-doctor-who-anima-fas-veja\/","og_site_name":"Correio Braziliense - Radar","article_published_time":"2025-03-27T13:30:00+00:00","og_image":[{"width":1280,"height":720,"url":"https:\/\/www.correiobraziliense.com.br\/cbradar\/wp-content\/uploads\/2025\/03\/Doctor-Who-2-1.png","type":"image\/png"}],"author":"Larissa Carvalho","twitter_card":"summary_large_image","twitter_misc":{"Escrito por":"Larissa Carvalho","Est. tempo de leitura":"3 minutos"},"schema":{"@context":"https:\/\/schema.org","@graph":[{"@type":"WebPage","@id":"https:\/\/www.correiobraziliense.com.br\/cbradar\/trailer-da-segunda-temporada-de-doctor-who-anima-fas-veja\/","url":"https:\/\/www.correiobraziliense.com.br\/cbradar\/trailer-da-segunda-temporada-de-doctor-who-anima-fas-veja\/","name":"Trailer da segunda temporada de Doctor Who anima f\u00e3s, veja","isPartOf":{"@id":"https:\/\/www.correiobraziliense.com.br\/cbradar\/#website"},"primaryImageOfPage":{"@id":"https:\/\/www.correiobraziliense.com.br\/cbradar\/trailer-da-segunda-temporada-de-doctor-who-anima-fas-veja\/#primaryimage"},"image":{"@id":"https:\/\/www.correiobraziliense.com.br\/cbradar\/trailer-da-segunda-temporada-de-doctor-who-anima-fas-veja\/#primaryimage"},"thumbnailUrl":"https:\/\/www.correiobraziliense.com.br\/cbradar\/wp-content\/uploads\/2025\/03\/Doctor-Who-2-1.png","datePublished":"2025-03-27T13:30:00+00:00","author":{"@id":"https:\/\/www.correiobraziliense.com.br\/cbradar\/#\/schema\/person\/58422787644df994b53a19d3e56c1513"},"description":"A aguardada segunda temporada da vers\u00e3o moderna de Doctor Who est\u00e1 quase aqui! Com uma nova equipe e aventuras \u00e9picas.","breadcrumb":{"@id":"https:\/\/www.correiobraziliense.com.br\/cbradar\/trailer-da-segunda-temporada-de-doctor-who-anima-fas-veja\/#breadcrumb"},"inLanguage":"pt-BR","potentialAction":[{"@type":"ReadAction","target":["https:\/\/www.correiobraziliense.com.br\/cbradar\/trailer-da-segunda-temporada-de-doctor-who-anima-fas-veja\/"]}]},{"@type":"ImageObject","inLanguage":"pt-BR","@id":"https:\/\/www.correiobraziliense.com.br\/cbradar\/trailer-da-segunda-temporada-de-doctor-who-anima-fas-veja\/#primaryimage","url":"https:\/\/www.correiobraziliense.com.br\/cbradar\/wp-content\/uploads\/2025\/03\/Doctor-Who-2-1.png","contentUrl":"https:\/\/www.correiobraziliense.com.br\/cbradar\/wp-content\/uploads\/2025\/03\/Doctor-Who-2-1.png","width":1280,"height":720,"caption":"Doctor Who. Fonte: divulga\u00e7\u00e3o \/ Disney+"},{"@type":"BreadcrumbList","@id":"https:\/\/www.correiobraziliense.com.br\/cbradar\/trailer-da-segunda-temporada-de-doctor-who-anima-fas-veja\/#breadcrumb","itemListElement":[{"@type":"ListItem","position":1,"name":"In\u00edcio","item":"https:\/\/www.correiobraziliense.com.br\/cbradar\/"},{"@type":"ListItem","position":2,"name":"Trailer da segunda temporada de Doctor Who anima f\u00e3s, veja"}]},{"@type":"WebSite","@id":"https:\/\/www.correiobraziliense.com.br\/cbradar\/#website","url":"https:\/\/www.correiobraziliense.com.br\/cbradar\/","name":"Correio Braziliense - Radar","description":"Acompanhe as \u00faltimas not\u00edcias e fique bem informado sobre tudo o que acontece no Brasil e no mundo.","potentialAction":[{"@type":"SearchAction","target":{"@type":"EntryPoint","urlTemplate":"https:\/\/www.correiobraziliense.com.br\/cbradar\/?s={search_term_string}"},"query-input":{"@type":"PropertyValueSpecification","valueRequired":true,"valueName":"search_term_string"}}],"inLanguage":"pt-BR"},{"@type":"Person","@id":"https:\/\/www.correiobraziliense.com.br\/cbradar\/#\/schema\/person\/58422787644df994b53a19d3e56c1513","name":"Larissa Carvalho","image":{"@type":"ImageObject","inLanguage":"pt-BR","@id":"https:\/\/www.correiobraziliense.com.br\/cbradar\/#\/schema\/person\/image\/","url":"https:\/\/secure.gravatar.com\/avatar\/fe4f91a0de32b52a838d0d612abdc1aa?s=96&d=mm&r=g","contentUrl":"https:\/\/secure.gravatar.com\/avatar\/fe4f91a0de32b52a838d0d612abdc1aa?s=96&d=mm&r=g","caption":"Larissa Carvalho"},"url":"https:\/\/www.correiobraziliense.com.br\/cbradar\/author\/larissamyth\/"}]}},"_links":{"self":[{"href":"https:\/\/www.correiobraziliense.com.br\/cbradar\/wp-json\/wp\/v2\/posts\/16097","targetHints":{"allow":["GET"]}}],"collection":[{"href":"https:\/\/www.correiobraziliense.com.br\/cbradar\/wp-json\/wp\/v2\/posts"}],"about":[{"href":"https:\/\/www.correiobraziliense.com.br\/cbradar\/wp-json\/wp\/v2\/types\/post"}],"author":[{"embeddable":true,"href":"https:\/\/www.correiobraziliense.com.br\/cbradar\/wp-json\/wp\/v2\/users\/3"}],"replies":[{"embeddable":true,"href":"https:\/\/www.correiobraziliense.com.br\/cbradar\/wp-json\/wp\/v2\/comments?post=16097"}],"version-history":[{"count":1,"href":"https:\/\/www.correiobraziliense.com.br\/cbradar\/wp-json\/wp\/v2\/posts\/16097\/revisions"}],"predecessor-version":[{"id":16103,"href":"https:\/\/www.correiobraziliense.com.br\/cbradar\/wp-json\/wp\/v2\/posts\/16097\/revisions\/16103"}],"wp:featuredmedia":[{"embeddable":true,"href":"https:\/\/www.correiobraziliense.com.br\/cbradar\/wp-json\/wp\/v2\/media\/16101"}],"wp:attachment":[{"href":"https:\/\/www.correiobraziliense.com.br\/cbradar\/wp-json\/wp\/v2\/media?parent=16097"}],"wp:term":[{"taxonomy":"category","embeddable":true,"href":"https:\/\/www.correiobraziliense.com.br\/cbradar\/wp-json\/wp\/v2\/categories?post=16097"},{"taxonomy":"post_tag","embeddable":true,"href":"https:\/\/www.correiobraziliense.com.br\/cbradar\/wp-json\/wp\/v2\/post_tag?post=16097"}],"curies":[{"name":"wp","href":"https:\/\/api.w.org\/{rel}","templated":true}]}}