{"id":16108,"date":"2025-03-27T17:10:00","date_gmt":"2025-03-27T20:10:00","guid":{"rendered":"https:\/\/www.correiobraziliense.com.br\/cbradar\/?p=16108"},"modified":"2025-03-26T17:08:51","modified_gmt":"2025-03-26T20:08:51","slug":"veja-as-sequencias-de-filmes-mais-aguardadas-para-2025","status":"publish","type":"post","link":"https:\/\/www.correiobraziliense.com.br\/cbradar\/veja-as-sequencias-de-filmes-mais-aguardadas-para-2025\/","title":{"rendered":"Veja as sequ\u00eancias de filmes mais aguardadas para 2025"},"content":{"rendered":"\n<p>O cinema sempre teve uma rela\u00e7\u00e3o especial com sequ\u00eancias e franquias. A familiaridade com personagens e hist\u00f3rias conhecidas atrai tanto os f\u00e3s quanto os est\u00fadios, que veem nelas uma oportunidade de sucesso garantido. Em 2025, diversas continua\u00e7\u00f5es prometem agitar tanto as salas de cinema quanto as plataformas de streaming, trazendo de volta universos e personagens queridos pelo p\u00fablico.<\/p>\n\n\n\n<p>Este ano, os espectadores podem esperar uma variedade de g\u00eaneros e estilos, desde thrillers e filmes de a\u00e7\u00e3o at\u00e9 anima\u00e7\u00f5es e terror. As sequ\u00eancias n\u00e3o apenas continuam hist\u00f3rias, mas muitas vezes introduzem novos elementos e personagens, mantendo o interesse e a empolga\u00e7\u00e3o do p\u00fablico. Vamos explorar algumas das continua\u00e7\u00f5es mais aguardadas de 2025.<\/p>\n\n\n\n<h2 class=\"wp-block-heading\"><strong>Quais s\u00e3o as sequ\u00eancias mais esperadas de 2025?<\/strong><\/h2>\n\n\n\n<p>Entre as continua\u00e7\u00f5es que prometem atrair multid\u00f5es, destacam-se filmes de a\u00e7\u00e3o, terror e at\u00e9 mesmo anima\u00e7\u00f5es. Cada uma dessas produ\u00e7\u00f5es traz consigo uma legi\u00e3o de f\u00e3s ansiosos por novas aventuras e desdobramentos.<\/p>\n\n\n\n<ul class=\"wp-block-list\">\n<li><strong>Outro Pequeno Favor:<\/strong>\u00a0A sequ\u00eancia do thriller c\u00f4mico de 2018 chega ao Amazon Prime Video em 1\u00ba de maio, trazendo de volta o charme e o mist\u00e9rio que conquistaram o p\u00fablico.<\/li>\n\n\n\n<li><strong>O Contador 2:<\/strong>\u00a0Ben Affleck retorna como o matador profissional autista em 24 de abril, prometendo mais a\u00e7\u00e3o e suspense nos cinemas.<\/li>\n\n\n\n<li><strong>Premoni\u00e7\u00e3o 6 \u2013 La\u00e7os de Sangue:<\/strong>\u00a0A franquia de terror retorna em 15 de maio, trazendo mais mortes inusitadas e a inevit\u00e1vel vingan\u00e7a da morte.<\/li>\n\n\n\n<li><strong>Miss\u00e3o: Imposs\u00edvel \u2013 O Acerto Final:<\/strong>\u00a0Tom Cruise se despede do ic\u00f4nico Ethan Hunt em 22 de maio, marcando o fim de uma era para a franquia.<\/li>\n\n\n\n<li><strong>Karat\u00ea Kid \u2013 Lendas:<\/strong>\u00a0Ralph Macchio e Jackie Chan se unem em 29 de maio para reviver a nostalgia dos anos 80.<\/li>\n<\/ul>\n\n\n\n<figure class=\"wp-block-image size-large\"><img decoding=\"async\" width=\"1024\" height=\"576\" src=\"https:\/\/www.correiobraziliense.com.br\/cbradar\/wp-content\/uploads\/2025\/03\/filmes_1743015542904-1024x576.jpg\" alt=\"Veja as sequ\u00eancias de filmes mais aguardadas para 2025\" class=\"wp-image-16110\" srcset=\"https:\/\/www.correiobraziliense.com.br\/cbradar\/wp-content\/uploads\/2025\/03\/filmes_1743015542904-1024x576.jpg 1024w, https:\/\/www.correiobraziliense.com.br\/cbradar\/wp-content\/uploads\/2025\/03\/filmes_1743015542904-300x169.jpg 300w, https:\/\/www.correiobraziliense.com.br\/cbradar\/wp-content\/uploads\/2025\/03\/filmes_1743015542904-768x432.jpg 768w, https:\/\/www.correiobraziliense.com.br\/cbradar\/wp-content\/uploads\/2025\/03\/filmes_1743015542904-750x422.jpg 750w, https:\/\/www.correiobraziliense.com.br\/cbradar\/wp-content\/uploads\/2025\/03\/filmes_1743015542904-1140x641.jpg 1140w, https:\/\/www.correiobraziliense.com.br\/cbradar\/wp-content\/uploads\/2025\/03\/filmes_1743015542904.jpg 1280w\" sizes=\"(max-width: 1024px) 100vw, 1024px\" \/><figcaption class=\"wp-element-caption\">filmes. Cr\u00e9ditos: depositphotos.com \/ fergregory<\/figcaption><\/figure>\n\n\n\n<h2 class=\"wp-block-heading\"><strong>Como as sequ\u00eancias est\u00e3o evoluindo em 2025?<\/strong><\/h2>\n\n\n\n<p>As sequ\u00eancias de 2025 n\u00e3o apenas continuam hist\u00f3rias, mas tamb\u00e9m refletem uma evolu\u00e7\u00e3o em termos de narrativa e tecnologia. Filmes como&nbsp;<strong>Exterm\u00ednio \u2013 A Evolu\u00e7\u00e3o<\/strong>&nbsp;e&nbsp;<strong>Jurassic World \u2013 Recome\u00e7o<\/strong>&nbsp;mostram como as produ\u00e7\u00f5es est\u00e3o se adaptando \u00e0s expectativas modernas, incorporando novos elementos e personagens para manter o frescor e a relev\u00e2ncia.<\/p>\n\n\n\n<p>Al\u00e9m disso, a inclus\u00e3o de protagonistas femininas e a diversidade no elenco s\u00e3o tend\u00eancias que est\u00e3o ganhando for\u00e7a. Scarlett Johansson lidera&nbsp;<em>Jurassic World \u2013 Recome\u00e7o<\/em>, enquanto Charlize Theron retorna em&nbsp;<em>The Old Guard 2<\/em>, demonstrando o crescente papel das mulheres em pap\u00e9is de destaque nas grandes franquias.<\/p>\n\n\n\n<h2 class=\"wp-block-heading\"><strong>Por que as sequ\u00eancias continuam a ser populares?<\/strong><\/h2>\n\n\n\n<p>As sequ\u00eancias continuam a ser populares porque oferecem ao p\u00fablico a chance de revisitar mundos e personagens amados. Elas proporcionam uma sensa\u00e7\u00e3o de continuidade e familiaridade, ao mesmo tempo em que introduzem novas hist\u00f3rias e desafios. Essa combina\u00e7\u00e3o de novidade e nostalgia \u00e9 uma f\u00f3rmula que tem se mostrado eficaz ao longo dos anos.<\/p>\n\n\n\n<p>Al\u00e9m disso, as sequ\u00eancias muitas vezes trazem inova\u00e7\u00f5es tecnol\u00f3gicas e narrativas que mant\u00eam o p\u00fablico engajado. Em 2025, espera-se que essa tend\u00eancia continue, com filmes como&nbsp;<strong>Avatar \u2013 Fogo e Cinzas<\/strong>&nbsp;prometendo impressionar tanto visualmente quanto em termos de hist\u00f3ria.<\/p>\n\n\n\n<h2 class=\"wp-block-heading\"><strong>O que o futuro reserva para as franquias cinematogr\u00e1ficas?<\/strong><\/h2>\n\n\n\n<p>O futuro das franquias cinematogr\u00e1ficas parece promissor, com um equil\u00edbrio entre nostalgia e inova\u00e7\u00e3o. \u00c0 medida que os est\u00fadios continuam a explorar novos territ\u00f3rios e a revisitar cl\u00e1ssicos, o p\u00fablico pode esperar uma mistura de hist\u00f3rias familiares e novas experi\u00eancias cinematogr\u00e1ficas.<\/p>\n\n\n\n<p>Com a evolu\u00e7\u00e3o das plataformas de streaming e a demanda por conte\u00fado diversificado, as franquias t\u00eam a oportunidade de alcan\u00e7ar um p\u00fablico ainda maior. Filmes como&nbsp;<strong>Entre Facas e Segredos 3<\/strong>&nbsp;e&nbsp;<strong>Return to Silent Hill<\/strong>&nbsp;mostram como as hist\u00f3rias podem ser adaptadas para diferentes formatos, mantendo a ess\u00eancia que as tornou populares.<\/p>\n","protected":false},"excerpt":{"rendered":"<p>Explore as sequ\u00eancias cinematogr\u00e1ficas mais aguardadas de 2025, com uma variedade de g\u00eaneros e estilos.<\/p>\n","protected":false},"author":3,"featured_media":16109,"comment_status":"open","ping_status":"open","sticky":false,"template":"","format":"standard","meta":{"jnews-multi-image_gallery":[],"jnews_single_post":{"format":"standard"},"jnews_primary_category":[],"jnews_social_meta":[],"jnews_override_counter":[],"footnotes":""},"categories":[140],"post_tag":[568],"class_list":["post-16108","post","type-post","status-publish","format-standard","has-post-thumbnail","hentry","category-entretenimento","tag-series-e-filmes"],"yoast_head":"<!-- This site is optimized with the Yoast SEO plugin v24.6 - https:\/\/yoast.com\/wordpress\/plugins\/seo\/ -->\n<title>Veja as sequ\u00eancias de filmes mais aguardadas para 2025<\/title>\n<meta name=\"description\" content=\"Explore as sequ\u00eancias cinematogr\u00e1ficas mais aguardadas de 2025, com uma variedade de g\u00eaneros e estilos.\" \/>\n<meta name=\"robots\" content=\"index, follow, max-snippet:-1, max-image-preview:large, max-video-preview:-1\" \/>\n<link rel=\"canonical\" href=\"https:\/\/www.correiobraziliense.com.br\/cbradar\/veja-as-sequencias-de-filmes-mais-aguardadas-para-2025\/\" \/>\n<meta property=\"og:locale\" content=\"pt_BR\" \/>\n<meta property=\"og:type\" content=\"article\" \/>\n<meta property=\"og:title\" content=\"Veja as sequ\u00eancias de filmes mais aguardadas para 2025\" \/>\n<meta property=\"og:description\" content=\"Explore as sequ\u00eancias cinematogr\u00e1ficas mais aguardadas de 2025, com uma variedade de g\u00eaneros e estilos.\" \/>\n<meta property=\"og:url\" content=\"https:\/\/www.correiobraziliense.com.br\/cbradar\/veja-as-sequencias-de-filmes-mais-aguardadas-para-2025\/\" \/>\n<meta property=\"og:site_name\" content=\"Correio Braziliense - Radar\" \/>\n<meta property=\"article:published_time\" content=\"2025-03-27T20:10:00+00:00\" \/>\n<meta property=\"og:image\" content=\"https:\/\/www.correiobraziliense.com.br\/cbradar\/wp-content\/uploads\/2025\/03\/filmes_1743015514420.jpg\" \/>\n\t<meta property=\"og:image:width\" content=\"1280\" \/>\n\t<meta property=\"og:image:height\" content=\"720\" \/>\n\t<meta property=\"og:image:type\" content=\"image\/jpeg\" \/>\n<meta name=\"author\" content=\"Larissa Carvalho\" \/>\n<meta name=\"twitter:card\" content=\"summary_large_image\" \/>\n<meta name=\"twitter:label1\" content=\"Escrito por\" \/>\n\t<meta name=\"twitter:data1\" content=\"Larissa Carvalho\" \/>\n\t<meta name=\"twitter:label2\" content=\"Est. tempo de leitura\" \/>\n\t<meta name=\"twitter:data2\" content=\"4 minutos\" \/>\n<!-- \/ Yoast SEO plugin. -->","yoast_head_json":{"title":"Veja as sequ\u00eancias de filmes mais aguardadas para 2025","description":"Explore as sequ\u00eancias cinematogr\u00e1ficas mais aguardadas de 2025, com uma variedade de g\u00eaneros e estilos.","robots":{"index":"index","follow":"follow","max-snippet":"max-snippet:-1","max-image-preview":"max-image-preview:large","max-video-preview":"max-video-preview:-1"},"canonical":"https:\/\/www.correiobraziliense.com.br\/cbradar\/veja-as-sequencias-de-filmes-mais-aguardadas-para-2025\/","og_locale":"pt_BR","og_type":"article","og_title":"Veja as sequ\u00eancias de filmes mais aguardadas para 2025","og_description":"Explore as sequ\u00eancias cinematogr\u00e1ficas mais aguardadas de 2025, com uma variedade de g\u00eaneros e estilos.","og_url":"https:\/\/www.correiobraziliense.com.br\/cbradar\/veja-as-sequencias-de-filmes-mais-aguardadas-para-2025\/","og_site_name":"Correio Braziliense - Radar","article_published_time":"2025-03-27T20:10:00+00:00","og_image":[{"width":1280,"height":720,"url":"https:\/\/www.correiobraziliense.com.br\/cbradar\/wp-content\/uploads\/2025\/03\/filmes_1743015514420.jpg","type":"image\/jpeg"}],"author":"Larissa Carvalho","twitter_card":"summary_large_image","twitter_misc":{"Escrito por":"Larissa Carvalho","Est. tempo de leitura":"4 minutos"},"schema":{"@context":"https:\/\/schema.org","@graph":[{"@type":"WebPage","@id":"https:\/\/www.correiobraziliense.com.br\/cbradar\/veja-as-sequencias-de-filmes-mais-aguardadas-para-2025\/","url":"https:\/\/www.correiobraziliense.com.br\/cbradar\/veja-as-sequencias-de-filmes-mais-aguardadas-para-2025\/","name":"Veja as sequ\u00eancias de filmes mais aguardadas para 2025","isPartOf":{"@id":"https:\/\/www.correiobraziliense.com.br\/cbradar\/#website"},"primaryImageOfPage":{"@id":"https:\/\/www.correiobraziliense.com.br\/cbradar\/veja-as-sequencias-de-filmes-mais-aguardadas-para-2025\/#primaryimage"},"image":{"@id":"https:\/\/www.correiobraziliense.com.br\/cbradar\/veja-as-sequencias-de-filmes-mais-aguardadas-para-2025\/#primaryimage"},"thumbnailUrl":"https:\/\/www.correiobraziliense.com.br\/cbradar\/wp-content\/uploads\/2025\/03\/filmes_1743015514420.jpg","datePublished":"2025-03-27T20:10:00+00:00","author":{"@id":"https:\/\/www.correiobraziliense.com.br\/cbradar\/#\/schema\/person\/58422787644df994b53a19d3e56c1513"},"description":"Explore as sequ\u00eancias cinematogr\u00e1ficas mais aguardadas de 2025, com uma variedade de g\u00eaneros e estilos.","breadcrumb":{"@id":"https:\/\/www.correiobraziliense.com.br\/cbradar\/veja-as-sequencias-de-filmes-mais-aguardadas-para-2025\/#breadcrumb"},"inLanguage":"pt-BR","potentialAction":[{"@type":"ReadAction","target":["https:\/\/www.correiobraziliense.com.br\/cbradar\/veja-as-sequencias-de-filmes-mais-aguardadas-para-2025\/"]}]},{"@type":"ImageObject","inLanguage":"pt-BR","@id":"https:\/\/www.correiobraziliense.com.br\/cbradar\/veja-as-sequencias-de-filmes-mais-aguardadas-para-2025\/#primaryimage","url":"https:\/\/www.correiobraziliense.com.br\/cbradar\/wp-content\/uploads\/2025\/03\/filmes_1743015514420.jpg","contentUrl":"https:\/\/www.correiobraziliense.com.br\/cbradar\/wp-content\/uploads\/2025\/03\/filmes_1743015514420.jpg","width":1280,"height":720,"caption":"filmes. Cr\u00e9ditos: depositphotos.com \/ makidotvn"},{"@type":"BreadcrumbList","@id":"https:\/\/www.correiobraziliense.com.br\/cbradar\/veja-as-sequencias-de-filmes-mais-aguardadas-para-2025\/#breadcrumb","itemListElement":[{"@type":"ListItem","position":1,"name":"In\u00edcio","item":"https:\/\/www.correiobraziliense.com.br\/cbradar\/"},{"@type":"ListItem","position":2,"name":"Veja as sequ\u00eancias de filmes mais aguardadas para 2025"}]},{"@type":"WebSite","@id":"https:\/\/www.correiobraziliense.com.br\/cbradar\/#website","url":"https:\/\/www.correiobraziliense.com.br\/cbradar\/","name":"Correio Braziliense - Radar","description":"Acompanhe as \u00faltimas not\u00edcias e fique bem informado sobre tudo o que acontece no Brasil e no mundo.","potentialAction":[{"@type":"SearchAction","target":{"@type":"EntryPoint","urlTemplate":"https:\/\/www.correiobraziliense.com.br\/cbradar\/?s={search_term_string}"},"query-input":{"@type":"PropertyValueSpecification","valueRequired":true,"valueName":"search_term_string"}}],"inLanguage":"pt-BR"},{"@type":"Person","@id":"https:\/\/www.correiobraziliense.com.br\/cbradar\/#\/schema\/person\/58422787644df994b53a19d3e56c1513","name":"Larissa Carvalho","image":{"@type":"ImageObject","inLanguage":"pt-BR","@id":"https:\/\/www.correiobraziliense.com.br\/cbradar\/#\/schema\/person\/image\/","url":"https:\/\/secure.gravatar.com\/avatar\/fe4f91a0de32b52a838d0d612abdc1aa?s=96&d=mm&r=g","contentUrl":"https:\/\/secure.gravatar.com\/avatar\/fe4f91a0de32b52a838d0d612abdc1aa?s=96&d=mm&r=g","caption":"Larissa Carvalho"},"url":"https:\/\/www.correiobraziliense.com.br\/cbradar\/author\/larissamyth\/"}]}},"_links":{"self":[{"href":"https:\/\/www.correiobraziliense.com.br\/cbradar\/wp-json\/wp\/v2\/posts\/16108","targetHints":{"allow":["GET"]}}],"collection":[{"href":"https:\/\/www.correiobraziliense.com.br\/cbradar\/wp-json\/wp\/v2\/posts"}],"about":[{"href":"https:\/\/www.correiobraziliense.com.br\/cbradar\/wp-json\/wp\/v2\/types\/post"}],"author":[{"embeddable":true,"href":"https:\/\/www.correiobraziliense.com.br\/cbradar\/wp-json\/wp\/v2\/users\/3"}],"replies":[{"embeddable":true,"href":"https:\/\/www.correiobraziliense.com.br\/cbradar\/wp-json\/wp\/v2\/comments?post=16108"}],"version-history":[{"count":1,"href":"https:\/\/www.correiobraziliense.com.br\/cbradar\/wp-json\/wp\/v2\/posts\/16108\/revisions"}],"predecessor-version":[{"id":16111,"href":"https:\/\/www.correiobraziliense.com.br\/cbradar\/wp-json\/wp\/v2\/posts\/16108\/revisions\/16111"}],"wp:featuredmedia":[{"embeddable":true,"href":"https:\/\/www.correiobraziliense.com.br\/cbradar\/wp-json\/wp\/v2\/media\/16109"}],"wp:attachment":[{"href":"https:\/\/www.correiobraziliense.com.br\/cbradar\/wp-json\/wp\/v2\/media?parent=16108"}],"wp:term":[{"taxonomy":"category","embeddable":true,"href":"https:\/\/www.correiobraziliense.com.br\/cbradar\/wp-json\/wp\/v2\/categories?post=16108"},{"taxonomy":"post_tag","embeddable":true,"href":"https:\/\/www.correiobraziliense.com.br\/cbradar\/wp-json\/wp\/v2\/post_tag?post=16108"}],"curies":[{"name":"wp","href":"https:\/\/api.w.org\/{rel}","templated":true}]}}