{"id":161154,"date":"2025-12-23T11:45:00","date_gmt":"2025-12-23T14:45:00","guid":{"rendered":"https:\/\/www.correiobraziliense.com.br\/cbradar\/?p=161154"},"modified":"2025-12-23T00:04:00","modified_gmt":"2025-12-23T03:04:00","slug":"o-segredo-mais-bem-guardado-do-brasil-esta-em-uma-cidade-cercada-por-montanhas-com-uma-tranquilidade-absurda","status":"publish","type":"post","link":"https:\/\/www.correiobraziliense.com.br\/cbradar\/o-segredo-mais-bem-guardado-do-brasil-esta-em-uma-cidade-cercada-por-montanhas-com-uma-tranquilidade-absurda\/","title":{"rendered":"O segredo mais bem guardado do Brasil est\u00e1 em uma cidade cercada por montanhas com uma tranquilidade absurda"},"content":{"rendered":"\n<p>Vizinha tranquila da badalada Campos do Jord\u00e3o, <strong>S\u00e3o Bento do Sapuca\u00ed<\/strong> \u00e9 o segredo mais bem guardado da <strong>Serra da Mantiqueira<\/strong>. A cidade atrai quem busca o contato genu\u00edno com a natureza, oferecendo desde escaladas radicais em monumentos geol\u00f3gicos at\u00e9 um turismo rural sofisticado, focado em azeites e queijos artesanais.<\/p>\n\n\n\n<h2 class=\"wp-block-heading\">A tranquilidade serrana reflete na qualidade de vida?<\/h2>\n\n\n\n<p><strong>Diferente do agito de outros destinos de inverno<\/strong>, S\u00e3o Bento preserva a alma de cidade pequena, onde a seguran\u00e7a e o ritmo desacelerado s\u00e3o prioridades. O <strong><a href=\"https:\/\/cidades.ibge.gov.br\/brasil\/sp\/sao-bento-do-sapucai\/panorama\" target=\"_blank\" rel=\"noreferrer noopener\">Instituto Brasileiro de Geografia e Estat\u00edstica (IBGE) <\/a>IDH 0,762<\/strong> demonstra que o munic\u00edpio oferece um padr\u00e3o de vida elevado, sustentado por uma comunidade unida e servi\u00e7os p\u00fablicos eficientes.<\/p>\n\n\n\n<p>Essa atmosfera pac\u00edfica atrai n\u00f4mades digitais e fam\u00edlias que buscam ref\u00fagio em chal\u00e9s encravados nas montanhas. A cidade \u00e9 um convite para desacelerar, trocar o tr\u00e2nsito pelo som dos p\u00e1ssaros e desfrutar de uma hospitalidade que trata cada visitante como um velho amigo.<\/p>\n\n\n<div class=\"wp-block-image\">\n<figure class=\"aligncenter size-large\"><img decoding=\"async\" width=\"1024\" height=\"576\" src=\"https:\/\/www.correiobraziliense.com.br\/cbradar\/wp-content\/uploads\/2025\/12\/canva-27-3-1024x576.png\" alt=\"O segredo mais bem guardado do Brasil est\u00e1 em uma cidade cercada por montanhas com uma tranquilidade absurda\" class=\"wp-image-161316\" srcset=\"https:\/\/www.correiobraziliense.com.br\/cbradar\/wp-content\/uploads\/2025\/12\/canva-27-3-1024x576.png 1024w, https:\/\/www.correiobraziliense.com.br\/cbradar\/wp-content\/uploads\/2025\/12\/canva-27-3-300x169.png 300w, https:\/\/www.correiobraziliense.com.br\/cbradar\/wp-content\/uploads\/2025\/12\/canva-27-3-768x432.png 768w, https:\/\/www.correiobraziliense.com.br\/cbradar\/wp-content\/uploads\/2025\/12\/canva-27-3-750x422.png 750w, https:\/\/www.correiobraziliense.com.br\/cbradar\/wp-content\/uploads\/2025\/12\/canva-27-3-1140x641.png 1140w, https:\/\/www.correiobraziliense.com.br\/cbradar\/wp-content\/uploads\/2025\/12\/canva-27-3.png 1280w\" sizes=\"(max-width: 1024px) 100vw, 1024px\" \/><figcaption class=\"wp-element-caption\">S\u00e3o Bento do Sapuca\u00ed-SP, na Serra da Mantiqueira, com Pedra do Ba\u00fa ic\u00f4nica, trilhas e artesanato em est\u00e2ncia clim\u00e1tica do Vale do Para\u00edba. \/\/ Cr\u00e9ditos: Wikip\u00e9dia<\/figcaption><\/figure><\/div>\n\n\n<h2 class=\"wp-block-heading\">O Complexo da Pedra do Ba\u00fa \u00e9 o desafio dos aventureiros<\/h2>\n\n\n\n<p>O horizonte da cidade \u00e9 dominado pela imponente <strong>Pedra do Ba\u00fa<\/strong>, um maci\u00e7o rochoso que se eleva a 1.950 metros de altitude. O complexo \u00e9 formado por tr\u00eas rochas principais: o <strong>Ba\u00fa<\/strong>, o <strong>Bauzinho<\/strong> e a <strong>Ana Chata<\/strong>, cada uma oferecendo n\u00edveis diferentes de dificuldade para exploradores.<\/p>\n\n\n\n<p>Para os corajosos, a subida ao topo do Ba\u00fa \u00e9 feita via <strong>ferrata<\/strong> (escadas met\u00e1licas fixadas na rocha), exigindo equipamento de seguran\u00e7a e, preferencialmente, a companhia de guias locais. J\u00e1 o Bauzinho \u00e9 acess\u00edvel por uma caminhada leve a partir do estacionamento, oferecendo um p\u00f4r do sol espetacular sem a necessidade de escalada t\u00e9cnica.<\/p>\n\n\n<div class=\"wp-block-image\">\n<figure class=\"aligncenter size-large\"><img decoding=\"async\" width=\"1024\" height=\"576\" src=\"https:\/\/www.correiobraziliense.com.br\/cbradar\/wp-content\/uploads\/2025\/12\/canva-28-3-1024x576.png\" alt=\"O segredo mais bem guardado do Brasil est\u00e1 em uma cidade cercada por montanhas com uma tranquilidade absurda\" class=\"wp-image-161315\" srcset=\"https:\/\/www.correiobraziliense.com.br\/cbradar\/wp-content\/uploads\/2025\/12\/canva-28-3-1024x576.png 1024w, https:\/\/www.correiobraziliense.com.br\/cbradar\/wp-content\/uploads\/2025\/12\/canva-28-3-300x169.png 300w, https:\/\/www.correiobraziliense.com.br\/cbradar\/wp-content\/uploads\/2025\/12\/canva-28-3-768x432.png 768w, https:\/\/www.correiobraziliense.com.br\/cbradar\/wp-content\/uploads\/2025\/12\/canva-28-3-750x422.png 750w, https:\/\/www.correiobraziliense.com.br\/cbradar\/wp-content\/uploads\/2025\/12\/canva-28-3-1140x641.png 1140w, https:\/\/www.correiobraziliense.com.br\/cbradar\/wp-content\/uploads\/2025\/12\/canva-28-3.png 1280w\" sizes=\"(max-width: 1024px) 100vw, 1024px\" \/><figcaption class=\"wp-element-caption\">\u00e3o Bento do Sapuca\u00ed encanta com trilhas suaves, queijinhos mineiros e vistas panor\u00e2micas da serra num clima fresquinho e super tranquilo. \/\/ Cr\u00e9ditos: Wikip\u00e9dia<\/figcaption><\/figure><\/div>\n\n\n<h2 class=\"wp-block-heading\">Cultura viva: Dos bonecos gigantes ao Bairro do Quilombo<\/h2>\n\n\n\n<p>A identidade cultural de S\u00e3o Bento \u00e9 vibrante e singular. O <strong>Bairro do Quilombo<\/strong>, remanescente de comunidades escravizadas, transformou-se em um polo de artesanato r\u00fastico. Ali, mestres artes\u00e3os trabalham com fibra de bananeira, palha de milho e madeira, criando pe\u00e7as que decoram casas em todo o pa\u00eds.<\/p>\n\n\n\n<p>No Carnaval, a cidade ganha fama nacional com o <strong>Bloco do Z\u00e9 Pereira<\/strong>. A tradi\u00e7\u00e3o centen\u00e1ria coloca nas ruas bonecos gigantes (semelhantes aos de Olinda, mas com identidade caipira) que dan\u00e7am e correm atr\u00e1s dos foli\u00f5es, mantendo vivo um folclore que atravessa gera\u00e7\u00f5es.<\/p>\n\n\n\n<p><strong>Descubra as belezas e aventuras de S\u00e3o Bento do Sapuca\u00ed, na Serra da Mantiqueira.<\/strong> O v\u00eddeo \u00e9 do canal<strong> Vamos Fugir Blog,<\/strong> que conta com mais de <strong>78 mil visualiza\u00e7\u00f5es<\/strong> neste conte\u00fado, e apresenta um roteiro completo pela cidade, incluindo a famosa <strong>Pedra do Ba\u00fa,<\/strong> dicas de hospedagem em chal\u00e9s nas montanhas e experi\u00eancias gastron\u00f4micas como piqueniques em vin\u00edcolas locais:<\/p>\n\n\n\n<figure class=\"wp-block-embed aligncenter is-type-video is-provider-youtube wp-block-embed-youtube wp-embed-aspect-16-9 wp-has-aspect-ratio\"><div class=\"wp-block-embed__wrapper\">\n<div class=\"jeg_video_container jeg_video_content\"><iframe loading=\"lazy\" title=\"S\u00c3O BENTO DO SAPUCA\u00cd - SP: Pedra do Ba\u00fa, melhores passeios, dica de hospedagem e roteiro com PRE\u00c7OS!\" width=\"500\" height=\"281\" src=\"https:\/\/www.youtube.com\/embed\/7wHRmHGNtOE?feature=oembed\" frameborder=\"0\" allow=\"accelerometer; autoplay; clipboard-write; encrypted-media; gyroscope; picture-in-picture; web-share\" referrerpolicy=\"strict-origin-when-cross-origin\" allowfullscreen><\/iframe><\/div>\n<\/div><\/figure>\n\n\n\n<h2 class=\"wp-block-heading\">A nova rota gastron\u00f4mica dos azeites e vinhos<\/h2>\n\n\n\n<p>O clima e o solo da regi\u00e3o revelaram-se perfeitos para a olivicultura, colocando a cidade no mapa dos melhores azeites do <strong>Brasil<\/strong>. Fazendas como a <strong>Oliq<\/strong> abrem suas portas para visita\u00e7\u00e3o, permitindo que o turista caminhe pelos olivais, conhe\u00e7a o processo de extra\u00e7\u00e3o e deguste \u00f3leos frescos e premiados.<\/p>\n\n\n\n<p>A experi\u00eancia gastron\u00f4mica se completa com vin\u00edcolas de boutique e produtores de queijos finos e charcutaria. O pinh\u00e3o, semente da arauc\u00e1ria abundante na regi\u00e3o, \u00e9 a estrela dos card\u00e1pios no outono, servido em pratos que v\u00e3o de risotos a doces em compota.<\/p>\n\n\n\n<p><strong>Leia tamb\u00e9m: <a href=\"https:\/\/www.correiobraziliense.com.br\/cbradar\/as-pessoas-percebem-o-sabor-dos-alimentos-de-maneiras-diferentes-a-ciencia-explica\/\" target=\"_blank\" rel=\"noreferrer noopener\">As pessoas percebem o sabor dos alimentos de maneiras diferentes? A ci\u00eancia explica.<\/a><\/strong><\/p>\n\n\n<div class=\"wp-block-image\">\n<figure class=\"aligncenter size-large\"><img decoding=\"async\" width=\"1024\" height=\"576\" src=\"https:\/\/www.correiobraziliense.com.br\/cbradar\/wp-content\/uploads\/2025\/12\/canva-30-3-1024x576.png\" alt=\"O segredo mais bem guardado do Brasil est\u00e1 em uma cidade cercada por montanhas com uma tranquilidade absurda\" class=\"wp-image-161313\" srcset=\"https:\/\/www.correiobraziliense.com.br\/cbradar\/wp-content\/uploads\/2025\/12\/canva-30-3-1024x576.png 1024w, https:\/\/www.correiobraziliense.com.br\/cbradar\/wp-content\/uploads\/2025\/12\/canva-30-3-300x169.png 300w, https:\/\/www.correiobraziliense.com.br\/cbradar\/wp-content\/uploads\/2025\/12\/canva-30-3-768x432.png 768w, https:\/\/www.correiobraziliense.com.br\/cbradar\/wp-content\/uploads\/2025\/12\/canva-30-3-750x422.png 750w, https:\/\/www.correiobraziliense.com.br\/cbradar\/wp-content\/uploads\/2025\/12\/canva-30-3-1140x641.png 1140w, https:\/\/www.correiobraziliense.com.br\/cbradar\/wp-content\/uploads\/2025\/12\/canva-30-3.png 1280w\" sizes=\"(max-width: 1024px) 100vw, 1024px\" \/><figcaption class=\"wp-element-caption\">Respire a pureza de S\u00e3o Bento do Sapuca\u00ed: picos desafiadores da Pedra do Ba\u00fa e neblina matinal que motivam aventuras e conex\u00e3o com a natureza. \/\/ Cr\u00e9ditos: Wikip\u00e9dia<\/figcaption><\/figure><\/div>\n\n\n<h2 class=\"wp-block-heading\">Qual a melhor \u00e9poca para subir a montanha?<\/h2>\n\n\n\n<p><strong>O frio \u00e9 o grande atrativo, mas as esta\u00e7\u00f5es definem o tipo de paisagem que voc\u00ea encontrar\u00e1.<\/strong> Confira os dados baseados no <a href=\"https:\/\/www.climatempo.com.br\/previsao-do-tempo\/cidade\/1593\/saobentodosapucai-sp\" target=\"_blank\" rel=\"noreferrer noopener\"><strong>Climatempo<\/strong> <\/a>para planejar sua viagem:<\/p>\n\n\n\n<figure class=\"wp-block-table\"><table class=\"has-fixed-layout\"><thead><tr><th>Per\u00edodo (meses)<\/th><th>Temperatura m\u00e9dia<\/th><th>Clima<\/th><th>Atividades recomendadas<\/th><\/tr><\/thead><tbody><tr><td>Maio a Agosto<\/td><td>4\u00b0C a 20\u00b0C<\/td><td>Frio e seco<\/td><td>Escalada no Ba\u00fa, lareira e festivais de inverno<\/td><\/tr><tr><td>Setembro a Novembro<\/td><td>12\u00b0C a 24\u00b0C<\/td><td>Ameno e florido<\/td><td>Caminhadas, observa\u00e7\u00e3o de p\u00e1ssaros e visita aos olivais<\/td><\/tr><tr><td>Dezembro a Mar\u00e7o<\/td><td>16\u00b0C a 27\u00b0C<\/td><td>Chuvoso (Ver\u00e3o)<\/td><td>Cachoeiras e Carnaval do Z\u00e9 Pereira<\/td><\/tr><\/tbody><\/table><\/figure>\n\n\n<div class=\"wp-block-image\">\n<figure class=\"aligncenter size-large\"><img decoding=\"async\" width=\"1024\" height=\"576\" src=\"https:\/\/www.correiobraziliense.com.br\/cbradar\/wp-content\/uploads\/2025\/12\/canva-29-3-1024x576.png\" alt=\"O segredo mais bem guardado do Brasil est\u00e1 em uma cidade cercada por montanhas com uma tranquilidade absurda\" class=\"wp-image-161314\" srcset=\"https:\/\/www.correiobraziliense.com.br\/cbradar\/wp-content\/uploads\/2025\/12\/canva-29-3-1024x576.png 1024w, https:\/\/www.correiobraziliense.com.br\/cbradar\/wp-content\/uploads\/2025\/12\/canva-29-3-300x169.png 300w, https:\/\/www.correiobraziliense.com.br\/cbradar\/wp-content\/uploads\/2025\/12\/canva-29-3-768x432.png 768w, https:\/\/www.correiobraziliense.com.br\/cbradar\/wp-content\/uploads\/2025\/12\/canva-29-3-750x422.png 750w, https:\/\/www.correiobraziliense.com.br\/cbradar\/wp-content\/uploads\/2025\/12\/canva-29-3-1140x641.png 1140w, https:\/\/www.correiobraziliense.com.br\/cbradar\/wp-content\/uploads\/2025\/12\/canva-29-3.png 1280w\" sizes=\"(max-width: 1024px) 100vw, 1024px\" \/><figcaption class=\"wp-element-caption\">S\u00e3o Bento do Sapuca\u00ed encanta com trilhas suaves, queijinhos mineiros e vistas panor\u00e2micas da serra num clima fresquinho e super tranquilo. \/\/ Cr\u00e9ditos: Wikip\u00e9dia<\/figcaption><\/figure><\/div>\n\n\n<h2 class=\"wp-block-heading\">S\u00e3o Bento do Sapuca\u00ed une adrenalina e sofistica\u00e7\u00e3o rural<\/h2>\n\n\n\n<p>Visitar este destino \u00e9 descobrir que a <strong>Serra da Mantiqueira<\/strong> ainda guarda redutos de autenticidade, onde o luxo est\u00e1 na simplicidade de um queijo rec\u00e9m-produzido ou na vista infinita do alto de uma montanha. A cidade acolhe com o calor do fog\u00e3o a lenha e desafia com a verticalidade de suas pedras, criando uma experi\u00eancia completa para corpo e alma.<\/p>\n\n\n\n<ul class=\"wp-block-list\">\n<li><strong>Aventura acess\u00edvel:<\/strong> Do trekking leve no Bauzinho \u00e0 escalada t\u00e9cnica, h\u00e1 op\u00e7\u00f5es para todos os n\u00edveis de preparo f\u00edsico.<\/li>\n\n\n\n<li><strong>Sabores da terra:<\/strong> O turismo de experi\u00eancia em fazendas de azeite e vin\u00edcolas \u00e9 um diferencial sofisticado.<\/li>\n\n\n\n<li><strong>Arte popular:<\/strong> O artesanato do Quilombo e os bonecos gigantes oferecem uma imers\u00e3o cultural rica e colorida.<\/li>\n<\/ul>\n","protected":false},"excerpt":{"rendered":"<p>Vizinha tranquila da badalada Campos do Jord\u00e3o, S\u00e3o Bento do Sapuca\u00ed \u00e9 o segredo mais bem guardado da Serra da Mantiqueira. A cidade atrai quem busca o contato genu\u00edno com a natureza, oferecendo desde escaladas radicais em monumentos geol\u00f3gicos at\u00e9 um turismo rural sofisticado, focado em azeites e queijos artesanais. A tranquilidade serrana reflete na [&hellip;]<\/p>\n","protected":false},"author":8,"featured_media":161324,"comment_status":"open","ping_status":"open","sticky":false,"template":"","format":"standard","meta":{"_yoast_wpseo_focuskw":"cidade com montanhas no brasil","_yoast_wpseo_title":"","_yoast_wpseo_metadesc":"Essa cidade brasileira chama aten\u00e7\u00e3o por suas montanhas e paisagens raras, sendo considerada um dos segredos mais bem guardados do pa\u00eds.","jnews-multi-image_gallery":[],"jnews_single_post":{"format":"standard"},"jnews_primary_category":[],"jnews_social_meta":[],"jnews_override_counter":[],"footnotes":""},"categories":[108,111],"post_tag":[225,247,13098],"class_list":["post-161154","post","type-post","status-publish","format-standard","has-post-thumbnail","hentry","category-cidades","category-turismo","tag-brasil","tag-qualidade-de-vida","tag-sao-bento-do-sapucai"],"yoast_head":"<!-- This site is optimized with the Yoast SEO plugin v24.6 - https:\/\/yoast.com\/wordpress\/plugins\/seo\/ -->\n<title>O segredo mais bem guardado do Brasil est\u00e1 em uma cidade cercada por montanhas com uma tranquilidade absurda - Correio Braziliense - Radar<\/title>\n<meta name=\"description\" content=\"Essa cidade brasileira chama aten\u00e7\u00e3o por suas montanhas e paisagens raras, sendo considerada um dos segredos mais bem guardados do pa\u00eds.\" \/>\n<meta name=\"robots\" content=\"index, follow, max-snippet:-1, max-image-preview:large, max-video-preview:-1\" \/>\n<link rel=\"canonical\" href=\"https:\/\/www.correiobraziliense.com.br\/cbradar\/o-segredo-mais-bem-guardado-do-brasil-esta-em-uma-cidade-cercada-por-montanhas-com-uma-tranquilidade-absurda\/\" \/>\n<meta property=\"og:locale\" content=\"pt_BR\" \/>\n<meta property=\"og:type\" content=\"article\" \/>\n<meta property=\"og:title\" content=\"O segredo mais bem guardado do Brasil est\u00e1 em uma cidade cercada por montanhas com uma tranquilidade absurda - Correio Braziliense - Radar\" \/>\n<meta property=\"og:description\" content=\"Essa cidade brasileira chama aten\u00e7\u00e3o por suas montanhas e paisagens raras, sendo considerada um dos segredos mais bem guardados do pa\u00eds.\" \/>\n<meta property=\"og:url\" content=\"https:\/\/www.correiobraziliense.com.br\/cbradar\/o-segredo-mais-bem-guardado-do-brasil-esta-em-uma-cidade-cercada-por-montanhas-com-uma-tranquilidade-absurda\/\" \/>\n<meta property=\"og:site_name\" content=\"Correio Braziliense - Radar\" \/>\n<meta property=\"article:published_time\" content=\"2025-12-23T14:45:00+00:00\" \/>\n<meta property=\"og:image\" content=\"https:\/\/www.correiobraziliense.com.br\/cbradar\/wp-content\/uploads\/2025\/12\/canva-31-1.png\" \/>\n\t<meta property=\"og:image:width\" content=\"1280\" \/>\n\t<meta property=\"og:image:height\" content=\"720\" \/>\n\t<meta property=\"og:image:type\" content=\"image\/png\" \/>\n<meta name=\"author\" content=\"Maura Pereira\" \/>\n<meta name=\"twitter:card\" content=\"summary_large_image\" \/>\n<meta name=\"twitter:label1\" content=\"Escrito por\" \/>\n\t<meta name=\"twitter:data1\" content=\"Maura Pereira\" \/>\n\t<meta name=\"twitter:label2\" content=\"Est. tempo de leitura\" \/>\n\t<meta name=\"twitter:data2\" content=\"6 minutos\" \/>\n<!-- \/ Yoast SEO plugin. -->","yoast_head_json":{"title":"O segredo mais bem guardado do Brasil est\u00e1 em uma cidade cercada por montanhas com uma tranquilidade absurda - Correio Braziliense - Radar","description":"Essa cidade brasileira chama aten\u00e7\u00e3o por suas montanhas e paisagens raras, sendo considerada um dos segredos mais bem guardados do pa\u00eds.","robots":{"index":"index","follow":"follow","max-snippet":"max-snippet:-1","max-image-preview":"max-image-preview:large","max-video-preview":"max-video-preview:-1"},"canonical":"https:\/\/www.correiobraziliense.com.br\/cbradar\/o-segredo-mais-bem-guardado-do-brasil-esta-em-uma-cidade-cercada-por-montanhas-com-uma-tranquilidade-absurda\/","og_locale":"pt_BR","og_type":"article","og_title":"O segredo mais bem guardado do Brasil est\u00e1 em uma cidade cercada por montanhas com uma tranquilidade absurda - Correio Braziliense - Radar","og_description":"Essa cidade brasileira chama aten\u00e7\u00e3o por suas montanhas e paisagens raras, sendo considerada um dos segredos mais bem guardados do pa\u00eds.","og_url":"https:\/\/www.correiobraziliense.com.br\/cbradar\/o-segredo-mais-bem-guardado-do-brasil-esta-em-uma-cidade-cercada-por-montanhas-com-uma-tranquilidade-absurda\/","og_site_name":"Correio Braziliense - Radar","article_published_time":"2025-12-23T14:45:00+00:00","og_image":[{"width":1280,"height":720,"url":"https:\/\/www.correiobraziliense.com.br\/cbradar\/wp-content\/uploads\/2025\/12\/canva-31-1.png","type":"image\/png"}],"author":"Maura Pereira","twitter_card":"summary_large_image","twitter_misc":{"Escrito por":"Maura Pereira","Est. tempo de leitura":"6 minutos"},"schema":{"@context":"https:\/\/schema.org","@graph":[{"@type":"WebPage","@id":"https:\/\/www.correiobraziliense.com.br\/cbradar\/o-segredo-mais-bem-guardado-do-brasil-esta-em-uma-cidade-cercada-por-montanhas-com-uma-tranquilidade-absurda\/","url":"https:\/\/www.correiobraziliense.com.br\/cbradar\/o-segredo-mais-bem-guardado-do-brasil-esta-em-uma-cidade-cercada-por-montanhas-com-uma-tranquilidade-absurda\/","name":"O segredo mais bem guardado do Brasil est\u00e1 em uma cidade cercada por montanhas com uma tranquilidade absurda - Correio Braziliense - Radar","isPartOf":{"@id":"https:\/\/www.correiobraziliense.com.br\/cbradar\/#website"},"primaryImageOfPage":{"@id":"https:\/\/www.correiobraziliense.com.br\/cbradar\/o-segredo-mais-bem-guardado-do-brasil-esta-em-uma-cidade-cercada-por-montanhas-com-uma-tranquilidade-absurda\/#primaryimage"},"image":{"@id":"https:\/\/www.correiobraziliense.com.br\/cbradar\/o-segredo-mais-bem-guardado-do-brasil-esta-em-uma-cidade-cercada-por-montanhas-com-uma-tranquilidade-absurda\/#primaryimage"},"thumbnailUrl":"https:\/\/www.correiobraziliense.com.br\/cbradar\/wp-content\/uploads\/2025\/12\/canva-31-1.png","datePublished":"2025-12-23T14:45:00+00:00","author":{"@id":"https:\/\/www.correiobraziliense.com.br\/cbradar\/#\/schema\/person\/4053c651a9bfc785afc6f4cbc9032fd3"},"description":"Essa cidade brasileira chama aten\u00e7\u00e3o por suas montanhas e paisagens raras, sendo considerada um dos segredos mais bem guardados do pa\u00eds.","breadcrumb":{"@id":"https:\/\/www.correiobraziliense.com.br\/cbradar\/o-segredo-mais-bem-guardado-do-brasil-esta-em-uma-cidade-cercada-por-montanhas-com-uma-tranquilidade-absurda\/#breadcrumb"},"inLanguage":"pt-BR","potentialAction":[{"@type":"ReadAction","target":["https:\/\/www.correiobraziliense.com.br\/cbradar\/o-segredo-mais-bem-guardado-do-brasil-esta-em-uma-cidade-cercada-por-montanhas-com-uma-tranquilidade-absurda\/"]}]},{"@type":"ImageObject","inLanguage":"pt-BR","@id":"https:\/\/www.correiobraziliense.com.br\/cbradar\/o-segredo-mais-bem-guardado-do-brasil-esta-em-uma-cidade-cercada-por-montanhas-com-uma-tranquilidade-absurda\/#primaryimage","url":"https:\/\/www.correiobraziliense.com.br\/cbradar\/wp-content\/uploads\/2025\/12\/canva-31-1.png","contentUrl":"https:\/\/www.correiobraziliense.com.br\/cbradar\/wp-content\/uploads\/2025\/12\/canva-31-1.png","width":1280,"height":720,"caption":"Respire a pureza de S\u00e3o Bento do Sapuca\u00ed: picos desafiadores da Pedra do Ba\u00fa e neblina matinal que motivam aventuras e conex\u00e3o com a natureza. \/\/ Cr\u00e9ditos: Wikip\u00e9dia"},{"@type":"BreadcrumbList","@id":"https:\/\/www.correiobraziliense.com.br\/cbradar\/o-segredo-mais-bem-guardado-do-brasil-esta-em-uma-cidade-cercada-por-montanhas-com-uma-tranquilidade-absurda\/#breadcrumb","itemListElement":[{"@type":"ListItem","position":1,"name":"In\u00edcio","item":"https:\/\/www.correiobraziliense.com.br\/cbradar\/"},{"@type":"ListItem","position":2,"name":"O segredo mais bem guardado do Brasil est\u00e1 em uma cidade cercada por montanhas com uma tranquilidade absurda"}]},{"@type":"WebSite","@id":"https:\/\/www.correiobraziliense.com.br\/cbradar\/#website","url":"https:\/\/www.correiobraziliense.com.br\/cbradar\/","name":"Correio Braziliense - Radar","description":"Acompanhe as \u00faltimas not\u00edcias e fique bem informado sobre tudo o que acontece no Brasil e no mundo.","potentialAction":[{"@type":"SearchAction","target":{"@type":"EntryPoint","urlTemplate":"https:\/\/www.correiobraziliense.com.br\/cbradar\/?s={search_term_string}"},"query-input":{"@type":"PropertyValueSpecification","valueRequired":true,"valueName":"search_term_string"}}],"inLanguage":"pt-BR"},{"@type":"Person","@id":"https:\/\/www.correiobraziliense.com.br\/cbradar\/#\/schema\/person\/4053c651a9bfc785afc6f4cbc9032fd3","name":"Maura Pereira","image":{"@type":"ImageObject","inLanguage":"pt-BR","@id":"https:\/\/www.correiobraziliense.com.br\/cbradar\/#\/schema\/person\/image\/","url":"https:\/\/secure.gravatar.com\/avatar\/3effd6bdadfa447f15089c7f7144eaa6?s=96&d=mm&r=g","contentUrl":"https:\/\/secure.gravatar.com\/avatar\/3effd6bdadfa447f15089c7f7144eaa6?s=96&d=mm&r=g","caption":"Maura Pereira"},"sameAs":["https:\/\/www.correiobraziliense.com.br\/"],"url":"https:\/\/www.correiobraziliense.com.br\/cbradar\/author\/mauramyth\/"}]}},"_links":{"self":[{"href":"https:\/\/www.correiobraziliense.com.br\/cbradar\/wp-json\/wp\/v2\/posts\/161154","targetHints":{"allow":["GET"]}}],"collection":[{"href":"https:\/\/www.correiobraziliense.com.br\/cbradar\/wp-json\/wp\/v2\/posts"}],"about":[{"href":"https:\/\/www.correiobraziliense.com.br\/cbradar\/wp-json\/wp\/v2\/types\/post"}],"author":[{"embeddable":true,"href":"https:\/\/www.correiobraziliense.com.br\/cbradar\/wp-json\/wp\/v2\/users\/8"}],"replies":[{"embeddable":true,"href":"https:\/\/www.correiobraziliense.com.br\/cbradar\/wp-json\/wp\/v2\/comments?post=161154"}],"version-history":[{"count":19,"href":"https:\/\/www.correiobraziliense.com.br\/cbradar\/wp-json\/wp\/v2\/posts\/161154\/revisions"}],"predecessor-version":[{"id":161340,"href":"https:\/\/www.correiobraziliense.com.br\/cbradar\/wp-json\/wp\/v2\/posts\/161154\/revisions\/161340"}],"wp:featuredmedia":[{"embeddable":true,"href":"https:\/\/www.correiobraziliense.com.br\/cbradar\/wp-json\/wp\/v2\/media\/161324"}],"wp:attachment":[{"href":"https:\/\/www.correiobraziliense.com.br\/cbradar\/wp-json\/wp\/v2\/media?parent=161154"}],"wp:term":[{"taxonomy":"category","embeddable":true,"href":"https:\/\/www.correiobraziliense.com.br\/cbradar\/wp-json\/wp\/v2\/categories?post=161154"},{"taxonomy":"post_tag","embeddable":true,"href":"https:\/\/www.correiobraziliense.com.br\/cbradar\/wp-json\/wp\/v2\/post_tag?post=161154"}],"curies":[{"name":"wp","href":"https:\/\/api.w.org\/{rel}","templated":true}]}}