{"id":161651,"date":"2025-12-24T20:35:00","date_gmt":"2025-12-24T23:35:00","guid":{"rendered":"https:\/\/www.correiobraziliense.com.br\/cbradar\/?p=161651"},"modified":"2025-12-24T17:08:00","modified_gmt":"2025-12-24T20:08:00","slug":"o-feminino-de-consul-existe-e-quase-ninguem-usa","status":"publish","type":"post","link":"https:\/\/www.correiobraziliense.com.br\/cbradar\/o-feminino-de-consul-existe-e-quase-ninguem-usa\/","title":{"rendered":"O feminino de \u201cc\u00f4nsul\u201d existe, e quase ningu\u00e9m usa"},"content":{"rendered":"\n<p>Em cargos p\u00fablicos e diplom\u00e1ticos, a forma feminina de muitos t\u00edtulos ainda causa estranhamento, especialmente quando n\u00e3o circula com frequ\u00eancia na fala cotidiana. Um caso emblem\u00e1tico \u00e9 o de <strong>c\u00f4nsul<\/strong>. Apesar de muita gente considerar que a palavra n\u00e3o teria feminino, a forma feminina existe, \u00e9 registrada em dicion\u00e1rios, consta nos vocabul\u00e1rios oficiais da l\u00edngua portuguesa e se relaciona diretamente com o <strong>debate contempor\u00e2neo sobre linguagem inclusiva<\/strong>.<\/p>\n\n\n\n<h2 class=\"wp-block-heading\">Qual \u00e9 o feminino de c\u00f4nsul segundo a norma culta<\/h2>\n\n\n\n<p>De acordo com o padr\u00e3o da l\u00edngua e com registros lexicogr\u00e1ficos, o <strong>feminino de \u201cc\u00f4nsul\u201d \u00e9 \u201cconsulesa\u201d<\/strong>. A forma segue o padr\u00e3o de outras palavras cujo masculino termina em <em>-ul<\/em> ou em consoante, e o feminino se constr\u00f3i com o sufixo <em>-esa<\/em>, como em \u201cduque\u201d e \u201cduquesa\u201d ou em \u201cpr\u00edncipe\u201d e \u201cprincesa\u201d.<\/p>\n\n\n\n<p>A <strong>Academia Brasileira de Letras<\/strong>, por meio do Vocabul\u00e1rio Ortogr\u00e1fico da L\u00edngua Portuguesa (VOLP), registra \u201cconsulesa\u201d como forma correta e dicionarizada. Dicion\u00e1rios de prest\u00edgio tamb\u00e9m trazem o termo como mulher que exerce o cargo de c\u00f4nsul ou esposa de c\u00f4nsul, o que legitima seu uso em textos <strong>formais, oficiais e acad\u00eamicos<\/strong>.<\/p>\n\n\n\n<figure class=\"wp-block-image size-large\"><img decoding=\"async\" width=\"1024\" height=\"576\" src=\"https:\/\/www.correiobraziliense.com.br\/cbradar\/wp-content\/uploads\/2025\/12\/\u2705-BANNER-MYTH-2025-12-23T160643.143-1024x576.png\" alt=\"O feminino de \u201cc\u00f4nsul\u201d existe, e quase ningu\u00e9m usa\" class=\"wp-image-161653\" srcset=\"https:\/\/www.correiobraziliense.com.br\/cbradar\/wp-content\/uploads\/2025\/12\/\u2705-BANNER-MYTH-2025-12-23T160643.143-1024x576.png 1024w, https:\/\/www.correiobraziliense.com.br\/cbradar\/wp-content\/uploads\/2025\/12\/\u2705-BANNER-MYTH-2025-12-23T160643.143-300x169.png 300w, https:\/\/www.correiobraziliense.com.br\/cbradar\/wp-content\/uploads\/2025\/12\/\u2705-BANNER-MYTH-2025-12-23T160643.143-768x432.png 768w, https:\/\/www.correiobraziliense.com.br\/cbradar\/wp-content\/uploads\/2025\/12\/\u2705-BANNER-MYTH-2025-12-23T160643.143-750x422.png 750w, https:\/\/www.correiobraziliense.com.br\/cbradar\/wp-content\/uploads\/2025\/12\/\u2705-BANNER-MYTH-2025-12-23T160643.143-1140x641.png 1140w, https:\/\/www.correiobraziliense.com.br\/cbradar\/wp-content\/uploads\/2025\/12\/\u2705-BANNER-MYTH-2025-12-23T160643.143.png 1280w\" sizes=\"(max-width: 1024px) 100vw, 1024px\" \/><figcaption class=\"wp-element-caption\">A c\u00f4nsul mulher chega ao consulado com leveza, cuidando de vistos e compatriotas no exterior. Simples e diplom\u00e1tica assim!<\/figcaption><\/figure>\n\n\n\n<h2 class=\"wp-block-heading\">Por que o uso de consulesa \u00e9 pouco frequente no dia a dia<\/h2>\n\n\n\n<p>A baixa frequ\u00eancia de <strong>consulesa<\/strong> pode ser atribu\u00edda \u00e0 <strong>raridade relativa do pr\u00f3prio cargo<\/strong> no cotidiano da maior parte da popula\u00e7\u00e3o, o que reduz a circula\u00e7\u00e3o da forma em geral. Al\u00e9m disso, documentos oficiais costumam manter \u201cc\u00f4nsul\u201d como designa\u00e7\u00e3o do cargo, independentemente do g\u00eanero da pessoa que o ocupa.<\/p>\n\n\n\n<p>Em muitos contextos, a fun\u00e7\u00e3o \u00e9 mencionada sem marca\u00e7\u00e3o de g\u00eanero: \u201co cargo de c\u00f4nsul\u201d, \u201ca pessoa nomeada c\u00f4nsul\u201d, preservando o masculino como termo neutro. Soma-se a isso a influ\u00eancia das pr\u00e1ticas internas da diplomacia, que frequentemente priorizam a <strong>designa\u00e7\u00e3o institucional e invari\u00e1vel<\/strong> do posto.<\/p>\n\n\n\n<h2 class=\"wp-block-heading\">Como usar consulesa e outros femininos raros de forma adequada<\/h2>\n\n\n\n<p>Em textos jornal\u00edsticos, acad\u00eamicos e jur\u00eddicos, a escolha entre \u201cc\u00f4nsul\u201d e <strong>consulesa<\/strong> depende do objetivo de cada reda\u00e7\u00e3o ou institui\u00e7\u00e3o. Quando a inten\u00e7\u00e3o \u00e9 <strong>marcar explicitamente o g\u00eanero feminino<\/strong>, \u201cconsulesa\u201d \u00e9 adequado e reconhecido pelos principais instrumentos normativos da l\u00edngua.<\/p>\n\n\n\n<p>Para al\u00e9m de \u201cconsulesa\u201d, o portugu\u00eas registra v\u00e1rios <strong>femininos menos usuais<\/strong> para cargos, t\u00edtulos e profiss\u00f5es, que podem ser \u00fateis em contextos de linguagem inclusiva e de visibilidade feminina. Entre os exemplos est\u00e3o:<\/p>\n\n\n\n<ul class=\"wp-block-list\">\n<li><strong>alcaidessa<\/strong> \u2013 feminino de alcaide<\/li>\n\n\n\n<li><strong>generalesa<\/strong> \u2013 feminino de general (em certos registros tradicionais)<\/li>\n\n\n\n<li><strong>priora<\/strong> \u2013 feminino de prior<\/li>\n\n\n\n<li><strong>sacerdotisa<\/strong> \u2013 variante feminina de sacerdote<\/li>\n\n\n\n<li><strong>profetisa<\/strong> \u2013 feminino de profeta<\/li>\n\n\n\n<li><strong>pedreira<\/strong> \u2013 feminino de pedreiro<\/li>\n\n\n\n<li><strong>ju\u00edza<\/strong> \u2013 feminino de juiz<\/li>\n\n\n\n<li><strong>delegada<\/strong> \u2013 feminino de delegado<\/li>\n\n\n\n<li><strong>poetisa<\/strong> \u2013 feminino de poeta (embora \u201ca poeta\u201d tamb\u00e9m seja usado)<\/li>\n\n\n\n<li><strong>presidenta<\/strong> \u2013 feminino de presidente, igualmente reconhecido<\/li>\n<\/ul>\n\n\n\n<p>Para exemplificarmos o tema, trouxemos o v\u00eddeo interativo do perfil @jaimaginouisso:<\/p>\n\n\n\n<blockquote class=\"tiktok-embed\" cite=\"https:\/\/www.tiktok.com\/@jaimaginouisso\/video\/7367107849593359621\" data-video-id=\"7367107849593359621\" style=\"max-width: 605px;min-width: 325px;\" > <section> <a target=\"_blank\" title=\"@jaimaginouisso\" href=\"https:\/\/www.tiktok.com\/@jaimaginouisso?refer=embed\">@jaimaginouisso<\/a> Desafio: Voc\u00ea sabe os femininos dessas palavras? Teste seus conhecimentos e comente abaixo quantas voc\u00ea acertou: <a title=\"femininodaspalavras\" target=\"_blank\" href=\"https:\/\/www.tiktok.com\/tag\/femininodaspalavras?refer=embed\">#FemininoDasPalavras<\/a> <a title=\"desafiogramatical\" target=\"_blank\" href=\"https:\/\/www.tiktok.com\/tag\/desafiogramatical?refer=embed\">#DesafioGramatical<\/a> <a title=\"linguaportuguesa\" target=\"_blank\" href=\"https:\/\/www.tiktok.com\/tag\/linguaportuguesa?refer=embed\">#linguaportuguesa<\/a> <a target=\"_blank\" title=\"\u266c som original - J\u00e1 Imaginou Isso?\" href=\"https:\/\/www.tiktok.com\/music\/som-original-7367107865870568198?refer=embed\">\u266c som original &#8211; J\u00e1 Imaginou Isso?<\/a> <\/section> <\/blockquote> <script async src=\"https:\/\/www.tiktok.com\/embed.js\"><\/script>\n\n\n\n<h2 class=\"wp-block-heading\">Por que vale a pena conhecer femininos pouco usuais na l\u00edngua portuguesa<\/h2>\n\n\n\n<p>O dom\u00ednio de femininos como <strong>consulesa<\/strong> \u00e9 relevante para quem trabalha com linguagem, como profissionais da imprensa, do direito, da diplomacia, da educa\u00e7\u00e3o e da reda\u00e7\u00e3o t\u00e9cnica. Conhecer as formas registradas amplia os recursos para adequar o texto ao contexto e \u00e0s <strong>pol\u00edticas de linguagem inclusiva<\/strong> de cada institui\u00e7\u00e3o.<\/p>\n\n\n\n<p>Tamb\u00e9m \u00e9 \u00fatil diferenciar situa\u00e7\u00f5es em que se fala da <strong>pessoa que ocupa o cargo<\/strong> daquelas em que se menciona apenas o <strong>t\u00edtulo oficial<\/strong>, como em \u201co c\u00f4nsul-geral do Brasil\u201d. \u00c0 medida que mais mulheres assumem fun\u00e7\u00f5es p\u00fablicas, tende a aumentar a circula\u00e7\u00e3o de femininos espec\u00edficos, e \u201cconsulesa\u201d permanece como forma <strong>leg\u00edtima, normativa e dispon\u00edvel<\/strong>, ainda que divida espa\u00e7o com o uso neutro de \u201cc\u00f4nsul\u201d.<\/p>\n","protected":false},"excerpt":{"rendered":"<p>O feminino de c\u00f4nsul existe: descubra \u201cconsulesa\u201d, forma reconhecida pela ABL, e outros femininos raros em portugu\u00eas atual.<\/p>\n","protected":false},"author":3,"featured_media":162396,"comment_status":"open","ping_status":"open","sticky":false,"template":"","format":"standard","meta":{"_yoast_wpseo_focuskw":"feminino c\u00f4nsul","_yoast_wpseo_title":"%%title%%","_yoast_wpseo_metadesc":"O feminino de c\u00f4nsul existe: descubra \u201cconsulesa\u201d, forma reconhecida pela ABL, e outros femininos raros em portugu\u00eas atual.","jnews-multi-image_gallery":[],"jnews_single_post":{"format":"standard"},"jnews_primary_category":[],"jnews_social_meta":[],"jnews_override_counter":[],"footnotes":""},"categories":[112],"tags":[144,10902,11064,13130],"class_list":["post-161651","post","type-post","status-publish","format-standard","has-post-thumbnail","hentry","category-curiosidades","tag-curiosidades","tag-lingua-portuguesa","tag-linguas","tag-portuguesa"],"yoast_head":"<!-- This site is optimized with the Yoast SEO plugin v24.6 - https:\/\/yoast.com\/wordpress\/plugins\/seo\/ -->\n<title>O feminino de \u201cc\u00f4nsul\u201d existe, e quase ningu\u00e9m usa<\/title>\n<meta name=\"description\" content=\"O feminino de c\u00f4nsul existe: descubra \u201cconsulesa\u201d, forma reconhecida pela ABL, e outros femininos raros em portugu\u00eas atual.\" \/>\n<meta name=\"robots\" content=\"index, follow, max-snippet:-1, max-image-preview:large, max-video-preview:-1\" \/>\n<link rel=\"canonical\" href=\"https:\/\/www.correiobraziliense.com.br\/cbradar\/o-feminino-de-consul-existe-e-quase-ninguem-usa\/\" \/>\n<meta property=\"og:locale\" content=\"pt_BR\" \/>\n<meta property=\"og:type\" content=\"article\" \/>\n<meta property=\"og:title\" content=\"O feminino de \u201cc\u00f4nsul\u201d existe, e quase ningu\u00e9m usa\" \/>\n<meta property=\"og:description\" content=\"O feminino de c\u00f4nsul existe: descubra \u201cconsulesa\u201d, forma reconhecida pela ABL, e outros femininos raros em portugu\u00eas atual.\" \/>\n<meta property=\"og:url\" content=\"https:\/\/www.correiobraziliense.com.br\/cbradar\/o-feminino-de-consul-existe-e-quase-ninguem-usa\/\" \/>\n<meta property=\"og:site_name\" content=\"Correio Braziliense - Radar\" \/>\n<meta property=\"article:published_time\" content=\"2025-12-24T23:35:00+00:00\" \/>\n<meta property=\"og:image\" content=\"https:\/\/www.correiobraziliense.com.br\/cbradar\/wp-content\/uploads\/2025\/12\/O-feminino-de-consul-existe-e-quase-ninguem-usa.png\" \/>\n\t<meta property=\"og:image:width\" content=\"1280\" \/>\n\t<meta property=\"og:image:height\" content=\"720\" \/>\n\t<meta property=\"og:image:type\" content=\"image\/png\" \/>\n<meta name=\"author\" content=\"Larissa Carvalho\" \/>\n<meta name=\"twitter:card\" content=\"summary_large_image\" \/>\n<meta name=\"twitter:label1\" content=\"Escrito por\" \/>\n\t<meta name=\"twitter:data1\" content=\"Larissa Carvalho\" \/>\n\t<meta name=\"twitter:label2\" content=\"Est. tempo de leitura\" \/>\n\t<meta name=\"twitter:data2\" content=\"4 minutos\" \/>\n<!-- \/ Yoast SEO plugin. -->","yoast_head_json":{"title":"O feminino de \u201cc\u00f4nsul\u201d existe, e quase ningu\u00e9m usa","description":"O feminino de c\u00f4nsul existe: descubra \u201cconsulesa\u201d, forma reconhecida pela ABL, e outros femininos raros em portugu\u00eas atual.","robots":{"index":"index","follow":"follow","max-snippet":"max-snippet:-1","max-image-preview":"max-image-preview:large","max-video-preview":"max-video-preview:-1"},"canonical":"https:\/\/www.correiobraziliense.com.br\/cbradar\/o-feminino-de-consul-existe-e-quase-ninguem-usa\/","og_locale":"pt_BR","og_type":"article","og_title":"O feminino de \u201cc\u00f4nsul\u201d existe, e quase ningu\u00e9m usa","og_description":"O feminino de c\u00f4nsul existe: descubra \u201cconsulesa\u201d, forma reconhecida pela ABL, e outros femininos raros em portugu\u00eas atual.","og_url":"https:\/\/www.correiobraziliense.com.br\/cbradar\/o-feminino-de-consul-existe-e-quase-ninguem-usa\/","og_site_name":"Correio Braziliense - Radar","article_published_time":"2025-12-24T23:35:00+00:00","og_image":[{"width":1280,"height":720,"url":"https:\/\/www.correiobraziliense.com.br\/cbradar\/wp-content\/uploads\/2025\/12\/O-feminino-de-consul-existe-e-quase-ninguem-usa.png","type":"image\/png"}],"author":"Larissa Carvalho","twitter_card":"summary_large_image","twitter_misc":{"Escrito por":"Larissa Carvalho","Est. tempo de leitura":"4 minutos"},"schema":{"@context":"https:\/\/schema.org","@graph":[{"@type":"WebPage","@id":"https:\/\/www.correiobraziliense.com.br\/cbradar\/o-feminino-de-consul-existe-e-quase-ninguem-usa\/","url":"https:\/\/www.correiobraziliense.com.br\/cbradar\/o-feminino-de-consul-existe-e-quase-ninguem-usa\/","name":"O feminino de \u201cc\u00f4nsul\u201d existe, e quase ningu\u00e9m usa","isPartOf":{"@id":"https:\/\/www.correiobraziliense.com.br\/cbradar\/#website"},"primaryImageOfPage":{"@id":"https:\/\/www.correiobraziliense.com.br\/cbradar\/o-feminino-de-consul-existe-e-quase-ninguem-usa\/#primaryimage"},"image":{"@id":"https:\/\/www.correiobraziliense.com.br\/cbradar\/o-feminino-de-consul-existe-e-quase-ninguem-usa\/#primaryimage"},"thumbnailUrl":"https:\/\/www.correiobraziliense.com.br\/cbradar\/wp-content\/uploads\/2025\/12\/O-feminino-de-consul-existe-e-quase-ninguem-usa.png","datePublished":"2025-12-24T23:35:00+00:00","author":{"@id":"https:\/\/www.correiobraziliense.com.br\/cbradar\/#\/schema\/person\/58422787644df994b53a19d3e56c1513"},"description":"O feminino de c\u00f4nsul existe: descubra \u201cconsulesa\u201d, forma reconhecida pela ABL, e outros femininos raros em portugu\u00eas atual.","breadcrumb":{"@id":"https:\/\/www.correiobraziliense.com.br\/cbradar\/o-feminino-de-consul-existe-e-quase-ninguem-usa\/#breadcrumb"},"inLanguage":"pt-BR","potentialAction":[{"@type":"ReadAction","target":["https:\/\/www.correiobraziliense.com.br\/cbradar\/o-feminino-de-consul-existe-e-quase-ninguem-usa\/"]}]},{"@type":"ImageObject","inLanguage":"pt-BR","@id":"https:\/\/www.correiobraziliense.com.br\/cbradar\/o-feminino-de-consul-existe-e-quase-ninguem-usa\/#primaryimage","url":"https:\/\/www.correiobraziliense.com.br\/cbradar\/wp-content\/uploads\/2025\/12\/O-feminino-de-consul-existe-e-quase-ninguem-usa.png","contentUrl":"https:\/\/www.correiobraziliense.com.br\/cbradar\/wp-content\/uploads\/2025\/12\/O-feminino-de-consul-existe-e-quase-ninguem-usa.png","width":1280,"height":720,"caption":"O feminino de \u201cc\u00f4nsul\u201d existe, e quase ningu\u00e9m usa"},{"@type":"BreadcrumbList","@id":"https:\/\/www.correiobraziliense.com.br\/cbradar\/o-feminino-de-consul-existe-e-quase-ninguem-usa\/#breadcrumb","itemListElement":[{"@type":"ListItem","position":1,"name":"In\u00edcio","item":"https:\/\/www.correiobraziliense.com.br\/cbradar\/"},{"@type":"ListItem","position":2,"name":"O feminino de \u201cc\u00f4nsul\u201d existe, e quase ningu\u00e9m usa"}]},{"@type":"WebSite","@id":"https:\/\/www.correiobraziliense.com.br\/cbradar\/#website","url":"https:\/\/www.correiobraziliense.com.br\/cbradar\/","name":"Correio Braziliense - Radar","description":"Acompanhe as \u00faltimas not\u00edcias e fique bem informado sobre tudo o que acontece no Brasil e no mundo.","potentialAction":[{"@type":"SearchAction","target":{"@type":"EntryPoint","urlTemplate":"https:\/\/www.correiobraziliense.com.br\/cbradar\/?s={search_term_string}"},"query-input":{"@type":"PropertyValueSpecification","valueRequired":true,"valueName":"search_term_string"}}],"inLanguage":"pt-BR"},{"@type":"Person","@id":"https:\/\/www.correiobraziliense.com.br\/cbradar\/#\/schema\/person\/58422787644df994b53a19d3e56c1513","name":"Larissa Carvalho","image":{"@type":"ImageObject","inLanguage":"pt-BR","@id":"https:\/\/www.correiobraziliense.com.br\/cbradar\/#\/schema\/person\/image\/","url":"https:\/\/secure.gravatar.com\/avatar\/fe4f91a0de32b52a838d0d612abdc1aa?s=96&d=mm&r=g","contentUrl":"https:\/\/secure.gravatar.com\/avatar\/fe4f91a0de32b52a838d0d612abdc1aa?s=96&d=mm&r=g","caption":"Larissa Carvalho"},"url":"https:\/\/www.correiobraziliense.com.br\/cbradar\/author\/larissamyth\/"}]}},"_links":{"self":[{"href":"https:\/\/www.correiobraziliense.com.br\/cbradar\/wp-json\/wp\/v2\/posts\/161651","targetHints":{"allow":["GET"]}}],"collection":[{"href":"https:\/\/www.correiobraziliense.com.br\/cbradar\/wp-json\/wp\/v2\/posts"}],"about":[{"href":"https:\/\/www.correiobraziliense.com.br\/cbradar\/wp-json\/wp\/v2\/types\/post"}],"author":[{"embeddable":true,"href":"https:\/\/www.correiobraziliense.com.br\/cbradar\/wp-json\/wp\/v2\/users\/3"}],"replies":[{"embeddable":true,"href":"https:\/\/www.correiobraziliense.com.br\/cbradar\/wp-json\/wp\/v2\/comments?post=161651"}],"version-history":[{"count":2,"href":"https:\/\/www.correiobraziliense.com.br\/cbradar\/wp-json\/wp\/v2\/posts\/161651\/revisions"}],"predecessor-version":[{"id":161654,"href":"https:\/\/www.correiobraziliense.com.br\/cbradar\/wp-json\/wp\/v2\/posts\/161651\/revisions\/161654"}],"wp:featuredmedia":[{"embeddable":true,"href":"https:\/\/www.correiobraziliense.com.br\/cbradar\/wp-json\/wp\/v2\/media\/162396"}],"wp:attachment":[{"href":"https:\/\/www.correiobraziliense.com.br\/cbradar\/wp-json\/wp\/v2\/media?parent=161651"}],"wp:term":[{"taxonomy":"category","embeddable":true,"href":"https:\/\/www.correiobraziliense.com.br\/cbradar\/wp-json\/wp\/v2\/categories?post=161651"},{"taxonomy":"post_tag","embeddable":true,"href":"https:\/\/www.correiobraziliense.com.br\/cbradar\/wp-json\/wp\/v2\/tags?post=161651"}],"curies":[{"name":"wp","href":"https:\/\/api.w.org\/{rel}","templated":true}]}}