{"id":161874,"date":"2025-12-24T22:05:00","date_gmt":"2025-12-25T01:05:00","guid":{"rendered":"https:\/\/www.correiobraziliense.com.br\/cbradar\/?p=161874"},"modified":"2025-12-24T17:17:40","modified_gmt":"2025-12-24T20:17:40","slug":"5-frases-tipicas-que-pessoas-emocionalmente-instaveis-dizem-segundo-a-psicologia","status":"publish","type":"post","link":"https:\/\/www.correiobraziliense.com.br\/cbradar\/5-frases-tipicas-que-pessoas-emocionalmente-instaveis-dizem-segundo-a-psicologia\/","title":{"rendered":"5 frases t\u00edpicas que pessoas emocionalmente inst\u00e1veis dizem segundo a psicologia"},"content":{"rendered":"\n<p>As express\u00f5es usadas no dia a dia podem revelar muito sobre a <strong>estabilidade emocional<\/strong> de uma pessoa. A forma como algu\u00e9m descreve o que sente, como reage a imprevistos ou como fala sobre si mesmo costuma indicar se h\u00e1 dificuldade em lidar com emo\u00e7\u00f5es intensas ou duradouras, funcionando como um <strong>sinal de alerta<\/strong> em momentos de estresse cont\u00ednuo. Esse tema foi abordado em diversas pesquisas, como <a href=\"https:\/\/pmc-ncbi-nlm-nih-gov.translate.goog\/articles\/PMC10799169\/?_x_tr_sl=en&amp;_x_tr_tl=es&amp;_x_tr_hl=es&amp;_x_tr_pto=tc\" target=\"_blank\" rel=\"noreferrer noopener\">&#8220;La depresi\u00f3n y la ansiedad tienen patrones ling\u00fc\u00edsticos distintos y superpuestos: resultados de una entrevista cl\u00ednica&#8221;.<\/a><\/p>\n\n\n\n<h2 class=\"wp-block-heading\">O que \u00e9 instabilidade emocional e como ela se manifesta na linguagem cotidiana<\/h2>\n\n\n\n<p>Na psicologia contempor\u00e2nea, a chamada <strong>instabilidade emocional<\/strong> \u00e9 entendida como a dificuldade de regular o que se sente e por quanto tempo se sente. Em vez de oscila\u00e7\u00f5es ocasionais, h\u00e1 mudan\u00e7as frequentes de humor, rea\u00e7\u00f5es muito fortes diante de situa\u00e7\u00f5es comuns e sensa\u00e7\u00e3o de descontrole interno, frequentemente vis\u00edveis no modo de falar.<\/p>\n\n\n\n<p>Esse descompasso entre a <strong>intensidade da emo\u00e7\u00e3o<\/strong> e o contexto aparece em frases de exaust\u00e3o, derrotismo ou aparente indiferen\u00e7a. Muitas vezes, s\u00e3o r\u00f3tulos simplificados para experi\u00eancias internas complexas que a pessoa n\u00e3o consegue nomear de outra forma, refor\u00e7ando cren\u00e7as r\u00edgidas de que nada pode mudar ou de que tudo sempre termina mal.<\/p>\n\n\n\n<p>Para aprofundarmos no tema, trouxemos o v\u00eddeo do Dr. Gabriel Paiva:<\/p>\n\n\n\n<blockquote class=\"tiktok-embed\" cite=\"https:\/\/www.tiktok.com\/@drpaivagabriel\/video\/7349336366888602885\" data-video-id=\"7349336366888602885\" style=\"max-width: 605px;min-width: 325px;\" > <section> <a target=\"_blank\" title=\"@drpaivagabriel\" href=\"https:\/\/www.tiktok.com\/@drpaivagabriel?refer=embed\">@drpaivagabriel<\/a> Entender as nuances da instabilidade afetiva \u00e9 crucial. Neste v\u00eddeo, eu exploro as diferen\u00e7as da desregula\u00e7\u00e3o emocional do TDAH, do transtorno Borderline e do transtorno Bipolar. Cada condi\u00e7\u00e3o tem suas particularidades, e saber distingui-las \u00e9 fundamental para um tratamento eficaz. Assista para descobrir mais! N\u00e3o se esque\u00e7a de curtir, compartilhar e me seguir para ficar bem informado sobre sa\u00fade mental e psiquiatria. Voc\u00ea j\u00e1 sofreu ou conhece algu\u00e9m que sofre de instabilidade emocional? <a title=\"equilibrioemocional\" target=\"_blank\" href=\"https:\/\/www.tiktok.com\/tag\/equilibrioemocional?refer=embed\">#equilibrioemocional<\/a> <a title=\"inteligenciaemocional\" target=\"_blank\" href=\"https:\/\/www.tiktok.com\/tag\/inteligenciaemocional?refer=embed\">#inteligenciaemocional<\/a> <a title=\"emocoes\" target=\"_blank\" href=\"https:\/\/www.tiktok.com\/tag\/emocoes?refer=embed\">#emocoes<\/a> <a title=\"emocao\" target=\"_blank\" href=\"https:\/\/www.tiktok.com\/tag\/emocao?refer=embed\">#emocao<\/a> <a title=\"emo\u00e7\u00e3o\" target=\"_blank\" href=\"https:\/\/www.tiktok.com\/tag\/emo%C3%A7%C3%A3o?refer=embed\">#emo\u00e7\u00e3o<\/a> <a title=\"raiva\" target=\"_blank\" href=\"https:\/\/www.tiktok.com\/tag\/raiva?refer=embed\">#raiva<\/a> <a title=\"tristeza\" target=\"_blank\" href=\"https:\/\/www.tiktok.com\/tag\/tristeza?refer=embed\">#tristeza<\/a> <a title=\"triste\" target=\"_blank\" href=\"https:\/\/www.tiktok.com\/tag\/triste?refer=embed\">#triste<\/a> <a title=\"psicologia\" target=\"_blank\" href=\"https:\/\/www.tiktok.com\/tag\/psicologia?refer=embed\">#psicologia<\/a> <a title=\"ansiedade\" target=\"_blank\" href=\"https:\/\/www.tiktok.com\/tag\/ansiedade?refer=embed\">#ansiedade<\/a> <a title=\"depress\u00e3o\" target=\"_blank\" href=\"https:\/\/www.tiktok.com\/tag\/depress%C3%A3o?refer=embed\">#depress\u00e3o<\/a> <a title=\"depressao\" target=\"_blank\" href=\"https:\/\/www.tiktok.com\/tag\/depressao?refer=embed\">#depressao<\/a> <a title=\"comportamento\" target=\"_blank\" href=\"https:\/\/www.tiktok.com\/tag\/comportamento?refer=embed\">#comportamento<\/a> <a title=\"dependenciaemocional\" target=\"_blank\" href=\"https:\/\/www.tiktok.com\/tag\/dependenciaemocional?refer=embed\">#dependenciaemocional<\/a> <a title=\"sa\u00fademental\" target=\"_blank\" href=\"https:\/\/www.tiktok.com\/tag\/sa%C3%BAdemental?refer=embed\">#sa\u00fademental<\/a> <a title=\"saudemental\" target=\"_blank\" href=\"https:\/\/www.tiktok.com\/tag\/saudemental?refer=embed\">#saudemental<\/a> <a title=\"saude\" target=\"_blank\" href=\"https:\/\/www.tiktok.com\/tag\/saude?refer=embed\">#saude<\/a> <a title=\"psicoterapia\" target=\"_blank\" href=\"https:\/\/www.tiktok.com\/tag\/psicoterapia?refer=embed\">#psicoterapia<\/a> <a title=\"terapia\" target=\"_blank\" href=\"https:\/\/www.tiktok.com\/tag\/terapia?refer=embed\">#terapia<\/a> <a target=\"_blank\" title=\"\u266c som original - Dr. Gabriel Paiva\" href=\"https:\/\/www.tiktok.com\/music\/som-original-7349336415548246790?refer=embed\">\u266c som original &#8211; Dr. Gabriel Paiva<\/a> <\/section> <\/blockquote> <script async src=\"https:\/\/www.tiktok.com\/embed.js\"><\/script>\n\n\n\n<h2 class=\"wp-block-heading\">Quais frases comuns podem indicar instabilidade emocional<\/h2>\n\n\n\n<p>Algumas frases, quando aparecem de forma recorrente, podem indicar um <strong>desgaste emocional significativo<\/strong>. N\u00e3o se trata de analisar uma fala isolada, e sim de notar padr\u00f5es de linguagem repetitivos que surgem em diferentes situa\u00e7\u00f5es do cotidiano, como trabalho, relacionamentos e decis\u00f5es pessoais.<\/p>\n\n\n\n<p>Entre as express\u00f5es que costumam chamar a aten\u00e7\u00e3o, destacam-se aquelas que apontam para <strong>exaust\u00e3o, impot\u00eancia, autocr\u00edtica dura<\/strong> e nega\u00e7\u00e3o da necessidade de apoio. Em muitos casos, essas falas tamb\u00e9m se somam a sinais f\u00edsicos, como altera\u00e7\u00f5es de sono, cansa\u00e7o constante, irritabilidade e dificuldade de concentra\u00e7\u00e3o.<\/p>\n\n\n\n<ul class=\"wp-block-list\">\n<li><strong>\u201cN\u00e3o aguento mais\u201d<\/strong> \u2013 geralmente \u00e9 usada quando a pessoa sente que ultrapassou o pr\u00f3prio limite, revelando esgotamento mental e sobrecarga cont\u00ednua.<\/li>\n\n\n\n<li><strong>\u201cTudo d\u00e1 errado comigo\u201d<\/strong> \u2013 traduz uma vis\u00e3o de mundo marcada pelo azar, em que acontecimentos negativos s\u00e3o interpretados como algo quase pessoal e permanente.<\/li>\n\n\n\n<li><strong>\u201cEu sou assim e pronto\u201d<\/strong> \u2013 indica rigidez e medo de mudan\u00e7a, transformando h\u00e1bitos e comportamentos em uma identidade fixa e imut\u00e1vel.<\/li>\n\n\n\n<li><strong>\u201cJ\u00e1 sabia que n\u00e3o ia funcionar\u201d<\/strong> \u2013 expressa antecipa\u00e7\u00e3o de fracasso, como uma \u201cprofecia\u201d negativa que desestimula tentativas diferentes ou mais cuidadosas.<\/li>\n\n\n\n<li><strong>\u201cN\u00e3o preciso de ningu\u00e9m\u201d<\/strong> \u2013 sugere recusa em depender de outras pessoas, muitas vezes para evitar novas decep\u00e7\u00f5es, rejei\u00e7\u00f5es ou sensa\u00e7\u00e3o de vulnerabilidade.<\/li>\n<\/ul>\n\n\n\n<h2 class=\"wp-block-heading\">Como perceber a pr\u00f3pria instabilidade emocional no dia a dia<\/h2>\n\n\n\n<p>Identificar a <strong>instabilidade emocional em si mesmo<\/strong> pode n\u00e3o ser simples, especialmente quando certos modos de falar foram aprendidos desde cedo. Ainda assim, algumas pistas ajudam a perceber quando o equil\u00edbrio interno est\u00e1 abalado e como a linguagem usada reflete isso de forma consistente.<\/p>\n\n\n\n<p>Observar o vocabul\u00e1rio recorrente, comparar emo\u00e7\u00e3o e situa\u00e7\u00e3o, notar mudan\u00e7as bruscas de humor e atentar para o corpo s\u00e3o passos importantes. Quanto mais clara fica a percep\u00e7\u00e3o dos pr\u00f3prios padr\u00f5es, mais f\u00e1cil se torna buscar <strong>estrat\u00e9gias de autorregula\u00e7\u00e3o emocional<\/strong> e apoio adequado quando necess\u00e1rio.<\/p>\n\n\n\n<ol class=\"wp-block-list\">\n<li><strong>Observar o vocabul\u00e1rio recorrente<\/strong><br>Notar se express\u00f5es de derrota, impot\u00eancia ou autodeprecia\u00e7\u00e3o se repetem em diferentes contextos, como trabalho, relacionamentos e decis\u00f5es pessoais.<\/li>\n\n\n\n<li><strong>Comparar emo\u00e7\u00e3o e situa\u00e7\u00e3o<\/strong><br>Verificar se a intensidade da rea\u00e7\u00e3o emocional corresponde ao tamanho do problema, j\u00e1 que pequenos contratempos acompanhados de grande desespero podem indicar desequil\u00edbrio.<\/li>\n\n\n\n<li><strong>Perceber mudan\u00e7as bruscas de humor<\/strong><br>Reparar em oscila\u00e7\u00f5es frequentes entre irrita\u00e7\u00e3o, apatia e euforia, principalmente quando essas mudan\u00e7as surgem sem motivo claro ou proporcional.<\/li>\n\n\n\n<li><strong>Atentar para o corpo<\/strong><br>Sintomas como tens\u00e3o muscular, dores de cabe\u00e7a, altera\u00e7\u00f5es no apetite ou no sono podem estar ligados a um estado prolongado de <strong>desequil\u00edbrio emocional<\/strong>.<\/li>\n<\/ol>\n\n\n\n<figure class=\"wp-block-image size-large\"><img decoding=\"async\" width=\"1024\" height=\"576\" src=\"https:\/\/www.correiobraziliense.com.br\/cbradar\/wp-content\/uploads\/2025\/12\/\u2705-BANNER-MYTH-2025-12-23T234413.994-1024x576.png\" alt=\"5 frases t\u00edpicas que pessoas emocionalmente inst\u00e1veis dizem segundo a psicologia\" class=\"wp-image-161877\" srcset=\"https:\/\/www.correiobraziliense.com.br\/cbradar\/wp-content\/uploads\/2025\/12\/\u2705-BANNER-MYTH-2025-12-23T234413.994-1024x576.png 1024w, https:\/\/www.correiobraziliense.com.br\/cbradar\/wp-content\/uploads\/2025\/12\/\u2705-BANNER-MYTH-2025-12-23T234413.994-300x169.png 300w, https:\/\/www.correiobraziliense.com.br\/cbradar\/wp-content\/uploads\/2025\/12\/\u2705-BANNER-MYTH-2025-12-23T234413.994-768x432.png 768w, https:\/\/www.correiobraziliense.com.br\/cbradar\/wp-content\/uploads\/2025\/12\/\u2705-BANNER-MYTH-2025-12-23T234413.994-750x422.png 750w, https:\/\/www.correiobraziliense.com.br\/cbradar\/wp-content\/uploads\/2025\/12\/\u2705-BANNER-MYTH-2025-12-23T234413.994-1140x641.png 1140w, https:\/\/www.correiobraziliense.com.br\/cbradar\/wp-content\/uploads\/2025\/12\/\u2705-BANNER-MYTH-2025-12-23T234413.994.png 1280w\" sizes=\"(max-width: 1024px) 100vw, 1024px\" \/><figcaption class=\"wp-element-caption\">Estudo destaca: express\u00f5es cotidianas sinalizam instabilidade emocional em per\u00edodos de estresse prolongado agora. <\/figcaption><\/figure>\n\n\n\n<h2 class=\"wp-block-heading\">Como desenvolver maior estabilidade emocional e cuidar da forma de falar<\/h2>\n\n\n\n<p>Trabalhar a <strong>estabilidade emocional<\/strong> envolve mudan\u00e7as graduais na rotina, no modo de interpretar situa\u00e7\u00f5es e na linguagem interna e externa. Pequenos ajustes mantidos com const\u00e2ncia podem ter impacto significativo na forma como a pessoa reage aos desafios e se comunica consigo e com os outros.<\/p>\n\n\n\n<p>Pr\u00e1ticas como realizar pausas conscientes, reformular frases autom\u00e1ticas, cuidar de sono, alimenta\u00e7\u00e3o e ritmo de vida, desenvolver um di\u00e1logo interno mais cuidadoso e considerar apoio profissional ajudam a reorganizar o que se passa por dentro. Reconhecer sinais na pr\u00f3pria fala n\u00e3o \u00e9 fraqueza, mas um passo importante para buscar <strong>mais equil\u00edbrio e bem-estar<\/strong>.<\/p>\n\n\n\n<ul class=\"wp-block-list\">\n<li><strong>Praticar pausas conscientes<\/strong><br>Respirar algumas vezes antes de responder a um coment\u00e1rio ou tomar uma decis\u00e3o reduz respostas impulsivas e ajuda a clarear o pensamento.<\/li>\n\n\n\n<li><strong>Reformular frases autom\u00e1ticas<\/strong><br>Substituir express\u00f5es de exaust\u00e3o e impot\u00eancia por enunciados que reconhe\u00e7am o limite, mas apontem para necessidade concreta, como descanso ou ajuda especializada.<\/li>\n\n\n\n<li><strong>Cuidar de sono, alimenta\u00e7\u00e3o e ritmo de vida<\/strong><br>Um corpo descansado e nutrido responde melhor ao estresse; mudan\u00e7as simples, como hor\u00e1rios de sono regulares e pausas ao longo do dia, favorecem a <strong>regula\u00e7\u00e3o emocional<\/strong>.<\/li>\n\n\n\n<li><strong>Desenvolver um di\u00e1logo interno mais cuidadoso<\/strong><br>Notar como se fala consigo mesmo e buscar um tom menos punitivo e mais descritivo diminui a sobrecarga mental e amplia a autocompaix\u00e3o.<\/li>\n\n\n\n<li><strong>Considerar apoio profissional<\/strong><br>Quando os altos e baixos emocionais interferem em relacionamentos, trabalho ou sa\u00fade, a psicoterapia oferece ferramentas espec\u00edficas para entender e regular as emo\u00e7\u00f5es.<\/li>\n<\/ul>\n","protected":false},"excerpt":{"rendered":"<p>Frases que revelam instabilidade emocional e como transform\u00e1\u2011las em autoconhecimento, regulando emo\u00e7\u00f5es e fortalecendo sua sa\u00fade mental.<\/p>\n","protected":false},"author":3,"featured_media":162402,"comment_status":"open","ping_status":"open","sticky":false,"template":"","format":"standard","meta":{"_yoast_wpseo_focuskw":"frases emocionalmente inst\u00e1veis","_yoast_wpseo_title":"%%title%%","_yoast_wpseo_metadesc":"Frases que revelam instabilidade emocional e como transform\u00e1\u2011las em autoconhecimento, regulando emo\u00e7\u00f5es e fortalecendo sua sa\u00fade mental.","jnews-multi-image_gallery":[],"jnews_single_post":{"format":"standard"},"jnews_primary_category":[],"jnews_social_meta":[],"jnews_override_counter":[],"footnotes":""},"categories":[112],"tags":[144,13137,404],"class_list":["post-161874","post","type-post","status-publish","format-standard","has-post-thumbnail","hentry","category-curiosidades","tag-curiosidades","tag-instabilidade-emocional","tag-psicologia"],"yoast_head":"<!-- This site is optimized with the Yoast SEO plugin v24.6 - https:\/\/yoast.com\/wordpress\/plugins\/seo\/ -->\n<title>5 frases t\u00edpicas que pessoas emocionalmente inst\u00e1veis dizem segundo a psicologia<\/title>\n<meta name=\"description\" content=\"Frases que revelam instabilidade emocional e como transform\u00e1\u2011las em autoconhecimento, regulando emo\u00e7\u00f5es e fortalecendo sua sa\u00fade mental.\" \/>\n<meta name=\"robots\" content=\"index, follow, max-snippet:-1, max-image-preview:large, max-video-preview:-1\" \/>\n<link rel=\"canonical\" href=\"https:\/\/www.correiobraziliense.com.br\/cbradar\/5-frases-tipicas-que-pessoas-emocionalmente-instaveis-dizem-segundo-a-psicologia\/\" \/>\n<meta property=\"og:locale\" content=\"pt_BR\" \/>\n<meta property=\"og:type\" content=\"article\" \/>\n<meta property=\"og:title\" content=\"5 frases t\u00edpicas que pessoas emocionalmente inst\u00e1veis dizem segundo a psicologia\" \/>\n<meta property=\"og:description\" content=\"Frases que revelam instabilidade emocional e como transform\u00e1\u2011las em autoconhecimento, regulando emo\u00e7\u00f5es e fortalecendo sua sa\u00fade mental.\" \/>\n<meta property=\"og:url\" content=\"https:\/\/www.correiobraziliense.com.br\/cbradar\/5-frases-tipicas-que-pessoas-emocionalmente-instaveis-dizem-segundo-a-psicologia\/\" \/>\n<meta property=\"og:site_name\" content=\"Correio Braziliense - Radar\" \/>\n<meta property=\"article:published_time\" content=\"2025-12-25T01:05:00+00:00\" \/>\n<meta property=\"og:image\" content=\"https:\/\/www.correiobraziliense.com.br\/cbradar\/wp-content\/uploads\/2025\/12\/5-frases-tipicas-que-pessoas-emocionalmente-instaveis-dizem-segundo-a-psicologia.png\" \/>\n\t<meta property=\"og:image:width\" content=\"1280\" \/>\n\t<meta property=\"og:image:height\" content=\"720\" \/>\n\t<meta property=\"og:image:type\" content=\"image\/png\" \/>\n<meta name=\"author\" content=\"Larissa Carvalho\" \/>\n<meta name=\"twitter:card\" content=\"summary_large_image\" \/>\n<meta name=\"twitter:label1\" content=\"Escrito por\" \/>\n\t<meta name=\"twitter:data1\" content=\"Larissa Carvalho\" \/>\n\t<meta name=\"twitter:label2\" content=\"Est. tempo de leitura\" \/>\n\t<meta name=\"twitter:data2\" content=\"6 minutos\" \/>\n<!-- \/ Yoast SEO plugin. -->","yoast_head_json":{"title":"5 frases t\u00edpicas que pessoas emocionalmente inst\u00e1veis dizem segundo a psicologia","description":"Frases que revelam instabilidade emocional e como transform\u00e1\u2011las em autoconhecimento, regulando emo\u00e7\u00f5es e fortalecendo sua sa\u00fade mental.","robots":{"index":"index","follow":"follow","max-snippet":"max-snippet:-1","max-image-preview":"max-image-preview:large","max-video-preview":"max-video-preview:-1"},"canonical":"https:\/\/www.correiobraziliense.com.br\/cbradar\/5-frases-tipicas-que-pessoas-emocionalmente-instaveis-dizem-segundo-a-psicologia\/","og_locale":"pt_BR","og_type":"article","og_title":"5 frases t\u00edpicas que pessoas emocionalmente inst\u00e1veis dizem segundo a psicologia","og_description":"Frases que revelam instabilidade emocional e como transform\u00e1\u2011las em autoconhecimento, regulando emo\u00e7\u00f5es e fortalecendo sua sa\u00fade mental.","og_url":"https:\/\/www.correiobraziliense.com.br\/cbradar\/5-frases-tipicas-que-pessoas-emocionalmente-instaveis-dizem-segundo-a-psicologia\/","og_site_name":"Correio Braziliense - Radar","article_published_time":"2025-12-25T01:05:00+00:00","og_image":[{"width":1280,"height":720,"url":"https:\/\/www.correiobraziliense.com.br\/cbradar\/wp-content\/uploads\/2025\/12\/5-frases-tipicas-que-pessoas-emocionalmente-instaveis-dizem-segundo-a-psicologia.png","type":"image\/png"}],"author":"Larissa Carvalho","twitter_card":"summary_large_image","twitter_misc":{"Escrito por":"Larissa Carvalho","Est. tempo de leitura":"6 minutos"},"schema":{"@context":"https:\/\/schema.org","@graph":[{"@type":"WebPage","@id":"https:\/\/www.correiobraziliense.com.br\/cbradar\/5-frases-tipicas-que-pessoas-emocionalmente-instaveis-dizem-segundo-a-psicologia\/","url":"https:\/\/www.correiobraziliense.com.br\/cbradar\/5-frases-tipicas-que-pessoas-emocionalmente-instaveis-dizem-segundo-a-psicologia\/","name":"5 frases t\u00edpicas que pessoas emocionalmente inst\u00e1veis dizem segundo a psicologia","isPartOf":{"@id":"https:\/\/www.correiobraziliense.com.br\/cbradar\/#website"},"primaryImageOfPage":{"@id":"https:\/\/www.correiobraziliense.com.br\/cbradar\/5-frases-tipicas-que-pessoas-emocionalmente-instaveis-dizem-segundo-a-psicologia\/#primaryimage"},"image":{"@id":"https:\/\/www.correiobraziliense.com.br\/cbradar\/5-frases-tipicas-que-pessoas-emocionalmente-instaveis-dizem-segundo-a-psicologia\/#primaryimage"},"thumbnailUrl":"https:\/\/www.correiobraziliense.com.br\/cbradar\/wp-content\/uploads\/2025\/12\/5-frases-tipicas-que-pessoas-emocionalmente-instaveis-dizem-segundo-a-psicologia.png","datePublished":"2025-12-25T01:05:00+00:00","author":{"@id":"https:\/\/www.correiobraziliense.com.br\/cbradar\/#\/schema\/person\/58422787644df994b53a19d3e56c1513"},"description":"Frases que revelam instabilidade emocional e como transform\u00e1\u2011las em autoconhecimento, regulando emo\u00e7\u00f5es e fortalecendo sua sa\u00fade mental.","breadcrumb":{"@id":"https:\/\/www.correiobraziliense.com.br\/cbradar\/5-frases-tipicas-que-pessoas-emocionalmente-instaveis-dizem-segundo-a-psicologia\/#breadcrumb"},"inLanguage":"pt-BR","potentialAction":[{"@type":"ReadAction","target":["https:\/\/www.correiobraziliense.com.br\/cbradar\/5-frases-tipicas-que-pessoas-emocionalmente-instaveis-dizem-segundo-a-psicologia\/"]}]},{"@type":"ImageObject","inLanguage":"pt-BR","@id":"https:\/\/www.correiobraziliense.com.br\/cbradar\/5-frases-tipicas-que-pessoas-emocionalmente-instaveis-dizem-segundo-a-psicologia\/#primaryimage","url":"https:\/\/www.correiobraziliense.com.br\/cbradar\/wp-content\/uploads\/2025\/12\/5-frases-tipicas-que-pessoas-emocionalmente-instaveis-dizem-segundo-a-psicologia.png","contentUrl":"https:\/\/www.correiobraziliense.com.br\/cbradar\/wp-content\/uploads\/2025\/12\/5-frases-tipicas-que-pessoas-emocionalmente-instaveis-dizem-segundo-a-psicologia.png","width":1280,"height":720,"caption":"5 frases t\u00edpicas que pessoas emocionalmente inst\u00e1veis dizem segundo a psicologia"},{"@type":"BreadcrumbList","@id":"https:\/\/www.correiobraziliense.com.br\/cbradar\/5-frases-tipicas-que-pessoas-emocionalmente-instaveis-dizem-segundo-a-psicologia\/#breadcrumb","itemListElement":[{"@type":"ListItem","position":1,"name":"In\u00edcio","item":"https:\/\/www.correiobraziliense.com.br\/cbradar\/"},{"@type":"ListItem","position":2,"name":"5 frases t\u00edpicas que pessoas emocionalmente inst\u00e1veis dizem segundo a psicologia"}]},{"@type":"WebSite","@id":"https:\/\/www.correiobraziliense.com.br\/cbradar\/#website","url":"https:\/\/www.correiobraziliense.com.br\/cbradar\/","name":"Correio Braziliense - Radar","description":"Acompanhe as \u00faltimas not\u00edcias e fique bem informado sobre tudo o que acontece no Brasil e no mundo.","potentialAction":[{"@type":"SearchAction","target":{"@type":"EntryPoint","urlTemplate":"https:\/\/www.correiobraziliense.com.br\/cbradar\/?s={search_term_string}"},"query-input":{"@type":"PropertyValueSpecification","valueRequired":true,"valueName":"search_term_string"}}],"inLanguage":"pt-BR"},{"@type":"Person","@id":"https:\/\/www.correiobraziliense.com.br\/cbradar\/#\/schema\/person\/58422787644df994b53a19d3e56c1513","name":"Larissa Carvalho","image":{"@type":"ImageObject","inLanguage":"pt-BR","@id":"https:\/\/www.correiobraziliense.com.br\/cbradar\/#\/schema\/person\/image\/","url":"https:\/\/secure.gravatar.com\/avatar\/fe4f91a0de32b52a838d0d612abdc1aa?s=96&d=mm&r=g","contentUrl":"https:\/\/secure.gravatar.com\/avatar\/fe4f91a0de32b52a838d0d612abdc1aa?s=96&d=mm&r=g","caption":"Larissa Carvalho"},"url":"https:\/\/www.correiobraziliense.com.br\/cbradar\/author\/larissamyth\/"}]}},"_links":{"self":[{"href":"https:\/\/www.correiobraziliense.com.br\/cbradar\/wp-json\/wp\/v2\/posts\/161874","targetHints":{"allow":["GET"]}}],"collection":[{"href":"https:\/\/www.correiobraziliense.com.br\/cbradar\/wp-json\/wp\/v2\/posts"}],"about":[{"href":"https:\/\/www.correiobraziliense.com.br\/cbradar\/wp-json\/wp\/v2\/types\/post"}],"author":[{"embeddable":true,"href":"https:\/\/www.correiobraziliense.com.br\/cbradar\/wp-json\/wp\/v2\/users\/3"}],"replies":[{"embeddable":true,"href":"https:\/\/www.correiobraziliense.com.br\/cbradar\/wp-json\/wp\/v2\/comments?post=161874"}],"version-history":[{"count":2,"href":"https:\/\/www.correiobraziliense.com.br\/cbradar\/wp-json\/wp\/v2\/posts\/161874\/revisions"}],"predecessor-version":[{"id":161878,"href":"https:\/\/www.correiobraziliense.com.br\/cbradar\/wp-json\/wp\/v2\/posts\/161874\/revisions\/161878"}],"wp:featuredmedia":[{"embeddable":true,"href":"https:\/\/www.correiobraziliense.com.br\/cbradar\/wp-json\/wp\/v2\/media\/162402"}],"wp:attachment":[{"href":"https:\/\/www.correiobraziliense.com.br\/cbradar\/wp-json\/wp\/v2\/media?parent=161874"}],"wp:term":[{"taxonomy":"category","embeddable":true,"href":"https:\/\/www.correiobraziliense.com.br\/cbradar\/wp-json\/wp\/v2\/categories?post=161874"},{"taxonomy":"post_tag","embeddable":true,"href":"https:\/\/www.correiobraziliense.com.br\/cbradar\/wp-json\/wp\/v2\/tags?post=161874"}],"curies":[{"name":"wp","href":"https:\/\/api.w.org\/{rel}","templated":true}]}}