{"id":16188,"date":"2025-03-28T20:30:00","date_gmt":"2025-03-28T23:30:00","guid":{"rendered":"https:\/\/www.correiobraziliense.com.br\/cbradar\/?p=16188"},"modified":"2025-03-27T21:41:29","modified_gmt":"2025-03-28T00:41:29","slug":"os-segredos-para-plantar-couve-de-bruxelas-em-casa","status":"publish","type":"post","link":"https:\/\/www.correiobraziliense.com.br\/cbradar\/os-segredos-para-plantar-couve-de-bruxelas-em-casa\/","title":{"rendered":"Os segredos para plantar couve-de-bruxelas em casa"},"content":{"rendered":"\n<p>A <strong>couve-de-bruxelas<\/strong> \u00e9 uma hortali\u00e7a que se destaca por sua versatilidade culin\u00e1ria e alto valor nutricional. Rica em vitaminas A, C e K, al\u00e9m de minerais como ferro e pot\u00e1ssio, essa planta \u00e9 uma excelente adi\u00e7\u00e3o a dietas saud\u00e1veis. Origin\u00e1ria do grupo das br\u00e1ssicas, ao lado de couves, br\u00f3colis e repolho, a couve-de-bruxelas \u00e9 uma escolha popular para cultivo dom\u00e9stico devido \u00e0 sua facilidade de plantio e manuten\u00e7\u00e3o.<\/p>\n\n\n\n<p>Com um crescimento vertical, a couve-de-bruxelas n\u00e3o requer grandes espa\u00e7os, podendo ser cultivada at\u00e9 mesmo em vasos, desde que sejam adequados para o desenvolvimento de suas ra\u00edzes. A planta se assemelha \u00e0 couve folha, mas apresenta gemas axilares que se desenvolvem em brotos, lembrando mini repolhos. Esses brotos s\u00e3o a parte comest\u00edvel e apreciada da planta.<\/p>\n\n\n\n<h2 class=\"wp-block-heading\"><strong>Como Plantar Couve-de-Bruxelas?<\/strong><\/h2>\n\n\n\n<p>O plantio da couve-de-bruxelas pode ser iniciado a partir de sementes ou mudas. Para aqueles que optam por sementes, empresas como a ISLA oferecem variedades em diferentes tamanhos de embalagem. O semeio pode ser realizado em pequenos vasos ou bandejas, e quando as mudas atingem cerca de quatro folhas, \u00e9 hora de transferi-las para o local definitivo.<\/p>\n\n\n\n<figure class=\"wp-block-image size-large\"><img decoding=\"async\" width=\"1024\" height=\"576\" src=\"https:\/\/www.correiobraziliense.com.br\/cbradar\/wp-content\/uploads\/2025\/03\/Couve-de-Bruxelas_1743077250221-1024x576.jpg\" alt=\"Os segredos para plantar couve-de-bruxelas em casa\" class=\"wp-image-16206\" srcset=\"https:\/\/www.correiobraziliense.com.br\/cbradar\/wp-content\/uploads\/2025\/03\/Couve-de-Bruxelas_1743077250221-1024x576.jpg 1024w, https:\/\/www.correiobraziliense.com.br\/cbradar\/wp-content\/uploads\/2025\/03\/Couve-de-Bruxelas_1743077250221-300x169.jpg 300w, https:\/\/www.correiobraziliense.com.br\/cbradar\/wp-content\/uploads\/2025\/03\/Couve-de-Bruxelas_1743077250221-768x432.jpg 768w, https:\/\/www.correiobraziliense.com.br\/cbradar\/wp-content\/uploads\/2025\/03\/Couve-de-Bruxelas_1743077250221-750x422.jpg 750w, https:\/\/www.correiobraziliense.com.br\/cbradar\/wp-content\/uploads\/2025\/03\/Couve-de-Bruxelas_1743077250221-1140x641.jpg 1140w, https:\/\/www.correiobraziliense.com.br\/cbradar\/wp-content\/uploads\/2025\/03\/Couve-de-Bruxelas_1743077250221.jpg 1280w\" sizes=\"(max-width: 1024px) 100vw, 1024px\" \/><figcaption class=\"wp-element-caption\">Couve de Bruxelas.Cr\u00e9ditos: depositphotos.com \/ karissaa<\/figcaption><\/figure>\n\n\n\n<p>\u00c9 importante escolher o per\u00edodo de outono e inverno para o cultivo, j\u00e1 que a planta prefere temperaturas amenas. O espa\u00e7amento recomendado entre as plantas \u00e9 de 40 cm, garantindo espa\u00e7o suficiente para o desenvolvimento saud\u00e1vel.<\/p>\n\n\n\n<h2 class=\"wp-block-heading\"><strong>Quais S\u00e3o os Cuidados Necess\u00e1rios com a Couve-de-Bruxelas?<\/strong><\/h2>\n\n\n\n<p>A irriga\u00e7\u00e3o \u00e9 um aspecto crucial no cultivo da couve-de-bruxelas. O solo deve ser mantido \u00famido, mas sem encharcamento, para evitar problemas no desenvolvimento da planta. A planta se adapta melhor em climas frios, o que naturalmente ajuda a manter a umidade do solo por mais tempo.<\/p>\n\n\n\n<p>Em rela\u00e7\u00e3o \u00e0 luminosidade, a couve-de-bruxelas necessita de bastante luz natural. Portanto, \u00e9 essencial escolher um local que receba luz solar direta durante o dia, evitando \u00e1reas muito sombreadas que podem prejudicar o crescimento.<\/p>\n\n\n\n<h2 class=\"wp-block-heading\"><strong>Aduba\u00e7\u00e3o e Solo Ideais<\/strong><\/h2>\n\n\n\n<p>Para um crescimento saud\u00e1vel, a couve-de-bruxelas requer um solo bem equilibrado em nutrientes, com pH em torno de 6,0 e boa drenagem. A adi\u00e7\u00e3o de mat\u00e9ria org\u00e2nica e adubos nitrogenados \u00e9 recomendada, assim como a inclus\u00e3o de boro, um elemento essencial para a cultura.<\/p>\n\n\n\n<p>A aduba\u00e7\u00e3o deve ser feita tanto na prepara\u00e7\u00e3o do solo quanto durante o ciclo de cultivo, observando sempre a resposta da planta para ajustar as quantidades conforme necess\u00e1rio. Compostos org\u00e2nicos s\u00e3o uma excelente op\u00e7\u00e3o para enriquecer o solo e promover um crescimento vigoroso.<\/p>\n\n\n\n<h2 class=\"wp-block-heading\"><strong>Quando e Como Colher a Couve-de-Bruxelas?<\/strong><\/h2>\n\n\n\n<p>O tempo de colheita da couve-de-bruxelas varia conforme as condi\u00e7\u00f5es clim\u00e1ticas e a cultivar escolhida, mas geralmente ocorre ap\u00f3s cerca de 100 a 130 dias do plantio. A colheita pode ser feita de forma escalonada, permitindo que os brotos sejam colhidos conforme necess\u00e1rio para o consumo.<\/p>\n\n\n\n<p>Com esses cuidados, a couve-de-bruxelas pode ser uma adi\u00e7\u00e3o nutritiva e saborosa \u00e0 mesa, al\u00e9m de proporcionar a satisfa\u00e7\u00e3o de cultivar seus pr\u00f3prios alimentos em casa.<\/p>\n","protected":false},"excerpt":{"rendered":"<p>Aprenda a plantar e cuidar de couve-de-bruxelas em casa. Dicas de semeadura, cuidados e colheita para ter uma horta saud\u00e1vel e deliciosa.<\/p>\n","protected":false},"author":3,"featured_media":16190,"comment_status":"open","ping_status":"open","sticky":false,"template":"","format":"standard","meta":{"_yoast_wpseo_focuskw":"Couve de Bruxelas","_yoast_wpseo_title":"%%title%%","_yoast_wpseo_metadesc":"Aprenda a plantar e cuidar de couve-de-bruxelas em casa. Dicas de semeadura, cuidados e colheita para ter uma horta saud\u00e1vel e deliciosa.","jnews-multi-image_gallery":[],"jnews_single_post":{"format":"standard"},"jnews_primary_category":[],"jnews_social_meta":[],"jnews_override_counter":[],"footnotes":""},"categories":[136],"post_tag":[137,2514],"class_list":["post-16188","post","type-post","status-publish","format-standard","has-post-thumbnail","hentry","category-jardinagem","tag-como-plantar","tag-couve-de-bruxelas"],"yoast_head":"<!-- This site is optimized with the Yoast SEO plugin v24.6 - https:\/\/yoast.com\/wordpress\/plugins\/seo\/ -->\n<title>Os segredos para plantar couve-de-bruxelas em casa<\/title>\n<meta name=\"description\" content=\"Aprenda a plantar e cuidar de couve-de-bruxelas em casa. Dicas de semeadura, cuidados e colheita para ter uma horta saud\u00e1vel e deliciosa.\" \/>\n<meta name=\"robots\" content=\"index, follow, max-snippet:-1, max-image-preview:large, max-video-preview:-1\" \/>\n<link rel=\"canonical\" href=\"https:\/\/www.correiobraziliense.com.br\/cbradar\/os-segredos-para-plantar-couve-de-bruxelas-em-casa\/\" \/>\n<meta property=\"og:locale\" content=\"pt_BR\" \/>\n<meta property=\"og:type\" content=\"article\" \/>\n<meta property=\"og:title\" content=\"Os segredos para plantar couve-de-bruxelas em casa\" \/>\n<meta property=\"og:description\" content=\"Aprenda a plantar e cuidar de couve-de-bruxelas em casa. Dicas de semeadura, cuidados e colheita para ter uma horta saud\u00e1vel e deliciosa.\" \/>\n<meta property=\"og:url\" content=\"https:\/\/www.correiobraziliense.com.br\/cbradar\/os-segredos-para-plantar-couve-de-bruxelas-em-casa\/\" \/>\n<meta property=\"og:site_name\" content=\"Correio Braziliense - Radar\" \/>\n<meta property=\"article:published_time\" content=\"2025-03-28T23:30:00+00:00\" \/>\n<meta property=\"og:image\" content=\"https:\/\/www.correiobraziliense.com.br\/cbradar\/wp-content\/uploads\/2025\/03\/Couve-de-Bruxelas_1743077194493.jpg\" \/>\n\t<meta property=\"og:image:width\" content=\"1280\" \/>\n\t<meta property=\"og:image:height\" content=\"720\" \/>\n\t<meta property=\"og:image:type\" content=\"image\/jpeg\" \/>\n<meta name=\"author\" content=\"Larissa Carvalho\" \/>\n<meta name=\"twitter:card\" content=\"summary_large_image\" \/>\n<meta name=\"twitter:label1\" content=\"Escrito por\" \/>\n\t<meta name=\"twitter:data1\" content=\"Larissa Carvalho\" \/>\n\t<meta name=\"twitter:label2\" content=\"Est. tempo de leitura\" \/>\n\t<meta name=\"twitter:data2\" content=\"4 minutos\" \/>\n<!-- \/ Yoast SEO plugin. -->","yoast_head_json":{"title":"Os segredos para plantar couve-de-bruxelas em casa","description":"Aprenda a plantar e cuidar de couve-de-bruxelas em casa. Dicas de semeadura, cuidados e colheita para ter uma horta saud\u00e1vel e deliciosa.","robots":{"index":"index","follow":"follow","max-snippet":"max-snippet:-1","max-image-preview":"max-image-preview:large","max-video-preview":"max-video-preview:-1"},"canonical":"https:\/\/www.correiobraziliense.com.br\/cbradar\/os-segredos-para-plantar-couve-de-bruxelas-em-casa\/","og_locale":"pt_BR","og_type":"article","og_title":"Os segredos para plantar couve-de-bruxelas em casa","og_description":"Aprenda a plantar e cuidar de couve-de-bruxelas em casa. Dicas de semeadura, cuidados e colheita para ter uma horta saud\u00e1vel e deliciosa.","og_url":"https:\/\/www.correiobraziliense.com.br\/cbradar\/os-segredos-para-plantar-couve-de-bruxelas-em-casa\/","og_site_name":"Correio Braziliense - Radar","article_published_time":"2025-03-28T23:30:00+00:00","og_image":[{"width":1280,"height":720,"url":"https:\/\/www.correiobraziliense.com.br\/cbradar\/wp-content\/uploads\/2025\/03\/Couve-de-Bruxelas_1743077194493.jpg","type":"image\/jpeg"}],"author":"Larissa Carvalho","twitter_card":"summary_large_image","twitter_misc":{"Escrito por":"Larissa Carvalho","Est. tempo de leitura":"4 minutos"},"schema":{"@context":"https:\/\/schema.org","@graph":[{"@type":"WebPage","@id":"https:\/\/www.correiobraziliense.com.br\/cbradar\/os-segredos-para-plantar-couve-de-bruxelas-em-casa\/","url":"https:\/\/www.correiobraziliense.com.br\/cbradar\/os-segredos-para-plantar-couve-de-bruxelas-em-casa\/","name":"Os segredos para plantar couve-de-bruxelas em casa","isPartOf":{"@id":"https:\/\/www.correiobraziliense.com.br\/cbradar\/#website"},"primaryImageOfPage":{"@id":"https:\/\/www.correiobraziliense.com.br\/cbradar\/os-segredos-para-plantar-couve-de-bruxelas-em-casa\/#primaryimage"},"image":{"@id":"https:\/\/www.correiobraziliense.com.br\/cbradar\/os-segredos-para-plantar-couve-de-bruxelas-em-casa\/#primaryimage"},"thumbnailUrl":"https:\/\/www.correiobraziliense.com.br\/cbradar\/wp-content\/uploads\/2025\/03\/Couve-de-Bruxelas_1743077194493.jpg","datePublished":"2025-03-28T23:30:00+00:00","author":{"@id":"https:\/\/www.correiobraziliense.com.br\/cbradar\/#\/schema\/person\/58422787644df994b53a19d3e56c1513"},"description":"Aprenda a plantar e cuidar de couve-de-bruxelas em casa. Dicas de semeadura, cuidados e colheita para ter uma horta saud\u00e1vel e deliciosa.","breadcrumb":{"@id":"https:\/\/www.correiobraziliense.com.br\/cbradar\/os-segredos-para-plantar-couve-de-bruxelas-em-casa\/#breadcrumb"},"inLanguage":"pt-BR","potentialAction":[{"@type":"ReadAction","target":["https:\/\/www.correiobraziliense.com.br\/cbradar\/os-segredos-para-plantar-couve-de-bruxelas-em-casa\/"]}]},{"@type":"ImageObject","inLanguage":"pt-BR","@id":"https:\/\/www.correiobraziliense.com.br\/cbradar\/os-segredos-para-plantar-couve-de-bruxelas-em-casa\/#primaryimage","url":"https:\/\/www.correiobraziliense.com.br\/cbradar\/wp-content\/uploads\/2025\/03\/Couve-de-Bruxelas_1743077194493.jpg","contentUrl":"https:\/\/www.correiobraziliense.com.br\/cbradar\/wp-content\/uploads\/2025\/03\/Couve-de-Bruxelas_1743077194493.jpg","width":1280,"height":720,"caption":"Couve de Bruxelas.Cr\u00e9ditos: depositphotos.com \/ Juliedeshaies"},{"@type":"BreadcrumbList","@id":"https:\/\/www.correiobraziliense.com.br\/cbradar\/os-segredos-para-plantar-couve-de-bruxelas-em-casa\/#breadcrumb","itemListElement":[{"@type":"ListItem","position":1,"name":"In\u00edcio","item":"https:\/\/www.correiobraziliense.com.br\/cbradar\/"},{"@type":"ListItem","position":2,"name":"Os segredos para plantar couve-de-bruxelas em casa"}]},{"@type":"WebSite","@id":"https:\/\/www.correiobraziliense.com.br\/cbradar\/#website","url":"https:\/\/www.correiobraziliense.com.br\/cbradar\/","name":"Correio Braziliense - Radar","description":"Acompanhe as \u00faltimas not\u00edcias e fique bem informado sobre tudo o que acontece no Brasil e no mundo.","potentialAction":[{"@type":"SearchAction","target":{"@type":"EntryPoint","urlTemplate":"https:\/\/www.correiobraziliense.com.br\/cbradar\/?s={search_term_string}"},"query-input":{"@type":"PropertyValueSpecification","valueRequired":true,"valueName":"search_term_string"}}],"inLanguage":"pt-BR"},{"@type":"Person","@id":"https:\/\/www.correiobraziliense.com.br\/cbradar\/#\/schema\/person\/58422787644df994b53a19d3e56c1513","name":"Larissa Carvalho","image":{"@type":"ImageObject","inLanguage":"pt-BR","@id":"https:\/\/www.correiobraziliense.com.br\/cbradar\/#\/schema\/person\/image\/","url":"https:\/\/secure.gravatar.com\/avatar\/fe4f91a0de32b52a838d0d612abdc1aa?s=96&d=mm&r=g","contentUrl":"https:\/\/secure.gravatar.com\/avatar\/fe4f91a0de32b52a838d0d612abdc1aa?s=96&d=mm&r=g","caption":"Larissa Carvalho"},"url":"https:\/\/www.correiobraziliense.com.br\/cbradar\/author\/larissamyth\/"}]}},"_links":{"self":[{"href":"https:\/\/www.correiobraziliense.com.br\/cbradar\/wp-json\/wp\/v2\/posts\/16188","targetHints":{"allow":["GET"]}}],"collection":[{"href":"https:\/\/www.correiobraziliense.com.br\/cbradar\/wp-json\/wp\/v2\/posts"}],"about":[{"href":"https:\/\/www.correiobraziliense.com.br\/cbradar\/wp-json\/wp\/v2\/types\/post"}],"author":[{"embeddable":true,"href":"https:\/\/www.correiobraziliense.com.br\/cbradar\/wp-json\/wp\/v2\/users\/3"}],"replies":[{"embeddable":true,"href":"https:\/\/www.correiobraziliense.com.br\/cbradar\/wp-json\/wp\/v2\/comments?post=16188"}],"version-history":[{"count":2,"href":"https:\/\/www.correiobraziliense.com.br\/cbradar\/wp-json\/wp\/v2\/posts\/16188\/revisions"}],"predecessor-version":[{"id":16398,"href":"https:\/\/www.correiobraziliense.com.br\/cbradar\/wp-json\/wp\/v2\/posts\/16188\/revisions\/16398"}],"wp:featuredmedia":[{"embeddable":true,"href":"https:\/\/www.correiobraziliense.com.br\/cbradar\/wp-json\/wp\/v2\/media\/16190"}],"wp:attachment":[{"href":"https:\/\/www.correiobraziliense.com.br\/cbradar\/wp-json\/wp\/v2\/media?parent=16188"}],"wp:term":[{"taxonomy":"category","embeddable":true,"href":"https:\/\/www.correiobraziliense.com.br\/cbradar\/wp-json\/wp\/v2\/categories?post=16188"},{"taxonomy":"post_tag","embeddable":true,"href":"https:\/\/www.correiobraziliense.com.br\/cbradar\/wp-json\/wp\/v2\/post_tag?post=16188"}],"curies":[{"name":"wp","href":"https:\/\/api.w.org\/{rel}","templated":true}]}}