{"id":16192,"date":"2025-03-28T11:23:00","date_gmt":"2025-03-28T14:23:00","guid":{"rendered":"https:\/\/www.correiobraziliense.com.br\/cbradar\/?p=16192"},"modified":"2025-03-27T11:06:28","modified_gmt":"2025-03-27T14:06:28","slug":"novo-metodo-de-organizar-a-alimentacao-da-sua-semana-e-se-manter-saudavel","status":"publish","type":"post","link":"https:\/\/www.correiobraziliense.com.br\/cbradar\/novo-metodo-de-organizar-a-alimentacao-da-sua-semana-e-se-manter-saudavel\/","title":{"rendered":"Novo m\u00e9todo de organizar a alimenta\u00e7\u00e3o da sua semana e se manter saud\u00e1vel"},"content":{"rendered":"\n<p>Na correria do dia a dia, manter uma alimenta\u00e7\u00e3o saud\u00e1vel pode parecer um desafio. Muitas vezes, acabamos recorrendo a op\u00e7\u00f5es r\u00e1pidas e pouco nutritivas por falta de tempo. O <strong>preparo de refei\u00e7\u00f5es<\/strong> para a semana, tamb\u00e9m conhecido como <strong><a href=\"https:\/\/en.wikipedia.org\/wiki\/Meal_preparation\" target=\"_blank\" rel=\"noreferrer noopener\">meal prep<\/a><\/strong>, \u00e9 uma estrat\u00e9gia eficaz para simplificar sua rotina alimentar, economizar tempo e dinheiro, reduzir o desperd\u00edcio de alimentos e garantir que voc\u00ea tenha sempre \u00e0 m\u00e3o op\u00e7\u00f5es <a href=\"https:\/\/www.correiobraziliense.com.br\/cbradar\/dores-nos-pes-e-tornozelos-estao-sumindo-apos-executar-estes-simples-movimentos\/\" target=\"_blank\" rel=\"noreferrer noopener\">saud\u00e1veis <\/a>e caseiras. Este guia passo a passo te ensinar\u00e1 como planejar, comprar, preparar e armazenar suas refei\u00e7\u00f5es para uma semana mais leve e nutritiva.<\/p>\n\n\n\n<h2 class=\"wp-block-heading\">Passo 1: planeje suas refei\u00e7\u00f5es para a semana<\/h2>\n\n\n\n<p>O primeiro passo para um meal prep bem-sucedido \u00e9 o planejamento. Reserve um tempo para analisar sua agenda da semana, considerando seus compromissos e hor\u00e1rios de refei\u00e7\u00e3o. Pense em quantas refei\u00e7\u00f5es voc\u00ea precisar\u00e1 preparar (caf\u00e9 da manh\u00e3, almo\u00e7o, jantar e lanches). Consulte receitas saud\u00e1veis e que voc\u00ea goste, levando em conta suas prefer\u00eancias e necessidades diet\u00e9ticas (vegetarianas, veganas, sem gl\u00faten, etc.). Escolha receitas que sejam f\u00e1ceis de preparar em grandes quantidades e que se mantenham bem armazenadas.<\/p>\n\n\n<div class=\"wp-block-image\">\n<figure class=\"aligncenter size-large\"><img decoding=\"async\" width=\"1024\" height=\"576\" src=\"https:\/\/www.correiobraziliense.com.br\/cbradar\/wp-content\/uploads\/2025\/03\/nutrientesaaaaaaaaaaaaaaaaaaaaaaa_1741093879377-1024x576.jpg\" alt=\"Novo m\u00e9todo de organizar a alimenta\u00e7\u00e3o da sua semana e se manter saud\u00e1vel\" class=\"wp-image-8865\" srcset=\"https:\/\/www.correiobraziliense.com.br\/cbradar\/wp-content\/uploads\/2025\/03\/nutrientesaaaaaaaaaaaaaaaaaaaaaaa_1741093879377-1024x576.jpg 1024w, https:\/\/www.correiobraziliense.com.br\/cbradar\/wp-content\/uploads\/2025\/03\/nutrientesaaaaaaaaaaaaaaaaaaaaaaa_1741093879377-300x169.jpg 300w, https:\/\/www.correiobraziliense.com.br\/cbradar\/wp-content\/uploads\/2025\/03\/nutrientesaaaaaaaaaaaaaaaaaaaaaaa_1741093879377-768x432.jpg 768w, https:\/\/www.correiobraziliense.com.br\/cbradar\/wp-content\/uploads\/2025\/03\/nutrientesaaaaaaaaaaaaaaaaaaaaaaa_1741093879377-750x422.jpg 750w, https:\/\/www.correiobraziliense.com.br\/cbradar\/wp-content\/uploads\/2025\/03\/nutrientesaaaaaaaaaaaaaaaaaaaaaaa_1741093879377-1140x641.jpg 1140w, https:\/\/www.correiobraziliense.com.br\/cbradar\/wp-content\/uploads\/2025\/03\/nutrientesaaaaaaaaaaaaaaaaaaaaaaa_1741093879377.jpg 1280w\" sizes=\"(max-width: 1024px) 100vw, 1024px\" \/><figcaption class=\"wp-element-caption\">Alimentos &#8211; Cr\u00e9ditos: depositphotos.com \/ VadimVasenin<\/figcaption><\/figure><\/div>\n\n\n<h2 class=\"wp-block-heading\">Passo 2: crie uma lista de compras detalhada e eficiente<\/h2>\n\n\n\n<p>Com suas refei\u00e7\u00f5es planejadas, chegou a hora de criar uma lista de compras inteligente. Antes de ir ao supermercado, verifique sua despensa e geladeira para ver quais ingredientes voc\u00ea j\u00e1 tem. Anote na lista apenas o que voc\u00ea realmente precisa. Organize sua lista por categorias (hortifruti, a\u00e7ougue, latic\u00ednios, etc.) para otimizar seu tempo no supermercado e evitar compras por impulso. Tente incluir ingredientes vers\u00e1teis que possam ser utilizados em diferentes receitas.<\/p>\n\n\n\n<h2 class=\"wp-block-heading\">Passo 3: escolha um dia para o preparo das refei\u00e7\u00f5es<\/h2>\n\n\n\n<p>Escolha um dia da semana em que voc\u00ea tenha mais tempo livre para se dedicar ao preparo das refei\u00e7\u00f5es. Para muitas pessoas, o fim de semana (s\u00e1bado ou domingo) \u00e9 o ideal. Defina um cronograma realista para o seu dia de meal prep, estimando o tempo necess\u00e1rio para cada etapa: lavar e cortar os ingredientes, cozinhar as refei\u00e7\u00f5es e armazen\u00e1-las. Ter um plano te ajudar\u00e1 a se manter organizado e a evitar a sensa\u00e7\u00e3o de sobrecarga.<\/p>\n\n\n\n<h2 class=\"wp-block-heading\">Passo 4: prepare os ingredientes em lotes<\/h2>\n\n\n\n<p>Uma das chaves para economizar tempo no preparo das refei\u00e7\u00f5es \u00e9 preparar os ingredientes em lotes. Lave e pique todos os vegetais que voc\u00ea ir\u00e1 utilizar nas suas receitas. Cozinhe grandes por\u00e7\u00f5es de gr\u00e3os, como arroz integral, quinoa ou cevada. Asse ou cozinhe prote\u00ednas como frango, carne ou tofu em maior quantidade. Essa etapa inicial de prepara\u00e7\u00e3o economizar\u00e1 um tempo precioso durante a semana, quando voc\u00ea s\u00f3 precisar\u00e1 montar suas refei\u00e7\u00f5es.<\/p>\n\n\n\n<h2 class=\"wp-block-heading\">Passo 5: cozinhe as refei\u00e7\u00f5es<\/h2>\n\n\n\n<p>Com os ingredientes j\u00e1 preparados, comece a cozinhar suas refei\u00e7\u00f5es seguindo as receitas que voc\u00ea escolheu. Prepare as refei\u00e7\u00f5es completas ou apenas os componentes principais que ser\u00e3o combinados ao longo da semana. Algumas ideias pr\u00e1ticas para refei\u00e7\u00f5es que se preparam bem com anteced\u00eancia incluem:<\/p>\n\n\n\n<ul class=\"wp-block-list\">\n<li><strong>Saladas em potes:<\/strong> Monte saladas em potes de vidro, colocando o molho no fundo, seguido por vegetais mais duros, gr\u00e3os, prote\u00ednas e, por \u00faltimo, as folhas verdes.<\/li>\n\n\n\n<li>**Aveia adormecida (<strong>Overnight Oats<\/strong>): Prepare potes individuais de aveia com frutas, sementes e leite (animal ou vegetal) para um caf\u00e9 da manh\u00e3 r\u00e1pido e nutritivo.<\/li>\n\n\n\n<li><strong>Marmitas de almo\u00e7o e jantar:<\/strong> Divida as refei\u00e7\u00f5es em por\u00e7\u00f5es individuais em recipientes herm\u00e9ticos, combinando prote\u00ednas, carboidratos e vegetais de forma equilibrada.<\/li>\n<\/ul>\n\n\n\n<h2 class=\"wp-block-heading\">Passo 6: armazene as refei\u00e7\u00f5es de forma segura e adequada<\/h2>\n\n\n\n<p>O armazenamento correto \u00e9 essencial para manter a qualidade e a seguran\u00e7a dos seus alimentos preparados. Utilize recipientes herm\u00e9ticos de vidro ou pl\u00e1stico para guardar as refei\u00e7\u00f5es na geladeira. Alimentos que ser\u00e3o consumidos em at\u00e9 3-4 dias podem ser refrigerados. Se voc\u00ea preparou refei\u00e7\u00f5es para toda a semana ou para mais tempo, congele as por\u00e7\u00f5es extras em recipientes adequados para freezer. Etiquete todos os recipientes com o conte\u00fado e a data de preparo para facilitar a organiza\u00e7\u00e3o e o controle do prazo de validade.<\/p>\n\n\n\n<h2 class=\"wp-block-heading\">Passo 7: varie suas refei\u00e7\u00f5es e evite a monotonia<\/h2>\n\n\n\n<p>Embora o preparo de refei\u00e7\u00f5es seja uma \u00f3tima estrat\u00e9gia, \u00e9 importante variar suas op\u00e7\u00f5es para garantir uma dieta equilibrada e evitar a monotonia. N\u00e3o tenha medo de experimentar novas receitas e incluir diferentes tipos de alimentos ao longo da semana. Voc\u00ea pode preparar diferentes tipos de prote\u00ednas, carboidratos e vegetais e combin\u00e1-los de maneiras diversas.<\/p>\n\n\n\n<h2 class=\"wp-block-heading\">Dicas extras para otimizar seu preparo de refei\u00e7\u00f5es<\/h2>\n\n\n\n<h3 class=\"wp-block-heading\">Comece pequeno e aumente gradualmente<\/h3>\n\n\n\n<p>Se voc\u00ea \u00e9 iniciante no meal prep, comece preparando refei\u00e7\u00f5es para apenas alguns dias da semana e v\u00e1 aumentando gradualmente conforme se sentir mais confort\u00e1vel.<\/p>\n\n\n\n<h3 class=\"wp-block-heading\">Invista em bons utens\u00edlios e recipientes<\/h3>\n\n\n\n<p>Utens\u00edlios de cozinha de qualidade e recipientes adequados facilitar\u00e3o o processo e garantir\u00e3o um bom armazenamento dos seus alimentos.<\/p>\n\n\n\n<h3 class=\"wp-block-heading\">Ou\u00e7a m\u00fasica ou podcasts para tornar o processo mais agrad\u00e1vel<\/h3>\n\n\n\n<p>Coloque sua playlist favorita ou um podcast interessante para tornar o tempo de preparo mais divertido.<\/p>\n\n\n\n<h3 class=\"wp-block-heading\">Envolva a fam\u00edlia no processo<\/h3>\n\n\n\n<p>Se voc\u00ea mora com outras pessoas, envolva-as no planejamento e no preparo das refei\u00e7\u00f5es. Isso pode tornar a tarefa mais colaborativa e agrad\u00e1vel.<\/p>\n\n\n\n<h3 class=\"wp-block-heading\">N\u00e3o tenha medo de adaptar as receitas<\/h3>\n\n\n\n<p>Sinta-se \u00e0 vontade para adaptar as receitas ao seu gosto e utilizar os ingredientes que voc\u00ea tem dispon\u00edveis.<\/p>\n\n\n\n<h2 class=\"wp-block-heading\">Benef\u00edcios adicionais do preparo de refei\u00e7\u00f5es para a sa\u00fade e o bem-estar<\/h2>\n\n\n\n<p>Al\u00e9m de economizar tempo e dinheiro, o preparo de refei\u00e7\u00f5es pode te ajudar a fazer escolhas alimentares mais saud\u00e1veis, controlar as por\u00e7\u00f5es, reduzir o consumo de alimentos processados e evitar o desperd\u00edcio de comida.<\/p>\n\n\n\n<h2 class=\"wp-block-heading\">O preparo de refei\u00e7\u00f5es como um investimento no seu tempo e sa\u00fade<\/h2>\n\n\n\n<p>O tempo que voc\u00ea investe no preparo das refei\u00e7\u00f5es no in\u00edcio da semana se traduz em mais tempo livre e menos estresse durante os dias corridos. Al\u00e9m disso, ao garantir que voc\u00ea tenha sempre op\u00e7\u00f5es saud\u00e1veis \u00e0 m\u00e3o, voc\u00ea estar\u00e1 investindo na sua sa\u00fade e bem-estar a longo prazo.<\/p>\n","protected":false},"excerpt":{"rendered":"<p>Na correria do dia a dia, manter uma alimenta\u00e7\u00e3o saud\u00e1vel pode parecer um desafio. Muitas vezes, acabamos recorrendo a op\u00e7\u00f5es r\u00e1pidas e pouco nutritivas por falta de tempo. O preparo de refei\u00e7\u00f5es para a semana, tamb\u00e9m conhecido como meal prep, \u00e9 uma estrat\u00e9gia eficaz para simplificar sua rotina alimentar, economizar tempo e dinheiro, reduzir o [&hellip;]<\/p>\n","protected":false},"author":11,"featured_media":12285,"comment_status":"open","ping_status":"open","sticky":false,"template":"","format":"standard","meta":{"_yoast_wpseo_focuskw":"alimenta\u00e7\u00e3o","_yoast_wpseo_title":"","_yoast_wpseo_metadesc":"Aprenda um novo m\u00e9todo pr\u00e1tico para organizar sua alimenta\u00e7\u00e3o semanal e manter uma rotina saud\u00e1vel sem complica\u00e7\u00e3o!","jnews-multi-image_gallery":[],"jnews_single_post":{"format":"standard"},"jnews_primary_category":[],"jnews_social_meta":[],"jnews_override_counter":[],"footnotes":""},"categories":[119],"post_tag":[281,1320,565],"class_list":["post-16192","post","type-post","status-publish","format-standard","has-post-thumbnail","hentry","category-bem-estar","tag-alimentacao","tag-bem-estar-2","tag-saude"],"yoast_head":"<!-- This site is optimized with the Yoast SEO plugin v24.6 - https:\/\/yoast.com\/wordpress\/plugins\/seo\/ -->\n<title>Novo m\u00e9todo de organizar a alimenta\u00e7\u00e3o da sua semana e se manter saud\u00e1vel - Correio Braziliense - Radar<\/title>\n<meta name=\"description\" content=\"Aprenda um novo m\u00e9todo pr\u00e1tico para organizar sua alimenta\u00e7\u00e3o semanal e manter uma rotina saud\u00e1vel sem complica\u00e7\u00e3o!\" \/>\n<meta name=\"robots\" content=\"index, follow, max-snippet:-1, max-image-preview:large, max-video-preview:-1\" \/>\n<link rel=\"canonical\" href=\"https:\/\/www.correiobraziliense.com.br\/cbradar\/novo-metodo-de-organizar-a-alimentacao-da-sua-semana-e-se-manter-saudavel\/\" \/>\n<meta property=\"og:locale\" content=\"pt_BR\" \/>\n<meta property=\"og:type\" content=\"article\" \/>\n<meta property=\"og:title\" content=\"Novo m\u00e9todo de organizar a alimenta\u00e7\u00e3o da sua semana e se manter saud\u00e1vel - Correio Braziliense - Radar\" \/>\n<meta property=\"og:description\" content=\"Aprenda um novo m\u00e9todo pr\u00e1tico para organizar sua alimenta\u00e7\u00e3o semanal e manter uma rotina saud\u00e1vel sem complica\u00e7\u00e3o!\" \/>\n<meta property=\"og:url\" content=\"https:\/\/www.correiobraziliense.com.br\/cbradar\/novo-metodo-de-organizar-a-alimentacao-da-sua-semana-e-se-manter-saudavel\/\" \/>\n<meta property=\"og:site_name\" content=\"Correio Braziliense - Radar\" \/>\n<meta property=\"article:published_time\" content=\"2025-03-28T14:23:00+00:00\" \/>\n<meta property=\"og:image\" content=\"https:\/\/www.correiobraziliense.com.br\/cbradar\/wp-content\/uploads\/2025\/03\/alimentos_1741899994210.jpg\" \/>\n\t<meta property=\"og:image:width\" content=\"1280\" \/>\n\t<meta property=\"og:image:height\" content=\"720\" \/>\n\t<meta property=\"og:image:type\" content=\"image\/jpeg\" \/>\n<meta name=\"author\" content=\"Paulo Custodio\" \/>\n<meta name=\"twitter:card\" content=\"summary_large_image\" \/>\n<meta name=\"twitter:label1\" content=\"Escrito por\" \/>\n\t<meta name=\"twitter:data1\" content=\"Paulo Custodio\" \/>\n\t<meta name=\"twitter:label2\" content=\"Est. tempo de leitura\" \/>\n\t<meta name=\"twitter:data2\" content=\"6 minutos\" \/>\n<!-- \/ Yoast SEO plugin. -->","yoast_head_json":{"title":"Novo m\u00e9todo de organizar a alimenta\u00e7\u00e3o da sua semana e se manter saud\u00e1vel - Correio Braziliense - Radar","description":"Aprenda um novo m\u00e9todo pr\u00e1tico para organizar sua alimenta\u00e7\u00e3o semanal e manter uma rotina saud\u00e1vel sem complica\u00e7\u00e3o!","robots":{"index":"index","follow":"follow","max-snippet":"max-snippet:-1","max-image-preview":"max-image-preview:large","max-video-preview":"max-video-preview:-1"},"canonical":"https:\/\/www.correiobraziliense.com.br\/cbradar\/novo-metodo-de-organizar-a-alimentacao-da-sua-semana-e-se-manter-saudavel\/","og_locale":"pt_BR","og_type":"article","og_title":"Novo m\u00e9todo de organizar a alimenta\u00e7\u00e3o da sua semana e se manter saud\u00e1vel - Correio Braziliense - Radar","og_description":"Aprenda um novo m\u00e9todo pr\u00e1tico para organizar sua alimenta\u00e7\u00e3o semanal e manter uma rotina saud\u00e1vel sem complica\u00e7\u00e3o!","og_url":"https:\/\/www.correiobraziliense.com.br\/cbradar\/novo-metodo-de-organizar-a-alimentacao-da-sua-semana-e-se-manter-saudavel\/","og_site_name":"Correio Braziliense - Radar","article_published_time":"2025-03-28T14:23:00+00:00","og_image":[{"width":1280,"height":720,"url":"https:\/\/www.correiobraziliense.com.br\/cbradar\/wp-content\/uploads\/2025\/03\/alimentos_1741899994210.jpg","type":"image\/jpeg"}],"author":"Paulo Custodio","twitter_card":"summary_large_image","twitter_misc":{"Escrito por":"Paulo Custodio","Est. tempo de leitura":"6 minutos"},"schema":{"@context":"https:\/\/schema.org","@graph":[{"@type":"WebPage","@id":"https:\/\/www.correiobraziliense.com.br\/cbradar\/novo-metodo-de-organizar-a-alimentacao-da-sua-semana-e-se-manter-saudavel\/","url":"https:\/\/www.correiobraziliense.com.br\/cbradar\/novo-metodo-de-organizar-a-alimentacao-da-sua-semana-e-se-manter-saudavel\/","name":"Novo m\u00e9todo de organizar a alimenta\u00e7\u00e3o da sua semana e se manter saud\u00e1vel - Correio Braziliense - Radar","isPartOf":{"@id":"https:\/\/www.correiobraziliense.com.br\/cbradar\/#website"},"primaryImageOfPage":{"@id":"https:\/\/www.correiobraziliense.com.br\/cbradar\/novo-metodo-de-organizar-a-alimentacao-da-sua-semana-e-se-manter-saudavel\/#primaryimage"},"image":{"@id":"https:\/\/www.correiobraziliense.com.br\/cbradar\/novo-metodo-de-organizar-a-alimentacao-da-sua-semana-e-se-manter-saudavel\/#primaryimage"},"thumbnailUrl":"https:\/\/www.correiobraziliense.com.br\/cbradar\/wp-content\/uploads\/2025\/03\/alimentos_1741899994210.jpg","datePublished":"2025-03-28T14:23:00+00:00","author":{"@id":"https:\/\/www.correiobraziliense.com.br\/cbradar\/#\/schema\/person\/4cec7857301a9a1a2ef249893cd908d3"},"description":"Aprenda um novo m\u00e9todo pr\u00e1tico para organizar sua alimenta\u00e7\u00e3o semanal e manter uma rotina saud\u00e1vel sem complica\u00e7\u00e3o!","breadcrumb":{"@id":"https:\/\/www.correiobraziliense.com.br\/cbradar\/novo-metodo-de-organizar-a-alimentacao-da-sua-semana-e-se-manter-saudavel\/#breadcrumb"},"inLanguage":"pt-BR","potentialAction":[{"@type":"ReadAction","target":["https:\/\/www.correiobraziliense.com.br\/cbradar\/novo-metodo-de-organizar-a-alimentacao-da-sua-semana-e-se-manter-saudavel\/"]}]},{"@type":"ImageObject","inLanguage":"pt-BR","@id":"https:\/\/www.correiobraziliense.com.br\/cbradar\/novo-metodo-de-organizar-a-alimentacao-da-sua-semana-e-se-manter-saudavel\/#primaryimage","url":"https:\/\/www.correiobraziliense.com.br\/cbradar\/wp-content\/uploads\/2025\/03\/alimentos_1741899994210.jpg","contentUrl":"https:\/\/www.correiobraziliense.com.br\/cbradar\/wp-content\/uploads\/2025\/03\/alimentos_1741899994210.jpg","width":1280,"height":720,"caption":"Alimentos - Cr\u00e9ditos: depositphotos.com \/ Baloncici"},{"@type":"BreadcrumbList","@id":"https:\/\/www.correiobraziliense.com.br\/cbradar\/novo-metodo-de-organizar-a-alimentacao-da-sua-semana-e-se-manter-saudavel\/#breadcrumb","itemListElement":[{"@type":"ListItem","position":1,"name":"In\u00edcio","item":"https:\/\/www.correiobraziliense.com.br\/cbradar\/"},{"@type":"ListItem","position":2,"name":"Novo m\u00e9todo de organizar a alimenta\u00e7\u00e3o da sua semana e se manter saud\u00e1vel"}]},{"@type":"WebSite","@id":"https:\/\/www.correiobraziliense.com.br\/cbradar\/#website","url":"https:\/\/www.correiobraziliense.com.br\/cbradar\/","name":"Correio Braziliense - Radar","description":"Acompanhe as \u00faltimas not\u00edcias e fique bem informado sobre tudo o que acontece no Brasil e no mundo.","potentialAction":[{"@type":"SearchAction","target":{"@type":"EntryPoint","urlTemplate":"https:\/\/www.correiobraziliense.com.br\/cbradar\/?s={search_term_string}"},"query-input":{"@type":"PropertyValueSpecification","valueRequired":true,"valueName":"search_term_string"}}],"inLanguage":"pt-BR"},{"@type":"Person","@id":"https:\/\/www.correiobraziliense.com.br\/cbradar\/#\/schema\/person\/4cec7857301a9a1a2ef249893cd908d3","name":"Paulo Custodio","image":{"@type":"ImageObject","inLanguage":"pt-BR","@id":"https:\/\/www.correiobraziliense.com.br\/cbradar\/#\/schema\/person\/image\/","url":"https:\/\/secure.gravatar.com\/avatar\/bcd67168d1534e8fcf4f45c726a87cea?s=96&d=mm&r=g","contentUrl":"https:\/\/secure.gravatar.com\/avatar\/bcd67168d1534e8fcf4f45c726a87cea?s=96&d=mm&r=g","caption":"Paulo Custodio"},"sameAs":["https:\/\/www.correiobraziliense.com.br\/cbradar"],"url":"https:\/\/www.correiobraziliense.com.br\/cbradar\/author\/paulomyth\/"}]}},"_links":{"self":[{"href":"https:\/\/www.correiobraziliense.com.br\/cbradar\/wp-json\/wp\/v2\/posts\/16192","targetHints":{"allow":["GET"]}}],"collection":[{"href":"https:\/\/www.correiobraziliense.com.br\/cbradar\/wp-json\/wp\/v2\/posts"}],"about":[{"href":"https:\/\/www.correiobraziliense.com.br\/cbradar\/wp-json\/wp\/v2\/types\/post"}],"author":[{"embeddable":true,"href":"https:\/\/www.correiobraziliense.com.br\/cbradar\/wp-json\/wp\/v2\/users\/11"}],"replies":[{"embeddable":true,"href":"https:\/\/www.correiobraziliense.com.br\/cbradar\/wp-json\/wp\/v2\/comments?post=16192"}],"version-history":[{"count":2,"href":"https:\/\/www.correiobraziliense.com.br\/cbradar\/wp-json\/wp\/v2\/posts\/16192\/revisions"}],"predecessor-version":[{"id":16277,"href":"https:\/\/www.correiobraziliense.com.br\/cbradar\/wp-json\/wp\/v2\/posts\/16192\/revisions\/16277"}],"wp:featuredmedia":[{"embeddable":true,"href":"https:\/\/www.correiobraziliense.com.br\/cbradar\/wp-json\/wp\/v2\/media\/12285"}],"wp:attachment":[{"href":"https:\/\/www.correiobraziliense.com.br\/cbradar\/wp-json\/wp\/v2\/media?parent=16192"}],"wp:term":[{"taxonomy":"category","embeddable":true,"href":"https:\/\/www.correiobraziliense.com.br\/cbradar\/wp-json\/wp\/v2\/categories?post=16192"},{"taxonomy":"post_tag","embeddable":true,"href":"https:\/\/www.correiobraziliense.com.br\/cbradar\/wp-json\/wp\/v2\/post_tag?post=16192"}],"curies":[{"name":"wp","href":"https:\/\/api.w.org\/{rel}","templated":true}]}}