{"id":16197,"date":"2025-03-28T19:23:00","date_gmt":"2025-03-28T22:23:00","guid":{"rendered":"https:\/\/www.correiobraziliense.com.br\/cbradar\/?p=16197"},"modified":"2025-03-27T11:07:31","modified_gmt":"2025-03-27T14:07:31","slug":"o-grupo-muscular-que-voce-precisa-fortalecer-esses-10-minutos-diarios-irao-fazer-toda-a-diferenca","status":"publish","type":"post","link":"https:\/\/www.correiobraziliense.com.br\/cbradar\/o-grupo-muscular-que-voce-precisa-fortalecer-esses-10-minutos-diarios-irao-fazer-toda-a-diferenca\/","title":{"rendered":"O grupo muscular que voc\u00ea precisa fortalecer! Esses 10 minutos di\u00e1rios ir\u00e3o fazer toda a diferen\u00e7a"},"content":{"rendered":"\n<p>O <strong><a href=\"https:\/\/pt.wikipedia.org\/wiki\/M\u00fasculo_transverso_do_abdome\" target=\"_blank\" rel=\"noreferrer noopener\">core<\/a><\/strong>, composto pelos m\u00fasculos abdominais, lombares, obl\u00edquos e do quadril, \u00e9 o centro de for\u00e7a do nosso corpo. Um core forte n\u00e3o s\u00f3 contribui para uma postura mais ereta e elegante, como tamb\u00e9m melhora o equil\u00edbrio, a estabilidade, a <a href=\"https:\/\/www.correiobraziliense.com.br\/cbradar\/faca-isso-por-60-dias-e-veja-sua-vida-mudar-drasticamente-seu-bem-estar-em-primeiro-lugar\/\" target=\"_blank\" rel=\"noreferrer noopener\">performance <\/a>em diversas atividades f\u00edsicas e auxilia na defini\u00e7\u00e3o do abd\u00f4men. Com apenas 10 minutos di\u00e1rios, voc\u00ea pode realizar uma rotina eficaz para fortalecer o seu core no conforto da sua casa, sem a necessidade de equipamentos.<\/p>\n\n\n\n<h2 class=\"wp-block-heading\">Aquecimento (1 minuto): ativa\u00e7\u00e3o muscular suave<\/h2>\n\n\n\n<p>Antes de iniciar os exerc\u00edcios mais intensos, \u00e9 importante preparar o corpo com um breve aquecimento para aumentar o fluxo sangu\u00edneo e ativar a musculatura.<\/p>\n\n\n<div class=\"wp-block-image\">\n<figure class=\"aligncenter size-large\"><img decoding=\"async\" width=\"1024\" height=\"576\" src=\"https:\/\/www.correiobraziliense.com.br\/cbradar\/wp-content\/uploads\/2025\/03\/aquecimento-muscular_1743081367168-1024x576.jpg\" alt=\"O grupo muscular que voc\u00ea precisa fortalecer! Esses 10 minutos di\u00e1rios ir\u00e3o fazer toda a diferen\u00e7a\" class=\"wp-image-16323\" srcset=\"https:\/\/www.correiobraziliense.com.br\/cbradar\/wp-content\/uploads\/2025\/03\/aquecimento-muscular_1743081367168-1024x576.jpg 1024w, https:\/\/www.correiobraziliense.com.br\/cbradar\/wp-content\/uploads\/2025\/03\/aquecimento-muscular_1743081367168-300x169.jpg 300w, https:\/\/www.correiobraziliense.com.br\/cbradar\/wp-content\/uploads\/2025\/03\/aquecimento-muscular_1743081367168-768x432.jpg 768w, https:\/\/www.correiobraziliense.com.br\/cbradar\/wp-content\/uploads\/2025\/03\/aquecimento-muscular_1743081367168-750x422.jpg 750w, https:\/\/www.correiobraziliense.com.br\/cbradar\/wp-content\/uploads\/2025\/03\/aquecimento-muscular_1743081367168-1140x641.jpg 1140w, https:\/\/www.correiobraziliense.com.br\/cbradar\/wp-content\/uploads\/2025\/03\/aquecimento-muscular_1743081367168.jpg 1280w\" sizes=\"(max-width: 1024px) 100vw, 1024px\" \/><figcaption class=\"wp-element-caption\">Aquecimento &#8211; Cr\u00e9ditos: depositphotos.com \/ MilanMarkovic<\/figcaption><\/figure><\/div>\n\n\n<h3 class=\"wp-block-heading\">C\u00edrculos com os bra\u00e7os<\/h3>\n\n\n\n<p>Fique em p\u00e9 com os bra\u00e7os relaxados ao lado do corpo. Fa\u00e7a movimentos circulares amplos com os bra\u00e7os para a frente por 30 segundos e, em seguida, para tr\u00e1s por mais 30 segundos.<\/p>\n\n\n\n<h3 class=\"wp-block-heading\">Inclina\u00e7\u00e3o lateral do tronco<\/h3>\n\n\n\n<p>Em p\u00e9, com os p\u00e9s afastados na largura dos ombros e as m\u00e3os na cintura, incline o tronco lentamente para a direita, deslizando a m\u00e3o pela lateral da perna. Retorne \u00e0 posi\u00e7\u00e3o inicial e repita para o lado esquerdo. Fa\u00e7a 5 repeti\u00e7\u00f5es para cada lado.<\/p>\n\n\n\n<h2 class=\"wp-block-heading\">Rotina de 10 minutos para fortalecer o core<\/h2>\n\n\n\n<p>Realize cada exerc\u00edcio por 45 segundos, seguido de 15 segundos de descanso para a transi\u00e7\u00e3o. Repita a sequ\u00eancia duas vezes.<\/p>\n\n\n\n<h3 class=\"wp-block-heading\">Prancha (<strong>Plank<\/strong>)<\/h3>\n\n\n\n<p>Deite-se de bru\u00e7os com os antebra\u00e7os apoiados no ch\u00e3o, na largura dos ombros. Eleve o corpo, apoiando-se nos antebra\u00e7os e nas pontas dos p\u00e9s, mantendo o corpo reto da cabe\u00e7a aos calcanhares. Contraia o abd\u00f4men e gl\u00fateos. Para iniciantes, apoiar os joelhos no ch\u00e3o \u00e9 uma boa adapta\u00e7\u00e3o. Para avan\u00e7ados, tente levantar uma perna de cada vez por alguns segundos.<\/p>\n\n\n\n<h3 class=\"wp-block-heading\">Prancha lateral (<strong>Side Plank<\/strong>)<\/h3>\n\n\n\n<p>Deite-se de lado com as pernas estendidas, uma sobre a outra. Apoie-se no antebra\u00e7o do bra\u00e7o de baixo, elevando o quadril do ch\u00e3o e mantendo o corpo reto. O bra\u00e7o de cima pode ficar estendido para o teto ou apoiado na cintura. Mantenha a posi\u00e7\u00e3o por 45 segundos e repita para o outro lado.<\/p>\n\n\n\n<h3 class=\"wp-block-heading\">Bicicleta (<strong>Bicycle Crunches<\/strong>)<\/h3>\n\n\n\n<p>Deite-se de costas com as m\u00e3os atr\u00e1s da cabe\u00e7a e os joelhos flexionados a 90 graus. Leve o cotovelo direito em dire\u00e7\u00e3o ao joelho esquerdo, enquanto estende a perna direita. Alterne o movimento, levando o cotovelo esquerdo em dire\u00e7\u00e3o ao joelho direito e estendendo a perna esquerda. Mantenha um ritmo constante e controlado.<\/p>\n\n\n\n<h3 class=\"wp-block-heading\">Eleva\u00e7\u00e3o de pernas (<strong>Leg Raises<\/strong>)<\/h3>\n\n\n\n<p>Deite-se de costas com as pernas estendidas e os bra\u00e7os ao lado do corpo ou sob os gl\u00fateos para apoio. Eleve as pernas retas em dire\u00e7\u00e3o ao teto, mantendo a parte inferior das costas pressionada contra o ch\u00e3o. Abaixe as pernas lentamente, sem deix\u00e1-las tocar o ch\u00e3o.<\/p>\n\n\n\n<h3 class=\"wp-block-heading\">Ponte (<strong>Glute Bridge<\/strong>)<\/h3>\n\n\n\n<p>Deite-se de costas com os joelhos flexionados e os p\u00e9s apoiados no ch\u00e3o, na largura dos ombros. Contraia os gl\u00fateos e eleve o quadril do ch\u00e3o, mantendo os ombros e a cabe\u00e7a apoiados. Mantenha a posi\u00e7\u00e3o por alguns segundos e abaixe lentamente.<\/p>\n\n\n\n<h3 class=\"wp-block-heading\">Superman<\/h3>\n\n\n\n<p>Deite-se de bru\u00e7os com os bra\u00e7os estendidos \u00e0 frente do corpo e as pernas esticadas. Eleve simultaneamente os bra\u00e7os, o peito e as pernas do ch\u00e3o, mantendo a contra\u00e7\u00e3o dos m\u00fasculos lombares e gl\u00fateos. Mantenha a posi\u00e7\u00e3o por alguns segundos e abaixe lentamente.<\/p>\n\n\n\n<h2 class=\"wp-block-heading\">Resfriamento (1 minuto): alongamento leve<\/h2>\n\n\n\n<p>Ap\u00f3s o treino, alongue suavemente os m\u00fasculos trabalhados para ajudar na recupera\u00e7\u00e3o e aumentar a flexibilidade.<\/p>\n\n\n\n<h3 class=\"wp-block-heading\">Alongamento da cobra (<strong>Cobra Pose<\/strong>)<\/h3>\n\n\n\n<p>Deite-se de bru\u00e7os com as m\u00e3os apoiadas no ch\u00e3o, abaixo dos ombros. Empurre o ch\u00e3o com as m\u00e3os, elevando o peito e a cabe\u00e7a, mantendo a regi\u00e3o lombar relaxada.<\/p>\n\n\n\n<h3 class=\"wp-block-heading\">Postura da crian\u00e7a (<strong>Child&#8217;s Pose<\/strong>)<\/h3>\n\n\n\n<p>Comece em quatro apoios (m\u00e3os e joelhos no ch\u00e3o). Sente-se sobre os calcanhares e incline o tronco para a frente, levando a testa em dire\u00e7\u00e3o ao ch\u00e3o. Estenda os bra\u00e7os para a frente ou ao longo do corpo, com as palmas das m\u00e3os voltadas para cima. Relaxe completamente nessa postura.<\/p>\n\n\n\n<h2 class=\"wp-block-heading\">Dicas importantes para uma rotina de core segura e eficaz<\/h2>\n\n\n\n<h3 class=\"wp-block-heading\">Mantenha a postura correta durante os exerc\u00edcios<\/h3>\n\n\n\n<p>A postura correta \u00e9 fundamental para trabalhar os m\u00fasculos do core de forma eficaz e evitar les\u00f5es. Mantenha a coluna reta e o abd\u00f4men contra\u00eddo durante todos os exerc\u00edcios.<\/p>\n\n\n\n<h3 class=\"wp-block-heading\">Concentre-se na qualidade do movimento, n\u00e3o na quantidade<\/h3>\n\n\n\n<p>\u00c9 mais importante realizar os exerc\u00edcios com a t\u00e9cnica correta do que fazer muitas repeti\u00e7\u00f5es com a postura inadequada.<\/p>\n\n\n\n<h3 class=\"wp-block-heading\">Respire de forma constante e controlada<\/h3>\n\n\n\n<p>N\u00e3o prenda a respira\u00e7\u00e3o durante os exerc\u00edcios. Respire de forma lenta e profunda para manter o corpo oxigenado.<\/p>\n\n\n\n<h3 class=\"wp-block-heading\">Adapte os exerc\u00edcios ao seu n\u00edvel de condicionamento<\/h3>\n\n\n\n<p>Se voc\u00ea \u00e9 iniciante, comece com as varia\u00e7\u00f5es mais f\u00e1ceis dos exerc\u00edcios e aumente a dificuldade gradualmente.<\/p>\n\n\n\n<h3 class=\"wp-block-heading\">Seja consistente e pratique regularmente<\/h3>\n\n\n\n<p>Para obter resultados vis\u00edveis, \u00e9 importante ser consistente e praticar essa rotina de core pelo menos 3-4 vezes por semana.<\/p>\n\n\n\n<h2 class=\"wp-block-heading\">Benef\u00edcios de um core forte para a sua sa\u00fade e bem-estar<\/h2>\n\n\n\n<p>Um core forte contribui para uma melhor postura, al\u00edvio de dores nas costas, melhora do equil\u00edbrio e da estabilidade, maior efici\u00eancia nos movimentos e um abd\u00f4men mais definido.<\/p>\n\n\n\n<h2 class=\"wp-block-heading\">Integrando esta rotina \u00e0 sua semana de treinos<\/h2>\n\n\n\n<p>Voc\u00ea pode incluir esta rotina de core no final dos seus treinos de for\u00e7a ou cardio, ou realiz\u00e1-la em dias separados.<\/p>\n\n\n\n<h2 class=\"wp-block-heading\">A import\u00e2ncia da paci\u00eancia e da persist\u00eancia para resultados vis\u00edveis<\/h2>\n\n\n\n<p>A defini\u00e7\u00e3o do abd\u00f4men e a melhora da postura levam tempo e consist\u00eancia. Seja paciente e continue praticando regularmente para alcan\u00e7ar seus objetivos.<\/p>\n","protected":false},"excerpt":{"rendered":"<p>O core, composto pelos m\u00fasculos abdominais, lombares, obl\u00edquos e do quadril, \u00e9 o centro de for\u00e7a do nosso corpo. Um core forte n\u00e3o s\u00f3 contribui para uma postura mais ereta e elegante, como tamb\u00e9m melhora o equil\u00edbrio, a estabilidade, a performance em diversas atividades f\u00edsicas e auxilia na defini\u00e7\u00e3o do abd\u00f4men. Com apenas 10 minutos [&hellip;]<\/p>\n","protected":false},"author":11,"featured_media":16322,"comment_status":"open","ping_status":"open","sticky":false,"template":"","format":"standard","meta":{"_yoast_wpseo_focuskw":"Musculo","_yoast_wpseo_title":"","_yoast_wpseo_metadesc":"Descubra qual grupo muscular fortalecer e como 10 minutos di\u00e1rios de treino podem transformar sua resist\u00eancia, postura e bem-estar!","jnews-multi-image_gallery":[],"jnews_single_post":{"format":"standard"},"jnews_primary_category":[],"jnews_social_meta":[],"jnews_override_counter":[],"footnotes":""},"categories":[119],"tags":[1320,1571,565],"class_list":["post-16197","post","type-post","status-publish","format-standard","has-post-thumbnail","hentry","category-bem-estar","tag-bem-estar-2","tag-musculos","tag-saude"],"yoast_head":"<!-- This site is optimized with the Yoast SEO plugin v24.6 - https:\/\/yoast.com\/wordpress\/plugins\/seo\/ -->\n<title>O grupo muscular que voc\u00ea precisa fortalecer! Esses 10 minutos di\u00e1rios ir\u00e3o fazer toda a diferen\u00e7a - Correio Braziliense - Radar<\/title>\n<meta name=\"description\" content=\"Descubra qual grupo muscular fortalecer e como 10 minutos di\u00e1rios de treino podem transformar sua resist\u00eancia, postura e bem-estar!\" \/>\n<meta name=\"robots\" content=\"index, follow, max-snippet:-1, max-image-preview:large, max-video-preview:-1\" \/>\n<link rel=\"canonical\" href=\"https:\/\/www.correiobraziliense.com.br\/cbradar\/o-grupo-muscular-que-voce-precisa-fortalecer-esses-10-minutos-diarios-irao-fazer-toda-a-diferenca\/\" \/>\n<meta property=\"og:locale\" content=\"pt_BR\" \/>\n<meta property=\"og:type\" content=\"article\" \/>\n<meta property=\"og:title\" content=\"O grupo muscular que voc\u00ea precisa fortalecer! Esses 10 minutos di\u00e1rios ir\u00e3o fazer toda a diferen\u00e7a - Correio Braziliense - Radar\" \/>\n<meta property=\"og:description\" content=\"Descubra qual grupo muscular fortalecer e como 10 minutos di\u00e1rios de treino podem transformar sua resist\u00eancia, postura e bem-estar!\" \/>\n<meta property=\"og:url\" content=\"https:\/\/www.correiobraziliense.com.br\/cbradar\/o-grupo-muscular-que-voce-precisa-fortalecer-esses-10-minutos-diarios-irao-fazer-toda-a-diferenca\/\" \/>\n<meta property=\"og:site_name\" content=\"Correio Braziliense - Radar\" \/>\n<meta property=\"article:published_time\" content=\"2025-03-28T22:23:00+00:00\" \/>\n<meta property=\"og:image\" content=\"https:\/\/www.correiobraziliense.com.br\/cbradar\/wp-content\/uploads\/2025\/03\/musculos-core_1743081310498.jpg\" \/>\n\t<meta property=\"og:image:width\" content=\"1280\" \/>\n\t<meta property=\"og:image:height\" content=\"720\" \/>\n\t<meta property=\"og:image:type\" content=\"image\/jpeg\" \/>\n<meta name=\"author\" content=\"Paulo Custodio\" \/>\n<meta name=\"twitter:card\" content=\"summary_large_image\" \/>\n<meta name=\"twitter:label1\" content=\"Escrito por\" \/>\n\t<meta name=\"twitter:data1\" content=\"Paulo Custodio\" \/>\n\t<meta name=\"twitter:label2\" content=\"Est. tempo de leitura\" \/>\n\t<meta name=\"twitter:data2\" content=\"6 minutos\" \/>\n<!-- \/ Yoast SEO plugin. -->","yoast_head_json":{"title":"O grupo muscular que voc\u00ea precisa fortalecer! Esses 10 minutos di\u00e1rios ir\u00e3o fazer toda a diferen\u00e7a - Correio Braziliense - Radar","description":"Descubra qual grupo muscular fortalecer e como 10 minutos di\u00e1rios de treino podem transformar sua resist\u00eancia, postura e bem-estar!","robots":{"index":"index","follow":"follow","max-snippet":"max-snippet:-1","max-image-preview":"max-image-preview:large","max-video-preview":"max-video-preview:-1"},"canonical":"https:\/\/www.correiobraziliense.com.br\/cbradar\/o-grupo-muscular-que-voce-precisa-fortalecer-esses-10-minutos-diarios-irao-fazer-toda-a-diferenca\/","og_locale":"pt_BR","og_type":"article","og_title":"O grupo muscular que voc\u00ea precisa fortalecer! Esses 10 minutos di\u00e1rios ir\u00e3o fazer toda a diferen\u00e7a - Correio Braziliense - Radar","og_description":"Descubra qual grupo muscular fortalecer e como 10 minutos di\u00e1rios de treino podem transformar sua resist\u00eancia, postura e bem-estar!","og_url":"https:\/\/www.correiobraziliense.com.br\/cbradar\/o-grupo-muscular-que-voce-precisa-fortalecer-esses-10-minutos-diarios-irao-fazer-toda-a-diferenca\/","og_site_name":"Correio Braziliense - Radar","article_published_time":"2025-03-28T22:23:00+00:00","og_image":[{"width":1280,"height":720,"url":"https:\/\/www.correiobraziliense.com.br\/cbradar\/wp-content\/uploads\/2025\/03\/musculos-core_1743081310498.jpg","type":"image\/jpeg"}],"author":"Paulo Custodio","twitter_card":"summary_large_image","twitter_misc":{"Escrito por":"Paulo Custodio","Est. tempo de leitura":"6 minutos"},"schema":{"@context":"https:\/\/schema.org","@graph":[{"@type":"WebPage","@id":"https:\/\/www.correiobraziliense.com.br\/cbradar\/o-grupo-muscular-que-voce-precisa-fortalecer-esses-10-minutos-diarios-irao-fazer-toda-a-diferenca\/","url":"https:\/\/www.correiobraziliense.com.br\/cbradar\/o-grupo-muscular-que-voce-precisa-fortalecer-esses-10-minutos-diarios-irao-fazer-toda-a-diferenca\/","name":"O grupo muscular que voc\u00ea precisa fortalecer! Esses 10 minutos di\u00e1rios ir\u00e3o fazer toda a diferen\u00e7a - Correio Braziliense - Radar","isPartOf":{"@id":"https:\/\/www.correiobraziliense.com.br\/cbradar\/#website"},"primaryImageOfPage":{"@id":"https:\/\/www.correiobraziliense.com.br\/cbradar\/o-grupo-muscular-que-voce-precisa-fortalecer-esses-10-minutos-diarios-irao-fazer-toda-a-diferenca\/#primaryimage"},"image":{"@id":"https:\/\/www.correiobraziliense.com.br\/cbradar\/o-grupo-muscular-que-voce-precisa-fortalecer-esses-10-minutos-diarios-irao-fazer-toda-a-diferenca\/#primaryimage"},"thumbnailUrl":"https:\/\/www.correiobraziliense.com.br\/cbradar\/wp-content\/uploads\/2025\/03\/musculos-core_1743081310498.jpg","datePublished":"2025-03-28T22:23:00+00:00","author":{"@id":"https:\/\/www.correiobraziliense.com.br\/cbradar\/#\/schema\/person\/4cec7857301a9a1a2ef249893cd908d3"},"description":"Descubra qual grupo muscular fortalecer e como 10 minutos di\u00e1rios de treino podem transformar sua resist\u00eancia, postura e bem-estar!","breadcrumb":{"@id":"https:\/\/www.correiobraziliense.com.br\/cbradar\/o-grupo-muscular-que-voce-precisa-fortalecer-esses-10-minutos-diarios-irao-fazer-toda-a-diferenca\/#breadcrumb"},"inLanguage":"pt-BR","potentialAction":[{"@type":"ReadAction","target":["https:\/\/www.correiobraziliense.com.br\/cbradar\/o-grupo-muscular-que-voce-precisa-fortalecer-esses-10-minutos-diarios-irao-fazer-toda-a-diferenca\/"]}]},{"@type":"ImageObject","inLanguage":"pt-BR","@id":"https:\/\/www.correiobraziliense.com.br\/cbradar\/o-grupo-muscular-que-voce-precisa-fortalecer-esses-10-minutos-diarios-irao-fazer-toda-a-diferenca\/#primaryimage","url":"https:\/\/www.correiobraziliense.com.br\/cbradar\/wp-content\/uploads\/2025\/03\/musculos-core_1743081310498.jpg","contentUrl":"https:\/\/www.correiobraziliense.com.br\/cbradar\/wp-content\/uploads\/2025\/03\/musculos-core_1743081310498.jpg","width":1280,"height":720,"caption":"M\u00fasculos - Cr\u00e9ditos: depositphotos.com \/ tigran.gasparyan.m"},{"@type":"BreadcrumbList","@id":"https:\/\/www.correiobraziliense.com.br\/cbradar\/o-grupo-muscular-que-voce-precisa-fortalecer-esses-10-minutos-diarios-irao-fazer-toda-a-diferenca\/#breadcrumb","itemListElement":[{"@type":"ListItem","position":1,"name":"In\u00edcio","item":"https:\/\/www.correiobraziliense.com.br\/cbradar\/"},{"@type":"ListItem","position":2,"name":"O grupo muscular que voc\u00ea precisa fortalecer! Esses 10 minutos di\u00e1rios ir\u00e3o fazer toda a diferen\u00e7a"}]},{"@type":"WebSite","@id":"https:\/\/www.correiobraziliense.com.br\/cbradar\/#website","url":"https:\/\/www.correiobraziliense.com.br\/cbradar\/","name":"Correio Braziliense - Radar","description":"Acompanhe as \u00faltimas not\u00edcias e fique bem informado sobre tudo o que acontece no Brasil e no mundo.","potentialAction":[{"@type":"SearchAction","target":{"@type":"EntryPoint","urlTemplate":"https:\/\/www.correiobraziliense.com.br\/cbradar\/?s={search_term_string}"},"query-input":{"@type":"PropertyValueSpecification","valueRequired":true,"valueName":"search_term_string"}}],"inLanguage":"pt-BR"},{"@type":"Person","@id":"https:\/\/www.correiobraziliense.com.br\/cbradar\/#\/schema\/person\/4cec7857301a9a1a2ef249893cd908d3","name":"Paulo Custodio","image":{"@type":"ImageObject","inLanguage":"pt-BR","@id":"https:\/\/www.correiobraziliense.com.br\/cbradar\/#\/schema\/person\/image\/","url":"https:\/\/secure.gravatar.com\/avatar\/bcd67168d1534e8fcf4f45c726a87cea?s=96&d=mm&r=g","contentUrl":"https:\/\/secure.gravatar.com\/avatar\/bcd67168d1534e8fcf4f45c726a87cea?s=96&d=mm&r=g","caption":"Paulo Custodio"},"sameAs":["https:\/\/www.correiobraziliense.com.br\/cbradar"],"url":"https:\/\/www.correiobraziliense.com.br\/cbradar\/author\/paulomyth\/"}]}},"_links":{"self":[{"href":"https:\/\/www.correiobraziliense.com.br\/cbradar\/wp-json\/wp\/v2\/posts\/16197","targetHints":{"allow":["GET"]}}],"collection":[{"href":"https:\/\/www.correiobraziliense.com.br\/cbradar\/wp-json\/wp\/v2\/posts"}],"about":[{"href":"https:\/\/www.correiobraziliense.com.br\/cbradar\/wp-json\/wp\/v2\/types\/post"}],"author":[{"embeddable":true,"href":"https:\/\/www.correiobraziliense.com.br\/cbradar\/wp-json\/wp\/v2\/users\/11"}],"replies":[{"embeddable":true,"href":"https:\/\/www.correiobraziliense.com.br\/cbradar\/wp-json\/wp\/v2\/comments?post=16197"}],"version-history":[{"count":2,"href":"https:\/\/www.correiobraziliense.com.br\/cbradar\/wp-json\/wp\/v2\/posts\/16197\/revisions"}],"predecessor-version":[{"id":16347,"href":"https:\/\/www.correiobraziliense.com.br\/cbradar\/wp-json\/wp\/v2\/posts\/16197\/revisions\/16347"}],"wp:featuredmedia":[{"embeddable":true,"href":"https:\/\/www.correiobraziliense.com.br\/cbradar\/wp-json\/wp\/v2\/media\/16322"}],"wp:attachment":[{"href":"https:\/\/www.correiobraziliense.com.br\/cbradar\/wp-json\/wp\/v2\/media?parent=16197"}],"wp:term":[{"taxonomy":"category","embeddable":true,"href":"https:\/\/www.correiobraziliense.com.br\/cbradar\/wp-json\/wp\/v2\/categories?post=16197"},{"taxonomy":"post_tag","embeddable":true,"href":"https:\/\/www.correiobraziliense.com.br\/cbradar\/wp-json\/wp\/v2\/tags?post=16197"}],"curies":[{"name":"wp","href":"https:\/\/api.w.org\/{rel}","templated":true}]}}