{"id":162274,"date":"2025-12-25T08:45:00","date_gmt":"2025-12-25T11:45:00","guid":{"rendered":"https:\/\/www.correiobraziliense.com.br\/cbradar\/?p=162274"},"modified":"2025-12-24T21:47:13","modified_gmt":"2025-12-25T00:47:13","slug":"por-que-onibus-nao-muda-no-plural-e-isso-faz-todo-sentido","status":"publish","type":"post","link":"https:\/\/www.correiobraziliense.com.br\/cbradar\/por-que-onibus-nao-muda-no-plural-e-isso-faz-todo-sentido\/","title":{"rendered":"Por que \u201c\u00f4nibus\u201d n\u00e3o muda no plural, e isso faz todo sentido"},"content":{"rendered":"\n<p>Quem aprende portugu\u00eas costuma estranhar que a palavra <strong>\u00f4nibus<\/strong> permane\u00e7a igual no singular e no plural. Enquanto <strong>carro<\/strong> vira <strong>carros<\/strong> e <strong>avi\u00e3o<\/strong> vira <strong>avi\u00f5es<\/strong>, <strong>\u00f4nibus<\/strong> atende tanto para um ve\u00edculo quanto para muitos, o que n\u00e3o \u00e9 um erro nem uma exce\u00e7\u00e3o sem l\u00f3gica, mas resultado da <strong>origem hist\u00f3rica<\/strong> do termo e da forma como o portugu\u00eas incorporou palavras vindas do <strong>latim<\/strong> e de outras l\u00ednguas.<\/p>\n\n\n\n<h2 class=\"wp-block-heading\">Por que o plural de \u201c\u00f4nibus\u201d \u00e9 invari\u00e1vel em portugu\u00eas<\/h2>\n\n\n\n<p>Na pr\u00e1tica, o uso mostra que a l\u00edngua aceita sem dificuldade essa <strong>invariabilidade<\/strong>. Em frases do dia a dia, como \u201co \u00f4nibus est\u00e1 cheio\u201d e \u201cos \u00f4nibus est\u00e3o cheios\u201d, a diferen\u00e7a de n\u00famero \u00e9 marcada apenas pelo <strong>artigo<\/strong> e pelos <strong>adjetivos<\/strong> que acompanham o substantivo, sem prejudicar a clareza da mensagem.<\/p>\n\n\n\n<p>A forma plural de <strong>\u00f4nibus<\/strong> segue uma regra aplicada a alguns substantivos terminados em <em>-us<\/em>. Em vez de acrescentar um \u201cs\u201d extra, o portugu\u00eas mant\u00e9m a mesma grafia e altera apenas os elementos ao redor: s\u00e3o eles que sinalizam se se trata de <strong>um \u00f4nibus<\/strong> ou de <strong>v\u00e1rios \u00f4nibus<\/strong>.<\/p>\n\n\n\n<p>Para aprofundarmos no tema, trouxemos o v\u00eddeo do Professor Noslen:<\/p>\n\n\n\n<blockquote class=\"tiktok-embed\" cite=\"https:\/\/www.tiktok.com\/@professornoslen\/video\/7258382785981795589\" data-video-id=\"7258382785981795589\" style=\"max-width: 605px;min-width: 325px;\" > <section> <a target=\"_blank\" title=\"@professornoslen\" href=\"https:\/\/www.tiktok.com\/@professornoslen?refer=embed\">@professornoslen<\/a> Respondendo a @gabriel Respodendo a pergunta de voc\u00eas: Qual o plural de \u00f4nibus? \ud83d\ude8c\ud83d\ude8c A resposta \u00e9 simples: o plural de \u00f4nibus \u00e9 \u00f4nibus mesmo, ou seja, n\u00e3o muda nada! \ud83d\ude04 Por qu\u00ea? Vem comigo que eu te explico! Aproveita e compartilha essa curiosidade com seus amigos! <a title=\"professornoslen\" target=\"_blank\" href=\"https:\/\/www.tiktok.com\/tag\/professornoslen?refer=embed\">#professornoslen<\/a> <a title=\"linguaportuguesa\" target=\"_blank\" href=\"https:\/\/www.tiktok.com\/tag\/linguaportuguesa?refer=embed\">#linguaportuguesa<\/a> <a title=\"aprendanotiktok\" target=\"_blank\" href=\"https:\/\/www.tiktok.com\/tag\/aprendanotiktok?refer=embed\">#aprendanotiktok<\/a> <a title=\"plural\" target=\"_blank\" href=\"https:\/\/www.tiktok.com\/tag\/plural?refer=embed\">#plural<\/a> <a title=\"\u00f4nibus\" target=\"_blank\" href=\"https:\/\/www.tiktok.com\/tag\/%C3%B4nibus?refer=embed\">#\u00f4nibus<\/a> <a target=\"_blank\" title=\"\u266c som original - professornoslen\" href=\"https:\/\/www.tiktok.com\/music\/som-original-7258382805762837253?refer=embed\">\u266c som original &#8211; professornoslen<\/a> <\/section> <\/blockquote> <script async src=\"https:\/\/www.tiktok.com\/embed.js\"><\/script>\n\n\n\n<h2 class=\"wp-block-heading\">Como funciona a classifica\u00e7\u00e3o gramatical de \u201c\u00f4nibus\u201d<\/h2>\n\n\n\n<p>Do ponto de vista gramatical, <strong>\u00f4nibus<\/strong> \u00e9 um substantivo de <strong>plural invari\u00e1vel na forma escrita<\/strong>. H\u00e1 outros casos semelhantes na l\u00edngua, como <strong>l\u00e1pis<\/strong> e <strong>t\u00f3rax<\/strong>, que tamb\u00e9m preservam a grafia do singular no plural, apoiando-se no contexto para indicar o n\u00famero.<\/p>\n\n\n\n<p>A l\u00f3gica \u00e9 a mesma: a termina\u00e7\u00e3o \u00e9 interpretada como parte fixa da palavra e a marca de plural aparece em outros termos da ora\u00e7\u00e3o. Por isso, dizer <strong>\u201c\u00f4nibuses\u201d<\/strong> \u00e9 considerado inadequado em portugu\u00eas padr\u00e3o e costuma ser evitado em contextos formais e acad\u00eamicos.<\/p>\n\n\n\n<h2 class=\"wp-block-heading\">Qual \u00e9 a origem latina de \u201c\u00f4nibus\u201d e o sentido de \u201comnibus\u201d<\/h2>\n\n\n\n<p>A palavra <strong>\u00f4nibus<\/strong> vem do latim <em>omnibus<\/em>, que significa literalmente <strong>\u201cpara todos\u201d<\/strong> ou <strong>\u201ca todos\u201d<\/strong>. Em latim, <em>omnis<\/em> quer dizer \u201ctodo, cada\u201d e <em>omnibus<\/em> \u00e9 a forma dativo\/ablativo plural, usada em constru\u00e7\u00f5es como \u201cdar algo a todos\u201d ou \u201cviajar por todos os lugares\u201d.<\/p>\n\n\n\n<p>No s\u00e9culo XIX, esse termo passou a ser usado em franc\u00eas e em ingl\u00eas para designar um tipo de <strong>carruagem p\u00fablica coletiva<\/strong>, criada para transportar v\u00e1rias pessoas ao mesmo tempo. Com o tempo, a palavra se difundiu pela Europa, chegou ao portugu\u00eas e foi adaptada \u00e0 fon\u00e9tica do idioma, surgindo a forma <strong>\u00f4nibus<\/strong>, com acento e pron\u00fancia pr\u00f3prias.<\/p>\n\n\n\n<div>\n<h2>O que a etimologia revela sobre o significado de \u201c\u00f4nibus\u201d<\/h2>\n<p><strong>Etimologia<\/strong> \u00e9 o estudo da origem e da hist\u00f3ria das palavras e, no caso de <strong>\u00f4nibus<\/strong>, esse olhar ajuda a entender por que o termo combina t\u00e3o bem com o tipo de transporte que designa. A seguir, alguns pontos resumem essa trajet\u00f3ria etimol\u00f3gica e seu v\u00ednculo com a ideia de uso coletivo.<\/p>\n<ul>\n<li><strong>Latim \u201comnibus\u201d<\/strong>: forma que significa \u201cpara todos\u201d, \u201ca todos\u201d.<\/li>\n<li><strong>Uso em servi\u00e7os p\u00fablicos<\/strong>: passou a nomear carruagens coletivas nas cidades europeias do s\u00e9culo XIX.<\/li>\n<li><strong>Chegada ao portugu\u00eas<\/strong>: o termo foi incorporado e adaptado como \u201c\u00f4nibus\u201d, mantendo a ideia de servi\u00e7o coletivo.<\/li>\n<li><strong>Sentido atual<\/strong>: remete a um meio de transporte acess\u00edvel a diferentes grupos sociais, refor\u00e7ando a no\u00e7\u00e3o de uso comum.<\/li>\n<\/ul>\n<p>Essa trajet\u00f3ria mostra que a palavra n\u00e3o surgiu ao acaso: o nome escolhido carrega, desde a origem, a no\u00e7\u00e3o de <strong>deslocamento compartilhado<\/strong> e <strong>servi\u00e7o p\u00fablico<\/strong>, aproximando o significado hist\u00f3rico do funcionamento do transporte moderno.<\/p>\n<\/div>\n\n\n\n<figure class=\"wp-block-image size-large\"><img decoding=\"async\" width=\"1024\" height=\"576\" src=\"https:\/\/www.correiobraziliense.com.br\/cbradar\/wp-content\/uploads\/2025\/12\/\u2705-BANNER-MYTH-2025-12-24T112210.939-1024x576.png\" alt=\"Por que \u201c\u00f4nibus\u201d n\u00e3o muda no plural, e isso faz todo sentido\" class=\"wp-image-162279\" srcset=\"https:\/\/www.correiobraziliense.com.br\/cbradar\/wp-content\/uploads\/2025\/12\/\u2705-BANNER-MYTH-2025-12-24T112210.939-1024x576.png 1024w, https:\/\/www.correiobraziliense.com.br\/cbradar\/wp-content\/uploads\/2025\/12\/\u2705-BANNER-MYTH-2025-12-24T112210.939-300x169.png 300w, https:\/\/www.correiobraziliense.com.br\/cbradar\/wp-content\/uploads\/2025\/12\/\u2705-BANNER-MYTH-2025-12-24T112210.939-768x432.png 768w, https:\/\/www.correiobraziliense.com.br\/cbradar\/wp-content\/uploads\/2025\/12\/\u2705-BANNER-MYTH-2025-12-24T112210.939-750x422.png 750w, https:\/\/www.correiobraziliense.com.br\/cbradar\/wp-content\/uploads\/2025\/12\/\u2705-BANNER-MYTH-2025-12-24T112210.939-1140x641.png 1140w, https:\/\/www.correiobraziliense.com.br\/cbradar\/wp-content\/uploads\/2025\/12\/\u2705-BANNER-MYTH-2025-12-24T112210.939.png 1280w\" sizes=\"(max-width: 1024px) 100vw, 1024px\" \/><figcaption class=\"wp-element-caption\">Descubra o encanto de &#8220;\u00f4nibus&#8221;: uma s\u00f3 palavra une um ve\u00edculo ou frota, heran\u00e7a latina que inspira unidade!<\/figcaption><\/figure>\n\n\n\n<h2 class=\"wp-block-heading\">Como identificar o plural de \u201c\u00f4nibus\u201d no uso cotidiano<\/h2>\n\n\n\n<p>Na l\u00edngua falada e escrita, o plural de <strong>\u00f4nibus<\/strong> \u00e9 identificado por outros elementos da frase. Em contextos formais, como <strong>reda\u00e7\u00f5es<\/strong>, <strong>provas<\/strong> e <strong>textos jornal\u00edsticos<\/strong>, observar cuidadosamente a concord\u00e2ncia ajuda a evitar d\u00favidas e garantir corre\u00e7\u00e3o gramatical.<\/p>\n\n\n\n<p>Alguns pontos ajudam a reconhecer o plural de forma imediata e a perceber como o sistema de concord\u00e2ncia compensa a forma fixa do substantivo:<\/p>\n\n\n\n<ul class=\"wp-block-list\">\n<li><strong>Artigos<\/strong>: \u201co \u00f4nibus\u201d (singular) \/ \u201cos \u00f4nibus\u201d (plural).<\/li>\n\n\n\n<li><strong>Pronomes demonstrativos<\/strong>: \u201ceste \u00f4nibus\u201d \/ \u201cestes \u00f4nibus\u201d.<\/li>\n\n\n\n<li><strong>Adjetivos<\/strong>: \u201c\u00f4nibus novo\u201d \/ \u201c\u00f4nibus novos\u201d.<\/li>\n\n\n\n<li><strong>Verbos<\/strong>: \u201co \u00f4nibus atrasou\u201d \/ \u201cos \u00f4nibus atrasaram\u201d.<\/li>\n<\/ul>\n\n\n\n<h2 class=\"wp-block-heading\">Quais outras palavras t\u00eam plural invari\u00e1vel como \u201c\u00f4nibus\u201d<\/h2>\n\n\n\n<p>Para entender melhor o funcionamento de <strong>\u00f4nibus<\/strong>, \u00e9 \u00fatil compar\u00e1-lo com outras palavras de plural invari\u00e1vel ou de altera\u00e7\u00e3o m\u00ednima. Alguns voc\u00e1bulos tamb\u00e9m mant\u00eam a mesma forma no singular e no plural, mostrando que esse fen\u00f4meno n\u00e3o \u00e9 isolado no portugu\u00eas contempor\u00e2neo.<\/p>\n\n\n\n<ol class=\"wp-block-list\">\n<li><strong>L\u00e1pis<\/strong>: \u201cum l\u00e1pis\u201d \/ \u201cdois l\u00e1pis\u201d.<\/li>\n\n\n\n<li><strong>T\u00f3rax<\/strong>: \u201co t\u00f3rax\u201d \/ \u201cos t\u00f3rax\u201d.<\/li>\n\n\n\n<li><strong>C\u00f3rtex<\/strong>: \u201co c\u00f3rtex\u201d \/ \u201cos c\u00f3rtex\u201d.<\/li>\n<\/ol>\n\n\n\n<p>Esses casos mostram que o plural pode ser marcado de maneiras variadas dentro do idioma. No caso espec\u00edfico de <strong>\u00f4nibus<\/strong>, a origem latina e a termina\u00e7\u00e3o em <em>-us<\/em> foram preservadas, e o sistema de concord\u00e2ncia se encarrega de indicar o n\u00famero, tornando express\u00f5es como <strong>\u201cos \u00f4nibus lotados\u201d<\/strong> plenamente naturais e corretas.<\/p>\n","protected":false},"excerpt":{"rendered":"<p>\u00d4nibus n\u00e3o muda no plural porque vem do latim *omnibus* (\u201cpara todos\u201d); entenda a regra, a invariabilidade e veja box de curiosidade etimol\u00f3gica.<\/p>\n","protected":false},"author":3,"featured_media":162415,"comment_status":"open","ping_status":"open","sticky":false,"template":"","format":"standard","meta":{"_yoast_wpseo_focuskw":"\u00f4nibus plural","_yoast_wpseo_title":"%%title%% %%page%%","_yoast_wpseo_metadesc":"\u00d4nibus n\u00e3o muda no plural porque vem do latim *omnibus* (\u201cpara todos\u201d); entenda a regra, a invariabilidade e veja box de curiosidade etimol\u00f3gica.","jnews-multi-image_gallery":[],"jnews_single_post":{"format":"standard"},"jnews_primary_category":[],"jnews_social_meta":[],"jnews_override_counter":[],"footnotes":""},"categories":[112],"tags":[144,10902,11064,6081],"class_list":["post-162274","post","type-post","status-publish","format-standard","has-post-thumbnail","hentry","category-curiosidades","tag-curiosidades","tag-lingua-portuguesa","tag-linguas","tag-portugues"],"yoast_head":"<!-- This site is optimized with the Yoast SEO plugin v24.6 - https:\/\/yoast.com\/wordpress\/plugins\/seo\/ -->\n<title>Por que \u201c\u00f4nibus\u201d n\u00e3o muda no plural, e isso faz todo sentido<\/title>\n<meta name=\"description\" content=\"\u00d4nibus n\u00e3o muda no plural porque vem do latim *omnibus* (\u201cpara todos\u201d); entenda a regra, a invariabilidade e veja box de curiosidade etimol\u00f3gica.\" \/>\n<meta name=\"robots\" content=\"index, follow, max-snippet:-1, max-image-preview:large, max-video-preview:-1\" \/>\n<link rel=\"canonical\" href=\"https:\/\/www.correiobraziliense.com.br\/cbradar\/por-que-onibus-nao-muda-no-plural-e-isso-faz-todo-sentido\/\" \/>\n<meta property=\"og:locale\" content=\"pt_BR\" \/>\n<meta property=\"og:type\" content=\"article\" \/>\n<meta property=\"og:title\" content=\"Por que \u201c\u00f4nibus\u201d n\u00e3o muda no plural, e isso faz todo sentido\" \/>\n<meta property=\"og:description\" content=\"\u00d4nibus n\u00e3o muda no plural porque vem do latim *omnibus* (\u201cpara todos\u201d); entenda a regra, a invariabilidade e veja box de curiosidade etimol\u00f3gica.\" \/>\n<meta property=\"og:url\" content=\"https:\/\/www.correiobraziliense.com.br\/cbradar\/por-que-onibus-nao-muda-no-plural-e-isso-faz-todo-sentido\/\" \/>\n<meta property=\"og:site_name\" content=\"Correio Braziliense - Radar\" \/>\n<meta property=\"article:published_time\" content=\"2025-12-25T11:45:00+00:00\" \/>\n<meta property=\"og:image\" content=\"https:\/\/www.correiobraziliense.com.br\/cbradar\/wp-content\/uploads\/2025\/12\/Por-que-onibus-nao-muda-no-plural-e-isso-faz-todo-sentido.png\" \/>\n\t<meta property=\"og:image:width\" content=\"1280\" \/>\n\t<meta property=\"og:image:height\" content=\"720\" \/>\n\t<meta property=\"og:image:type\" content=\"image\/png\" \/>\n<meta name=\"author\" content=\"Larissa Carvalho\" \/>\n<meta name=\"twitter:card\" content=\"summary_large_image\" \/>\n<meta name=\"twitter:label1\" content=\"Escrito por\" \/>\n\t<meta name=\"twitter:data1\" content=\"Larissa Carvalho\" \/>\n\t<meta name=\"twitter:label2\" content=\"Est. tempo de leitura\" \/>\n\t<meta name=\"twitter:data2\" content=\"5 minutos\" \/>\n<!-- \/ Yoast SEO plugin. -->","yoast_head_json":{"title":"Por que \u201c\u00f4nibus\u201d n\u00e3o muda no plural, e isso faz todo sentido","description":"\u00d4nibus n\u00e3o muda no plural porque vem do latim *omnibus* (\u201cpara todos\u201d); entenda a regra, a invariabilidade e veja box de curiosidade etimol\u00f3gica.","robots":{"index":"index","follow":"follow","max-snippet":"max-snippet:-1","max-image-preview":"max-image-preview:large","max-video-preview":"max-video-preview:-1"},"canonical":"https:\/\/www.correiobraziliense.com.br\/cbradar\/por-que-onibus-nao-muda-no-plural-e-isso-faz-todo-sentido\/","og_locale":"pt_BR","og_type":"article","og_title":"Por que \u201c\u00f4nibus\u201d n\u00e3o muda no plural, e isso faz todo sentido","og_description":"\u00d4nibus n\u00e3o muda no plural porque vem do latim *omnibus* (\u201cpara todos\u201d); entenda a regra, a invariabilidade e veja box de curiosidade etimol\u00f3gica.","og_url":"https:\/\/www.correiobraziliense.com.br\/cbradar\/por-que-onibus-nao-muda-no-plural-e-isso-faz-todo-sentido\/","og_site_name":"Correio Braziliense - Radar","article_published_time":"2025-12-25T11:45:00+00:00","og_image":[{"width":1280,"height":720,"url":"https:\/\/www.correiobraziliense.com.br\/cbradar\/wp-content\/uploads\/2025\/12\/Por-que-onibus-nao-muda-no-plural-e-isso-faz-todo-sentido.png","type":"image\/png"}],"author":"Larissa Carvalho","twitter_card":"summary_large_image","twitter_misc":{"Escrito por":"Larissa Carvalho","Est. tempo de leitura":"5 minutos"},"schema":{"@context":"https:\/\/schema.org","@graph":[{"@type":"WebPage","@id":"https:\/\/www.correiobraziliense.com.br\/cbradar\/por-que-onibus-nao-muda-no-plural-e-isso-faz-todo-sentido\/","url":"https:\/\/www.correiobraziliense.com.br\/cbradar\/por-que-onibus-nao-muda-no-plural-e-isso-faz-todo-sentido\/","name":"Por que \u201c\u00f4nibus\u201d n\u00e3o muda no plural, e isso faz todo sentido","isPartOf":{"@id":"https:\/\/www.correiobraziliense.com.br\/cbradar\/#website"},"primaryImageOfPage":{"@id":"https:\/\/www.correiobraziliense.com.br\/cbradar\/por-que-onibus-nao-muda-no-plural-e-isso-faz-todo-sentido\/#primaryimage"},"image":{"@id":"https:\/\/www.correiobraziliense.com.br\/cbradar\/por-que-onibus-nao-muda-no-plural-e-isso-faz-todo-sentido\/#primaryimage"},"thumbnailUrl":"https:\/\/www.correiobraziliense.com.br\/cbradar\/wp-content\/uploads\/2025\/12\/Por-que-onibus-nao-muda-no-plural-e-isso-faz-todo-sentido.png","datePublished":"2025-12-25T11:45:00+00:00","author":{"@id":"https:\/\/www.correiobraziliense.com.br\/cbradar\/#\/schema\/person\/58422787644df994b53a19d3e56c1513"},"description":"\u00d4nibus n\u00e3o muda no plural porque vem do latim *omnibus* (\u201cpara todos\u201d); entenda a regra, a invariabilidade e veja box de curiosidade etimol\u00f3gica.","breadcrumb":{"@id":"https:\/\/www.correiobraziliense.com.br\/cbradar\/por-que-onibus-nao-muda-no-plural-e-isso-faz-todo-sentido\/#breadcrumb"},"inLanguage":"pt-BR","potentialAction":[{"@type":"ReadAction","target":["https:\/\/www.correiobraziliense.com.br\/cbradar\/por-que-onibus-nao-muda-no-plural-e-isso-faz-todo-sentido\/"]}]},{"@type":"ImageObject","inLanguage":"pt-BR","@id":"https:\/\/www.correiobraziliense.com.br\/cbradar\/por-que-onibus-nao-muda-no-plural-e-isso-faz-todo-sentido\/#primaryimage","url":"https:\/\/www.correiobraziliense.com.br\/cbradar\/wp-content\/uploads\/2025\/12\/Por-que-onibus-nao-muda-no-plural-e-isso-faz-todo-sentido.png","contentUrl":"https:\/\/www.correiobraziliense.com.br\/cbradar\/wp-content\/uploads\/2025\/12\/Por-que-onibus-nao-muda-no-plural-e-isso-faz-todo-sentido.png","width":1280,"height":720,"caption":"Por que \u201c\u00f4nibus\u201d n\u00e3o muda no plural, e isso faz todo sentido"},{"@type":"BreadcrumbList","@id":"https:\/\/www.correiobraziliense.com.br\/cbradar\/por-que-onibus-nao-muda-no-plural-e-isso-faz-todo-sentido\/#breadcrumb","itemListElement":[{"@type":"ListItem","position":1,"name":"In\u00edcio","item":"https:\/\/www.correiobraziliense.com.br\/cbradar\/"},{"@type":"ListItem","position":2,"name":"Por que \u201c\u00f4nibus\u201d n\u00e3o muda no plural, e isso faz todo sentido"}]},{"@type":"WebSite","@id":"https:\/\/www.correiobraziliense.com.br\/cbradar\/#website","url":"https:\/\/www.correiobraziliense.com.br\/cbradar\/","name":"Correio Braziliense - Radar","description":"Acompanhe as \u00faltimas not\u00edcias e fique bem informado sobre tudo o que acontece no Brasil e no mundo.","potentialAction":[{"@type":"SearchAction","target":{"@type":"EntryPoint","urlTemplate":"https:\/\/www.correiobraziliense.com.br\/cbradar\/?s={search_term_string}"},"query-input":{"@type":"PropertyValueSpecification","valueRequired":true,"valueName":"search_term_string"}}],"inLanguage":"pt-BR"},{"@type":"Person","@id":"https:\/\/www.correiobraziliense.com.br\/cbradar\/#\/schema\/person\/58422787644df994b53a19d3e56c1513","name":"Larissa Carvalho","image":{"@type":"ImageObject","inLanguage":"pt-BR","@id":"https:\/\/www.correiobraziliense.com.br\/cbradar\/#\/schema\/person\/image\/","url":"https:\/\/secure.gravatar.com\/avatar\/fe4f91a0de32b52a838d0d612abdc1aa?s=96&d=mm&r=g","contentUrl":"https:\/\/secure.gravatar.com\/avatar\/fe4f91a0de32b52a838d0d612abdc1aa?s=96&d=mm&r=g","caption":"Larissa Carvalho"},"url":"https:\/\/www.correiobraziliense.com.br\/cbradar\/author\/larissamyth\/"}]}},"_links":{"self":[{"href":"https:\/\/www.correiobraziliense.com.br\/cbradar\/wp-json\/wp\/v2\/posts\/162274","targetHints":{"allow":["GET"]}}],"collection":[{"href":"https:\/\/www.correiobraziliense.com.br\/cbradar\/wp-json\/wp\/v2\/posts"}],"about":[{"href":"https:\/\/www.correiobraziliense.com.br\/cbradar\/wp-json\/wp\/v2\/types\/post"}],"author":[{"embeddable":true,"href":"https:\/\/www.correiobraziliense.com.br\/cbradar\/wp-json\/wp\/v2\/users\/3"}],"replies":[{"embeddable":true,"href":"https:\/\/www.correiobraziliense.com.br\/cbradar\/wp-json\/wp\/v2\/comments?post=162274"}],"version-history":[{"count":2,"href":"https:\/\/www.correiobraziliense.com.br\/cbradar\/wp-json\/wp\/v2\/posts\/162274\/revisions"}],"predecessor-version":[{"id":162280,"href":"https:\/\/www.correiobraziliense.com.br\/cbradar\/wp-json\/wp\/v2\/posts\/162274\/revisions\/162280"}],"wp:featuredmedia":[{"embeddable":true,"href":"https:\/\/www.correiobraziliense.com.br\/cbradar\/wp-json\/wp\/v2\/media\/162415"}],"wp:attachment":[{"href":"https:\/\/www.correiobraziliense.com.br\/cbradar\/wp-json\/wp\/v2\/media?parent=162274"}],"wp:term":[{"taxonomy":"category","embeddable":true,"href":"https:\/\/www.correiobraziliense.com.br\/cbradar\/wp-json\/wp\/v2\/categories?post=162274"},{"taxonomy":"post_tag","embeddable":true,"href":"https:\/\/www.correiobraziliense.com.br\/cbradar\/wp-json\/wp\/v2\/tags?post=162274"}],"curies":[{"name":"wp","href":"https:\/\/api.w.org\/{rel}","templated":true}]}}