{"id":162289,"date":"2025-12-25T18:15:00","date_gmt":"2025-12-25T21:15:00","guid":{"rendered":"https:\/\/www.correiobraziliense.com.br\/cbradar\/?p=162289"},"modified":"2025-12-25T13:42:46","modified_gmt":"2025-12-25T16:42:46","slug":"o-cabeca-e-a-cabeca-significam-coisas-diferentes-e-pouca-gente-nota-isso","status":"publish","type":"post","link":"https:\/\/www.correiobraziliense.com.br\/cbradar\/o-cabeca-e-a-cabeca-significam-coisas-diferentes-e-pouca-gente-nota-isso\/","title":{"rendered":"\u201cO cabe\u00e7a\u201d e \u201ca cabe\u00e7a\u201d significam coisas diferentes, e pouca gente nota isso"},"content":{"rendered":"\n<p>Em portugu\u00eas, pequenas mudan\u00e7as costumam provocar grandes diferen\u00e7as de sentido, e o uso do <strong>g\u00eanero gramatical<\/strong> \u00e9 um exemplo claro disso. H\u00e1 termos em que o simples fato de passar do masculino para o feminino altera completamente o significado, n\u00e3o apenas o artigo que os acompanha, o que exige aten\u00e7\u00e3o especial de quem escreve, l\u00ea ou estuda a l\u00edngua.<\/p>\n\n\n\n<h2 class=\"wp-block-heading\">O que significa a palavra-chave cabe\u00e7a em cada g\u00eanero<\/h2>\n\n\n\n<p>A palavra-chave central nesse tema \u00e9 <strong>cabe\u00e7a<\/strong>. No g\u00eanero feminino, \u201c<strong>a cabe\u00e7a<\/strong>\u201d est\u00e1 ligada, em primeiro lugar, ao corpo humano ou animal. Tamb\u00e9m pode se relacionar a ideias de <strong>topo, in\u00edcio ou extremidade<\/strong>, como na express\u00e3o \u201ccabe\u00e7a da lista\u201d, muito usada em contextos acad\u00eamicos e administrativos.<\/p>\n\n\n\n<p>J\u00e1 no g\u00eanero masculino, \u201c<strong>o cabe\u00e7a<\/strong>\u201d aparece em contextos em que se quer indicar o respons\u00e1vel direto por um plano, por um grupo ou por uma a\u00e7\u00e3o espec\u00edfica, muitas vezes com foco no <strong>comando, na lideran\u00e7a ou na autoria intelectual<\/strong>. Essa diferen\u00e7a evidencia como a combina\u00e7\u00e3o entre artigo e substantivo pode ativar sentidos distintos e evitar ambiguidades em textos informativos, liter\u00e1rios ou jur\u00eddicos.<\/p>\n\n\n\n<figure class=\"wp-block-image size-large\"><img decoding=\"async\" width=\"1024\" height=\"576\" src=\"https:\/\/www.correiobraziliense.com.br\/cbradar\/wp-content\/uploads\/2025\/12\/pessoa-pensando_1766586948097-1024x576.jpg\" alt=\"\u201cO cabe\u00e7a\u201d e \u201ca cabe\u00e7a\u201d significam coisas diferentes, e pouca gente nota isso\" class=\"wp-image-162291\" srcset=\"https:\/\/www.correiobraziliense.com.br\/cbradar\/wp-content\/uploads\/2025\/12\/pessoa-pensando_1766586948097-1024x576.jpg 1024w, https:\/\/www.correiobraziliense.com.br\/cbradar\/wp-content\/uploads\/2025\/12\/pessoa-pensando_1766586948097-300x169.jpg 300w, https:\/\/www.correiobraziliense.com.br\/cbradar\/wp-content\/uploads\/2025\/12\/pessoa-pensando_1766586948097-768x432.jpg 768w, https:\/\/www.correiobraziliense.com.br\/cbradar\/wp-content\/uploads\/2025\/12\/pessoa-pensando_1766586948097-750x422.jpg 750w, https:\/\/www.correiobraziliense.com.br\/cbradar\/wp-content\/uploads\/2025\/12\/pessoa-pensando_1766586948097-1140x641.jpg 1140w, https:\/\/www.correiobraziliense.com.br\/cbradar\/wp-content\/uploads\/2025\/12\/pessoa-pensando_1766586948097.jpg 1280w\" sizes=\"(max-width: 1024px) 100vw, 1024px\" \/><figcaption class=\"wp-element-caption\">G\u00eanero gramatical no PT-BR: masculino &#8220;cabo&#8221; (cord\u00e3o) vira feminino &#8220;cabo&#8221; (mulher); morfologia afeta sem\u00e2ntica total. <\/figcaption><\/figure>\n\n\n\n<h2 class=\"wp-block-heading\">Quais outras palavras mudam de sentido com o g\u00eanero<\/h2>\n\n\n\n<p>O fen\u00f4meno n\u00e3o se limita \u00e0 palavra cabe\u00e7a. H\u00e1 uma s\u00e9rie de substantivos em portugu\u00eas que, ao passarem do masculino para o feminino, assumem <strong>significados diferentes<\/strong>, mesmo mantendo a mesma forma escrita. Em muitos casos, o uso cada vez mais frequente de um dos g\u00eaneros acaba apagando ou tornando menos conhecido o outro significado, o que leva parte do p\u00fablico a estranhar quando encontra a varia\u00e7\u00e3o em textos mais formais.<\/p>\n\n\n\n<p>Para organizar melhor esses sentidos, a tabela abaixo apresenta alguns exemplos de palavras que mudam de significado conforme o g\u00eanero usado. Essa lista ilustra como o <strong>g\u00eanero gramatical<\/strong> pode funcionar quase como um marcador de palavras distintas, registradas em dicion\u00e1rios modernos e em materiais de estudo de gram\u00e1tica e vocabul\u00e1rio.<\/p>\n\n\n\n<figure class=\"wp-block-table\"><table class=\"has-fixed-layout\"><tbody><tr><th>Palavra<\/th><th>G\u00eanero<\/th><th>Significado<\/th><\/tr><tr><td>cabe\u00e7a<\/td><td>feminino \u2013 a cabe\u00e7a<\/td><td><strong>Parte do corpo<\/strong>; topo, in\u00edcio ou extremidade de algo (como em \u201ccabe\u00e7a da fila\u201d).<\/td><\/tr><tr><td>cabe\u00e7a<\/td><td>masculino \u2013 o cabe\u00e7a<\/td><td><strong>L\u00edder, chefe, articulador<\/strong> de um grupo ou de uma a\u00e7\u00e3o (como em \u201co cabe\u00e7a do esquema\u201d).<\/td><\/tr><tr><td>capital<\/td><td>feminino \u2013 a capital<\/td><td><strong>Cidade principal<\/strong> de um pa\u00eds, estado ou regi\u00e3o.<\/td><\/tr><tr><td>capital<\/td><td>masculino \u2013 o capital<\/td><td>Conjunto de <strong>bens, dinheiro ou recursos financeiros<\/strong> dispon\u00edveis para investimento.<\/td><\/tr><tr><td>cura<\/td><td>feminino \u2013 a cura<\/td><td>Ato ou efeito de <strong>sarar; restabelecimento da sa\u00fade<\/strong>.<\/td><\/tr><tr><td>cura<\/td><td>masculino \u2013 o cura<\/td><td><strong>P\u00e1roco, sacerdote<\/strong> respons\u00e1vel por uma par\u00f3quia.<\/td><\/tr><tr><td>moral<\/td><td>feminino \u2013 a moral<\/td><td>Conjunto de <strong>princ\u00edpios \u00e9ticos<\/strong>; li\u00e7\u00e3o, ensinamento extra\u00eddo de uma situa\u00e7\u00e3o.<\/td><\/tr><tr><td>moral<\/td><td>masculino \u2013 o moral<\/td><td><strong>\u00c2nimo, disposi\u00e7\u00e3o psicol\u00f3gica<\/strong> de um grupo ou indiv\u00edduo.<\/td><\/tr><tr><td>radio<\/td><td>feminino \u2013 a r\u00e1dio<\/td><td><strong>Emissora ou esta\u00e7\u00e3o de radiodifus\u00e3o<\/strong>; meio de comunica\u00e7\u00e3o.<\/td><\/tr><tr><td>radio<\/td><td>masculino \u2013 o r\u00e1dio<\/td><td><strong>Aparelho receptor<\/strong> de ondas de r\u00e1dio.<\/td><\/tr><tr><td>grama<\/td><td>feminino \u2013 a grama<\/td><td><strong>Relva<\/strong>, tipo de vegeta\u00e7\u00e3o rasteira.<\/td><\/tr><tr><td>grama<\/td><td>masculino \u2013 o grama<\/td><td><strong>Unidade de medida de massa<\/strong> (g).<\/td><\/tr><tr><td>legenda<\/td><td>feminino \u2013 a legenda<\/td><td><strong>Texto explicativo<\/strong> em imagens; texto traduzido em filmes e v\u00eddeos.<\/td><\/tr><tr><td>legenda<\/td><td>masculino \u2013 o legenda<\/td><td>Em uso regional ou figurado, pode indicar <strong>l\u00edder ou nome de grupo pol\u00edtico<\/strong> (registro menos frequente).<\/td><\/tr><tr><td>guia<\/td><td>feminino \u2013 a guia<\/td><td><strong>Documento de pagamento<\/strong> ou formul\u00e1rio; pe\u00e7a que orienta o movimento de outra.<\/td><\/tr><tr><td>guia<\/td><td>masculino \u2013 o guia<\/td><td>Pessoa que <strong>orienta algu\u00e9m em trajetos, visitas ou atividades<\/strong>.<\/td><\/tr><tr><td>vista<\/td><td>feminino \u2013 a vista<\/td><td><strong>Paisagem<\/strong>; sentido da vis\u00e3o.<\/td><\/tr><tr><td>visto<\/td><td>masculino \u2013 o visto<\/td><td><strong>Autoriza\u00e7\u00e3o em passaporte<\/strong> para entrada em outro pa\u00eds.<\/td><\/tr><tr><td>radio<\/td><td>feminino \u2013 a radio (Radiologia)<\/td><td>Em contextos m\u00e9dicos, abrevia\u00e7\u00e3o informal de <strong>radiologia<\/strong> em algumas regi\u00f5es.<\/td><\/tr><\/tbody><\/table><\/figure>\n\n\n\n<p>Para aprofundar no tema, trouxemos o v\u00eddeo do perfil especialista @portuguesleal:<\/p>\n\n\n\n<blockquote class=\"tiktok-embed\" cite=\"https:\/\/www.tiktok.com\/@portuguesleal\/video\/7330368485698194694\" data-video-id=\"7330368485698194694\" style=\"max-width: 605px;min-width: 325px;\" > <section> <a target=\"_blank\" title=\"@portuguesleal\" href=\"https:\/\/www.tiktok.com\/@portuguesleal?refer=embed\">@portuguesleal<\/a> Sabia que algumas palavras ganham sentidos diferentes quando mudam o g\u00eanero? <a title=\"dicadeportugu\u00eas\" target=\"_blank\" href=\"https:\/\/www.tiktok.com\/tag\/dicadeportugu%C3%AAs?refer=embed\">#dicadeportugu\u00eas<\/a> <a title=\"linguaportuguesa\" target=\"_blank\" href=\"https:\/\/www.tiktok.com\/tag\/linguaportuguesa?refer=embed\">#linguaportuguesa<\/a> <a title=\"gramatica\" target=\"_blank\" href=\"https:\/\/www.tiktok.com\/tag\/gramatica?refer=embed\">#gramatica<\/a> <a title=\"estudar\" target=\"_blank\" href=\"https:\/\/www.tiktok.com\/tag\/estudar?refer=embed\">#estudar<\/a> <a title=\"portuguesleal\" target=\"_blank\" href=\"https:\/\/www.tiktok.com\/tag\/portuguesleal?refer=embed\">#portuguesleal<\/a> <a title=\"ortografia\" target=\"_blank\" href=\"https:\/\/www.tiktok.com\/tag\/ortografia?refer=embed\">#ortografia<\/a> <a target=\"_blank\" title=\"\u266c som original - portuguesleal\" href=\"https:\/\/www.tiktok.com\/music\/som-original-7330368508433238790?refer=embed\">\u266c som original &#8211; portuguesleal<\/a> <\/section> <\/blockquote> <script async src=\"https:\/\/www.tiktok.com\/embed.js\"><\/script>\n\n\n\n<h2 class=\"wp-block-heading\">Como identificar o g\u00eanero pelo contexto na pr\u00e1tica<\/h2>\n\n\n\n<p>Na pr\u00e1tica, a distin\u00e7\u00e3o entre \u201c<strong>o cabe\u00e7a<\/strong>\u201d e \u201c<strong>a cabe\u00e7a<\/strong>\u201d, assim como em outros casos, costuma ser resolvida pelo <strong>contexto de uso<\/strong>. Em textos jornal\u00edsticos, a presen\u00e7a de verbos ligados a comando ou lideran\u00e7a tende a indicar o uso do masculino (\u201cfoi apontado como o cabe\u00e7a do esquema\u201d), enquanto em relatos sobre sa\u00fade ou descri\u00e7\u00e3o f\u00edsica, o feminino se torna a forma esperada (\u201ca cabe\u00e7a foi atingida\u201d).<\/p>\n\n\n\n<p>Algumas estrat\u00e9gias ajudam a interpretar esses usos com mais seguran\u00e7a e a evitar erros comuns de concord\u00e2ncia e interpreta\u00e7\u00e3o de sentido, especialmente em textos acad\u00eamicos, t\u00e9cnicos e oficiais:<\/p>\n\n\n\n<ul class=\"wp-block-list\">\n<li><strong>Observar o campo sem\u00e2ntico<\/strong>: palavras associadas a corpo, cidade ou objeto concreto geralmente orientam para um g\u00eanero espec\u00edfico.<\/li>\n\n\n\n<li><strong>Analisar a reg\u00eancia verbal<\/strong>: verbos que sugerem a\u00e7\u00e3o de liderar, organizar ou comandar costumam acompanhar formas como \u201co cabe\u00e7a\u201d.<\/li>\n\n\n\n<li><strong>Verificar o tipo de texto<\/strong>: reportagens policiais, econ\u00f4micas ou pol\u00edticas tendem a ativar significados abstratos; textos m\u00e9dicos, esportivos ou descritivos recorrem mais aos sentidos f\u00edsicos.<\/li>\n\n\n\n<li><strong>Consultar dicion\u00e1rios atualizados<\/strong>: obras recentes indicam usos mais correntes em 2025, inclusive com exemplos contextualizados.<\/li>\n<\/ul>\n\n\n\n<p>Essas nuances mostram que o <strong>g\u00eanero gramatical<\/strong>, em portugu\u00eas, n\u00e3o se limita a marcar masculino ou feminino. Em muitos casos, ele define qual palavra est\u00e1 em jogo do ponto de vista do sentido, e a aten\u00e7\u00e3o ao <strong>artigo, ao contexto e ao campo sem\u00e2ntico<\/strong> torna-se uma ferramenta central para interpretar e produzir textos com clareza.<\/p>\n","protected":false},"excerpt":{"rendered":"<p>\u201cO cabe\u00e7a\u201d e \u201ca cabe\u00e7a\u201d mudam o sentido da frase; descubra outras palavras cujo g\u00eanero altera o significado, com exemplos em tabela.<\/p>\n","protected":false},"author":3,"featured_media":162538,"comment_status":"open","ping_status":"open","sticky":false,"template":"","format":"standard","meta":{"_yoast_wpseo_focuskw":"cabe\u00e7a significado","_yoast_wpseo_title":"%%title%%","_yoast_wpseo_metadesc":"\u201cO cabe\u00e7a\u201d e \u201ca cabe\u00e7a\u201d mudam o sentido da frase; descubra outras palavras cujo g\u00eanero altera o significado, com exemplos em tabela.","jnews-multi-image_gallery":[],"jnews_single_post":{"format":"standard"},"jnews_primary_category":[],"jnews_social_meta":[],"jnews_override_counter":[],"footnotes":""},"categories":[112],"post_tag":[144,10902,11064,6081],"class_list":["post-162289","post","type-post","status-publish","format-standard","has-post-thumbnail","hentry","category-curiosidades","tag-curiosidades","tag-lingua-portuguesa","tag-linguas","tag-portugues"],"yoast_head":"<!-- This site is optimized with the Yoast SEO plugin v24.6 - https:\/\/yoast.com\/wordpress\/plugins\/seo\/ -->\n<title>\u201cO cabe\u00e7a\u201d e \u201ca cabe\u00e7a\u201d significam coisas diferentes, e pouca gente nota isso<\/title>\n<meta name=\"description\" content=\"\u201cO cabe\u00e7a\u201d e \u201ca cabe\u00e7a\u201d mudam o sentido da frase; descubra outras palavras cujo g\u00eanero altera o significado, com exemplos em tabela.\" \/>\n<meta name=\"robots\" content=\"index, follow, max-snippet:-1, max-image-preview:large, max-video-preview:-1\" \/>\n<link rel=\"canonical\" href=\"https:\/\/www.correiobraziliense.com.br\/cbradar\/o-cabeca-e-a-cabeca-significam-coisas-diferentes-e-pouca-gente-nota-isso\/\" \/>\n<meta property=\"og:locale\" content=\"pt_BR\" \/>\n<meta property=\"og:type\" content=\"article\" \/>\n<meta property=\"og:title\" content=\"\u201cO cabe\u00e7a\u201d e \u201ca cabe\u00e7a\u201d significam coisas diferentes, e pouca gente nota isso\" \/>\n<meta property=\"og:description\" content=\"\u201cO cabe\u00e7a\u201d e \u201ca cabe\u00e7a\u201d mudam o sentido da frase; descubra outras palavras cujo g\u00eanero altera o significado, com exemplos em tabela.\" \/>\n<meta property=\"og:url\" content=\"https:\/\/www.correiobraziliense.com.br\/cbradar\/o-cabeca-e-a-cabeca-significam-coisas-diferentes-e-pouca-gente-nota-isso\/\" \/>\n<meta property=\"og:site_name\" content=\"Correio Braziliense - Radar\" \/>\n<meta property=\"article:published_time\" content=\"2025-12-25T21:15:00+00:00\" \/>\n<meta property=\"og:image\" content=\"https:\/\/www.correiobraziliense.com.br\/cbradar\/wp-content\/uploads\/2025\/12\/O-cabeca-e-a-cabeca-significam-coisas-diferentes-e-pouca-gente-nota-isso.png\" \/>\n\t<meta property=\"og:image:width\" content=\"1280\" \/>\n\t<meta property=\"og:image:height\" content=\"720\" \/>\n\t<meta property=\"og:image:type\" content=\"image\/png\" \/>\n<meta name=\"author\" content=\"Larissa Carvalho\" \/>\n<meta name=\"twitter:card\" content=\"summary_large_image\" \/>\n<meta name=\"twitter:label1\" content=\"Escrito por\" \/>\n\t<meta name=\"twitter:data1\" content=\"Larissa Carvalho\" \/>\n\t<meta name=\"twitter:label2\" content=\"Est. tempo de leitura\" \/>\n\t<meta name=\"twitter:data2\" content=\"5 minutos\" \/>\n<!-- \/ Yoast SEO plugin. -->","yoast_head_json":{"title":"\u201cO cabe\u00e7a\u201d e \u201ca cabe\u00e7a\u201d significam coisas diferentes, e pouca gente nota isso","description":"\u201cO cabe\u00e7a\u201d e \u201ca cabe\u00e7a\u201d mudam o sentido da frase; descubra outras palavras cujo g\u00eanero altera o significado, com exemplos em tabela.","robots":{"index":"index","follow":"follow","max-snippet":"max-snippet:-1","max-image-preview":"max-image-preview:large","max-video-preview":"max-video-preview:-1"},"canonical":"https:\/\/www.correiobraziliense.com.br\/cbradar\/o-cabeca-e-a-cabeca-significam-coisas-diferentes-e-pouca-gente-nota-isso\/","og_locale":"pt_BR","og_type":"article","og_title":"\u201cO cabe\u00e7a\u201d e \u201ca cabe\u00e7a\u201d significam coisas diferentes, e pouca gente nota isso","og_description":"\u201cO cabe\u00e7a\u201d e \u201ca cabe\u00e7a\u201d mudam o sentido da frase; descubra outras palavras cujo g\u00eanero altera o significado, com exemplos em tabela.","og_url":"https:\/\/www.correiobraziliense.com.br\/cbradar\/o-cabeca-e-a-cabeca-significam-coisas-diferentes-e-pouca-gente-nota-isso\/","og_site_name":"Correio Braziliense - Radar","article_published_time":"2025-12-25T21:15:00+00:00","og_image":[{"width":1280,"height":720,"url":"https:\/\/www.correiobraziliense.com.br\/cbradar\/wp-content\/uploads\/2025\/12\/O-cabeca-e-a-cabeca-significam-coisas-diferentes-e-pouca-gente-nota-isso.png","type":"image\/png"}],"author":"Larissa Carvalho","twitter_card":"summary_large_image","twitter_misc":{"Escrito por":"Larissa Carvalho","Est. tempo de leitura":"5 minutos"},"schema":{"@context":"https:\/\/schema.org","@graph":[{"@type":"WebPage","@id":"https:\/\/www.correiobraziliense.com.br\/cbradar\/o-cabeca-e-a-cabeca-significam-coisas-diferentes-e-pouca-gente-nota-isso\/","url":"https:\/\/www.correiobraziliense.com.br\/cbradar\/o-cabeca-e-a-cabeca-significam-coisas-diferentes-e-pouca-gente-nota-isso\/","name":"\u201cO cabe\u00e7a\u201d e \u201ca cabe\u00e7a\u201d significam coisas diferentes, e pouca gente nota isso","isPartOf":{"@id":"https:\/\/www.correiobraziliense.com.br\/cbradar\/#website"},"primaryImageOfPage":{"@id":"https:\/\/www.correiobraziliense.com.br\/cbradar\/o-cabeca-e-a-cabeca-significam-coisas-diferentes-e-pouca-gente-nota-isso\/#primaryimage"},"image":{"@id":"https:\/\/www.correiobraziliense.com.br\/cbradar\/o-cabeca-e-a-cabeca-significam-coisas-diferentes-e-pouca-gente-nota-isso\/#primaryimage"},"thumbnailUrl":"https:\/\/www.correiobraziliense.com.br\/cbradar\/wp-content\/uploads\/2025\/12\/O-cabeca-e-a-cabeca-significam-coisas-diferentes-e-pouca-gente-nota-isso.png","datePublished":"2025-12-25T21:15:00+00:00","author":{"@id":"https:\/\/www.correiobraziliense.com.br\/cbradar\/#\/schema\/person\/58422787644df994b53a19d3e56c1513"},"description":"\u201cO cabe\u00e7a\u201d e \u201ca cabe\u00e7a\u201d mudam o sentido da frase; descubra outras palavras cujo g\u00eanero altera o significado, com exemplos em tabela.","breadcrumb":{"@id":"https:\/\/www.correiobraziliense.com.br\/cbradar\/o-cabeca-e-a-cabeca-significam-coisas-diferentes-e-pouca-gente-nota-isso\/#breadcrumb"},"inLanguage":"pt-BR","potentialAction":[{"@type":"ReadAction","target":["https:\/\/www.correiobraziliense.com.br\/cbradar\/o-cabeca-e-a-cabeca-significam-coisas-diferentes-e-pouca-gente-nota-isso\/"]}]},{"@type":"ImageObject","inLanguage":"pt-BR","@id":"https:\/\/www.correiobraziliense.com.br\/cbradar\/o-cabeca-e-a-cabeca-significam-coisas-diferentes-e-pouca-gente-nota-isso\/#primaryimage","url":"https:\/\/www.correiobraziliense.com.br\/cbradar\/wp-content\/uploads\/2025\/12\/O-cabeca-e-a-cabeca-significam-coisas-diferentes-e-pouca-gente-nota-isso.png","contentUrl":"https:\/\/www.correiobraziliense.com.br\/cbradar\/wp-content\/uploads\/2025\/12\/O-cabeca-e-a-cabeca-significam-coisas-diferentes-e-pouca-gente-nota-isso.png","width":1280,"height":720,"caption":"\u201cO cabe\u00e7a\u201d e \u201ca cabe\u00e7a\u201d significam coisas diferentes, e pouca gente nota isso"},{"@type":"BreadcrumbList","@id":"https:\/\/www.correiobraziliense.com.br\/cbradar\/o-cabeca-e-a-cabeca-significam-coisas-diferentes-e-pouca-gente-nota-isso\/#breadcrumb","itemListElement":[{"@type":"ListItem","position":1,"name":"In\u00edcio","item":"https:\/\/www.correiobraziliense.com.br\/cbradar\/"},{"@type":"ListItem","position":2,"name":"\u201cO cabe\u00e7a\u201d e \u201ca cabe\u00e7a\u201d significam coisas diferentes, e pouca gente nota isso"}]},{"@type":"WebSite","@id":"https:\/\/www.correiobraziliense.com.br\/cbradar\/#website","url":"https:\/\/www.correiobraziliense.com.br\/cbradar\/","name":"Correio Braziliense - Radar","description":"Acompanhe as \u00faltimas not\u00edcias e fique bem informado sobre tudo o que acontece no Brasil e no mundo.","potentialAction":[{"@type":"SearchAction","target":{"@type":"EntryPoint","urlTemplate":"https:\/\/www.correiobraziliense.com.br\/cbradar\/?s={search_term_string}"},"query-input":{"@type":"PropertyValueSpecification","valueRequired":true,"valueName":"search_term_string"}}],"inLanguage":"pt-BR"},{"@type":"Person","@id":"https:\/\/www.correiobraziliense.com.br\/cbradar\/#\/schema\/person\/58422787644df994b53a19d3e56c1513","name":"Larissa Carvalho","image":{"@type":"ImageObject","inLanguage":"pt-BR","@id":"https:\/\/www.correiobraziliense.com.br\/cbradar\/#\/schema\/person\/image\/","url":"https:\/\/secure.gravatar.com\/avatar\/fe4f91a0de32b52a838d0d612abdc1aa?s=96&d=mm&r=g","contentUrl":"https:\/\/secure.gravatar.com\/avatar\/fe4f91a0de32b52a838d0d612abdc1aa?s=96&d=mm&r=g","caption":"Larissa Carvalho"},"url":"https:\/\/www.correiobraziliense.com.br\/cbradar\/author\/larissamyth\/"}]}},"_links":{"self":[{"href":"https:\/\/www.correiobraziliense.com.br\/cbradar\/wp-json\/wp\/v2\/posts\/162289","targetHints":{"allow":["GET"]}}],"collection":[{"href":"https:\/\/www.correiobraziliense.com.br\/cbradar\/wp-json\/wp\/v2\/posts"}],"about":[{"href":"https:\/\/www.correiobraziliense.com.br\/cbradar\/wp-json\/wp\/v2\/types\/post"}],"author":[{"embeddable":true,"href":"https:\/\/www.correiobraziliense.com.br\/cbradar\/wp-json\/wp\/v2\/users\/3"}],"replies":[{"embeddable":true,"href":"https:\/\/www.correiobraziliense.com.br\/cbradar\/wp-json\/wp\/v2\/comments?post=162289"}],"version-history":[{"count":2,"href":"https:\/\/www.correiobraziliense.com.br\/cbradar\/wp-json\/wp\/v2\/posts\/162289\/revisions"}],"predecessor-version":[{"id":162292,"href":"https:\/\/www.correiobraziliense.com.br\/cbradar\/wp-json\/wp\/v2\/posts\/162289\/revisions\/162292"}],"wp:featuredmedia":[{"embeddable":true,"href":"https:\/\/www.correiobraziliense.com.br\/cbradar\/wp-json\/wp\/v2\/media\/162538"}],"wp:attachment":[{"href":"https:\/\/www.correiobraziliense.com.br\/cbradar\/wp-json\/wp\/v2\/media?parent=162289"}],"wp:term":[{"taxonomy":"category","embeddable":true,"href":"https:\/\/www.correiobraziliense.com.br\/cbradar\/wp-json\/wp\/v2\/categories?post=162289"},{"taxonomy":"post_tag","embeddable":true,"href":"https:\/\/www.correiobraziliense.com.br\/cbradar\/wp-json\/wp\/v2\/post_tag?post=162289"}],"curies":[{"name":"wp","href":"https:\/\/api.w.org\/{rel}","templated":true}]}}