{"id":16229,"date":"2025-03-28T10:30:00","date_gmt":"2025-03-28T13:30:00","guid":{"rendered":"https:\/\/www.correiobraziliense.com.br\/cbradar\/?p=16229"},"modified":"2025-03-27T21:44:13","modified_gmt":"2025-03-28T00:44:13","slug":"esse-e-o-terceiro-filme-mais-visto-da-historia-da-netflix-veja-detalhes","status":"publish","type":"post","link":"https:\/\/www.correiobraziliense.com.br\/cbradar\/esse-e-o-terceiro-filme-mais-visto-da-historia-da-netflix-veja-detalhes\/","title":{"rendered":"Esse \u00e9 o terceiro filme mais visto da hist\u00f3ria da Netflix, veja detalhes"},"content":{"rendered":"\n<p>Lan\u00e7ado em 2021, &#8220;<strong>N\u00e3o Olhe Para Cima<\/strong>&#8221; \u00e9 um filme dirigido por <strong>Adam McKay <\/strong>que se destaca por sua abordagem sat\u00edrica e cr\u00edtica da sociedade contempor\u00e2nea. A narrativa gira em torno de dois astr\u00f4nomos que descobrem um cometa em rota de colis\u00e3o com a Terra, simbolizando uma amea\u00e7a iminente que \u00e9 ignorada por l\u00edderes pol\u00edticos e pela m\u00eddia. O filme utiliza essa premissa para explorar temas como a desvaloriza\u00e7\u00e3o da ci\u00eancia, a superficialidade do debate p\u00fablico e a distra\u00e7\u00e3o generalizada diante de crises reais.<\/p>\n\n\n\n<p>O filme \u00e9 estrelado por <strong>Leonardo DiCaprio <\/strong>e <strong>Jennifer Lawrence<\/strong>, que interpretam os cientistas desesperados para alertar o mundo sobre a cat\u00e1strofe iminente. A escolha de um tom c\u00f4mico e exagerado \u00e9 uma estrat\u00e9gia de McKay para enfatizar a gravidade das quest\u00f5es abordadas, mostrando como a sociedade atual frequentemente prioriza o entretenimento e interesses pessoais em detrimento de problemas urgentes.<\/p>\n\n\n\n<h2 class=\"wp-block-heading\"><strong>O que &#8220;N\u00e3o Olhe Para Cima&#8221; revela sobre a sociedade atual?<\/strong><\/h2>\n\n\n\n<p>Atrav\u00e9s de sua narrativa, &#8220;N\u00e3o Olhe Para Cima&#8221; faz uma cr\u00edtica incisiva \u00e0 maneira como crises globais s\u00e3o tratadas. O filme reflete sobre a tend\u00eancia de minimizar ou ignorar problemas s\u00e9rios, uma atitude que pode ser observada em quest\u00f5es como as mudan\u00e7as clim\u00e1ticas e a pandemia. A trama destaca a in\u00e9rcia e a falta de a\u00e7\u00e3o efetiva por parte de l\u00edderes e da popula\u00e7\u00e3o, que muitas vezes se deixam levar por distra\u00e7\u00f5es e interesses imediatos.<\/p>\n\n\n\n<p>Os personagens principais, interpretados por DiCaprio e Lawrence, representam a voz da raz\u00e3o em meio ao caos. Suas tentativas de mobilizar uma resposta coletiva s\u00e3o frustradas pela indiferen\u00e7a e pelo ceticismo generalizado, uma realidade que ressoa com muitos dos desafios enfrentados atualmente. O filme, portanto, serve como um espelho das falhas sist\u00eamicas na abordagem de problemas cr\u00edticos.<\/p>\n\n\n\n<iframe loading=\"lazy\" width=\"560\" height=\"315\" src=\"https:\/\/www.youtube.com\/embed\/c1nToClX_3w?si=ome8qteuqlNTyKqB\" title=\"YouTube video player\" frameborder=\"0\" allow=\"accelerometer; autoplay; clipboard-write; encrypted-media; gyroscope; picture-in-picture; web-share\" referrerpolicy=\"strict-origin-when-cross-origin\" allowfullscreen><\/iframe>\n\n\n\n<h2 class=\"wp-block-heading\"><strong>Por que o filme causa tanto impacto?<\/strong><\/h2>\n\n\n\n<p>&#8220;N\u00e3o Olhe Para Cima&#8221; se destaca por sua capacidade de provocar reflex\u00e3o e debate. Ao usar humor e exagero, o filme consegue capturar a aten\u00e7\u00e3o do p\u00fablico e transmitir mensagens importantes sobre responsabilidade social e a necessidade de a\u00e7\u00e3o coletiva. A escolha de um elenco renomado e a dire\u00e7\u00e3o habilidosa de McKay contribuem para a efic\u00e1cia da narrativa, tornando o filme acess\u00edvel e impactante.<\/p>\n\n\n\n<p>Embora algumas cr\u00edticas apontem que o tom sat\u00edrico pode afastar parte do p\u00fablico, a abordagem do filme \u00e9 intencionalmente provocativa. Ao desafiar o espectador a reconsiderar suas prioridades e a forma como lida com informa\u00e7\u00f5es e crises, &#8220;N\u00e3o Olhe Para Cima&#8221; se estabelece como uma obra relevante e necess\u00e1ria no contexto atual.<\/p>\n\n\n\n<figure class=\"wp-block-image size-large\"><img decoding=\"async\" width=\"1024\" height=\"576\" src=\"https:\/\/www.correiobraziliense.com.br\/cbradar\/wp-content\/uploads\/2025\/03\/Nao-Olhe-Para-Cima-1024x576.png\" alt=\"Esse \u00e9 o terceiro filme mais visto da hist\u00f3ria da Netflix, veja detalhes\" class=\"wp-image-16235\" srcset=\"https:\/\/www.correiobraziliense.com.br\/cbradar\/wp-content\/uploads\/2025\/03\/Nao-Olhe-Para-Cima-1024x576.png 1024w, https:\/\/www.correiobraziliense.com.br\/cbradar\/wp-content\/uploads\/2025\/03\/Nao-Olhe-Para-Cima-300x169.png 300w, https:\/\/www.correiobraziliense.com.br\/cbradar\/wp-content\/uploads\/2025\/03\/Nao-Olhe-Para-Cima-768x432.png 768w, https:\/\/www.correiobraziliense.com.br\/cbradar\/wp-content\/uploads\/2025\/03\/Nao-Olhe-Para-Cima-750x422.png 750w, https:\/\/www.correiobraziliense.com.br\/cbradar\/wp-content\/uploads\/2025\/03\/Nao-Olhe-Para-Cima-1140x641.png 1140w, https:\/\/www.correiobraziliense.com.br\/cbradar\/wp-content\/uploads\/2025\/03\/Nao-Olhe-Para-Cima.png 1280w\" sizes=\"(max-width: 1024px) 100vw, 1024px\" \/><figcaption class=\"wp-element-caption\">N\u00e3o Olhe Para Cima. fonte: divulga\u00e7\u00e3o \/ Netflix<\/figcaption><\/figure>\n\n\n\n<h2 class=\"wp-block-heading\"><strong>Qual \u00e9 o legado de &#8220;N\u00e3o Olhe Para Cima&#8221;?<\/strong><\/h2>\n\n\n\n<p>O filme deixa um legado significativo ao estimular discuss\u00f5es sobre a import\u00e2ncia de se levar a s\u00e9rio as amea\u00e7as globais. Ele convida o p\u00fablico a refletir sobre seu papel na sociedade e a necessidade de uma resposta mais consciente e proativa diante de desafios coletivos. &#8220;N\u00e3o Olhe Para Cima&#8221; n\u00e3o apenas entret\u00e9m, mas tamb\u00e9m educa e inspira mudan\u00e7as de atitude, destacando a urg\u00eancia de se agir antes que seja tarde demais.<\/p>\n\n\n\n<p>Em suma, &#8220;N\u00e3o Olhe Para Cima&#8221; \u00e9 mais do que uma simples s\u00e1tira; \u00e9 um chamado \u00e0 a\u00e7\u00e3o e \u00e0 reflex\u00e3o sobre as escolhas que fazemos como sociedade. O filme desafia o espectador a olhar al\u00e9m das distra\u00e7\u00f5es e a se engajar em solu\u00e7\u00f5es reais para problemas que afetam a todos.<\/p>\n","protected":false},"excerpt":{"rendered":"<p>Explora\u00e7\u00e3o sat\u00edrica das falhas sist\u00e9micas na resposta a crises globais em &#8216;N\u00e3o Olhe Para Cima&#8217;, um filme que desafia e inspira a sociedade.<\/p>\n","protected":false},"author":3,"featured_media":16234,"comment_status":"open","ping_status":"open","sticky":false,"template":"","format":"standard","meta":{"_yoast_wpseo_focuskw":"terceiro filme Netflix","_yoast_wpseo_title":"%%title%%","_yoast_wpseo_metadesc":"Explora\u00e7\u00e3o sat\u00edrica das falhas sist\u00eamicas na resposta a crises globais em 'N\u00e3o Olhe Para Cima', um filme que desafia e inspira a sociedade.","jnews-multi-image_gallery":[],"jnews_single_post":{"format":"standard"},"jnews_primary_category":[],"jnews_social_meta":[],"jnews_override_counter":[],"footnotes":""},"categories":[140],"post_tag":[568],"class_list":["post-16229","post","type-post","status-publish","format-standard","has-post-thumbnail","hentry","category-entretenimento","tag-series-e-filmes"],"yoast_head":"<!-- This site is optimized with the Yoast SEO plugin v24.6 - https:\/\/yoast.com\/wordpress\/plugins\/seo\/ -->\n<title>Esse \u00e9 o terceiro filme mais visto da hist\u00f3ria da Netflix, veja detalhes<\/title>\n<meta name=\"description\" content=\"Explora\u00e7\u00e3o sat\u00edrica das falhas sist\u00eamicas na resposta a crises globais em &#039;N\u00e3o Olhe Para Cima&#039;, um filme que desafia e inspira a sociedade.\" \/>\n<meta name=\"robots\" content=\"index, follow, max-snippet:-1, max-image-preview:large, max-video-preview:-1\" \/>\n<link rel=\"canonical\" href=\"https:\/\/www.correiobraziliense.com.br\/cbradar\/esse-e-o-terceiro-filme-mais-visto-da-historia-da-netflix-veja-detalhes\/\" \/>\n<meta property=\"og:locale\" content=\"pt_BR\" \/>\n<meta property=\"og:type\" content=\"article\" \/>\n<meta property=\"og:title\" content=\"Esse \u00e9 o terceiro filme mais visto da hist\u00f3ria da Netflix, veja detalhes\" \/>\n<meta property=\"og:description\" content=\"Explora\u00e7\u00e3o sat\u00edrica das falhas sist\u00eamicas na resposta a crises globais em &#039;N\u00e3o Olhe Para Cima&#039;, um filme que desafia e inspira a sociedade.\" \/>\n<meta property=\"og:url\" content=\"https:\/\/www.correiobraziliense.com.br\/cbradar\/esse-e-o-terceiro-filme-mais-visto-da-historia-da-netflix-veja-detalhes\/\" \/>\n<meta property=\"og:site_name\" content=\"Correio Braziliense - Radar\" \/>\n<meta property=\"article:published_time\" content=\"2025-03-28T13:30:00+00:00\" \/>\n<meta property=\"og:image\" content=\"https:\/\/www.correiobraziliense.com.br\/cbradar\/wp-content\/uploads\/2025\/03\/Nao-Olhe-Para-Cima-2.png\" \/>\n\t<meta property=\"og:image:width\" content=\"1280\" \/>\n\t<meta property=\"og:image:height\" content=\"720\" \/>\n\t<meta property=\"og:image:type\" content=\"image\/png\" \/>\n<meta name=\"author\" content=\"Larissa Carvalho\" \/>\n<meta name=\"twitter:card\" content=\"summary_large_image\" \/>\n<meta name=\"twitter:label1\" content=\"Escrito por\" \/>\n\t<meta name=\"twitter:data1\" content=\"Larissa Carvalho\" \/>\n\t<meta name=\"twitter:label2\" content=\"Est. tempo de leitura\" \/>\n\t<meta name=\"twitter:data2\" content=\"4 minutos\" \/>\n<!-- \/ Yoast SEO plugin. -->","yoast_head_json":{"title":"Esse \u00e9 o terceiro filme mais visto da hist\u00f3ria da Netflix, veja detalhes","description":"Explora\u00e7\u00e3o sat\u00edrica das falhas sist\u00eamicas na resposta a crises globais em 'N\u00e3o Olhe Para Cima', um filme que desafia e inspira a sociedade.","robots":{"index":"index","follow":"follow","max-snippet":"max-snippet:-1","max-image-preview":"max-image-preview:large","max-video-preview":"max-video-preview:-1"},"canonical":"https:\/\/www.correiobraziliense.com.br\/cbradar\/esse-e-o-terceiro-filme-mais-visto-da-historia-da-netflix-veja-detalhes\/","og_locale":"pt_BR","og_type":"article","og_title":"Esse \u00e9 o terceiro filme mais visto da hist\u00f3ria da Netflix, veja detalhes","og_description":"Explora\u00e7\u00e3o sat\u00edrica das falhas sist\u00eamicas na resposta a crises globais em 'N\u00e3o Olhe Para Cima', um filme que desafia e inspira a sociedade.","og_url":"https:\/\/www.correiobraziliense.com.br\/cbradar\/esse-e-o-terceiro-filme-mais-visto-da-historia-da-netflix-veja-detalhes\/","og_site_name":"Correio Braziliense - Radar","article_published_time":"2025-03-28T13:30:00+00:00","og_image":[{"width":1280,"height":720,"url":"https:\/\/www.correiobraziliense.com.br\/cbradar\/wp-content\/uploads\/2025\/03\/Nao-Olhe-Para-Cima-2.png","type":"image\/png"}],"author":"Larissa Carvalho","twitter_card":"summary_large_image","twitter_misc":{"Escrito por":"Larissa Carvalho","Est. tempo de leitura":"4 minutos"},"schema":{"@context":"https:\/\/schema.org","@graph":[{"@type":"WebPage","@id":"https:\/\/www.correiobraziliense.com.br\/cbradar\/esse-e-o-terceiro-filme-mais-visto-da-historia-da-netflix-veja-detalhes\/","url":"https:\/\/www.correiobraziliense.com.br\/cbradar\/esse-e-o-terceiro-filme-mais-visto-da-historia-da-netflix-veja-detalhes\/","name":"Esse \u00e9 o terceiro filme mais visto da hist\u00f3ria da Netflix, veja detalhes","isPartOf":{"@id":"https:\/\/www.correiobraziliense.com.br\/cbradar\/#website"},"primaryImageOfPage":{"@id":"https:\/\/www.correiobraziliense.com.br\/cbradar\/esse-e-o-terceiro-filme-mais-visto-da-historia-da-netflix-veja-detalhes\/#primaryimage"},"image":{"@id":"https:\/\/www.correiobraziliense.com.br\/cbradar\/esse-e-o-terceiro-filme-mais-visto-da-historia-da-netflix-veja-detalhes\/#primaryimage"},"thumbnailUrl":"https:\/\/www.correiobraziliense.com.br\/cbradar\/wp-content\/uploads\/2025\/03\/Nao-Olhe-Para-Cima-2.png","datePublished":"2025-03-28T13:30:00+00:00","author":{"@id":"https:\/\/www.correiobraziliense.com.br\/cbradar\/#\/schema\/person\/58422787644df994b53a19d3e56c1513"},"description":"Explora\u00e7\u00e3o sat\u00edrica das falhas sist\u00eamicas na resposta a crises globais em 'N\u00e3o Olhe Para Cima', um filme que desafia e inspira a sociedade.","breadcrumb":{"@id":"https:\/\/www.correiobraziliense.com.br\/cbradar\/esse-e-o-terceiro-filme-mais-visto-da-historia-da-netflix-veja-detalhes\/#breadcrumb"},"inLanguage":"pt-BR","potentialAction":[{"@type":"ReadAction","target":["https:\/\/www.correiobraziliense.com.br\/cbradar\/esse-e-o-terceiro-filme-mais-visto-da-historia-da-netflix-veja-detalhes\/"]}]},{"@type":"ImageObject","inLanguage":"pt-BR","@id":"https:\/\/www.correiobraziliense.com.br\/cbradar\/esse-e-o-terceiro-filme-mais-visto-da-historia-da-netflix-veja-detalhes\/#primaryimage","url":"https:\/\/www.correiobraziliense.com.br\/cbradar\/wp-content\/uploads\/2025\/03\/Nao-Olhe-Para-Cima-2.png","contentUrl":"https:\/\/www.correiobraziliense.com.br\/cbradar\/wp-content\/uploads\/2025\/03\/Nao-Olhe-Para-Cima-2.png","width":1280,"height":720,"caption":"N\u00e3o Olhe Para Cima. fonte: divulga\u00e7\u00e3o \/ Netflix"},{"@type":"BreadcrumbList","@id":"https:\/\/www.correiobraziliense.com.br\/cbradar\/esse-e-o-terceiro-filme-mais-visto-da-historia-da-netflix-veja-detalhes\/#breadcrumb","itemListElement":[{"@type":"ListItem","position":1,"name":"In\u00edcio","item":"https:\/\/www.correiobraziliense.com.br\/cbradar\/"},{"@type":"ListItem","position":2,"name":"Esse \u00e9 o terceiro filme mais visto da hist\u00f3ria da Netflix, veja detalhes"}]},{"@type":"WebSite","@id":"https:\/\/www.correiobraziliense.com.br\/cbradar\/#website","url":"https:\/\/www.correiobraziliense.com.br\/cbradar\/","name":"Correio Braziliense - Radar","description":"Acompanhe as \u00faltimas not\u00edcias e fique bem informado sobre tudo o que acontece no Brasil e no mundo.","potentialAction":[{"@type":"SearchAction","target":{"@type":"EntryPoint","urlTemplate":"https:\/\/www.correiobraziliense.com.br\/cbradar\/?s={search_term_string}"},"query-input":{"@type":"PropertyValueSpecification","valueRequired":true,"valueName":"search_term_string"}}],"inLanguage":"pt-BR"},{"@type":"Person","@id":"https:\/\/www.correiobraziliense.com.br\/cbradar\/#\/schema\/person\/58422787644df994b53a19d3e56c1513","name":"Larissa Carvalho","image":{"@type":"ImageObject","inLanguage":"pt-BR","@id":"https:\/\/www.correiobraziliense.com.br\/cbradar\/#\/schema\/person\/image\/","url":"https:\/\/secure.gravatar.com\/avatar\/fe4f91a0de32b52a838d0d612abdc1aa?s=96&d=mm&r=g","contentUrl":"https:\/\/secure.gravatar.com\/avatar\/fe4f91a0de32b52a838d0d612abdc1aa?s=96&d=mm&r=g","caption":"Larissa Carvalho"},"url":"https:\/\/www.correiobraziliense.com.br\/cbradar\/author\/larissamyth\/"}]}},"_links":{"self":[{"href":"https:\/\/www.correiobraziliense.com.br\/cbradar\/wp-json\/wp\/v2\/posts\/16229","targetHints":{"allow":["GET"]}}],"collection":[{"href":"https:\/\/www.correiobraziliense.com.br\/cbradar\/wp-json\/wp\/v2\/posts"}],"about":[{"href":"https:\/\/www.correiobraziliense.com.br\/cbradar\/wp-json\/wp\/v2\/types\/post"}],"author":[{"embeddable":true,"href":"https:\/\/www.correiobraziliense.com.br\/cbradar\/wp-json\/wp\/v2\/users\/3"}],"replies":[{"embeddable":true,"href":"https:\/\/www.correiobraziliense.com.br\/cbradar\/wp-json\/wp\/v2\/comments?post=16229"}],"version-history":[{"count":1,"href":"https:\/\/www.correiobraziliense.com.br\/cbradar\/wp-json\/wp\/v2\/posts\/16229\/revisions"}],"predecessor-version":[{"id":16236,"href":"https:\/\/www.correiobraziliense.com.br\/cbradar\/wp-json\/wp\/v2\/posts\/16229\/revisions\/16236"}],"wp:featuredmedia":[{"embeddable":true,"href":"https:\/\/www.correiobraziliense.com.br\/cbradar\/wp-json\/wp\/v2\/media\/16234"}],"wp:attachment":[{"href":"https:\/\/www.correiobraziliense.com.br\/cbradar\/wp-json\/wp\/v2\/media?parent=16229"}],"wp:term":[{"taxonomy":"category","embeddable":true,"href":"https:\/\/www.correiobraziliense.com.br\/cbradar\/wp-json\/wp\/v2\/categories?post=16229"},{"taxonomy":"post_tag","embeddable":true,"href":"https:\/\/www.correiobraziliense.com.br\/cbradar\/wp-json\/wp\/v2\/post_tag?post=16229"}],"curies":[{"name":"wp","href":"https:\/\/api.w.org\/{rel}","templated":true}]}}