{"id":162293,"date":"2025-12-25T20:35:00","date_gmt":"2025-12-25T23:35:00","guid":{"rendered":"https:\/\/www.correiobraziliense.com.br\/cbradar\/?p=162293"},"modified":"2025-12-25T18:23:29","modified_gmt":"2025-12-25T21:23:29","slug":"o-plural-de-cidadao-engana-muita-gente-e-o-correto-tem-um-motivo-curioso","status":"publish","type":"post","link":"https:\/\/www.correiobraziliense.com.br\/cbradar\/o-plural-de-cidadao-engana-muita-gente-e-o-correto-tem-um-motivo-curioso\/","title":{"rendered":"O plural de \u201ccidad\u00e3o\u201d engana muita gente, e o correto tem um motivo curioso"},"content":{"rendered":"\n<p>O plural de palavras terminadas em \u201c\u00e3o\u201d costuma gerar d\u00favidas, e \u201ccidad\u00e3o\u201d est\u00e1 entre os exemplos que mais confundem. Em diferentes situa\u00e7\u00f5es, surgem formas como \u201ccidad\u00f5es\u201d ou at\u00e9 \u201ccidadoes\u201d, mas a norma culta do portugu\u00eas estabelece apenas uma forma correta para o plural. Ao observar a escrita de jornais, redes sociais e documentos oficiais em 2025, nota-se que o termo no plural aparece com frequ\u00eancia em debates sobre direitos civis, participa\u00e7\u00e3o pol\u00edtica e pol\u00edticas p\u00fablicas, o que torna o dom\u00ednio da forma adequada ainda mais relevante para quem deseja escrever com <strong>clareza<\/strong>, <strong>corre\u00e7\u00e3o gramatical<\/strong> e <strong>credibilidade<\/strong>.<\/p>\n\n\n\n<h2 class=\"wp-block-heading\">Qual \u00e9 o plural correto de \u201ccidad\u00e3o\u201d e como ele deve ser usado<\/h2>\n\n\n\n<p>A forma correta do plural \u00e9 <strong>cidad\u00e3os<\/strong>. Essa \u00e9 a flex\u00e3o reconhecida pela <strong>gram\u00e1tica normativa<\/strong>, pelos principais dicion\u00e1rios e por manuais de reda\u00e7\u00e3o, sendo a \u00fanica aceit\u00e1vel em contextos formais. A variante \u201ccidad\u00f5es\u201d n\u00e3o \u00e9 aceita na escrita padr\u00e3o e costuma ser apontada como <strong>erro ortogr\u00e1fico<\/strong>, mesmo que pare\u00e7a espont\u00e2nea a muitos falantes.<\/p>\n\n\n\n<p>Em textos acad\u00eamicos, jur\u00eddicos ou jornal\u00edsticos, o uso de <strong>cidad\u00e3os<\/strong> \u00e9 obrigat\u00f3rio e indica dom\u00ednio da norma culta e aten\u00e7\u00e3o ao padr\u00e3o escrito. J\u00e1 em registros informais de fala podem surgir varia\u00e7\u00f5es, mas elas n\u00e3o s\u00e3o recomendadas em provas, concursos, reda\u00e7\u00f5es escolares ou documentos oficiais, nos quais a corre\u00e7\u00e3o \u00e9 essencial.<\/p>\n\n\n\n<figure class=\"wp-block-image size-large\"><img decoding=\"async\" width=\"1024\" height=\"576\" src=\"https:\/\/www.correiobraziliense.com.br\/cbradar\/wp-content\/uploads\/2025\/12\/pessoa-escrevendo_1766587341617-1024x576.jpg\" alt=\"O plural de \u201ccidad\u00e3o\u201d engana muita gente, e o correto tem um motivo curioso\" class=\"wp-image-162300\" srcset=\"https:\/\/www.correiobraziliense.com.br\/cbradar\/wp-content\/uploads\/2025\/12\/pessoa-escrevendo_1766587341617-1024x576.jpg 1024w, https:\/\/www.correiobraziliense.com.br\/cbradar\/wp-content\/uploads\/2025\/12\/pessoa-escrevendo_1766587341617-300x169.jpg 300w, https:\/\/www.correiobraziliense.com.br\/cbradar\/wp-content\/uploads\/2025\/12\/pessoa-escrevendo_1766587341617-768x432.jpg 768w, https:\/\/www.correiobraziliense.com.br\/cbradar\/wp-content\/uploads\/2025\/12\/pessoa-escrevendo_1766587341617-750x422.jpg 750w, https:\/\/www.correiobraziliense.com.br\/cbradar\/wp-content\/uploads\/2025\/12\/pessoa-escrevendo_1766587341617-1140x641.jpg 1140w, https:\/\/www.correiobraziliense.com.br\/cbradar\/wp-content\/uploads\/2025\/12\/pessoa-escrevendo_1766587341617.jpg 1280w\" sizes=\"(max-width: 1024px) 100vw, 1024px\" \/><figcaption class=\"wp-element-caption\">O plural de palavras com \u201c\u00e3o\u201d segue regras pr\u00f3prias; \u201ccidad\u00e3o\u201d plural \u00e9 \u201ccidad\u00e3os\u201d.<\/figcaption><\/figure>\n\n\n\n<h2 class=\"wp-block-heading\">Por que o plural \u00e9 \u201ccidad\u00e3os\u201d e n\u00e3o \u201ccidad\u00f5es\u201d na norma culta<\/h2>\n\n\n\n<p>A principal explica\u00e7\u00e3o para o plural <strong>cidad\u00e3os<\/strong> est\u00e1 na <strong>origem hist\u00f3rica<\/strong> da palavra. \u201cCidad\u00e3o\u201d vem do latim <em>civitas<\/em> (cidade, comunidade pol\u00edtica), que gerou o termo <em>civitanus<\/em>, depois evoluindo para \u201ccidad\u00e3o\u201d em portugu\u00eas. Ao longo da hist\u00f3ria da l\u00edngua, certos substantivos em \u201c\u00e3o\u201d herdaram o plural em \u201c\u00e3os\u201d, enquanto outros seguiram caminhos diferentes, como \u201c\u00f5es\u201d ou \u201c\u00e3es\u201d.<\/p>\n\n\n\n<p>Desse modo, a forma <strong>cidad\u00e3os<\/strong> n\u00e3o \u00e9 um desvio, mas o resultado de transforma\u00e7\u00f5es fon\u00e9ticas e morfol\u00f3gicas consolidadas pelo uso. A regulariza\u00e7\u00e3o final, registrada em gram\u00e1ticas, dicion\u00e1rios e textos legais, cristalizou \u201ccidad\u00e3os\u201d como forma padr\u00e3o, em linha com outros voc\u00e1bulos que seguem a mesma l\u00f3gica hist\u00f3rica e resistem \u00e0 tend\u00eancia de usar \u201c\u00f5es\u201d como plural mais comum.<\/p>\n\n\n\n<h2 class=\"wp-block-heading\">Como funcionam os plurais em \u201c\u00e3o\u201d no portugu\u00eas padr\u00e3o<\/h2>\n\n\n\n<p>Palavras terminadas em \u201c\u00e3o\u201d podem ter tr\u00eas plurais principais: <strong>-\u00f5es<\/strong>, <strong>-\u00e3es<\/strong> e <strong>-\u00e3os<\/strong>. Isso explica parte da confus\u00e3o com \u201ccidad\u00e3o\u201d, j\u00e1 que, sem conhecer a origem das palavras, muitas pessoas tendem a aplicar o modelo mais frequente, que \u00e9 o plural em \u201c\u00f5es\u201d. Em muitos casos, a distribui\u00e7\u00e3o entre esses grupos n\u00e3o \u00e9 previs\u00edvel pela forma da palavra, sendo necess\u00e1rio <strong>memorizar<\/strong> cada caso.<\/p>\n\n\n\n<ul class=\"wp-block-list\">\n<li><strong>Plural em -\u00f5es<\/strong>: <em>avi\u00e3o<\/em> \u2192 avi\u00f5es, <em>le\u00e3o<\/em> \u2192 le\u00f5es, <em>campe\u00e3o<\/em> \u2192 campe\u00f5es;<\/li>\n\n\n\n<li><strong>Plural em -\u00e3es<\/strong>: <em>p\u00e3o<\/em> \u2192 p\u00e3es, <em>alem\u00e3o<\/em> \u2192 alem\u00e3es, <em>c\u00e3o<\/em> \u2192 c\u00e3es;<\/li>\n\n\n\n<li><strong>Plural em -\u00e3os<\/strong>: <em>irm\u00e3o<\/em> \u2192 irm\u00e3os, <em>crist\u00e3o<\/em> \u2192 crist\u00e3os, <em>cidad\u00e3o<\/em> \u2192 cidad\u00e3os.<\/li>\n<\/ul>\n\n\n\n<p>Para exemplificar, trouxemos o v\u00eddeo do Professor Paulinho Kuririn:<\/p>\n\n\n\n<blockquote class=\"tiktok-embed\" cite=\"https:\/\/www.tiktok.com\/@profpaulinhokuririn\/video\/7462541030898846982\" data-video-id=\"7462541030898846982\" style=\"max-width: 605px;min-width: 325px;\" > <section> <a target=\"_blank\" title=\"@profpaulinhokuririn\" href=\"https:\/\/www.tiktok.com\/@profpaulinhokuririn?refer=embed\">@profpaulinhokuririn<\/a> Voc\u00ea sabia? Gostou? N\u00e3o erre mais! \ud83d\ude04\ud83d\ude4f\ud83c\udffb\ud83d\ude80\ud83d\udca5\u2764\ufe0f\ud83d\udc4f\ud83c\udffb Curta, comente, compartilhe e salve. Pega o bizu! \u00c9 tudo nosso, nada deles! <a title=\"aprovakuririn\" target=\"_blank\" href=\"https:\/\/www.tiktok.com\/tag\/aprovakuririn?refer=embed\">#AprovaKuririn<\/a> <a title=\"colecionadordeaprova\u00e7\u00f5es\" target=\"_blank\" href=\"https:\/\/www.tiktok.com\/tag\/colecionadordeaprova%C3%A7%C3%B5es?refer=embed\">#ColecionadorDeAprova\u00e7\u00f5es<\/a> Somos <a title=\"teamkuririn\" target=\"_blank\" href=\"https:\/\/www.tiktok.com\/tag\/teamkuririn?refer=embed\">#TeamKuririn<\/a> Professor de reda\u00e7\u00e3o que mais aprova no Brasil  <a title=\"concursos\" target=\"_blank\" href=\"https:\/\/www.tiktok.com\/tag\/concursos?refer=embed\">#concursos<\/a> <a title=\"enem\" target=\"_blank\" href=\"https:\/\/www.tiktok.com\/tag\/enem?refer=embed\">#enem<\/a> <a title=\"reda\u00e7\u00e3o\" target=\"_blank\" href=\"https:\/\/www.tiktok.com\/tag\/reda%C3%A7%C3%A3o?refer=embed\">#reda\u00e7\u00e3o<\/a> <a title=\"portugues\" target=\"_blank\" href=\"https:\/\/www.tiktok.com\/tag\/portugues?refer=embed\">#portugues<\/a> <a title=\"dicas\" target=\"_blank\" href=\"https:\/\/www.tiktok.com\/tag\/dicas?refer=embed\">#dicas<\/a> <a title=\"v\u00eddeo\" target=\"_blank\" href=\"https:\/\/www.tiktok.com\/tag\/v%C3%ADdeo?refer=embed\">#v\u00eddeo<\/a>  <a title=\"text\" target=\"_blank\" href=\"https:\/\/www.tiktok.com\/tag\/text?refer=embed\">#text<\/a> <a title=\"textos\" target=\"_blank\" href=\"https:\/\/www.tiktok.com\/tag\/textos?refer=embed\">#textos<\/a> Assiste ao v\u00eddeo quantas vezes forem necess\u00e1rias! <a title=\"linguaportuguesa\" target=\"_blank\" href=\"https:\/\/www.tiktok.com\/tag\/linguaportuguesa?refer=embed\">#linguaportuguesa<\/a> <a title=\"dicaportugues\" target=\"_blank\" href=\"https:\/\/www.tiktok.com\/tag\/dicaportugues?refer=embed\">#dicaportugues<\/a> <a title=\"humor\" target=\"_blank\" href=\"https:\/\/www.tiktok.com\/tag\/humor?refer=embed\">#humor<\/a> <a target=\"_blank\" title=\"\u266c som original - ProfPaulinhoKuririn\" href=\"https:\/\/www.tiktok.com\/music\/som-original-7462541118344252166?refer=embed\">\u266c som original &#8211; ProfPaulinhoKuririn<\/a> <\/section> <\/blockquote> <script async src=\"https:\/\/www.tiktok.com\/embed.js\"><\/script>\n\n\n\n<h2 class=\"wp-block-heading\">Quais s\u00e3o os principais tipos de plural em \u201c\u00e3o\u201d<\/h2>\n\n\n\n<p>O quadro a seguir resume os padr\u00f5es mais comuns de plural em palavras terminadas em \u201c\u00e3o\u201d e destaca onde se encaixa o caso de <strong>cidad\u00e3o<\/strong>. Observar esses grupos ajuda a perceber que n\u00e3o existe uma \u00fanica regra geral, mas sim <strong>padr\u00f5es diferentes<\/strong>, alguns mais produtivos e outros mais restritos.<\/p>\n\n\n\n<ul class=\"wp-block-list\">\n<li><strong>Tipo 1 \u2013 Plural em -\u00f5es<\/strong>\n<ul class=\"wp-block-list\">\n<li>Exemplos: <em>bal\u00e3o<\/em> \u2192 bal\u00f5es; <em>campe\u00e3o<\/em> \u2192 campe\u00f5es; <em>avi\u00e3o<\/em> \u2192 avi\u00f5es;<\/li>\n\n\n\n<li>Caracter\u00edstica: \u00e9 o padr\u00e3o mais produtivo, usado em muitas palavras modernas.<\/li>\n<\/ul>\n<\/li>\n\n\n\n<li><strong>Tipo 2 \u2013 Plural em -\u00e3es<\/strong>\n<ul class=\"wp-block-list\">\n<li>Exemplos: <em>p\u00e3o<\/em> \u2192 p\u00e3es; <em>m\u00e3o<\/em> \u2192 m\u00e3os (forma especial); <em>alem\u00e3o<\/em> \u2192 alem\u00e3es;<\/li>\n\n\n\n<li>Caracter\u00edstica: muitas vezes ligado a heran\u00e7as diretas do latim, com mudan\u00e7as fon\u00e9ticas espec\u00edficas.<\/li>\n<\/ul>\n<\/li>\n\n\n\n<li><strong>Tipo 3 \u2013 Plural em -\u00e3os<\/strong>\n<ul class=\"wp-block-list\">\n<li>Exemplos: <em>irm\u00e3o<\/em> \u2192 irm\u00e3os; <em>crist\u00e3o<\/em> \u2192 crist\u00e3os; <em>cidad\u00e3o<\/em> \u2192 cidad\u00e3os;<\/li>\n\n\n\n<li>Caracter\u00edstica: grupo menor, mas presente em vocabul\u00e1rio religioso, social e de parentesco.<\/li>\n<\/ul>\n<\/li>\n<\/ul>\n\n\n\n<h2 class=\"wp-block-heading\">Qual \u00e9 a origem e a evolu\u00e7\u00e3o da palavra \u201ccidad\u00e3o\u201d<\/h2>\n\n\n\n<p>Para entender melhor a l\u00f3gica de <strong>cidad\u00e3os<\/strong>, \u00e9 \u00fatil observar a trajet\u00f3ria hist\u00f3rica da palavra e sua rela\u00e7\u00e3o com o latim. O termo se consolidou em torno da ideia de pertencimento \u00e0 cidade e de participa\u00e7\u00e3o na comunidade pol\u00edtica, o que explica o uso frequente em debates sobre <strong>direitos<\/strong> e <strong>deveres<\/strong> civis.<\/p>\n\n\n\n<ol class=\"wp-block-list\">\n<li><strong>Latim cl\u00e1ssico<\/strong>: o termo central era <em>civis<\/em> (habitante da cidade, membro da comunidade pol\u00edtica) e a ideia de cidade se expressava por <em>civitas<\/em>;<\/li>\n\n\n\n<li><strong>Latim tardio e rom\u00e2nico<\/strong>: formas derivadas de <em>civitas<\/em> passaram a indicar pertencimento \u00e0 cidade, origem do futuro \u201ccidad\u00e3o\u201d;<\/li>\n\n\n\n<li><strong>Portugu\u00eas antigo<\/strong>: surgiram formas pr\u00f3ximas a \u201ccidad\u00e3o\u201d, associadas a quem tinha direitos e deveres na urbe;<\/li>\n\n\n\n<li><strong>Portugu\u00eas moderno<\/strong>: a palavra consolidou-se no singular como \u201ccidad\u00e3o\u201d e, no plural, como \u201ccidad\u00e3os\u201d, registradas em dicion\u00e1rios e textos legais.<\/li>\n<\/ol>\n\n\n\n<h2 class=\"wp-block-heading\">Como evitar erros ao usar \u201ccidad\u00e3os\u201d no dia a dia<\/h2>\n\n\n\n<p>Para reduzir d\u00favidas na escrita, algumas estrat\u00e9gias simples ajudam a fixar o plural <strong>cidad\u00e3os<\/strong> e outros substantivos semelhantes. Essas pr\u00e1ticas s\u00e3o \u00fateis em reda\u00e7\u00f5es escolares, concursos, produ\u00e7\u00e3o de conte\u00fados digitais e qualquer situa\u00e7\u00e3o em que a <strong>norma padr\u00e3o<\/strong> seja exigida.<\/p>\n\n\n\n<ul class=\"wp-block-list\">\n<li><strong>Associar a palavras do mesmo grupo<\/strong>: lembrar de pares como \u201cirm\u00e3o\/irm\u00e3os\u201d e \u201ccrist\u00e3o\/crist\u00e3os\u201d ajuda a fixar \u201ccidad\u00e3o\/cidad\u00e3os\u201d;<\/li>\n\n\n\n<li><strong>Consultar dicion\u00e1rios confi\u00e1veis<\/strong>: em situa\u00e7\u00f5es de trabalho, estudo ou provas, a checagem r\u00e1pida evita erros recorrentes;<\/li>\n\n\n\n<li><strong>Observar o contexto<\/strong>: em textos oficiais, acad\u00eamicos ou jornal\u00edsticos, a forma \u201ccidad\u00e3os\u201d \u00e9 a esperada e apropriada;<\/li>\n\n\n\n<li><strong>Praticar em frases<\/strong>: criar exemplos como \u201cos cidad\u00e3os participaram da reuni\u00e3o\u201d contribui para consolidar o uso correto.<\/li>\n<\/ul>\n","protected":false},"excerpt":{"rendered":"<p>Plural de \u201ccidad\u00e3o\u201d \u00e9 \u201ccidad\u00e3os\u201d: entenda a l\u00f3gica da regra, veja quadro comparativo e descubra o curioso box etimol\u00f3gico da palavra.<\/p>\n","protected":false},"author":3,"featured_media":162664,"comment_status":"open","ping_status":"open","sticky":false,"template":"","format":"standard","meta":{"_yoast_wpseo_focuskw":"plural cidad\u00e3o","_yoast_wpseo_title":"%%title%%","_yoast_wpseo_metadesc":"Plural de \u201ccidad\u00e3o\u201d \u00e9 \u201ccidad\u00e3os\u201d: entenda a l\u00f3gica da regra, veja quadro comparativo e descubra o curioso box etimol\u00f3gico da palavra.","jnews-multi-image_gallery":[],"jnews_single_post":{"format":"standard"},"jnews_primary_category":[],"jnews_social_meta":[],"jnews_override_counter":[],"footnotes":""},"categories":[112],"tags":[144,10902,11064],"class_list":["post-162293","post","type-post","status-publish","format-standard","has-post-thumbnail","hentry","category-curiosidades","tag-curiosidades","tag-lingua-portuguesa","tag-linguas"],"yoast_head":"<!-- This site is optimized with the Yoast SEO plugin v24.6 - https:\/\/yoast.com\/wordpress\/plugins\/seo\/ -->\n<title>O plural de \u201ccidad\u00e3o\u201d engana muita gente, e o correto tem um motivo curioso<\/title>\n<meta name=\"description\" content=\"Plural de \u201ccidad\u00e3o\u201d \u00e9 \u201ccidad\u00e3os\u201d: entenda a l\u00f3gica da regra, veja quadro comparativo e descubra o curioso box etimol\u00f3gico da palavra.\" \/>\n<meta name=\"robots\" content=\"index, follow, max-snippet:-1, max-image-preview:large, max-video-preview:-1\" \/>\n<link rel=\"canonical\" href=\"https:\/\/www.correiobraziliense.com.br\/cbradar\/o-plural-de-cidadao-engana-muita-gente-e-o-correto-tem-um-motivo-curioso\/\" \/>\n<meta property=\"og:locale\" content=\"pt_BR\" \/>\n<meta property=\"og:type\" content=\"article\" \/>\n<meta property=\"og:title\" content=\"O plural de \u201ccidad\u00e3o\u201d engana muita gente, e o correto tem um motivo curioso\" \/>\n<meta property=\"og:description\" content=\"Plural de \u201ccidad\u00e3o\u201d \u00e9 \u201ccidad\u00e3os\u201d: entenda a l\u00f3gica da regra, veja quadro comparativo e descubra o curioso box etimol\u00f3gico da palavra.\" \/>\n<meta property=\"og:url\" content=\"https:\/\/www.correiobraziliense.com.br\/cbradar\/o-plural-de-cidadao-engana-muita-gente-e-o-correto-tem-um-motivo-curioso\/\" \/>\n<meta property=\"og:site_name\" content=\"Correio Braziliense - Radar\" \/>\n<meta property=\"article:published_time\" content=\"2025-12-25T23:35:00+00:00\" \/>\n<meta property=\"og:image\" content=\"https:\/\/www.correiobraziliense.com.br\/cbradar\/wp-content\/uploads\/2025\/12\/O-plural-de-cidadao-engana-muita-gente-e-o-correto-tem-um-motivo-curioso.png\" \/>\n\t<meta property=\"og:image:width\" content=\"1280\" \/>\n\t<meta property=\"og:image:height\" content=\"720\" \/>\n\t<meta property=\"og:image:type\" content=\"image\/png\" \/>\n<meta name=\"author\" content=\"Larissa Carvalho\" \/>\n<meta name=\"twitter:card\" content=\"summary_large_image\" \/>\n<meta name=\"twitter:label1\" content=\"Escrito por\" \/>\n\t<meta name=\"twitter:data1\" content=\"Larissa Carvalho\" \/>\n\t<meta name=\"twitter:label2\" content=\"Est. tempo de leitura\" \/>\n\t<meta name=\"twitter:data2\" content=\"6 minutos\" \/>\n<!-- \/ Yoast SEO plugin. -->","yoast_head_json":{"title":"O plural de \u201ccidad\u00e3o\u201d engana muita gente, e o correto tem um motivo curioso","description":"Plural de \u201ccidad\u00e3o\u201d \u00e9 \u201ccidad\u00e3os\u201d: entenda a l\u00f3gica da regra, veja quadro comparativo e descubra o curioso box etimol\u00f3gico da palavra.","robots":{"index":"index","follow":"follow","max-snippet":"max-snippet:-1","max-image-preview":"max-image-preview:large","max-video-preview":"max-video-preview:-1"},"canonical":"https:\/\/www.correiobraziliense.com.br\/cbradar\/o-plural-de-cidadao-engana-muita-gente-e-o-correto-tem-um-motivo-curioso\/","og_locale":"pt_BR","og_type":"article","og_title":"O plural de \u201ccidad\u00e3o\u201d engana muita gente, e o correto tem um motivo curioso","og_description":"Plural de \u201ccidad\u00e3o\u201d \u00e9 \u201ccidad\u00e3os\u201d: entenda a l\u00f3gica da regra, veja quadro comparativo e descubra o curioso box etimol\u00f3gico da palavra.","og_url":"https:\/\/www.correiobraziliense.com.br\/cbradar\/o-plural-de-cidadao-engana-muita-gente-e-o-correto-tem-um-motivo-curioso\/","og_site_name":"Correio Braziliense - Radar","article_published_time":"2025-12-25T23:35:00+00:00","og_image":[{"width":1280,"height":720,"url":"https:\/\/www.correiobraziliense.com.br\/cbradar\/wp-content\/uploads\/2025\/12\/O-plural-de-cidadao-engana-muita-gente-e-o-correto-tem-um-motivo-curioso.png","type":"image\/png"}],"author":"Larissa Carvalho","twitter_card":"summary_large_image","twitter_misc":{"Escrito por":"Larissa Carvalho","Est. tempo de leitura":"6 minutos"},"schema":{"@context":"https:\/\/schema.org","@graph":[{"@type":"WebPage","@id":"https:\/\/www.correiobraziliense.com.br\/cbradar\/o-plural-de-cidadao-engana-muita-gente-e-o-correto-tem-um-motivo-curioso\/","url":"https:\/\/www.correiobraziliense.com.br\/cbradar\/o-plural-de-cidadao-engana-muita-gente-e-o-correto-tem-um-motivo-curioso\/","name":"O plural de \u201ccidad\u00e3o\u201d engana muita gente, e o correto tem um motivo curioso","isPartOf":{"@id":"https:\/\/www.correiobraziliense.com.br\/cbradar\/#website"},"primaryImageOfPage":{"@id":"https:\/\/www.correiobraziliense.com.br\/cbradar\/o-plural-de-cidadao-engana-muita-gente-e-o-correto-tem-um-motivo-curioso\/#primaryimage"},"image":{"@id":"https:\/\/www.correiobraziliense.com.br\/cbradar\/o-plural-de-cidadao-engana-muita-gente-e-o-correto-tem-um-motivo-curioso\/#primaryimage"},"thumbnailUrl":"https:\/\/www.correiobraziliense.com.br\/cbradar\/wp-content\/uploads\/2025\/12\/O-plural-de-cidadao-engana-muita-gente-e-o-correto-tem-um-motivo-curioso.png","datePublished":"2025-12-25T23:35:00+00:00","author":{"@id":"https:\/\/www.correiobraziliense.com.br\/cbradar\/#\/schema\/person\/58422787644df994b53a19d3e56c1513"},"description":"Plural de \u201ccidad\u00e3o\u201d \u00e9 \u201ccidad\u00e3os\u201d: entenda a l\u00f3gica da regra, veja quadro comparativo e descubra o curioso box etimol\u00f3gico da palavra.","breadcrumb":{"@id":"https:\/\/www.correiobraziliense.com.br\/cbradar\/o-plural-de-cidadao-engana-muita-gente-e-o-correto-tem-um-motivo-curioso\/#breadcrumb"},"inLanguage":"pt-BR","potentialAction":[{"@type":"ReadAction","target":["https:\/\/www.correiobraziliense.com.br\/cbradar\/o-plural-de-cidadao-engana-muita-gente-e-o-correto-tem-um-motivo-curioso\/"]}]},{"@type":"ImageObject","inLanguage":"pt-BR","@id":"https:\/\/www.correiobraziliense.com.br\/cbradar\/o-plural-de-cidadao-engana-muita-gente-e-o-correto-tem-um-motivo-curioso\/#primaryimage","url":"https:\/\/www.correiobraziliense.com.br\/cbradar\/wp-content\/uploads\/2025\/12\/O-plural-de-cidadao-engana-muita-gente-e-o-correto-tem-um-motivo-curioso.png","contentUrl":"https:\/\/www.correiobraziliense.com.br\/cbradar\/wp-content\/uploads\/2025\/12\/O-plural-de-cidadao-engana-muita-gente-e-o-correto-tem-um-motivo-curioso.png","width":1280,"height":720,"caption":"O plural de \u201ccidad\u00e3o\u201d engana muita gente, e o correto tem um motivo curioso"},{"@type":"BreadcrumbList","@id":"https:\/\/www.correiobraziliense.com.br\/cbradar\/o-plural-de-cidadao-engana-muita-gente-e-o-correto-tem-um-motivo-curioso\/#breadcrumb","itemListElement":[{"@type":"ListItem","position":1,"name":"In\u00edcio","item":"https:\/\/www.correiobraziliense.com.br\/cbradar\/"},{"@type":"ListItem","position":2,"name":"O plural de \u201ccidad\u00e3o\u201d engana muita gente, e o correto tem um motivo curioso"}]},{"@type":"WebSite","@id":"https:\/\/www.correiobraziliense.com.br\/cbradar\/#website","url":"https:\/\/www.correiobraziliense.com.br\/cbradar\/","name":"Correio Braziliense - Radar","description":"Acompanhe as \u00faltimas not\u00edcias e fique bem informado sobre tudo o que acontece no Brasil e no mundo.","potentialAction":[{"@type":"SearchAction","target":{"@type":"EntryPoint","urlTemplate":"https:\/\/www.correiobraziliense.com.br\/cbradar\/?s={search_term_string}"},"query-input":{"@type":"PropertyValueSpecification","valueRequired":true,"valueName":"search_term_string"}}],"inLanguage":"pt-BR"},{"@type":"Person","@id":"https:\/\/www.correiobraziliense.com.br\/cbradar\/#\/schema\/person\/58422787644df994b53a19d3e56c1513","name":"Larissa Carvalho","image":{"@type":"ImageObject","inLanguage":"pt-BR","@id":"https:\/\/www.correiobraziliense.com.br\/cbradar\/#\/schema\/person\/image\/","url":"https:\/\/secure.gravatar.com\/avatar\/fe4f91a0de32b52a838d0d612abdc1aa?s=96&d=mm&r=g","contentUrl":"https:\/\/secure.gravatar.com\/avatar\/fe4f91a0de32b52a838d0d612abdc1aa?s=96&d=mm&r=g","caption":"Larissa Carvalho"},"url":"https:\/\/www.correiobraziliense.com.br\/cbradar\/author\/larissamyth\/"}]}},"_links":{"self":[{"href":"https:\/\/www.correiobraziliense.com.br\/cbradar\/wp-json\/wp\/v2\/posts\/162293","targetHints":{"allow":["GET"]}}],"collection":[{"href":"https:\/\/www.correiobraziliense.com.br\/cbradar\/wp-json\/wp\/v2\/posts"}],"about":[{"href":"https:\/\/www.correiobraziliense.com.br\/cbradar\/wp-json\/wp\/v2\/types\/post"}],"author":[{"embeddable":true,"href":"https:\/\/www.correiobraziliense.com.br\/cbradar\/wp-json\/wp\/v2\/users\/3"}],"replies":[{"embeddable":true,"href":"https:\/\/www.correiobraziliense.com.br\/cbradar\/wp-json\/wp\/v2\/comments?post=162293"}],"version-history":[{"count":2,"href":"https:\/\/www.correiobraziliense.com.br\/cbradar\/wp-json\/wp\/v2\/posts\/162293\/revisions"}],"predecessor-version":[{"id":162302,"href":"https:\/\/www.correiobraziliense.com.br\/cbradar\/wp-json\/wp\/v2\/posts\/162293\/revisions\/162302"}],"wp:featuredmedia":[{"embeddable":true,"href":"https:\/\/www.correiobraziliense.com.br\/cbradar\/wp-json\/wp\/v2\/media\/162664"}],"wp:attachment":[{"href":"https:\/\/www.correiobraziliense.com.br\/cbradar\/wp-json\/wp\/v2\/media?parent=162293"}],"wp:term":[{"taxonomy":"category","embeddable":true,"href":"https:\/\/www.correiobraziliense.com.br\/cbradar\/wp-json\/wp\/v2\/categories?post=162293"},{"taxonomy":"post_tag","embeddable":true,"href":"https:\/\/www.correiobraziliense.com.br\/cbradar\/wp-json\/wp\/v2\/tags?post=162293"}],"curies":[{"name":"wp","href":"https:\/\/api.w.org\/{rel}","templated":true}]}}