{"id":162709,"date":"2025-12-26T20:35:00","date_gmt":"2025-12-26T23:35:00","guid":{"rendered":"https:\/\/www.correiobraziliense.com.br\/cbradar\/?p=162709"},"modified":"2025-12-26T09:21:03","modified_gmt":"2025-12-26T12:21:03","slug":"o-feminino-de-frade-existe-e-tem-nome-proprio","status":"publish","type":"post","link":"https:\/\/www.correiobraziliense.com.br\/cbradar\/o-feminino-de-frade-existe-e-tem-nome-proprio\/","title":{"rendered":"O feminino de \u201cfrade\u201d existe, e tem nome pr\u00f3prio"},"content":{"rendered":"\n<p>Durante muito tempo, circulou a ideia de que o feminino de <strong>\u201cfrade\u201d<\/strong> n\u00e3o existia ou seria apenas <strong>\u201cfreira\u201d<\/strong>. Em contextos escolares e conversas informais, a d\u00favida aparece com frequ\u00eancia e costuma gerar interpreta\u00e7\u00f5es apressadas, mas a hist\u00f3ria das duas palavras mostra que <strong>\u201cfrade\u201d<\/strong> e <strong>\u201cfreira\u201d<\/strong> seguem caminhos pr\u00f3prios dentro da l\u00edngua portuguesa, ainda que ligados ao mesmo universo religioso e \u00e0 tradi\u00e7\u00e3o do <strong>latim eclesi\u00e1stico<\/strong>.<\/p>\n\n\n\n<h2 class=\"wp-block-heading\">O feminino de \u201cfrade\u201d existe na norma gramatical e no uso real<\/h2>\n\n\n\n<p>Na l\u00edngua falada hoje, \u00e9 comum o uso de <strong>\u201cfrade\u201d<\/strong> para o homem que pertence a determinadas ordens religiosas, sobretudo de tradi\u00e7\u00e3o franciscana, enquanto <strong>\u201cfreira\u201d<\/strong> se consolidou como termo para a mulher consagrada \u00e0 vida religiosa. A rela\u00e7\u00e3o entre esses voc\u00e1bulos, contudo, n\u00e3o \u00e9 apenas de oposi\u00e7\u00e3o masculino\u2013feminino, pois h\u00e1 diferen\u00e7as de forma\u00e7\u00e3o, de uso e de origem etimol\u00f3gica.<\/p>\n\n\n\n<p>Do ponto de vista estritamente gramatical, a forma\u00e7\u00e3o <strong>\u201cfrada\u201d<\/strong> \u00e9 poss\u00edvel dentro do sistema da l\u00edngua, j\u00e1 que muitos substantivos terminados em \u201c-e\u201d no masculino admitem flex\u00e3o em \u201c-a\u201d no feminino. No entanto, essa forma praticamente n\u00e3o se encontra em uso corrente, nem em documentos oficiais da Igreja, nem em registros liter\u00e1rios modernos ou em dicion\u00e1rios de refer\u00eancia.<\/p>\n\n\n\n<h2 class=\"wp-block-heading\">Por que \u201cfrade\u201d e \u201cfreira\u201d n\u00e3o formam um par de g\u00eanero regular<\/h2>\n\n\n\n<p>Na pr\u00e1tica social e institucional, a figura religiosa feminina equivalente n\u00e3o \u00e9 chamada de \u201cfrada\u201d, mas de <strong>\u201cfreira\u201d<\/strong> ou <strong>\u201cirm\u00e3\u201d<\/strong>, dependendo da tradi\u00e7\u00e3o da congrega\u00e7\u00e3o. Em ordens espec\u00edficas, usam-se ainda denomina\u00e7\u00f5es como <strong>\u201cmonja\u201d<\/strong> ou <strong>\u201creligiosa\u201d<\/strong>, que indicam contextos distintos de vida mon\u00e1stica ou apost\u00f3lica.<\/p>\n\n\n\n<p>Dessa forma, o que a gram\u00e1tica permitiria como forma paralela (\u201cfrada\u201d) n\u00e3o se firmou na circula\u00e7\u00e3o real da l\u00edngua, dando espa\u00e7o ao uso est\u00e1vel de <strong>\u201cfreira\u201d<\/strong>. Assim como ocorre com pares como <strong>\u201cpadre\u201d<\/strong> e <strong>\u201cmadre\u201d<\/strong>, trata-se de uma oposi\u00e7\u00e3o constru\u00edda historicamente, e n\u00e3o de simples flex\u00e3o de g\u00eanero produzida por regra mec\u00e2nica.<\/p>\n\n\n\n<figure class=\"wp-block-image size-large\"><img decoding=\"async\" width=\"1024\" height=\"576\" src=\"https:\/\/www.correiobraziliense.com.br\/cbradar\/wp-content\/uploads\/2025\/12\/\u2705-BANNER-MYTH-2025-12-25T192922.507-1024x576.png\" alt=\"O feminino de \u201cfrade\u201d existe, e tem nome pr\u00f3prio\" class=\"wp-image-162711\" srcset=\"https:\/\/www.correiobraziliense.com.br\/cbradar\/wp-content\/uploads\/2025\/12\/\u2705-BANNER-MYTH-2025-12-25T192922.507-1024x576.png 1024w, https:\/\/www.correiobraziliense.com.br\/cbradar\/wp-content\/uploads\/2025\/12\/\u2705-BANNER-MYTH-2025-12-25T192922.507-300x169.png 300w, https:\/\/www.correiobraziliense.com.br\/cbradar\/wp-content\/uploads\/2025\/12\/\u2705-BANNER-MYTH-2025-12-25T192922.507-768x432.png 768w, https:\/\/www.correiobraziliense.com.br\/cbradar\/wp-content\/uploads\/2025\/12\/\u2705-BANNER-MYTH-2025-12-25T192922.507-750x422.png 750w, https:\/\/www.correiobraziliense.com.br\/cbradar\/wp-content\/uploads\/2025\/12\/\u2705-BANNER-MYTH-2025-12-25T192922.507-1140x641.png 1140w, https:\/\/www.correiobraziliense.com.br\/cbradar\/wp-content\/uploads\/2025\/12\/\u2705-BANNER-MYTH-2025-12-25T192922.507.png 1280w\" sizes=\"(max-width: 1024px) 100vw, 1024px\" \/><figcaption class=\"wp-element-caption\">Etimologia: &#8220;frade&#8221; de latim frater; &#8220;freira&#8221; de soror via freire. Usados para cl\u00e9rigos\/conventos desde Idade M\u00e9dia em PT.<\/figcaption><\/figure>\n\n\n\n<h2 class=\"wp-block-heading\">Qual \u00e9 o significado de \u201cfreira\u201d e qual \u00e9 sua origem etimol\u00f3gica<\/h2>\n\n\n\n<p>O termo <strong>\u201cfreira\u201d<\/strong> designa a mulher que faz <strong>votos religiosos<\/strong> e ingressa em uma congrega\u00e7\u00e3o ou ordem, assumindo vida de consagra\u00e7\u00e3o est\u00e1vel. Em muitos contextos, \u00e9 tratada tamb\u00e9m por <strong>\u201cirm\u00e3\u201d<\/strong>, forma que refor\u00e7a o sentido de comunidade e de fraternidade entre os membros do grupo religioso.<\/p>\n\n\n\n<p>A palavra \u201cfreira\u201d tem rela\u00e7\u00e3o com o latim <strong><em>frater<\/em><\/strong>, que significa \u201cirm\u00e3o\u201d, e com sua forma feminina cristianizada, <strong><em>soror<\/em><\/strong>, amplamente usada em contextos eclesi\u00e1sticos. No portugu\u00eas hist\u00f3rico, essa heran\u00e7a aparece em nomes como <strong>\u201cSoror Juana In\u00e9s\u201d<\/strong> e <strong>\u201cSoror Catarina\u201d<\/strong>, muito comuns em documentos coloniais e em registros conventuais.<\/p>\n\n\n\n<h2 class=\"wp-block-heading\">Como \u201cfrade\u201d \u201cfreira\u201d e o latim frater se relacionam historicamente<\/h2>\n\n\n\n<p>A palavra <strong>\u201cfrade\u201d<\/strong> tamb\u00e9m est\u00e1 ligada \u00e0 raiz latina <strong><em>frater<\/em><\/strong>, que originalmente significava \u201cirm\u00e3o\u201d no sentido biol\u00f3gico e, posteriormente, espiritual. No contexto crist\u00e3o, essa no\u00e7\u00e3o de irmandade se ampliou para todos os que partilhavam a mesma f\u00e9 ou viviam em comunidade religiosa sob uma mesma regra.<\/p>\n\n\n\n<p>Em diferentes momentos hist\u00f3ricos, palavras como <strong>\u201cirm\u00e3o\u201d<\/strong>, <strong>\u201cirm\u00e3\u201d<\/strong>, <strong>\u201cmonge\u201d<\/strong>, <strong>\u201cmonja\u201d<\/strong>, <strong>\u201cfrade\u201d<\/strong> e <strong>\u201cfreira\u201d<\/strong> aparecem com usos pr\u00f3ximos, mas n\u00e3o id\u00eanticos. Cada termo carrega tra\u00e7os espec\u00edficos de organiza\u00e7\u00e3o interna, tipo de voto assumido e atividade desenvolvida pela comunidade, compondo um vasto campo sem\u00e2ntico de <strong>fraternidade espiritual<\/strong>.<\/p>\n\n\n\n<h2 class=\"wp-block-heading\">Como a l\u00edngua organiza as diferen\u00e7as entre termos religiosos no cotidiano<\/h2>\n\n\n\n<p>No uso cotidiano, a distin\u00e7\u00e3o entre <strong>\u201cfrade\u201d<\/strong> e <strong>\u201cfreira\u201d<\/strong> costuma ser mais pr\u00e1tica do que t\u00e9cnica, e convive com outras designa\u00e7\u00f5es. Esses termos se encaixam em uma rede de voc\u00e1bulos que marcam g\u00eanero, fun\u00e7\u00e3o e estilo de vida religiosa de forma relativamente est\u00e1vel.<\/p>\n\n\n\n<ul class=\"wp-block-list\">\n<li><strong>Frade<\/strong> \u2013 religioso masculino, sobretudo ligado a ordens como a franciscana ou dominicana.<\/li>\n\n\n\n<li><strong>Freira<\/strong> \u2013 religiosa feminina, de diferentes congrega\u00e7\u00f5es ou ordens, nem sempre enclausuradas.<\/li>\n\n\n\n<li><strong>Monge \/ Monja<\/strong> \u2013 religiosos que vivem em mosteiros, seguindo regras mon\u00e1sticas espec\u00edficas.<\/li>\n\n\n\n<li><strong>Irm\u00e3o \/ Irm\u00e3<\/strong> \u2013 forma de tratamento interno, com forte carga comunit\u00e1ria, usada em diversas congrega\u00e7\u00f5es.<\/li>\n<\/ul>\n\n\n\n<h2 class=\"wp-block-heading\">Quais s\u00e3o as principais curiosidades hist\u00f3ricas sobre \u201cfrade\u201d e \u201cfreira\u201d<\/h2>\n\n\n\n<p>Alguns fatos ajudam a entender melhor o cen\u00e1rio em que esses termos se consolidaram no portugu\u00eas, tanto em Portugal quanto no Brasil. Eles mostram como a evolu\u00e7\u00e3o hist\u00f3rica das ordens religiosas influenciou o vocabul\u00e1rio e a maneira de nomear esses grupos.<\/p>\n\n\n\n<ol class=\"wp-block-list\">\n<li><strong>Origem medieval<\/strong>: o uso de <strong>\u201cfrade\u201d<\/strong> ganha for\u00e7a a partir da Idade M\u00e9dia, quando ordens mendicantes, como a franciscana, se expandem pela Europa e depois pela Pen\u00ednsula Ib\u00e9rica.<\/li>\n\n\n\n<li><strong>Expans\u00e3o para o Brasil<\/strong>: com a coloniza\u00e7\u00e3o portuguesa, tanto frades quanto freiras chegaram ao territ\u00f3rio que se tornaria o Brasil, atuando em educa\u00e7\u00e3o, assist\u00eancia social e organiza\u00e7\u00e3o de comunidades.<\/li>\n\n\n\n<li><strong>Varia\u00e7\u00f5es regionais<\/strong>: em algumas regi\u00f5es, <strong>\u201cirm\u00e3\u201d<\/strong> \u00e9 mais frequente do que <strong>\u201cfreira\u201d<\/strong> no tratamento direto, enquanto \u201cfreira\u201d aparece em registros mais formais ou descritivos.<\/li>\n\n\n\n<li><strong>Uso liter\u00e1rio<\/strong>: textos de diferentes \u00e9pocas trazem personagens identificados apenas como \u201cfreira\u201d ou \u201cfrade\u201d, refor\u00e7ando a ideia de tipo social e religioso conhecido, sem necessidade de muitos adjetivos.<\/li>\n<\/ol>\n\n\n\n<h2 class=\"wp-block-heading\">Quais curiosidades hist\u00f3ricas ampliam o entendimento de \u201cfrade\u201d e \u201cfreira\u201d<\/h2>\n\n\n\n<p>Al\u00e9m da etimologia, h\u00e1 detalhes culturais que ajudam a perceber como <strong>\u201cfrade\u201d<\/strong> e <strong>\u201cfreira\u201d<\/strong> se fixaram na mem\u00f3ria coletiva. Essas curiosidades mostram a influ\u00eancia do <strong>latim crist\u00e3o<\/strong>, das designa\u00e7\u00f5es oficiais e das express\u00f5es populares na consolida\u00e7\u00e3o desses termos.<\/p>\n\n\n\n<ul class=\"wp-block-list\">\n<li><strong>Influ\u00eancia do latim<\/strong>: al\u00e9m de <em>frater<\/em>, o latim crist\u00e3o usava amplamente <em>soror<\/em> para se referir \u00e0s religiosas. Em portugu\u00eas, essa raiz aparece em nomes como \u201cSoror Juana In\u00e9s\u201d e \u201cSoror Catarina\u201d, muito comuns em documentos coloniais.<\/li>\n\n\n\n<li><strong>Designa\u00e7\u00f5es oficiais<\/strong>: em documentos da Igreja, muitas congrega\u00e7\u00f5es femininas preferem a forma <strong>\u201cIrm\u00e3\u201d<\/strong> seguida do nome, enquanto \u201cfreira\u201d aparece mais em descri\u00e7\u00f5es gerais ou em registros civis.<\/li>\n\n\n\n<li><strong>Termos em desuso<\/strong>: algumas designa\u00e7\u00f5es antigas para religiosas, como certos t\u00edtulos honor\u00edficos, foram abandonadas ao longo dos s\u00e9culos, mas <strong>\u201cfreira\u201d<\/strong> se manteve como refer\u00eancia est\u00e1vel no portugu\u00eas contempor\u00e2neo.<\/li>\n\n\n\n<li><strong>Presen\u00e7a em express\u00f5es populares<\/strong>: tanto \u201cfrade\u201d quanto \u201cfreira\u201d aparecem em prov\u00e9rbios, ditados e express\u00f5es do idioma, sinal de que esses personagens religiosos ocuparam lugar constante no imagin\u00e1rio social.<\/li>\n<\/ul>\n\n\n\n<p>Em s\u00edntese, o feminino de <strong>\u201cfrade\u201d<\/strong> n\u00e3o se consolidou como <strong>\u201cfrada\u201d<\/strong> no uso real da l\u00edngua, e a fun\u00e7\u00e3o social que poderia ser associada a essa forma \u00e9 desempenhada por <strong>\u201cfreira\u201d<\/strong>. A l\u00edngua portuguesa preserva a proximidade sem\u00e2ntica entre \u201cfrade\u201d e \u201cfreira\u201d, mas mant\u00e9m para cada palavra um caminho pr\u00f3prio de uso, marcado pela hist\u00f3ria, pela religi\u00e3o e pela pr\u00e1tica cotidiana.<\/p>\n","protected":false},"excerpt":{"rendered":"<p>O feminino de \u201cfrade\u201d existe e revela surpresas: descubra por que n\u00e3o \u00e9 \u201cfreira\u201d, origem latina de *frater* e curiosidades hist\u00f3ricas \u00fanicas.<\/p>\n","protected":false},"author":3,"featured_media":162925,"comment_status":"open","ping_status":"open","sticky":false,"template":"","format":"standard","meta":{"_yoast_wpseo_focuskw":"feminino frade","_yoast_wpseo_title":"%%title%%","_yoast_wpseo_metadesc":"O feminino de \u201cfrade\u201d existe e revela surpresas: descubra por que n\u00e3o \u00e9 \u201cfreira\u201d, origem latina de *frater* e curiosidades hist\u00f3ricas \u00fanicas.","jnews-multi-image_gallery":[],"jnews_single_post":{"format":"standard"},"jnews_primary_category":[],"jnews_social_meta":[],"jnews_override_counter":[],"footnotes":""},"categories":[112],"post_tag":[144,10902,11064,6081],"class_list":["post-162709","post","type-post","status-publish","format-standard","has-post-thumbnail","hentry","category-curiosidades","tag-curiosidades","tag-lingua-portuguesa","tag-linguas","tag-portugues"],"yoast_head":"<!-- This site is optimized with the Yoast SEO plugin v24.6 - https:\/\/yoast.com\/wordpress\/plugins\/seo\/ -->\n<title>O feminino de \u201cfrade\u201d existe, e tem nome pr\u00f3prio<\/title>\n<meta name=\"description\" content=\"O feminino de \u201cfrade\u201d existe e revela surpresas: descubra por que n\u00e3o \u00e9 \u201cfreira\u201d, origem latina de *frater* e curiosidades hist\u00f3ricas \u00fanicas.\" \/>\n<meta name=\"robots\" content=\"index, follow, max-snippet:-1, max-image-preview:large, max-video-preview:-1\" \/>\n<link rel=\"canonical\" href=\"https:\/\/www.correiobraziliense.com.br\/cbradar\/o-feminino-de-frade-existe-e-tem-nome-proprio\/\" \/>\n<meta property=\"og:locale\" content=\"pt_BR\" \/>\n<meta property=\"og:type\" content=\"article\" \/>\n<meta property=\"og:title\" content=\"O feminino de \u201cfrade\u201d existe, e tem nome pr\u00f3prio\" \/>\n<meta property=\"og:description\" content=\"O feminino de \u201cfrade\u201d existe e revela surpresas: descubra por que n\u00e3o \u00e9 \u201cfreira\u201d, origem latina de *frater* e curiosidades hist\u00f3ricas \u00fanicas.\" \/>\n<meta property=\"og:url\" content=\"https:\/\/www.correiobraziliense.com.br\/cbradar\/o-feminino-de-frade-existe-e-tem-nome-proprio\/\" \/>\n<meta property=\"og:site_name\" content=\"Correio Braziliense - Radar\" \/>\n<meta property=\"article:published_time\" content=\"2025-12-26T23:35:00+00:00\" \/>\n<meta property=\"og:image\" content=\"https:\/\/www.correiobraziliense.com.br\/cbradar\/wp-content\/uploads\/2025\/12\/O-feminino-de-frade-existe-e-tem-nome-proprio.png\" \/>\n\t<meta property=\"og:image:width\" content=\"1280\" \/>\n\t<meta property=\"og:image:height\" content=\"720\" \/>\n\t<meta property=\"og:image:type\" content=\"image\/png\" \/>\n<meta name=\"author\" content=\"Larissa Carvalho\" \/>\n<meta name=\"twitter:card\" content=\"summary_large_image\" \/>\n<meta name=\"twitter:label1\" content=\"Escrito por\" \/>\n\t<meta name=\"twitter:data1\" content=\"Larissa Carvalho\" \/>\n\t<meta name=\"twitter:label2\" content=\"Est. tempo de leitura\" \/>\n\t<meta name=\"twitter:data2\" content=\"7 minutos\" \/>\n<!-- \/ Yoast SEO plugin. -->","yoast_head_json":{"title":"O feminino de \u201cfrade\u201d existe, e tem nome pr\u00f3prio","description":"O feminino de \u201cfrade\u201d existe e revela surpresas: descubra por que n\u00e3o \u00e9 \u201cfreira\u201d, origem latina de *frater* e curiosidades hist\u00f3ricas \u00fanicas.","robots":{"index":"index","follow":"follow","max-snippet":"max-snippet:-1","max-image-preview":"max-image-preview:large","max-video-preview":"max-video-preview:-1"},"canonical":"https:\/\/www.correiobraziliense.com.br\/cbradar\/o-feminino-de-frade-existe-e-tem-nome-proprio\/","og_locale":"pt_BR","og_type":"article","og_title":"O feminino de \u201cfrade\u201d existe, e tem nome pr\u00f3prio","og_description":"O feminino de \u201cfrade\u201d existe e revela surpresas: descubra por que n\u00e3o \u00e9 \u201cfreira\u201d, origem latina de *frater* e curiosidades hist\u00f3ricas \u00fanicas.","og_url":"https:\/\/www.correiobraziliense.com.br\/cbradar\/o-feminino-de-frade-existe-e-tem-nome-proprio\/","og_site_name":"Correio Braziliense - Radar","article_published_time":"2025-12-26T23:35:00+00:00","og_image":[{"width":1280,"height":720,"url":"https:\/\/www.correiobraziliense.com.br\/cbradar\/wp-content\/uploads\/2025\/12\/O-feminino-de-frade-existe-e-tem-nome-proprio.png","type":"image\/png"}],"author":"Larissa Carvalho","twitter_card":"summary_large_image","twitter_misc":{"Escrito por":"Larissa Carvalho","Est. tempo de leitura":"7 minutos"},"schema":{"@context":"https:\/\/schema.org","@graph":[{"@type":"WebPage","@id":"https:\/\/www.correiobraziliense.com.br\/cbradar\/o-feminino-de-frade-existe-e-tem-nome-proprio\/","url":"https:\/\/www.correiobraziliense.com.br\/cbradar\/o-feminino-de-frade-existe-e-tem-nome-proprio\/","name":"O feminino de \u201cfrade\u201d existe, e tem nome pr\u00f3prio","isPartOf":{"@id":"https:\/\/www.correiobraziliense.com.br\/cbradar\/#website"},"primaryImageOfPage":{"@id":"https:\/\/www.correiobraziliense.com.br\/cbradar\/o-feminino-de-frade-existe-e-tem-nome-proprio\/#primaryimage"},"image":{"@id":"https:\/\/www.correiobraziliense.com.br\/cbradar\/o-feminino-de-frade-existe-e-tem-nome-proprio\/#primaryimage"},"thumbnailUrl":"https:\/\/www.correiobraziliense.com.br\/cbradar\/wp-content\/uploads\/2025\/12\/O-feminino-de-frade-existe-e-tem-nome-proprio.png","datePublished":"2025-12-26T23:35:00+00:00","author":{"@id":"https:\/\/www.correiobraziliense.com.br\/cbradar\/#\/schema\/person\/58422787644df994b53a19d3e56c1513"},"description":"O feminino de \u201cfrade\u201d existe e revela surpresas: descubra por que n\u00e3o \u00e9 \u201cfreira\u201d, origem latina de *frater* e curiosidades hist\u00f3ricas \u00fanicas.","breadcrumb":{"@id":"https:\/\/www.correiobraziliense.com.br\/cbradar\/o-feminino-de-frade-existe-e-tem-nome-proprio\/#breadcrumb"},"inLanguage":"pt-BR","potentialAction":[{"@type":"ReadAction","target":["https:\/\/www.correiobraziliense.com.br\/cbradar\/o-feminino-de-frade-existe-e-tem-nome-proprio\/"]}]},{"@type":"ImageObject","inLanguage":"pt-BR","@id":"https:\/\/www.correiobraziliense.com.br\/cbradar\/o-feminino-de-frade-existe-e-tem-nome-proprio\/#primaryimage","url":"https:\/\/www.correiobraziliense.com.br\/cbradar\/wp-content\/uploads\/2025\/12\/O-feminino-de-frade-existe-e-tem-nome-proprio.png","contentUrl":"https:\/\/www.correiobraziliense.com.br\/cbradar\/wp-content\/uploads\/2025\/12\/O-feminino-de-frade-existe-e-tem-nome-proprio.png","width":1280,"height":720,"caption":"Frade e Freira: muito al\u00e9m da semelhan\u00e7a, uma hist\u00f3ria de palavras que trilharam caminhos pr\u00f3prios na nossa l\u00edngua."},{"@type":"BreadcrumbList","@id":"https:\/\/www.correiobraziliense.com.br\/cbradar\/o-feminino-de-frade-existe-e-tem-nome-proprio\/#breadcrumb","itemListElement":[{"@type":"ListItem","position":1,"name":"In\u00edcio","item":"https:\/\/www.correiobraziliense.com.br\/cbradar\/"},{"@type":"ListItem","position":2,"name":"O feminino de \u201cfrade\u201d existe, e tem nome pr\u00f3prio"}]},{"@type":"WebSite","@id":"https:\/\/www.correiobraziliense.com.br\/cbradar\/#website","url":"https:\/\/www.correiobraziliense.com.br\/cbradar\/","name":"Correio Braziliense - Radar","description":"Acompanhe as \u00faltimas not\u00edcias e fique bem informado sobre tudo o que acontece no Brasil e no mundo.","potentialAction":[{"@type":"SearchAction","target":{"@type":"EntryPoint","urlTemplate":"https:\/\/www.correiobraziliense.com.br\/cbradar\/?s={search_term_string}"},"query-input":{"@type":"PropertyValueSpecification","valueRequired":true,"valueName":"search_term_string"}}],"inLanguage":"pt-BR"},{"@type":"Person","@id":"https:\/\/www.correiobraziliense.com.br\/cbradar\/#\/schema\/person\/58422787644df994b53a19d3e56c1513","name":"Larissa Carvalho","image":{"@type":"ImageObject","inLanguage":"pt-BR","@id":"https:\/\/www.correiobraziliense.com.br\/cbradar\/#\/schema\/person\/image\/","url":"https:\/\/secure.gravatar.com\/avatar\/fe4f91a0de32b52a838d0d612abdc1aa?s=96&d=mm&r=g","contentUrl":"https:\/\/secure.gravatar.com\/avatar\/fe4f91a0de32b52a838d0d612abdc1aa?s=96&d=mm&r=g","caption":"Larissa Carvalho"},"url":"https:\/\/www.correiobraziliense.com.br\/cbradar\/author\/larissamyth\/"}]}},"_links":{"self":[{"href":"https:\/\/www.correiobraziliense.com.br\/cbradar\/wp-json\/wp\/v2\/posts\/162709","targetHints":{"allow":["GET"]}}],"collection":[{"href":"https:\/\/www.correiobraziliense.com.br\/cbradar\/wp-json\/wp\/v2\/posts"}],"about":[{"href":"https:\/\/www.correiobraziliense.com.br\/cbradar\/wp-json\/wp\/v2\/types\/post"}],"author":[{"embeddable":true,"href":"https:\/\/www.correiobraziliense.com.br\/cbradar\/wp-json\/wp\/v2\/users\/3"}],"replies":[{"embeddable":true,"href":"https:\/\/www.correiobraziliense.com.br\/cbradar\/wp-json\/wp\/v2\/comments?post=162709"}],"version-history":[{"count":2,"href":"https:\/\/www.correiobraziliense.com.br\/cbradar\/wp-json\/wp\/v2\/posts\/162709\/revisions"}],"predecessor-version":[{"id":162712,"href":"https:\/\/www.correiobraziliense.com.br\/cbradar\/wp-json\/wp\/v2\/posts\/162709\/revisions\/162712"}],"wp:featuredmedia":[{"embeddable":true,"href":"https:\/\/www.correiobraziliense.com.br\/cbradar\/wp-json\/wp\/v2\/media\/162925"}],"wp:attachment":[{"href":"https:\/\/www.correiobraziliense.com.br\/cbradar\/wp-json\/wp\/v2\/media?parent=162709"}],"wp:term":[{"taxonomy":"category","embeddable":true,"href":"https:\/\/www.correiobraziliense.com.br\/cbradar\/wp-json\/wp\/v2\/categories?post=162709"},{"taxonomy":"post_tag","embeddable":true,"href":"https:\/\/www.correiobraziliense.com.br\/cbradar\/wp-json\/wp\/v2\/post_tag?post=162709"}],"curies":[{"name":"wp","href":"https:\/\/api.w.org\/{rel}","templated":true}]}}