{"id":16296,"date":"2025-03-28T21:10:00","date_gmt":"2025-03-29T00:10:00","guid":{"rendered":"https:\/\/www.correiobraziliense.com.br\/cbradar\/?p=16296"},"modified":"2025-03-27T21:41:13","modified_gmt":"2025-03-28T00:41:13","slug":"alerta-importante-para-todos-os-donos-do-corolla-cross-veja-detalhes","status":"publish","type":"post","link":"https:\/\/www.correiobraziliense.com.br\/cbradar\/alerta-importante-para-todos-os-donos-do-corolla-cross-veja-detalhes\/","title":{"rendered":"Alerta importante para todos os donos do Corolla Cross, veja detalhes"},"content":{"rendered":"\n<p>A <strong>Toyota <\/strong>anunciou um recall para o <strong><a href=\"https:\/\/www.toyota.com.br\/modelos\/corolla-cross\" target=\"_blank\" rel=\"noreferrer noopener\">SUV Corolla Cross<\/a><\/strong> devido a um problema nos eixos de transmiss\u00e3o dianteiros. Este defeito pode comprometer a seguran\u00e7a dos ve\u00edculos, uma vez que existe o risco de ruptura dos eixos, o que pode levar \u00e0 perda de pot\u00eancia e aumentar o risco de acidentes. O recall abrange modelos produzidos entre janeiro de 2023 e novembro de 2024.<\/p>\n\n\n\n<p>Os modelos afetados incluem tanto as vers\u00f5es com motor 2.0 (<strong>XR, XRE, XRX e GRS<\/strong>) quanto os h\u00edbridos (<strong>XRV e XRX HEV<\/strong>). A Toyota informou que o problema surgiu devido \u00e0 graxa que aderiu \u00e0 porca de seguran\u00e7a durante a montagem, causando uma for\u00e7a excessiva e falha no aperto da pe\u00e7a.<\/p>\n\n\n\n<h2 class=\"wp-block-heading\"><strong>Quais modelos est\u00e3o envolvidos?<\/strong><\/h2>\n\n\n\n<p>O recall inclui uma s\u00e9rie de modelos do Corolla Cross. Os propriet\u00e1rios dos ve\u00edculos listados abaixo devem estar atentos e procurar o servi\u00e7o de reparo o mais r\u00e1pido poss\u00edvel:<\/p>\n\n\n\n<ul class=\"wp-block-list\">\n<li>Corolla Cross XR 2.0, XRE 2.0, XRX 2.0 e GRS 2.0<\/li>\n\n\n\n<li>Corolla Cross XRV HEV e XRX HEV<\/li>\n<\/ul>\n\n\n\n<p>Os ve\u00edculos foram fabricados entre 25 de janeiro de 2023 e 25 de novembro de 2024. Os chassis envolvidos variam de 9BRK3AAG 0086724 a 0171427 para os modelos a gasolina e de 9BRKYAAG 0651420 a 0712137 para os h\u00edbridos, n\u00e3o sendo sequenciais.<\/p>\n\n\n\n<figure class=\"wp-block-image size-large\"><img decoding=\"async\" width=\"1024\" height=\"679\" src=\"https:\/\/www.correiobraziliense.com.br\/cbradar\/wp-content\/uploads\/2025\/03\/Corolla-Cross-1024x679.jpeg\" alt=\"Alerta importante para todos os donos do Corolla Cross, veja detalhes\" class=\"wp-image-16310\" srcset=\"https:\/\/www.correiobraziliense.com.br\/cbradar\/wp-content\/uploads\/2025\/03\/Corolla-Cross-1024x679.jpeg 1024w, https:\/\/www.correiobraziliense.com.br\/cbradar\/wp-content\/uploads\/2025\/03\/Corolla-Cross-300x199.jpeg 300w, https:\/\/www.correiobraziliense.com.br\/cbradar\/wp-content\/uploads\/2025\/03\/Corolla-Cross-768x510.jpeg 768w, https:\/\/www.correiobraziliense.com.br\/cbradar\/wp-content\/uploads\/2025\/03\/Corolla-Cross-1536x1019.jpeg 1536w, https:\/\/www.correiobraziliense.com.br\/cbradar\/wp-content\/uploads\/2025\/03\/Corolla-Cross-750x498.jpeg 750w, https:\/\/www.correiobraziliense.com.br\/cbradar\/wp-content\/uploads\/2025\/03\/Corolla-Cross-1140x756.jpeg 1140w, https:\/\/www.correiobraziliense.com.br\/cbradar\/wp-content\/uploads\/2025\/03\/Corolla-Cross.jpeg 1920w\" sizes=\"(max-width: 1024px) 100vw, 1024px\" \/><figcaption class=\"wp-element-caption\">Corolla Cross. Fonte: divulga\u00e7\u00e3o \/ Corolla<\/figcaption><\/figure>\n\n\n\n<h2 class=\"wp-block-heading\"><strong>Como proceder em caso de recall?<\/strong><\/h2>\n\n\n\n<p>Os propriet\u00e1rios dos ve\u00edculos afetados devem agendar o reparo gratuito em uma concession\u00e1ria autorizada da Toyota. O servi\u00e7o envolve a substitui\u00e7\u00e3o dos dois semieixos dianteiros e tem um tempo estimado de dura\u00e7\u00e3o de duas horas e meia. A Toyota recomenda que o agendamento seja feito o quanto antes para garantir a seguran\u00e7a dos motoristas e passageiros.<\/p>\n\n\n\n<h2 class=\"wp-block-heading\"><strong>Por que o recall \u00e9 importante?<\/strong><\/h2>\n\n\n\n<p>O recall \u00e9 uma medida preventiva crucial para garantir a seguran\u00e7a dos ve\u00edculos e de seus ocupantes. A falha nos eixos de transmiss\u00e3o pode levar a situa\u00e7\u00f5es perigosas, especialmente em condi\u00e7\u00f5es de alta exig\u00eancia de torque. A substitui\u00e7\u00e3o das pe\u00e7as defeituosas \u00e9 essencial para evitar acidentes e assegurar que o ve\u00edculo opere corretamente.<\/p>\n\n\n\n<h2 class=\"wp-block-heading\"><strong>Como garantir a seguran\u00e7a do seu ve\u00edculo?<\/strong><\/h2>\n\n\n\n<p>Para garantir que seu ve\u00edculo esteja seguro, \u00e9 importante seguir as orienta\u00e7\u00f5es da Toyota e realizar o reparo o mais r\u00e1pido poss\u00edvel. Al\u00e9m disso, manter-se informado sobre poss\u00edveis recalls futuros e realizar manuten\u00e7\u00f5es regulares s\u00e3o pr\u00e1ticas recomendadas para todos os propriet\u00e1rios de ve\u00edculos.<\/p>\n","protected":false},"excerpt":{"rendered":"<p>A Toyota est\u00e1 recalling o Corolla Cross devido a um defeito de seguran\u00e7a. Propriet\u00e1rios devem agendar reparos gratuitos.<\/p>\n","protected":false},"author":3,"featured_media":16311,"comment_status":"open","ping_status":"open","sticky":false,"template":"","format":"standard","meta":{"_yoast_wpseo_focuskw":"recall Corolla Cross","_yoast_wpseo_title":"%%title%%","_yoast_wpseo_metadesc":"A Toyota est\u00e1 em recall do Corolla Cross devido a um defeito de seguran\u00e7a. Propriet\u00e1rios devem agendar reparos gratuitos.","jnews-multi-image_gallery":[],"jnews_single_post":{"format":"standard"},"jnews_primary_category":[],"jnews_social_meta":[],"jnews_override_counter":[],"footnotes":""},"categories":[115],"post_tag":[123,1766,2512],"class_list":["post-16296","post","type-post","status-publish","format-standard","has-post-thumbnail","hentry","category-tecnologia","tag-carros","tag-corolla","tag-corolla-cross"],"yoast_head":"<!-- This site is optimized with the Yoast SEO plugin v24.6 - https:\/\/yoast.com\/wordpress\/plugins\/seo\/ -->\n<title>Alerta importante para todos os donos do Corolla Cross, veja detalhes<\/title>\n<meta name=\"description\" content=\"A Toyota est\u00e1 em recall do Corolla Cross devido a um defeito de seguran\u00e7a. Propriet\u00e1rios devem agendar reparos gratuitos.\" \/>\n<meta name=\"robots\" content=\"index, follow, max-snippet:-1, max-image-preview:large, max-video-preview:-1\" \/>\n<link rel=\"canonical\" href=\"https:\/\/www.correiobraziliense.com.br\/cbradar\/alerta-importante-para-todos-os-donos-do-corolla-cross-veja-detalhes\/\" \/>\n<meta property=\"og:locale\" content=\"pt_BR\" \/>\n<meta property=\"og:type\" content=\"article\" \/>\n<meta property=\"og:title\" content=\"Alerta importante para todos os donos do Corolla Cross, veja detalhes\" \/>\n<meta property=\"og:description\" content=\"A Toyota est\u00e1 em recall do Corolla Cross devido a um defeito de seguran\u00e7a. Propriet\u00e1rios devem agendar reparos gratuitos.\" \/>\n<meta property=\"og:url\" content=\"https:\/\/www.correiobraziliense.com.br\/cbradar\/alerta-importante-para-todos-os-donos-do-corolla-cross-veja-detalhes\/\" \/>\n<meta property=\"og:site_name\" content=\"Correio Braziliense - Radar\" \/>\n<meta property=\"article:published_time\" content=\"2025-03-29T00:10:00+00:00\" \/>\n<meta property=\"og:image\" content=\"https:\/\/www.correiobraziliense.com.br\/cbradar\/wp-content\/uploads\/2025\/03\/Corolla-Cross-2-scaled.jpeg\" \/>\n\t<meta property=\"og:image:width\" content=\"2560\" \/>\n\t<meta property=\"og:image:height\" content=\"1709\" \/>\n\t<meta property=\"og:image:type\" content=\"image\/jpeg\" \/>\n<meta name=\"author\" content=\"Larissa Carvalho\" \/>\n<meta name=\"twitter:card\" content=\"summary_large_image\" \/>\n<meta name=\"twitter:label1\" content=\"Escrito por\" \/>\n\t<meta name=\"twitter:data1\" content=\"Larissa Carvalho\" \/>\n\t<meta name=\"twitter:label2\" content=\"Est. tempo de leitura\" \/>\n\t<meta name=\"twitter:data2\" content=\"3 minutos\" \/>\n<!-- \/ Yoast SEO plugin. -->","yoast_head_json":{"title":"Alerta importante para todos os donos do Corolla Cross, veja detalhes","description":"A Toyota est\u00e1 em recall do Corolla Cross devido a um defeito de seguran\u00e7a. Propriet\u00e1rios devem agendar reparos gratuitos.","robots":{"index":"index","follow":"follow","max-snippet":"max-snippet:-1","max-image-preview":"max-image-preview:large","max-video-preview":"max-video-preview:-1"},"canonical":"https:\/\/www.correiobraziliense.com.br\/cbradar\/alerta-importante-para-todos-os-donos-do-corolla-cross-veja-detalhes\/","og_locale":"pt_BR","og_type":"article","og_title":"Alerta importante para todos os donos do Corolla Cross, veja detalhes","og_description":"A Toyota est\u00e1 em recall do Corolla Cross devido a um defeito de seguran\u00e7a. Propriet\u00e1rios devem agendar reparos gratuitos.","og_url":"https:\/\/www.correiobraziliense.com.br\/cbradar\/alerta-importante-para-todos-os-donos-do-corolla-cross-veja-detalhes\/","og_site_name":"Correio Braziliense - Radar","article_published_time":"2025-03-29T00:10:00+00:00","og_image":[{"width":2560,"height":1709,"url":"https:\/\/www.correiobraziliense.com.br\/cbradar\/wp-content\/uploads\/2025\/03\/Corolla-Cross-2-scaled.jpeg","type":"image\/jpeg"}],"author":"Larissa Carvalho","twitter_card":"summary_large_image","twitter_misc":{"Escrito por":"Larissa Carvalho","Est. tempo de leitura":"3 minutos"},"schema":{"@context":"https:\/\/schema.org","@graph":[{"@type":"WebPage","@id":"https:\/\/www.correiobraziliense.com.br\/cbradar\/alerta-importante-para-todos-os-donos-do-corolla-cross-veja-detalhes\/","url":"https:\/\/www.correiobraziliense.com.br\/cbradar\/alerta-importante-para-todos-os-donos-do-corolla-cross-veja-detalhes\/","name":"Alerta importante para todos os donos do Corolla Cross, veja detalhes","isPartOf":{"@id":"https:\/\/www.correiobraziliense.com.br\/cbradar\/#website"},"primaryImageOfPage":{"@id":"https:\/\/www.correiobraziliense.com.br\/cbradar\/alerta-importante-para-todos-os-donos-do-corolla-cross-veja-detalhes\/#primaryimage"},"image":{"@id":"https:\/\/www.correiobraziliense.com.br\/cbradar\/alerta-importante-para-todos-os-donos-do-corolla-cross-veja-detalhes\/#primaryimage"},"thumbnailUrl":"https:\/\/www.correiobraziliense.com.br\/cbradar\/wp-content\/uploads\/2025\/03\/Corolla-Cross-2-scaled.jpeg","datePublished":"2025-03-29T00:10:00+00:00","author":{"@id":"https:\/\/www.correiobraziliense.com.br\/cbradar\/#\/schema\/person\/58422787644df994b53a19d3e56c1513"},"description":"A Toyota est\u00e1 em recall do Corolla Cross devido a um defeito de seguran\u00e7a. Propriet\u00e1rios devem agendar reparos gratuitos.","breadcrumb":{"@id":"https:\/\/www.correiobraziliense.com.br\/cbradar\/alerta-importante-para-todos-os-donos-do-corolla-cross-veja-detalhes\/#breadcrumb"},"inLanguage":"pt-BR","potentialAction":[{"@type":"ReadAction","target":["https:\/\/www.correiobraziliense.com.br\/cbradar\/alerta-importante-para-todos-os-donos-do-corolla-cross-veja-detalhes\/"]}]},{"@type":"ImageObject","inLanguage":"pt-BR","@id":"https:\/\/www.correiobraziliense.com.br\/cbradar\/alerta-importante-para-todos-os-donos-do-corolla-cross-veja-detalhes\/#primaryimage","url":"https:\/\/www.correiobraziliense.com.br\/cbradar\/wp-content\/uploads\/2025\/03\/Corolla-Cross-2-scaled.jpeg","contentUrl":"https:\/\/www.correiobraziliense.com.br\/cbradar\/wp-content\/uploads\/2025\/03\/Corolla-Cross-2-scaled.jpeg","width":2560,"height":1709,"caption":"Corolla Cross. Fonte: divulga\u00e7\u00e3o \/ Corolla"},{"@type":"BreadcrumbList","@id":"https:\/\/www.correiobraziliense.com.br\/cbradar\/alerta-importante-para-todos-os-donos-do-corolla-cross-veja-detalhes\/#breadcrumb","itemListElement":[{"@type":"ListItem","position":1,"name":"In\u00edcio","item":"https:\/\/www.correiobraziliense.com.br\/cbradar\/"},{"@type":"ListItem","position":2,"name":"Alerta importante para todos os donos do Corolla Cross, veja detalhes"}]},{"@type":"WebSite","@id":"https:\/\/www.correiobraziliense.com.br\/cbradar\/#website","url":"https:\/\/www.correiobraziliense.com.br\/cbradar\/","name":"Correio Braziliense - Radar","description":"Acompanhe as \u00faltimas not\u00edcias e fique bem informado sobre tudo o que acontece no Brasil e no mundo.","potentialAction":[{"@type":"SearchAction","target":{"@type":"EntryPoint","urlTemplate":"https:\/\/www.correiobraziliense.com.br\/cbradar\/?s={search_term_string}"},"query-input":{"@type":"PropertyValueSpecification","valueRequired":true,"valueName":"search_term_string"}}],"inLanguage":"pt-BR"},{"@type":"Person","@id":"https:\/\/www.correiobraziliense.com.br\/cbradar\/#\/schema\/person\/58422787644df994b53a19d3e56c1513","name":"Larissa Carvalho","image":{"@type":"ImageObject","inLanguage":"pt-BR","@id":"https:\/\/www.correiobraziliense.com.br\/cbradar\/#\/schema\/person\/image\/","url":"https:\/\/secure.gravatar.com\/avatar\/fe4f91a0de32b52a838d0d612abdc1aa?s=96&d=mm&r=g","contentUrl":"https:\/\/secure.gravatar.com\/avatar\/fe4f91a0de32b52a838d0d612abdc1aa?s=96&d=mm&r=g","caption":"Larissa Carvalho"},"url":"https:\/\/www.correiobraziliense.com.br\/cbradar\/author\/larissamyth\/"}]}},"_links":{"self":[{"href":"https:\/\/www.correiobraziliense.com.br\/cbradar\/wp-json\/wp\/v2\/posts\/16296","targetHints":{"allow":["GET"]}}],"collection":[{"href":"https:\/\/www.correiobraziliense.com.br\/cbradar\/wp-json\/wp\/v2\/posts"}],"about":[{"href":"https:\/\/www.correiobraziliense.com.br\/cbradar\/wp-json\/wp\/v2\/types\/post"}],"author":[{"embeddable":true,"href":"https:\/\/www.correiobraziliense.com.br\/cbradar\/wp-json\/wp\/v2\/users\/3"}],"replies":[{"embeddable":true,"href":"https:\/\/www.correiobraziliense.com.br\/cbradar\/wp-json\/wp\/v2\/comments?post=16296"}],"version-history":[{"count":1,"href":"https:\/\/www.correiobraziliense.com.br\/cbradar\/wp-json\/wp\/v2\/posts\/16296\/revisions"}],"predecessor-version":[{"id":16315,"href":"https:\/\/www.correiobraziliense.com.br\/cbradar\/wp-json\/wp\/v2\/posts\/16296\/revisions\/16315"}],"wp:featuredmedia":[{"embeddable":true,"href":"https:\/\/www.correiobraziliense.com.br\/cbradar\/wp-json\/wp\/v2\/media\/16311"}],"wp:attachment":[{"href":"https:\/\/www.correiobraziliense.com.br\/cbradar\/wp-json\/wp\/v2\/media?parent=16296"}],"wp:term":[{"taxonomy":"category","embeddable":true,"href":"https:\/\/www.correiobraziliense.com.br\/cbradar\/wp-json\/wp\/v2\/categories?post=16296"},{"taxonomy":"post_tag","embeddable":true,"href":"https:\/\/www.correiobraziliense.com.br\/cbradar\/wp-json\/wp\/v2\/post_tag?post=16296"}],"curies":[{"name":"wp","href":"https:\/\/api.w.org\/{rel}","templated":true}]}}