{"id":16302,"date":"2025-03-28T19:50:00","date_gmt":"2025-03-28T22:50:00","guid":{"rendered":"https:\/\/www.correiobraziliense.com.br\/cbradar\/?p=16302"},"modified":"2025-03-27T21:41:41","modified_gmt":"2025-03-28T00:41:41","slug":"o-que-fazer-se-a-sua-geladeira-nao-estiver-gelando-veja-guia-pratico","status":"publish","type":"post","link":"https:\/\/www.correiobraziliense.com.br\/cbradar\/o-que-fazer-se-a-sua-geladeira-nao-estiver-gelando-veja-guia-pratico\/","title":{"rendered":"O que fazer se a sua geladeira n\u00e3o estiver gelando? Veja guia pr\u00e1tico"},"content":{"rendered":"\n<p>Quando a geladeira n\u00e3o gela, o cotidiano dom\u00e9stico pode ser seriamente afetado. Este eletrodom\u00e9stico \u00e9 essencial para a conserva\u00e7\u00e3o de alimentos e bebidas, e sua falha pode resultar em desperd\u00edcio e preju\u00edzos. Entender as causas e saber como agir pode ser crucial para evitar maiores problemas.<\/p>\n\n\n\n<p>Problemas na refrigera\u00e7\u00e3o podem surgir de diversas formas, desde quest\u00f5es simples, como uma porta mal fechada, at\u00e9 falhas mais complexas, como problemas no compressor. Este artigo busca esclarecer as causas mais comuns e as solu\u00e7\u00f5es poss\u00edveis para quando a geladeira n\u00e3o est\u00e1 funcionando corretamente.<\/p>\n\n\n\n<h2 class=\"wp-block-heading\"><strong>Quais s\u00e3o as causas comuns para a geladeira n\u00e3o gelar?<\/strong><\/h2>\n\n\n\n<p>Existem v\u00e1rias raz\u00f5es pelas quais uma geladeira pode parar de gelar. Entre as causas mais frequentes est\u00e3o falhas na veda\u00e7\u00e3o, problemas no termostato, condensador sujo e vazamento de g\u00e1s refrigerante. Cada uma dessas quest\u00f5es pode ser abordada de maneiras diferentes, dependendo da gravidade do problema.<\/p>\n\n\n\n<figure class=\"wp-block-image size-large\"><img decoding=\"async\" width=\"1024\" height=\"576\" src=\"https:\/\/www.correiobraziliense.com.br\/cbradar\/wp-content\/uploads\/2025\/03\/geladeira_1743081154018-1024x576.jpg\" alt=\"O que fazer se a sua geladeira n\u00e3o estiver gelando? Veja guia pr\u00e1tico\" class=\"wp-image-16305\" srcset=\"https:\/\/www.correiobraziliense.com.br\/cbradar\/wp-content\/uploads\/2025\/03\/geladeira_1743081154018-1024x576.jpg 1024w, https:\/\/www.correiobraziliense.com.br\/cbradar\/wp-content\/uploads\/2025\/03\/geladeira_1743081154018-300x169.jpg 300w, https:\/\/www.correiobraziliense.com.br\/cbradar\/wp-content\/uploads\/2025\/03\/geladeira_1743081154018-768x432.jpg 768w, https:\/\/www.correiobraziliense.com.br\/cbradar\/wp-content\/uploads\/2025\/03\/geladeira_1743081154018-750x422.jpg 750w, https:\/\/www.correiobraziliense.com.br\/cbradar\/wp-content\/uploads\/2025\/03\/geladeira_1743081154018-1140x641.jpg 1140w, https:\/\/www.correiobraziliense.com.br\/cbradar\/wp-content\/uploads\/2025\/03\/geladeira_1743081154018.jpg 1280w\" sizes=\"(max-width: 1024px) 100vw, 1024px\" \/><figcaption class=\"wp-element-caption\">geladeira.Cr\u00e9ditos: depositphotos.com \/ IgorVetushko<\/figcaption><\/figure>\n\n\n\n<p>Um dos problemas mais comuns \u00e9 a porta mal fechada, que pode ser causada por uma borracha de veda\u00e7\u00e3o desgastada ou objetos que impedem o fechamento correto. Al\u00e9m disso, a abertura frequente da porta pode desregular a temperatura interna, dificultando a refrigera\u00e7\u00e3o.<\/p>\n\n\n\n<h2 class=\"wp-block-heading\"><strong>Como resolver problemas de refrigera\u00e7\u00e3o na geladeira?<\/strong><\/h2>\n\n\n\n<p>Para resolver problemas de refrigera\u00e7\u00e3o, \u00e9 importante identificar a causa espec\u00edfica. Se a porta n\u00e3o est\u00e1 fechando corretamente, verificar a borracha de veda\u00e7\u00e3o e substitu\u00ed-la, se necess\u00e1rio, pode ser uma solu\u00e7\u00e3o eficaz. Ajustar o termostato para a temperatura correta, conforme indicado no manual do aparelho, tamb\u00e9m pode ajudar.<\/p>\n\n\n\n<p>Manter o condensador limpo \u00e9 essencial para o bom funcionamento da geladeira. O ac\u00famulo de poeira e sujeira pode comprometer a troca de calor, afetando a refrigera\u00e7\u00e3o. Limpar regularmente a grade traseira com um pano \u00famido pode prevenir esse problema.<\/p>\n\n\n\n<h2 class=\"wp-block-heading\"><strong>Quando chamar um t\u00e9cnico especializado?<\/strong><\/h2>\n\n\n\n<p>Em casos de problemas mais complexos, como vazamento de g\u00e1s refrigerante ou falhas no compressor, \u00e9 recomendado buscar a ajuda de um t\u00e9cnico especializado. Esses problemas exigem conhecimento t\u00e9cnico e equipamentos espec\u00edficos para serem resolvidos adequadamente.<\/p>\n\n\n\n<p>Se a geladeira ainda estiver na garantia, \u00e9 aconselh\u00e1vel entrar em contato com a assist\u00eancia t\u00e9cnica autorizada antes de tentar qualquer reparo. Isso garante que o problema seja solucionado sem comprometer a garantia do produto.<\/p>\n\n\n\n<h2 class=\"wp-block-heading\"><strong>Quais s\u00e3o as solu\u00e7\u00f5es espec\u00edficas para marcas populares?<\/strong><\/h2>\n\n\n\n<p>Para geladeiras de marcas populares como Electrolux, Brastemp e Consul, as solu\u00e7\u00f5es podem variar. Por exemplo, para a Electrolux, a limpeza do condensador e a reorganiza\u00e7\u00e3o dos itens internos podem resolver problemas de circula\u00e7\u00e3o de ar. J\u00e1 para a Brastemp, verificar o sistema de degelo e o termostato pode ser necess\u00e1rio.<\/p>\n\n\n\n<p>No caso da Consul, al\u00e9m de verificar a veda\u00e7\u00e3o e a frequ\u00eancia de abertura das portas, pode ser necess\u00e1rio substituir a resist\u00eancia se estiver queimada. Cada marca possui suas particularidades, e consultar o manual ou o site do fabricante pode fornecer orienta\u00e7\u00f5es adicionais.<\/p>\n\n\n\n<p>Em resumo, identificar e solucionar problemas de refrigera\u00e7\u00e3o na geladeira pode ser simples em alguns casos, mas em situa\u00e7\u00f5es mais complexas, a assist\u00eancia t\u00e9cnica \u00e9 essencial. Manter a manuten\u00e7\u00e3o preventiva em dia pode evitar muitos desses problemas e garantir o bom funcionamento do eletrodom\u00e9stico.<\/p>\n","protected":false},"excerpt":{"rendered":"<p>Guia pr\u00e1tico para ajudar a solucionar problemas de refrigera\u00e7\u00e3o na geladeira<\/p>\n","protected":false},"author":3,"featured_media":16303,"comment_status":"open","ping_status":"open","sticky":false,"template":"","format":"standard","meta":{"_yoast_wpseo_focuskw":"geladeira","_yoast_wpseo_title":"%%title%%","_yoast_wpseo_metadesc":"Guia pr\u00e1tico para ajudar a solucionar problemas de refrigera\u00e7\u00e3o na geladeira. Dicas de conserto r\u00e1pidas e quando chamar um t\u00e9cnico.","jnews-multi-image_gallery":[],"jnews_single_post":{"format":"standard"},"jnews_primary_category":[],"jnews_social_meta":[],"jnews_override_counter":[],"footnotes":""},"categories":[112],"post_tag":[1016],"class_list":["post-16302","post","type-post","status-publish","format-standard","has-post-thumbnail","hentry","category-curiosidades","tag-geladeira"],"yoast_head":"<!-- This site is optimized with the Yoast SEO plugin v24.6 - https:\/\/yoast.com\/wordpress\/plugins\/seo\/ -->\n<title>O que fazer se a sua geladeira n\u00e3o estiver gelando? Veja guia pr\u00e1tico<\/title>\n<meta name=\"description\" content=\"Guia pr\u00e1tico para ajudar a solucionar problemas de refrigera\u00e7\u00e3o na geladeira. Dicas de conserto r\u00e1pidas e quando chamar um t\u00e9cnico.\" \/>\n<meta name=\"robots\" content=\"index, follow, max-snippet:-1, max-image-preview:large, max-video-preview:-1\" \/>\n<link rel=\"canonical\" href=\"https:\/\/www.correiobraziliense.com.br\/cbradar\/o-que-fazer-se-a-sua-geladeira-nao-estiver-gelando-veja-guia-pratico\/\" \/>\n<meta property=\"og:locale\" content=\"pt_BR\" \/>\n<meta property=\"og:type\" content=\"article\" \/>\n<meta property=\"og:title\" content=\"O que fazer se a sua geladeira n\u00e3o estiver gelando? Veja guia pr\u00e1tico\" \/>\n<meta property=\"og:description\" content=\"Guia pr\u00e1tico para ajudar a solucionar problemas de refrigera\u00e7\u00e3o na geladeira. Dicas de conserto r\u00e1pidas e quando chamar um t\u00e9cnico.\" \/>\n<meta property=\"og:url\" content=\"https:\/\/www.correiobraziliense.com.br\/cbradar\/o-que-fazer-se-a-sua-geladeira-nao-estiver-gelando-veja-guia-pratico\/\" \/>\n<meta property=\"og:site_name\" content=\"Correio Braziliense - Radar\" \/>\n<meta property=\"article:published_time\" content=\"2025-03-28T22:50:00+00:00\" \/>\n<meta property=\"og:image\" content=\"https:\/\/www.correiobraziliense.com.br\/cbradar\/wp-content\/uploads\/2025\/03\/geladeira_1743081072908.jpg\" \/>\n\t<meta property=\"og:image:width\" content=\"1280\" \/>\n\t<meta property=\"og:image:height\" content=\"720\" \/>\n\t<meta property=\"og:image:type\" content=\"image\/jpeg\" \/>\n<meta name=\"author\" content=\"Larissa Carvalho\" \/>\n<meta name=\"twitter:card\" content=\"summary_large_image\" \/>\n<meta name=\"twitter:label1\" content=\"Escrito por\" \/>\n\t<meta name=\"twitter:data1\" content=\"Larissa Carvalho\" \/>\n\t<meta name=\"twitter:label2\" content=\"Est. tempo de leitura\" \/>\n\t<meta name=\"twitter:data2\" content=\"4 minutos\" \/>\n<!-- \/ Yoast SEO plugin. -->","yoast_head_json":{"title":"O que fazer se a sua geladeira n\u00e3o estiver gelando? Veja guia pr\u00e1tico","description":"Guia pr\u00e1tico para ajudar a solucionar problemas de refrigera\u00e7\u00e3o na geladeira. Dicas de conserto r\u00e1pidas e quando chamar um t\u00e9cnico.","robots":{"index":"index","follow":"follow","max-snippet":"max-snippet:-1","max-image-preview":"max-image-preview:large","max-video-preview":"max-video-preview:-1"},"canonical":"https:\/\/www.correiobraziliense.com.br\/cbradar\/o-que-fazer-se-a-sua-geladeira-nao-estiver-gelando-veja-guia-pratico\/","og_locale":"pt_BR","og_type":"article","og_title":"O que fazer se a sua geladeira n\u00e3o estiver gelando? Veja guia pr\u00e1tico","og_description":"Guia pr\u00e1tico para ajudar a solucionar problemas de refrigera\u00e7\u00e3o na geladeira. Dicas de conserto r\u00e1pidas e quando chamar um t\u00e9cnico.","og_url":"https:\/\/www.correiobraziliense.com.br\/cbradar\/o-que-fazer-se-a-sua-geladeira-nao-estiver-gelando-veja-guia-pratico\/","og_site_name":"Correio Braziliense - Radar","article_published_time":"2025-03-28T22:50:00+00:00","og_image":[{"width":1280,"height":720,"url":"https:\/\/www.correiobraziliense.com.br\/cbradar\/wp-content\/uploads\/2025\/03\/geladeira_1743081072908.jpg","type":"image\/jpeg"}],"author":"Larissa Carvalho","twitter_card":"summary_large_image","twitter_misc":{"Escrito por":"Larissa Carvalho","Est. tempo de leitura":"4 minutos"},"schema":{"@context":"https:\/\/schema.org","@graph":[{"@type":"WebPage","@id":"https:\/\/www.correiobraziliense.com.br\/cbradar\/o-que-fazer-se-a-sua-geladeira-nao-estiver-gelando-veja-guia-pratico\/","url":"https:\/\/www.correiobraziliense.com.br\/cbradar\/o-que-fazer-se-a-sua-geladeira-nao-estiver-gelando-veja-guia-pratico\/","name":"O que fazer se a sua geladeira n\u00e3o estiver gelando? Veja guia pr\u00e1tico","isPartOf":{"@id":"https:\/\/www.correiobraziliense.com.br\/cbradar\/#website"},"primaryImageOfPage":{"@id":"https:\/\/www.correiobraziliense.com.br\/cbradar\/o-que-fazer-se-a-sua-geladeira-nao-estiver-gelando-veja-guia-pratico\/#primaryimage"},"image":{"@id":"https:\/\/www.correiobraziliense.com.br\/cbradar\/o-que-fazer-se-a-sua-geladeira-nao-estiver-gelando-veja-guia-pratico\/#primaryimage"},"thumbnailUrl":"https:\/\/www.correiobraziliense.com.br\/cbradar\/wp-content\/uploads\/2025\/03\/geladeira_1743081072908.jpg","datePublished":"2025-03-28T22:50:00+00:00","author":{"@id":"https:\/\/www.correiobraziliense.com.br\/cbradar\/#\/schema\/person\/58422787644df994b53a19d3e56c1513"},"description":"Guia pr\u00e1tico para ajudar a solucionar problemas de refrigera\u00e7\u00e3o na geladeira. Dicas de conserto r\u00e1pidas e quando chamar um t\u00e9cnico.","breadcrumb":{"@id":"https:\/\/www.correiobraziliense.com.br\/cbradar\/o-que-fazer-se-a-sua-geladeira-nao-estiver-gelando-veja-guia-pratico\/#breadcrumb"},"inLanguage":"pt-BR","potentialAction":[{"@type":"ReadAction","target":["https:\/\/www.correiobraziliense.com.br\/cbradar\/o-que-fazer-se-a-sua-geladeira-nao-estiver-gelando-veja-guia-pratico\/"]}]},{"@type":"ImageObject","inLanguage":"pt-BR","@id":"https:\/\/www.correiobraziliense.com.br\/cbradar\/o-que-fazer-se-a-sua-geladeira-nao-estiver-gelando-veja-guia-pratico\/#primaryimage","url":"https:\/\/www.correiobraziliense.com.br\/cbradar\/wp-content\/uploads\/2025\/03\/geladeira_1743081072908.jpg","contentUrl":"https:\/\/www.correiobraziliense.com.br\/cbradar\/wp-content\/uploads\/2025\/03\/geladeira_1743081072908.jpg","width":1280,"height":720,"caption":"geladeira.Cr\u00e9ditos: depositphotos.com \/ IgorVetushko"},{"@type":"BreadcrumbList","@id":"https:\/\/www.correiobraziliense.com.br\/cbradar\/o-que-fazer-se-a-sua-geladeira-nao-estiver-gelando-veja-guia-pratico\/#breadcrumb","itemListElement":[{"@type":"ListItem","position":1,"name":"In\u00edcio","item":"https:\/\/www.correiobraziliense.com.br\/cbradar\/"},{"@type":"ListItem","position":2,"name":"O que fazer se a sua geladeira n\u00e3o estiver gelando? Veja guia pr\u00e1tico"}]},{"@type":"WebSite","@id":"https:\/\/www.correiobraziliense.com.br\/cbradar\/#website","url":"https:\/\/www.correiobraziliense.com.br\/cbradar\/","name":"Correio Braziliense - Radar","description":"Acompanhe as \u00faltimas not\u00edcias e fique bem informado sobre tudo o que acontece no Brasil e no mundo.","potentialAction":[{"@type":"SearchAction","target":{"@type":"EntryPoint","urlTemplate":"https:\/\/www.correiobraziliense.com.br\/cbradar\/?s={search_term_string}"},"query-input":{"@type":"PropertyValueSpecification","valueRequired":true,"valueName":"search_term_string"}}],"inLanguage":"pt-BR"},{"@type":"Person","@id":"https:\/\/www.correiobraziliense.com.br\/cbradar\/#\/schema\/person\/58422787644df994b53a19d3e56c1513","name":"Larissa Carvalho","image":{"@type":"ImageObject","inLanguage":"pt-BR","@id":"https:\/\/www.correiobraziliense.com.br\/cbradar\/#\/schema\/person\/image\/","url":"https:\/\/secure.gravatar.com\/avatar\/fe4f91a0de32b52a838d0d612abdc1aa?s=96&d=mm&r=g","contentUrl":"https:\/\/secure.gravatar.com\/avatar\/fe4f91a0de32b52a838d0d612abdc1aa?s=96&d=mm&r=g","caption":"Larissa Carvalho"},"url":"https:\/\/www.correiobraziliense.com.br\/cbradar\/author\/larissamyth\/"}]}},"_links":{"self":[{"href":"https:\/\/www.correiobraziliense.com.br\/cbradar\/wp-json\/wp\/v2\/posts\/16302","targetHints":{"allow":["GET"]}}],"collection":[{"href":"https:\/\/www.correiobraziliense.com.br\/cbradar\/wp-json\/wp\/v2\/posts"}],"about":[{"href":"https:\/\/www.correiobraziliense.com.br\/cbradar\/wp-json\/wp\/v2\/types\/post"}],"author":[{"embeddable":true,"href":"https:\/\/www.correiobraziliense.com.br\/cbradar\/wp-json\/wp\/v2\/users\/3"}],"replies":[{"embeddable":true,"href":"https:\/\/www.correiobraziliense.com.br\/cbradar\/wp-json\/wp\/v2\/comments?post=16302"}],"version-history":[{"count":2,"href":"https:\/\/www.correiobraziliense.com.br\/cbradar\/wp-json\/wp\/v2\/posts\/16302\/revisions"}],"predecessor-version":[{"id":16483,"href":"https:\/\/www.correiobraziliense.com.br\/cbradar\/wp-json\/wp\/v2\/posts\/16302\/revisions\/16483"}],"wp:featuredmedia":[{"embeddable":true,"href":"https:\/\/www.correiobraziliense.com.br\/cbradar\/wp-json\/wp\/v2\/media\/16303"}],"wp:attachment":[{"href":"https:\/\/www.correiobraziliense.com.br\/cbradar\/wp-json\/wp\/v2\/media?parent=16302"}],"wp:term":[{"taxonomy":"category","embeddable":true,"href":"https:\/\/www.correiobraziliense.com.br\/cbradar\/wp-json\/wp\/v2\/categories?post=16302"},{"taxonomy":"post_tag","embeddable":true,"href":"https:\/\/www.correiobraziliense.com.br\/cbradar\/wp-json\/wp\/v2\/post_tag?post=16302"}],"curies":[{"name":"wp","href":"https:\/\/api.w.org\/{rel}","templated":true}]}}