{"id":163130,"date":"2025-12-27T08:45:00","date_gmt":"2025-12-27T11:45:00","guid":{"rendered":"https:\/\/www.correiobraziliense.com.br\/cbradar\/?p=163130"},"modified":"2025-12-26T16:58:25","modified_gmt":"2025-12-26T19:58:25","slug":"por-que-oleo-e-olhos-vem-da-mesma-raiz","status":"publish","type":"post","link":"https:\/\/www.correiobraziliense.com.br\/cbradar\/por-que-oleo-e-olhos-vem-da-mesma-raiz\/","title":{"rendered":"Por que \u201c\u00f3leo\u201d e \u201colhos\u201d v\u00eam da mesma raiz"},"content":{"rendered":"\n<p>A semelhan\u00e7a entre as palavras \u201c\u00f3leo\u201d e \u201colhos\u201d costuma despertar curiosidade em falantes do portugu\u00eas, em parte pelo som aproximado e pelas poss\u00edveis rela\u00e7\u00f5es simb\u00f3licas entre lubrifica\u00e7\u00e3o, brilho e vis\u00e3o, mas do ponto de vista etimol\u00f3gico a hist\u00f3ria \u00e9 mais complexa e passa por longas transforma\u00e7\u00f5es fon\u00e9ticas desde o latim at\u00e9 o portugu\u00eas moderno, revelando um caso de <strong>converg\u00eancia formal<\/strong> e n\u00e3o de <strong>origem comum<\/strong>.<\/p>\n\n\n\n<h2 class=\"wp-block-heading\">Qual \u00e9 a origem da palavra \u201c\u00f3leo\u201d e como ela evoluiu do latim?<\/h2>\n\n\n\n<p>A palavra portuguesa <strong>\u201c\u00f3leo\u201d<\/strong> tem origem clara no latim <strong><em>oleum<\/em><\/strong>, termo que designava o azeite de oliva e, por extens\u00e3o, subst\u00e2ncias oleosas em geral. O voc\u00e1bulo latino est\u00e1 ligado a uma raiz indo-europeia associada \u00e0 oliveira e ao produto extra\u00eddo de seus frutos, raiz que tamb\u00e9m aparece em palavras como <strong>\u201cazeite\u201d<\/strong> (de <em>az-zayt<\/em>, via \u00e1rabe), dentro do mesmo campo sem\u00e2ntico de gorduras e lubrificantes.<\/p>\n\n\n\n<p>No percurso at\u00e9 o portugu\u00eas, o latim vulgar reduziu e simplificou segmentos de <em>oleum<\/em>, com altera\u00e7\u00e3o do ditongo e perda da consoante final at\u00e9 resultar na forma \u201c\u00f3leo\u201d no portugu\u00eas medieval. Em outras l\u00ednguas rom\u00e2nicas, v\u00ea-se o mesmo caminho b\u00e1sico, com varia\u00e7\u00f5es previs\u00edveis: o franc\u00eas tem <em>huile<\/em>, o italiano traz <em>olio<\/em> e o espanhol usa <em>\u00f3leo<\/em> em contextos espec\u00edficos, sobretudo art\u00edsticos e religiosos.<\/p>\n\n\n\n<h2 class=\"wp-block-heading\">Por que \u201colhos\u201d parece t\u00e3o pr\u00f3ximo da palavra \u201c\u00f3leo\u201d?<\/h2>\n\n\n\n<p>A palavra <strong>\u201colho\u201d<\/strong> vem do latim <strong><em>oculus<\/em><\/strong>, que nomeava o \u00f3rg\u00e3o da vis\u00e3o de forma geral, incluindo animais. Com o avan\u00e7o do latim vulgar na Pen\u00ednsula Ib\u00e9rica, essa forma sofreu mudan\u00e7as fon\u00e9ticas como redu\u00e7\u00e3o de s\u00edlabas, ajustes de vogais e palataliza\u00e7\u00f5es, fen\u00f4menos t\u00edpicos na forma\u00e7\u00e3o do l\u00e9xico das l\u00ednguas rom\u00e2nicas e bem documentados em estudos de <strong>lingu\u00edstica hist\u00f3rica<\/strong>.<\/p>\n\n\n\n<p>A semelhan\u00e7a atual entre \u201c\u00f3leo\u201d e \u201colhos\u201d decorre de um <strong>cruzamento de evolu\u00e7\u00f5es sonoras<\/strong> que aproximou suas formas na superf\u00edcie. No portugu\u00eas falado, o plural \u201colhos\u201d muitas vezes reduz a articula\u00e7\u00e3o do \u201clh\u201d, soando algo pr\u00f3ximo de \u201c\u00f3ios\u201d em pron\u00fancias informais, o que, somado ao timbre aberto do \u201c\u00f3\u201d, refor\u00e7a a impress\u00e3o de parentesco com \u201c\u00f3leo\u201d, principalmente em registros coloquiais e regionais.<\/p>\n\n\n\n<figure class=\"wp-block-image size-large\"><img decoding=\"async\" width=\"1024\" height=\"576\" src=\"https:\/\/www.correiobraziliense.com.br\/cbradar\/wp-content\/uploads\/2025\/12\/Etimologia-Oleo-Olhos-Infografico-1280x720-1-1024x576.png\" alt=\"Por que \u201c\u00f3leo\u201d e \u201colhos\u201d v\u00eam da mesma raiz\" class=\"wp-image-163180\" srcset=\"https:\/\/www.correiobraziliense.com.br\/cbradar\/wp-content\/uploads\/2025\/12\/Etimologia-Oleo-Olhos-Infografico-1280x720-1-1024x576.png 1024w, https:\/\/www.correiobraziliense.com.br\/cbradar\/wp-content\/uploads\/2025\/12\/Etimologia-Oleo-Olhos-Infografico-1280x720-1-300x169.png 300w, https:\/\/www.correiobraziliense.com.br\/cbradar\/wp-content\/uploads\/2025\/12\/Etimologia-Oleo-Olhos-Infografico-1280x720-1-768x432.png 768w, https:\/\/www.correiobraziliense.com.br\/cbradar\/wp-content\/uploads\/2025\/12\/Etimologia-Oleo-Olhos-Infografico-1280x720-1-750x422.png 750w, https:\/\/www.correiobraziliense.com.br\/cbradar\/wp-content\/uploads\/2025\/12\/Etimologia-Oleo-Olhos-Infografico-1280x720-1-1140x641.png 1140w, https:\/\/www.correiobraziliense.com.br\/cbradar\/wp-content\/uploads\/2025\/12\/Etimologia-Oleo-Olhos-Infografico-1280x720-1.png 1280w\" sizes=\"(max-width: 1024px) 100vw, 1024px\" \/><figcaption class=\"wp-element-caption\">Evolu\u00e7\u00e3o fon\u00e9tica: lat. oleum > pt. \u00f3leo (com pr\u00f3tese \u00f3-); olhos de lat. oculus, converg\u00eancia formal sem raiz comum.<\/figcaption><\/figure>\n\n\n\n<h2 class=\"wp-block-heading\">\u00d3leo e olhos t\u00eam realmente a mesma origem etimol\u00f3gica?<\/h2>\n\n\n\n<p>Do ponto de vista estritamente etimol\u00f3gico, \u201c\u00f3leo\u201d e \u201colhos\u201d <strong>n\u00e3o<\/strong> derivam de uma mesma raiz latina. \u201c\u00d3leo\u201d remonta a <em>oleum<\/em>, enquanto \u201colho\u201d vem de <em>oculus<\/em>, e essas duas fam\u00edlias vocabulares seguem caminhos distintos dentro da evolu\u00e7\u00e3o do latim cl\u00e1ssico e vulgar, fato registrado em dicion\u00e1rios etimol\u00f3gicos e manuais de <strong>filologia rom\u00e2nica<\/strong>.<\/p>\n\n\n\n<p>O que se observa \u00e9 uma <strong>converg\u00eancia de forma<\/strong>, e n\u00e3o de origem. Com o tempo, mudan\u00e7as fon\u00e9ticas no portugu\u00eas reduziram contrastes e aproximaram certos grupos de sons, fazendo com que palavras antes bem distintas em latim se tornassem semelhantes. Express\u00f5es como \u201colhos brilhando\u201d ou \u201colho aguado\u201d refor\u00e7am visualmente a associa\u00e7\u00e3o com l\u00edquidos, o que alimenta a ideia intuitiva de um v\u00ednculo profundo entre os dois termos.<\/p>\n\n\n\n<p>Esse tema \u00e9 viral, como no v\u00eddeo do perfil @delinguistica:<\/p>\n\n\n\n<blockquote class=\"tiktok-embed\" cite=\"https:\/\/www.tiktok.com\/@delinguistica\/video\/7456138544193506566\" data-video-id=\"7456138544193506566\" style=\"max-width: 605px;min-width: 325px;\" > <section> <a target=\"_blank\" title=\"@delinguistica\" href=\"https:\/\/www.tiktok.com\/@delinguistica?refer=embed\">@delinguistica<\/a> <p>A origem das palavras <\/p> <a target=\"_blank\" title=\"\u266c som original - DeLinguistica\" href=\"https:\/\/www.tiktok.com\/music\/som-original-7456138588050656006?refer=embed\">\u266c som original &#8211; DeLinguistica<\/a> <\/section> <\/blockquote> <script async src=\"https:\/\/www.tiktok.com\/embed.js\"><\/script>\n\n\n\n<h2 class=\"wp-block-heading\">Como a lingu\u00edstica explica a semelhan\u00e7a aparente entre \u00f3leo e olhos?<\/h2>\n\n\n\n<p>A lingu\u00edstica hist\u00f3rica mostra que l\u00ednguas em evolu\u00e7\u00e3o tendem a <strong>nivelar sons e estruturas<\/strong>, fen\u00f4meno conhecido como <strong>converg\u00eancia fon\u00e9tica<\/strong>, que n\u00e3o implica parentesco etimol\u00f3gico. Em portugu\u00eas, v\u00e1rios grupos consonantais latinos foram simplificados, e muitas vogais intermedi\u00e1rias desapareceram ou mudaram de posi\u00e7\u00e3o, aproximando acidentalmente palavras de origens diferentes.<\/p>\n\n\n\n<p>Para entender melhor esse quadro, costuma-se observar um conjunto de evid\u00eancias complementares que ajudam a reconstruir a trajet\u00f3ria das palavras e a afastar hip\u00f3teses enganosas baseadas apenas na semelhan\u00e7a sonora moderna:<\/p>\n\n\n\n<ul class=\"wp-block-list\">\n<li>A forma latina original de cada palavra (no caso, <em>oleum<\/em> e <em>oculus<\/em>);<\/li>\n\n\n\n<li>As mudan\u00e7as sonoras sistem\u00e1ticas na passagem do latim para as l\u00ednguas rom\u00e2nicas;<\/li>\n\n\n\n<li>Os registros escritos intermedi\u00e1rios em documentos medievais e textos legais;<\/li>\n\n\n\n<li>A compara\u00e7\u00e3o com outros idiomas aparentados, como espanhol, franc\u00eas e italiano.<\/li>\n<\/ul>\n\n\n\n<h2 class=\"wp-block-heading\">Quais rela\u00e7\u00f5es sem\u00e2nticas ajudam a criar a confus\u00e3o entre \u00f3leo e olhos?<\/h2>\n\n\n\n<p>Embora n\u00e3o compartilhem a mesma raiz, os dois termos mant\u00eam certa proximidade no imagin\u00e1rio lingu\u00edstico e cultural. O olho humano pode ter reflexos brilhantes, ser comparado a superf\u00edcies polidas, \u00famidas ou reluzentes, caracter\u00edsticas tamb\u00e9m associadas ao <strong>\u00f3leo<\/strong>, o que favorece met\u00e1foras v\u00edvidas em textos liter\u00e1rios, religiosos e at\u00e9 em descri\u00e7\u00f5es m\u00e9dicas.<\/p>\n\n\n\n<p>Em s\u00edntese, a aparente liga\u00e7\u00e3o entre \u201c\u00f3leo\u201d e \u201colhos\u201d apoia-se em tr\u00eas pilares principais: a semelhan\u00e7a sonora em portugu\u00eas moderno, a presen\u00e7a de l\u00edquidos e brilho no campo sem\u00e2ntico de ambos e a tend\u00eancia natural de falantes de associar palavras parecidas, mesmo sem base etimol\u00f3gica, mostrando como a evolu\u00e7\u00e3o das l\u00ednguas pode criar <strong>semelhan\u00e7as enganosas<\/strong> que n\u00e3o existiam no ponto de partida.<\/p>\n","protected":false},"excerpt":{"rendered":"<p>Descubra por que \u201c\u00f3leo\u201d e \u201colhos\u201d t\u00eam raiz comum no latim, explorando oleum, oculus e curiosas conex\u00f5es etimol\u00f3gicas.<\/p>\n","protected":false},"author":3,"featured_media":163213,"comment_status":"open","ping_status":"open","sticky":false,"template":"","format":"standard","meta":{"_yoast_wpseo_focuskw":"\u00f3leo olhos raiz","_yoast_wpseo_title":"%%title%%","_yoast_wpseo_metadesc":"Descubra por que \u201c\u00f3leo\u201d e \u201colhos\u201d t\u00eam raiz comum no latim, explorando oleum, oculus e curiosas conex\u00f5es etimol\u00f3gicas.","jnews-multi-image_gallery":[],"jnews_single_post":{"format":"standard"},"jnews_primary_category":[],"jnews_social_meta":[],"jnews_override_counter":[],"footnotes":""},"categories":[112],"tags":[144,10902,6081],"class_list":["post-163130","post","type-post","status-publish","format-standard","has-post-thumbnail","hentry","category-curiosidades","tag-curiosidades","tag-lingua-portuguesa","tag-portugues"],"yoast_head":"<!-- This site is optimized with the Yoast SEO plugin v24.6 - https:\/\/yoast.com\/wordpress\/plugins\/seo\/ -->\n<title>Por que \u201c\u00f3leo\u201d e \u201colhos\u201d v\u00eam da mesma raiz<\/title>\n<meta name=\"description\" content=\"Descubra por que \u201c\u00f3leo\u201d e \u201colhos\u201d t\u00eam raiz comum no latim, explorando oleum, oculus e curiosas conex\u00f5es etimol\u00f3gicas.\" \/>\n<meta name=\"robots\" content=\"index, follow, max-snippet:-1, max-image-preview:large, max-video-preview:-1\" \/>\n<link rel=\"canonical\" href=\"https:\/\/www.correiobraziliense.com.br\/cbradar\/por-que-oleo-e-olhos-vem-da-mesma-raiz\/\" \/>\n<meta property=\"og:locale\" content=\"pt_BR\" \/>\n<meta property=\"og:type\" content=\"article\" \/>\n<meta property=\"og:title\" content=\"Por que \u201c\u00f3leo\u201d e \u201colhos\u201d v\u00eam da mesma raiz\" \/>\n<meta property=\"og:description\" content=\"Descubra por que \u201c\u00f3leo\u201d e \u201colhos\u201d t\u00eam raiz comum no latim, explorando oleum, oculus e curiosas conex\u00f5es etimol\u00f3gicas.\" \/>\n<meta property=\"og:url\" content=\"https:\/\/www.correiobraziliense.com.br\/cbradar\/por-que-oleo-e-olhos-vem-da-mesma-raiz\/\" \/>\n<meta property=\"og:site_name\" content=\"Correio Braziliense - Radar\" \/>\n<meta property=\"article:published_time\" content=\"2025-12-27T11:45:00+00:00\" \/>\n<meta property=\"og:image\" content=\"https:\/\/www.correiobraziliense.com.br\/cbradar\/wp-content\/uploads\/2025\/12\/freepik__imagem-realista-metade-de-um-par-de-olhos-e-a-outr__82541.jpeg\" \/>\n\t<meta property=\"og:image:width\" content=\"1280\" \/>\n\t<meta property=\"og:image:height\" content=\"720\" \/>\n\t<meta property=\"og:image:type\" content=\"image\/jpeg\" \/>\n<meta name=\"author\" content=\"Larissa Carvalho\" \/>\n<meta name=\"twitter:card\" content=\"summary_large_image\" \/>\n<meta name=\"twitter:label1\" content=\"Escrito por\" \/>\n\t<meta name=\"twitter:data1\" content=\"Larissa Carvalho\" \/>\n\t<meta name=\"twitter:label2\" content=\"Est. tempo de leitura\" \/>\n\t<meta name=\"twitter:data2\" content=\"5 minutos\" \/>\n<!-- \/ Yoast SEO plugin. -->","yoast_head_json":{"title":"Por que \u201c\u00f3leo\u201d e \u201colhos\u201d v\u00eam da mesma raiz","description":"Descubra por que \u201c\u00f3leo\u201d e \u201colhos\u201d t\u00eam raiz comum no latim, explorando oleum, oculus e curiosas conex\u00f5es etimol\u00f3gicas.","robots":{"index":"index","follow":"follow","max-snippet":"max-snippet:-1","max-image-preview":"max-image-preview:large","max-video-preview":"max-video-preview:-1"},"canonical":"https:\/\/www.correiobraziliense.com.br\/cbradar\/por-que-oleo-e-olhos-vem-da-mesma-raiz\/","og_locale":"pt_BR","og_type":"article","og_title":"Por que \u201c\u00f3leo\u201d e \u201colhos\u201d v\u00eam da mesma raiz","og_description":"Descubra por que \u201c\u00f3leo\u201d e \u201colhos\u201d t\u00eam raiz comum no latim, explorando oleum, oculus e curiosas conex\u00f5es etimol\u00f3gicas.","og_url":"https:\/\/www.correiobraziliense.com.br\/cbradar\/por-que-oleo-e-olhos-vem-da-mesma-raiz\/","og_site_name":"Correio Braziliense - Radar","article_published_time":"2025-12-27T11:45:00+00:00","og_image":[{"width":1280,"height":720,"url":"https:\/\/www.correiobraziliense.com.br\/cbradar\/wp-content\/uploads\/2025\/12\/freepik__imagem-realista-metade-de-um-par-de-olhos-e-a-outr__82541.jpeg","type":"image\/jpeg"}],"author":"Larissa Carvalho","twitter_card":"summary_large_image","twitter_misc":{"Escrito por":"Larissa Carvalho","Est. tempo de leitura":"5 minutos"},"schema":{"@context":"https:\/\/schema.org","@graph":[{"@type":"WebPage","@id":"https:\/\/www.correiobraziliense.com.br\/cbradar\/por-que-oleo-e-olhos-vem-da-mesma-raiz\/","url":"https:\/\/www.correiobraziliense.com.br\/cbradar\/por-que-oleo-e-olhos-vem-da-mesma-raiz\/","name":"Por que \u201c\u00f3leo\u201d e \u201colhos\u201d v\u00eam da mesma raiz","isPartOf":{"@id":"https:\/\/www.correiobraziliense.com.br\/cbradar\/#website"},"primaryImageOfPage":{"@id":"https:\/\/www.correiobraziliense.com.br\/cbradar\/por-que-oleo-e-olhos-vem-da-mesma-raiz\/#primaryimage"},"image":{"@id":"https:\/\/www.correiobraziliense.com.br\/cbradar\/por-que-oleo-e-olhos-vem-da-mesma-raiz\/#primaryimage"},"thumbnailUrl":"https:\/\/www.correiobraziliense.com.br\/cbradar\/wp-content\/uploads\/2025\/12\/freepik__imagem-realista-metade-de-um-par-de-olhos-e-a-outr__82541.jpeg","datePublished":"2025-12-27T11:45:00+00:00","author":{"@id":"https:\/\/www.correiobraziliense.com.br\/cbradar\/#\/schema\/person\/58422787644df994b53a19d3e56c1513"},"description":"Descubra por que \u201c\u00f3leo\u201d e \u201colhos\u201d t\u00eam raiz comum no latim, explorando oleum, oculus e curiosas conex\u00f5es etimol\u00f3gicas.","breadcrumb":{"@id":"https:\/\/www.correiobraziliense.com.br\/cbradar\/por-que-oleo-e-olhos-vem-da-mesma-raiz\/#breadcrumb"},"inLanguage":"pt-BR","potentialAction":[{"@type":"ReadAction","target":["https:\/\/www.correiobraziliense.com.br\/cbradar\/por-que-oleo-e-olhos-vem-da-mesma-raiz\/"]}]},{"@type":"ImageObject","inLanguage":"pt-BR","@id":"https:\/\/www.correiobraziliense.com.br\/cbradar\/por-que-oleo-e-olhos-vem-da-mesma-raiz\/#primaryimage","url":"https:\/\/www.correiobraziliense.com.br\/cbradar\/wp-content\/uploads\/2025\/12\/freepik__imagem-realista-metade-de-um-par-de-olhos-e-a-outr__82541.jpeg","contentUrl":"https:\/\/www.correiobraziliense.com.br\/cbradar\/wp-content\/uploads\/2025\/12\/freepik__imagem-realista-metade-de-um-par-de-olhos-e-a-outr__82541.jpeg","width":1280,"height":720,"caption":"Converg\u00eancia fon\u00e9tica ocorrida ao longo da evolu\u00e7\u00e3o do portugu\u00eas"},{"@type":"BreadcrumbList","@id":"https:\/\/www.correiobraziliense.com.br\/cbradar\/por-que-oleo-e-olhos-vem-da-mesma-raiz\/#breadcrumb","itemListElement":[{"@type":"ListItem","position":1,"name":"In\u00edcio","item":"https:\/\/www.correiobraziliense.com.br\/cbradar\/"},{"@type":"ListItem","position":2,"name":"Por que \u201c\u00f3leo\u201d e \u201colhos\u201d v\u00eam da mesma raiz"}]},{"@type":"WebSite","@id":"https:\/\/www.correiobraziliense.com.br\/cbradar\/#website","url":"https:\/\/www.correiobraziliense.com.br\/cbradar\/","name":"Correio Braziliense - Radar","description":"Acompanhe as \u00faltimas not\u00edcias e fique bem informado sobre tudo o que acontece no Brasil e no mundo.","potentialAction":[{"@type":"SearchAction","target":{"@type":"EntryPoint","urlTemplate":"https:\/\/www.correiobraziliense.com.br\/cbradar\/?s={search_term_string}"},"query-input":{"@type":"PropertyValueSpecification","valueRequired":true,"valueName":"search_term_string"}}],"inLanguage":"pt-BR"},{"@type":"Person","@id":"https:\/\/www.correiobraziliense.com.br\/cbradar\/#\/schema\/person\/58422787644df994b53a19d3e56c1513","name":"Larissa Carvalho","image":{"@type":"ImageObject","inLanguage":"pt-BR","@id":"https:\/\/www.correiobraziliense.com.br\/cbradar\/#\/schema\/person\/image\/","url":"https:\/\/secure.gravatar.com\/avatar\/fe4f91a0de32b52a838d0d612abdc1aa?s=96&d=mm&r=g","contentUrl":"https:\/\/secure.gravatar.com\/avatar\/fe4f91a0de32b52a838d0d612abdc1aa?s=96&d=mm&r=g","caption":"Larissa Carvalho"},"url":"https:\/\/www.correiobraziliense.com.br\/cbradar\/author\/larissamyth\/"}]}},"_links":{"self":[{"href":"https:\/\/www.correiobraziliense.com.br\/cbradar\/wp-json\/wp\/v2\/posts\/163130","targetHints":{"allow":["GET"]}}],"collection":[{"href":"https:\/\/www.correiobraziliense.com.br\/cbradar\/wp-json\/wp\/v2\/posts"}],"about":[{"href":"https:\/\/www.correiobraziliense.com.br\/cbradar\/wp-json\/wp\/v2\/types\/post"}],"author":[{"embeddable":true,"href":"https:\/\/www.correiobraziliense.com.br\/cbradar\/wp-json\/wp\/v2\/users\/3"}],"replies":[{"embeddable":true,"href":"https:\/\/www.correiobraziliense.com.br\/cbradar\/wp-json\/wp\/v2\/comments?post=163130"}],"version-history":[{"count":2,"href":"https:\/\/www.correiobraziliense.com.br\/cbradar\/wp-json\/wp\/v2\/posts\/163130\/revisions"}],"predecessor-version":[{"id":163181,"href":"https:\/\/www.correiobraziliense.com.br\/cbradar\/wp-json\/wp\/v2\/posts\/163130\/revisions\/163181"}],"wp:featuredmedia":[{"embeddable":true,"href":"https:\/\/www.correiobraziliense.com.br\/cbradar\/wp-json\/wp\/v2\/media\/163213"}],"wp:attachment":[{"href":"https:\/\/www.correiobraziliense.com.br\/cbradar\/wp-json\/wp\/v2\/media?parent=163130"}],"wp:term":[{"taxonomy":"category","embeddable":true,"href":"https:\/\/www.correiobraziliense.com.br\/cbradar\/wp-json\/wp\/v2\/categories?post=163130"},{"taxonomy":"post_tag","embeddable":true,"href":"https:\/\/www.correiobraziliense.com.br\/cbradar\/wp-json\/wp\/v2\/tags?post=163130"}],"curies":[{"name":"wp","href":"https:\/\/api.w.org\/{rel}","templated":true}]}}