{"id":16336,"date":"2025-03-28T15:50:00","date_gmt":"2025-03-28T18:50:00","guid":{"rendered":"https:\/\/www.correiobraziliense.com.br\/cbradar\/?p=16336"},"modified":"2025-03-27T21:43:07","modified_gmt":"2025-03-28T00:43:07","slug":"essa-capital-do-nordeste-cresce-em-um-ritmo-acelerado-e-surpreende","status":"publish","type":"post","link":"https:\/\/www.correiobraziliense.com.br\/cbradar\/essa-capital-do-nordeste-cresce-em-um-ritmo-acelerado-e-surpreende\/","title":{"rendered":"Essa capital do Nordeste cresce em um ritmo acelerado e surpreende"},"content":{"rendered":"\n<p><strong>Jo\u00e3o Pessoa<\/strong>, capital da <strong>Para\u00edba<\/strong>, tem se destacado como um centro emergente de desenvolvimento econ\u00f4mico no <strong>Nordeste <\/strong>do <strong>Brasil<\/strong>. A cidade combina uma infraestrutura em expans\u00e3o, um custo de vida competitivo e uma localiza\u00e7\u00e3o geogr\u00e1fica estrat\u00e9gica, fatores que t\u00eam atra\u00eddo investimentos em diversos setores. O turismo, em particular, tem desempenhado um papel crucial nesse crescimento, impulsionado pelas praias deslumbrantes e pelo clima agrad\u00e1vel da regi\u00e3o.<\/p>\n\n\n\n<p>Nos \u00faltimos anos, a cidade tem experimentado um aumento populacional expressivo, superando outras capitais nordestinas em termos de crescimento demogr\u00e1fico. Este fen\u00f4meno \u00e9 impulsionado pela busca de alternativas \u00e0s grandes metr\u00f3poles, que enfrentam desafios como altos custos de vida e problemas de infraestrutura. Jo\u00e3o Pessoa oferece um ambiente mais tranquilo e uma qualidade de vida elevada, atraindo tanto novos residentes quanto investidores.<\/p>\n\n\n\n<h2 class=\"wp-block-heading\"><strong>Principais investimentos em Jo\u00e3o Pessoa<\/strong><\/h2>\n\n\n\n<p>Um dos projetos mais ambiciosos em andamento \u00e9 o <strong>Polo Tur\u00edstico Cabo Branco<\/strong>, que busca transformar a regi\u00e3o em um dos maiores complexos tur\u00edsticos do Nordeste. Com incentivos fiscais oferecidos pelo governo estadual, o projeto atraiu grandes grupos empresariais, como o <strong>Grupo Tau\u00e1 Hot\u00e9is<\/strong> <strong>e Resorts<\/strong>, que est\u00e3o investindo em resorts e complexos de lazer, gerando milhares de empregos na regi\u00e3o.<\/p>\n\n\n\n<p>Al\u00e9m do turismo, Jo\u00e3o Pessoa tem se tornado um ponto de interesse para empresas de tecnologia e energia. A <strong>Hostdime<\/strong>, por exemplo, opera um data center na cidade e planeja expandir suas opera\u00e7\u00f5es para atender \u00e0 crescente demanda por servi\u00e7os de tecnologia. A localiza\u00e7\u00e3o da cidade, fora das \u00e1reas de risco de desastres naturais, e a disponibilidade de energia limpa e acess\u00edvel s\u00e3o fatores que atraem empresas desse setor.<\/p>\n\n\n\n<figure class=\"wp-block-image size-large\"><img decoding=\"async\" width=\"1024\" height=\"576\" src=\"https:\/\/www.correiobraziliense.com.br\/cbradar\/wp-content\/uploads\/2025\/03\/Paraiba_1743096189885-1024x576.jpg\" alt=\"Essa capital do Nordeste cresce em um ritmo acelerado e surpreende\" class=\"wp-image-16501\" srcset=\"https:\/\/www.correiobraziliense.com.br\/cbradar\/wp-content\/uploads\/2025\/03\/Paraiba_1743096189885-1024x576.jpg 1024w, https:\/\/www.correiobraziliense.com.br\/cbradar\/wp-content\/uploads\/2025\/03\/Paraiba_1743096189885-300x169.jpg 300w, https:\/\/www.correiobraziliense.com.br\/cbradar\/wp-content\/uploads\/2025\/03\/Paraiba_1743096189885-768x432.jpg 768w, https:\/\/www.correiobraziliense.com.br\/cbradar\/wp-content\/uploads\/2025\/03\/Paraiba_1743096189885-750x422.jpg 750w, https:\/\/www.correiobraziliense.com.br\/cbradar\/wp-content\/uploads\/2025\/03\/Paraiba_1743096189885-1140x641.jpg 1140w, https:\/\/www.correiobraziliense.com.br\/cbradar\/wp-content\/uploads\/2025\/03\/Paraiba_1743096189885.jpg 1280w\" sizes=\"(max-width: 1024px) 100vw, 1024px\" \/><figcaption class=\"wp-element-caption\">Jo\u00e3o Pessoa. Cr\u00e9ditos: depositphotos.com \/ contato@caciomurilo.com.br<\/figcaption><\/figure>\n\n\n\n<h2 class=\"wp-block-heading\"><strong>Mercado imobili\u00e1rio em Jo\u00e3o Pessoa<\/strong><\/h2>\n\n\n\n<p>O mercado imobili\u00e1rio de Jo\u00e3o Pessoa est\u00e1 em plena expans\u00e3o, com um aumento significativo nos pre\u00e7os dos im\u00f3veis. A cidade, que ainda possui muitos terrenos dispon\u00edveis, est\u00e1 vendo a constru\u00e7\u00e3o de novos empreendimentos para atender \u00e0 demanda crescente. No entanto, a oferta ainda n\u00e3o atende completamente \u00e0 procura, o que tem pressionado os pre\u00e7os para cima.<\/p>\n\n\n\n<p>As empresas do setor imobili\u00e1rio est\u00e3o adaptando seus projetos para atender a um p\u00fablico mais diversificado, incluindo a classe m\u00e9dia em ascens\u00e3o. Novos empreendimentos agora incorporam \u00e1reas de lazer e tecnologia de automa\u00e7\u00e3o, caracter\u00edsticas que antes eram exclusivas de im\u00f3veis de alto padr\u00e3o.<\/p>\n\n\n\n<h2 class=\"wp-block-heading\"><strong>Desafios do crescimento em Jo\u00e3o Pessoa<\/strong><\/h2>\n\n\n\n<p>Apesar do crescimento econ\u00f4mico, Jo\u00e3o Pessoa enfrenta desafios significativos. O aumento do tr\u00e2nsito, da viol\u00eancia e dos pre\u00e7os dos im\u00f3veis s\u00e3o quest\u00f5es que a cidade precisa gerenciar. Al\u00e9m disso, a infraestrutura urbana, especialmente em termos de saneamento e transporte, precisa ser ampliada para acompanhar o ritmo de desenvolvimento.<\/p>\n\n\n\n<p>O governo estadual tem investido em infraestrutura para apoiar o crescimento, mas a demanda por servi\u00e7os p\u00fablicos, como sa\u00fade e seguran\u00e7a, tamb\u00e9m est\u00e1 aumentando. A cidade precisa equilibrar o desenvolvimento econ\u00f4mico com a manuten\u00e7\u00e3o da qualidade de vida que atraiu tantos novos moradores.<\/p>\n","protected":false},"excerpt":{"rendered":"<p>Jo\u00e3o Pessoa se destaca como centro de desenvolvimento no Nordeste com foco em turismo, tecnologia e mercado imobili\u00e1rio.<\/p>\n","protected":false},"author":3,"featured_media":16500,"comment_status":"open","ping_status":"open","sticky":false,"template":"","format":"standard","meta":{"_yoast_wpseo_focuskw":"Jo\u00e3o Pessoa","_yoast_wpseo_title":"%%title%%","_yoast_wpseo_metadesc":"Jo\u00e3o Pessoa se destaca como centro de desenvolvimento no Nordeste com foco em turismo, tecnologia e mercado imobili\u00e1rio.","jnews-multi-image_gallery":[],"jnews_single_post":{"format":"standard"},"jnews_primary_category":[],"jnews_social_meta":[],"jnews_override_counter":[],"footnotes":""},"categories":[108],"tags":[109,632],"class_list":["post-16336","post","type-post","status-publish","format-standard","has-post-thumbnail","hentry","category-cidades","tag-cidades","tag-nordeste"],"yoast_head":"<!-- This site is optimized with the Yoast SEO plugin v24.6 - https:\/\/yoast.com\/wordpress\/plugins\/seo\/ -->\n<title>Essa capital do Nordeste cresce em um ritmo acelerado e surpreende<\/title>\n<meta name=\"description\" content=\"Jo\u00e3o Pessoa se destaca como centro de desenvolvimento no Nordeste com foco em turismo, tecnologia e mercado imobili\u00e1rio.\" \/>\n<meta name=\"robots\" content=\"index, follow, max-snippet:-1, max-image-preview:large, max-video-preview:-1\" \/>\n<link rel=\"canonical\" href=\"https:\/\/www.correiobraziliense.com.br\/cbradar\/essa-capital-do-nordeste-cresce-em-um-ritmo-acelerado-e-surpreende\/\" \/>\n<meta property=\"og:locale\" content=\"pt_BR\" \/>\n<meta property=\"og:type\" content=\"article\" \/>\n<meta property=\"og:title\" content=\"Essa capital do Nordeste cresce em um ritmo acelerado e surpreende\" \/>\n<meta property=\"og:description\" content=\"Jo\u00e3o Pessoa se destaca como centro de desenvolvimento no Nordeste com foco em turismo, tecnologia e mercado imobili\u00e1rio.\" \/>\n<meta property=\"og:url\" content=\"https:\/\/www.correiobraziliense.com.br\/cbradar\/essa-capital-do-nordeste-cresce-em-um-ritmo-acelerado-e-surpreende\/\" \/>\n<meta property=\"og:site_name\" content=\"Correio Braziliense - Radar\" \/>\n<meta property=\"article:published_time\" content=\"2025-03-28T18:50:00+00:00\" \/>\n<meta property=\"og:image\" content=\"https:\/\/www.correiobraziliense.com.br\/cbradar\/wp-content\/uploads\/2025\/03\/Paraiba_1743096172772.jpg\" \/>\n\t<meta property=\"og:image:width\" content=\"1280\" \/>\n\t<meta property=\"og:image:height\" content=\"720\" \/>\n\t<meta property=\"og:image:type\" content=\"image\/jpeg\" \/>\n<meta name=\"author\" content=\"Larissa Carvalho\" \/>\n<meta name=\"twitter:card\" content=\"summary_large_image\" \/>\n<meta name=\"twitter:label1\" content=\"Escrito por\" \/>\n\t<meta name=\"twitter:data1\" content=\"Larissa Carvalho\" \/>\n\t<meta name=\"twitter:label2\" content=\"Est. tempo de leitura\" \/>\n\t<meta name=\"twitter:data2\" content=\"3 minutos\" \/>\n<!-- \/ Yoast SEO plugin. -->","yoast_head_json":{"title":"Essa capital do Nordeste cresce em um ritmo acelerado e surpreende","description":"Jo\u00e3o Pessoa se destaca como centro de desenvolvimento no Nordeste com foco em turismo, tecnologia e mercado imobili\u00e1rio.","robots":{"index":"index","follow":"follow","max-snippet":"max-snippet:-1","max-image-preview":"max-image-preview:large","max-video-preview":"max-video-preview:-1"},"canonical":"https:\/\/www.correiobraziliense.com.br\/cbradar\/essa-capital-do-nordeste-cresce-em-um-ritmo-acelerado-e-surpreende\/","og_locale":"pt_BR","og_type":"article","og_title":"Essa capital do Nordeste cresce em um ritmo acelerado e surpreende","og_description":"Jo\u00e3o Pessoa se destaca como centro de desenvolvimento no Nordeste com foco em turismo, tecnologia e mercado imobili\u00e1rio.","og_url":"https:\/\/www.correiobraziliense.com.br\/cbradar\/essa-capital-do-nordeste-cresce-em-um-ritmo-acelerado-e-surpreende\/","og_site_name":"Correio Braziliense - Radar","article_published_time":"2025-03-28T18:50:00+00:00","og_image":[{"width":1280,"height":720,"url":"https:\/\/www.correiobraziliense.com.br\/cbradar\/wp-content\/uploads\/2025\/03\/Paraiba_1743096172772.jpg","type":"image\/jpeg"}],"author":"Larissa Carvalho","twitter_card":"summary_large_image","twitter_misc":{"Escrito por":"Larissa Carvalho","Est. tempo de leitura":"3 minutos"},"schema":{"@context":"https:\/\/schema.org","@graph":[{"@type":"WebPage","@id":"https:\/\/www.correiobraziliense.com.br\/cbradar\/essa-capital-do-nordeste-cresce-em-um-ritmo-acelerado-e-surpreende\/","url":"https:\/\/www.correiobraziliense.com.br\/cbradar\/essa-capital-do-nordeste-cresce-em-um-ritmo-acelerado-e-surpreende\/","name":"Essa capital do Nordeste cresce em um ritmo acelerado e surpreende","isPartOf":{"@id":"https:\/\/www.correiobraziliense.com.br\/cbradar\/#website"},"primaryImageOfPage":{"@id":"https:\/\/www.correiobraziliense.com.br\/cbradar\/essa-capital-do-nordeste-cresce-em-um-ritmo-acelerado-e-surpreende\/#primaryimage"},"image":{"@id":"https:\/\/www.correiobraziliense.com.br\/cbradar\/essa-capital-do-nordeste-cresce-em-um-ritmo-acelerado-e-surpreende\/#primaryimage"},"thumbnailUrl":"https:\/\/www.correiobraziliense.com.br\/cbradar\/wp-content\/uploads\/2025\/03\/Paraiba_1743096172772.jpg","datePublished":"2025-03-28T18:50:00+00:00","author":{"@id":"https:\/\/www.correiobraziliense.com.br\/cbradar\/#\/schema\/person\/58422787644df994b53a19d3e56c1513"},"description":"Jo\u00e3o Pessoa se destaca como centro de desenvolvimento no Nordeste com foco em turismo, tecnologia e mercado imobili\u00e1rio.","breadcrumb":{"@id":"https:\/\/www.correiobraziliense.com.br\/cbradar\/essa-capital-do-nordeste-cresce-em-um-ritmo-acelerado-e-surpreende\/#breadcrumb"},"inLanguage":"pt-BR","potentialAction":[{"@type":"ReadAction","target":["https:\/\/www.correiobraziliense.com.br\/cbradar\/essa-capital-do-nordeste-cresce-em-um-ritmo-acelerado-e-surpreende\/"]}]},{"@type":"ImageObject","inLanguage":"pt-BR","@id":"https:\/\/www.correiobraziliense.com.br\/cbradar\/essa-capital-do-nordeste-cresce-em-um-ritmo-acelerado-e-surpreende\/#primaryimage","url":"https:\/\/www.correiobraziliense.com.br\/cbradar\/wp-content\/uploads\/2025\/03\/Paraiba_1743096172772.jpg","contentUrl":"https:\/\/www.correiobraziliense.com.br\/cbradar\/wp-content\/uploads\/2025\/03\/Paraiba_1743096172772.jpg","width":1280,"height":720,"caption":"Para\u00edba. Cr\u00e9ditos: depositphotos.com \/ casadaphoto"},{"@type":"BreadcrumbList","@id":"https:\/\/www.correiobraziliense.com.br\/cbradar\/essa-capital-do-nordeste-cresce-em-um-ritmo-acelerado-e-surpreende\/#breadcrumb","itemListElement":[{"@type":"ListItem","position":1,"name":"In\u00edcio","item":"https:\/\/www.correiobraziliense.com.br\/cbradar\/"},{"@type":"ListItem","position":2,"name":"Essa capital do Nordeste cresce em um ritmo acelerado e surpreende"}]},{"@type":"WebSite","@id":"https:\/\/www.correiobraziliense.com.br\/cbradar\/#website","url":"https:\/\/www.correiobraziliense.com.br\/cbradar\/","name":"Correio Braziliense - Radar","description":"Acompanhe as \u00faltimas not\u00edcias e fique bem informado sobre tudo o que acontece no Brasil e no mundo.","potentialAction":[{"@type":"SearchAction","target":{"@type":"EntryPoint","urlTemplate":"https:\/\/www.correiobraziliense.com.br\/cbradar\/?s={search_term_string}"},"query-input":{"@type":"PropertyValueSpecification","valueRequired":true,"valueName":"search_term_string"}}],"inLanguage":"pt-BR"},{"@type":"Person","@id":"https:\/\/www.correiobraziliense.com.br\/cbradar\/#\/schema\/person\/58422787644df994b53a19d3e56c1513","name":"Larissa Carvalho","image":{"@type":"ImageObject","inLanguage":"pt-BR","@id":"https:\/\/www.correiobraziliense.com.br\/cbradar\/#\/schema\/person\/image\/","url":"https:\/\/secure.gravatar.com\/avatar\/fe4f91a0de32b52a838d0d612abdc1aa?s=96&d=mm&r=g","contentUrl":"https:\/\/secure.gravatar.com\/avatar\/fe4f91a0de32b52a838d0d612abdc1aa?s=96&d=mm&r=g","caption":"Larissa Carvalho"},"url":"https:\/\/www.correiobraziliense.com.br\/cbradar\/author\/larissamyth\/"}]}},"_links":{"self":[{"href":"https:\/\/www.correiobraziliense.com.br\/cbradar\/wp-json\/wp\/v2\/posts\/16336","targetHints":{"allow":["GET"]}}],"collection":[{"href":"https:\/\/www.correiobraziliense.com.br\/cbradar\/wp-json\/wp\/v2\/posts"}],"about":[{"href":"https:\/\/www.correiobraziliense.com.br\/cbradar\/wp-json\/wp\/v2\/types\/post"}],"author":[{"embeddable":true,"href":"https:\/\/www.correiobraziliense.com.br\/cbradar\/wp-json\/wp\/v2\/users\/3"}],"replies":[{"embeddable":true,"href":"https:\/\/www.correiobraziliense.com.br\/cbradar\/wp-json\/wp\/v2\/comments?post=16336"}],"version-history":[{"count":2,"href":"https:\/\/www.correiobraziliense.com.br\/cbradar\/wp-json\/wp\/v2\/posts\/16336\/revisions"}],"predecessor-version":[{"id":16502,"href":"https:\/\/www.correiobraziliense.com.br\/cbradar\/wp-json\/wp\/v2\/posts\/16336\/revisions\/16502"}],"wp:featuredmedia":[{"embeddable":true,"href":"https:\/\/www.correiobraziliense.com.br\/cbradar\/wp-json\/wp\/v2\/media\/16500"}],"wp:attachment":[{"href":"https:\/\/www.correiobraziliense.com.br\/cbradar\/wp-json\/wp\/v2\/media?parent=16336"}],"wp:term":[{"taxonomy":"category","embeddable":true,"href":"https:\/\/www.correiobraziliense.com.br\/cbradar\/wp-json\/wp\/v2\/categories?post=16336"},{"taxonomy":"post_tag","embeddable":true,"href":"https:\/\/www.correiobraziliense.com.br\/cbradar\/wp-json\/wp\/v2\/tags?post=16336"}],"curies":[{"name":"wp","href":"https:\/\/api.w.org\/{rel}","templated":true}]}}