{"id":16353,"date":"2025-03-28T09:30:00","date_gmt":"2025-03-28T12:30:00","guid":{"rendered":"https:\/\/www.correiobraziliense.com.br\/cbradar\/?p=16353"},"modified":"2025-03-27T21:44:29","modified_gmt":"2025-03-28T00:44:29","slug":"conheca-a-cidade-onde-a-coleta-de-lixo-e-feita-por-tubulacoes-subterraneas","status":"publish","type":"post","link":"https:\/\/www.correiobraziliense.com.br\/cbradar\/conheca-a-cidade-onde-a-coleta-de-lixo-e-feita-por-tubulacoes-subterraneas\/","title":{"rendered":"Conhe\u00e7a a cidade onde a coleta de lixo \u00e9 feita por tubula\u00e7\u00f5es subterr\u00e2neas"},"content":{"rendered":"\n<p>Em alguns bairros modernos de <strong>Barcelona<\/strong>, na <strong>Espanha<\/strong>, voc\u00ea n\u00e3o ver\u00e1 caminh\u00f5es de lixo nem ouvir\u00e1 o barulho das latas sendo arrastadas de madrugada. Isso porque a cidade implementou um <strong>sistema de coleta pneum\u00e1tica de res\u00edduos<\/strong>, onde o lixo \u00e9 <strong>transportado por tubula\u00e7\u00f5es subterr\u00e2neas<\/strong>, direto para centros de tratamento \u2014 <strong>sem interven\u00e7\u00e3o humana<\/strong> no processo de coleta.<\/p>\n\n\n\n<p>Esse sistema futurista faz parte do plano da cidade para se tornar <strong>mais inteligente, limpa e eficiente<\/strong>, especialmente nos bairros planejados como <strong>Poblenou<\/strong>, dentro do projeto <strong>22@ Barcelona<\/strong>.<\/p>\n\n\n\n<h2 class=\"wp-block-heading\">Como funciona a coleta por tubula\u00e7\u00e3o subterr\u00e2nea?<\/h2>\n\n\n\n<p>O sistema \u00e9 semelhante ao de um \u201caspirador de lixo\u201d:<\/p>\n\n\n\n<ul class=\"wp-block-list\">\n<li>Os moradores depositam seus res\u00edduos em <strong>bocas de coleta espec\u00edficas na rua ou dentro dos edif\u00edcios<\/strong>.<\/li>\n\n\n\n<li>Cada tipo de lixo (org\u00e2nico, recicl\u00e1vel, etc.) tem sua pr\u00f3pria entrada.<\/li>\n\n\n\n<li>Em hor\u00e1rios programados, um <strong>sistema pneum\u00e1tico suga o lixo a alta velocidade<\/strong> por t\u00faneis subterr\u00e2neos.<\/li>\n\n\n\n<li>Os res\u00edduos s\u00e3o levados a um <strong>centro de coleta centralizado<\/strong>, onde s\u00e3o separados e tratados.<\/li>\n<\/ul>\n\n\n\n<p>Tudo isso sem necessidade de caminh\u00f5es passando diariamente ou oper\u00e1rios recolhendo manualmente os sacos.<\/p>\n\n\n\n<figure class=\"wp-block-image size-large\"><img decoding=\"async\" width=\"1024\" height=\"576\" src=\"https:\/\/www.correiobraziliense.com.br\/cbradar\/wp-content\/uploads\/2025\/03\/Barcelona_1743083241300-1024x576.jpg\" alt=\"Conhe\u00e7a a cidade onde a coleta de lixo \u00e9 feita por tubula\u00e7\u00f5es subterr\u00e2neas\" class=\"wp-image-16355\" srcset=\"https:\/\/www.correiobraziliense.com.br\/cbradar\/wp-content\/uploads\/2025\/03\/Barcelona_1743083241300-1024x576.jpg 1024w, https:\/\/www.correiobraziliense.com.br\/cbradar\/wp-content\/uploads\/2025\/03\/Barcelona_1743083241300-300x169.jpg 300w, https:\/\/www.correiobraziliense.com.br\/cbradar\/wp-content\/uploads\/2025\/03\/Barcelona_1743083241300-768x432.jpg 768w, https:\/\/www.correiobraziliense.com.br\/cbradar\/wp-content\/uploads\/2025\/03\/Barcelona_1743083241300-750x422.jpg 750w, https:\/\/www.correiobraziliense.com.br\/cbradar\/wp-content\/uploads\/2025\/03\/Barcelona_1743083241300-1140x641.jpg 1140w, https:\/\/www.correiobraziliense.com.br\/cbradar\/wp-content\/uploads\/2025\/03\/Barcelona_1743083241300.jpg 1280w\" sizes=\"(max-width: 1024px) 100vw, 1024px\" \/><figcaption class=\"wp-element-caption\">Barcelona. Cr\u00e9ditos: depositphotos.com \/ IgorVetushko<\/figcaption><\/figure>\n\n\n\n<h2 class=\"wp-block-heading\">Quais s\u00e3o as vantagens desse sistema em Barcelona?<\/h2>\n\n\n\n<ul class=\"wp-block-list\">\n<li><strong>Redu\u00e7\u00e3o de ru\u00eddo e tr\u00e1fego<\/strong>, j\u00e1 que n\u00e3o h\u00e1 caminh\u00f5es de lixo nas ruas.<\/li>\n\n\n\n<li><strong>Mais higiene urbana<\/strong>, evitando o ac\u00famulo de sacos na cal\u00e7ada.<\/li>\n\n\n\n<li><strong>Sistema totalmente fechado<\/strong>, o que elimina odores e impede a prolifera\u00e7\u00e3o de pragas.<\/li>\n\n\n\n<li><strong>Efici\u00eancia energ\u00e9tica<\/strong>, com menos emiss\u00f5es de CO\u2082 no transporte dos res\u00edduos.<\/li>\n\n\n\n<li><strong>Integra\u00e7\u00e3o com projetos de cidade inteligente<\/strong>, usando sensores e automa\u00e7\u00e3o para otimizar o sistema.<\/li>\n<\/ul>\n\n\n\n<h2 class=\"wp-block-heading\">Curiosidades sobre o sistema em Barcelona<\/h2>\n\n\n\n<ul class=\"wp-block-list\">\n<li><strong>O lixo viaja a at\u00e9 70 km\/h pelos t\u00faneis<\/strong>, gra\u00e7as ao v\u00e1cuo criado nas tubula\u00e7\u00f5es.<\/li>\n\n\n\n<li><strong>O bairro de Poblenou foi o primeiro a receber o sistema<\/strong>, como parte da transforma\u00e7\u00e3o de zona industrial em polo tecnol\u00f3gico.<\/li>\n\n\n\n<li><strong>O modelo foi inspirado em projetos de pa\u00edses como Su\u00e9cia e Coreia do Sul.<\/strong><\/li>\n\n\n\n<li><strong>Barcelona estuda expandir o sistema para outras \u00e1reas da cidade<\/strong>, dependendo do sucesso a longo prazo.<\/li>\n\n\n\n<li><strong>Outras cidades espanholas, como Bilbao e Val\u00eancia, j\u00e1 adotaram sistemas semelhantes.<\/strong><\/li>\n<\/ul>\n\n\n\n<p>Barcelona mostra que <strong>inova\u00e7\u00e3o urbana tamb\u00e9m passa por baixo da terra<\/strong>, com solu\u00e7\u00f5es inteligentes que melhoram a vida cotidiana e transformam a gest\u00e3o de res\u00edduos em algo silencioso, limpo e eficaz.<\/p>\n","protected":false},"excerpt":{"rendered":"<p>Em Barcelona, o lixo \u00e9 sugado por tubos subterr\u00e2neos em bairros inteligentes. Descubra como funciona o sistema pneum\u00e1tico de coleta urbana!<\/p>\n","protected":false},"author":3,"featured_media":16354,"comment_status":"open","ping_status":"open","sticky":false,"template":"","format":"standard","meta":{"_yoast_wpseo_focuskw":"coleta lixo tubula\u00e7\u00f5es","_yoast_wpseo_title":"%%title%%","_yoast_wpseo_metadesc":"Em Barcelona, o lixo \u00e9 sugado por tubos subterr\u00e2neos em bairros inteligentes. Descubra como funciona o sistema pneum\u00e1tico de coleta urbana!","jnews-multi-image_gallery":[],"jnews_single_post":{"format":"standard"},"jnews_primary_category":[],"jnews_social_meta":[],"jnews_override_counter":[],"footnotes":""},"categories":[108],"tags":[109],"class_list":["post-16353","post","type-post","status-publish","format-standard","has-post-thumbnail","hentry","category-cidades","tag-cidades"],"yoast_head":"<!-- This site is optimized with the Yoast SEO plugin v24.6 - https:\/\/yoast.com\/wordpress\/plugins\/seo\/ -->\n<title>Conhe\u00e7a a cidade onde a coleta de lixo \u00e9 feita por tubula\u00e7\u00f5es subterr\u00e2neas<\/title>\n<meta name=\"description\" content=\"Em Barcelona, o lixo \u00e9 sugado por tubos subterr\u00e2neos em bairros inteligentes. Descubra como funciona o sistema pneum\u00e1tico de coleta urbana!\" \/>\n<meta name=\"robots\" content=\"index, follow, max-snippet:-1, max-image-preview:large, max-video-preview:-1\" \/>\n<link rel=\"canonical\" href=\"https:\/\/www.correiobraziliense.com.br\/cbradar\/conheca-a-cidade-onde-a-coleta-de-lixo-e-feita-por-tubulacoes-subterraneas\/\" \/>\n<meta property=\"og:locale\" content=\"pt_BR\" \/>\n<meta property=\"og:type\" content=\"article\" \/>\n<meta property=\"og:title\" content=\"Conhe\u00e7a a cidade onde a coleta de lixo \u00e9 feita por tubula\u00e7\u00f5es subterr\u00e2neas\" \/>\n<meta property=\"og:description\" content=\"Em Barcelona, o lixo \u00e9 sugado por tubos subterr\u00e2neos em bairros inteligentes. Descubra como funciona o sistema pneum\u00e1tico de coleta urbana!\" \/>\n<meta property=\"og:url\" content=\"https:\/\/www.correiobraziliense.com.br\/cbradar\/conheca-a-cidade-onde-a-coleta-de-lixo-e-feita-por-tubulacoes-subterraneas\/\" \/>\n<meta property=\"og:site_name\" content=\"Correio Braziliense - Radar\" \/>\n<meta property=\"article:published_time\" content=\"2025-03-28T12:30:00+00:00\" \/>\n<meta property=\"og:image\" content=\"https:\/\/www.correiobraziliense.com.br\/cbradar\/wp-content\/uploads\/2025\/03\/Barcelona_1743083217178.jpg\" \/>\n\t<meta property=\"og:image:width\" content=\"1280\" \/>\n\t<meta property=\"og:image:height\" content=\"720\" \/>\n\t<meta property=\"og:image:type\" content=\"image\/jpeg\" \/>\n<meta name=\"author\" content=\"Larissa Carvalho\" \/>\n<meta name=\"twitter:card\" content=\"summary_large_image\" \/>\n<meta name=\"twitter:label1\" content=\"Escrito por\" \/>\n\t<meta name=\"twitter:data1\" content=\"Larissa Carvalho\" \/>\n\t<meta name=\"twitter:label2\" content=\"Est. tempo de leitura\" \/>\n\t<meta name=\"twitter:data2\" content=\"3 minutos\" \/>\n<!-- \/ Yoast SEO plugin. -->","yoast_head_json":{"title":"Conhe\u00e7a a cidade onde a coleta de lixo \u00e9 feita por tubula\u00e7\u00f5es subterr\u00e2neas","description":"Em Barcelona, o lixo \u00e9 sugado por tubos subterr\u00e2neos em bairros inteligentes. Descubra como funciona o sistema pneum\u00e1tico de coleta urbana!","robots":{"index":"index","follow":"follow","max-snippet":"max-snippet:-1","max-image-preview":"max-image-preview:large","max-video-preview":"max-video-preview:-1"},"canonical":"https:\/\/www.correiobraziliense.com.br\/cbradar\/conheca-a-cidade-onde-a-coleta-de-lixo-e-feita-por-tubulacoes-subterraneas\/","og_locale":"pt_BR","og_type":"article","og_title":"Conhe\u00e7a a cidade onde a coleta de lixo \u00e9 feita por tubula\u00e7\u00f5es subterr\u00e2neas","og_description":"Em Barcelona, o lixo \u00e9 sugado por tubos subterr\u00e2neos em bairros inteligentes. Descubra como funciona o sistema pneum\u00e1tico de coleta urbana!","og_url":"https:\/\/www.correiobraziliense.com.br\/cbradar\/conheca-a-cidade-onde-a-coleta-de-lixo-e-feita-por-tubulacoes-subterraneas\/","og_site_name":"Correio Braziliense - Radar","article_published_time":"2025-03-28T12:30:00+00:00","og_image":[{"width":1280,"height":720,"url":"https:\/\/www.correiobraziliense.com.br\/cbradar\/wp-content\/uploads\/2025\/03\/Barcelona_1743083217178.jpg","type":"image\/jpeg"}],"author":"Larissa Carvalho","twitter_card":"summary_large_image","twitter_misc":{"Escrito por":"Larissa Carvalho","Est. tempo de leitura":"3 minutos"},"schema":{"@context":"https:\/\/schema.org","@graph":[{"@type":"WebPage","@id":"https:\/\/www.correiobraziliense.com.br\/cbradar\/conheca-a-cidade-onde-a-coleta-de-lixo-e-feita-por-tubulacoes-subterraneas\/","url":"https:\/\/www.correiobraziliense.com.br\/cbradar\/conheca-a-cidade-onde-a-coleta-de-lixo-e-feita-por-tubulacoes-subterraneas\/","name":"Conhe\u00e7a a cidade onde a coleta de lixo \u00e9 feita por tubula\u00e7\u00f5es subterr\u00e2neas","isPartOf":{"@id":"https:\/\/www.correiobraziliense.com.br\/cbradar\/#website"},"primaryImageOfPage":{"@id":"https:\/\/www.correiobraziliense.com.br\/cbradar\/conheca-a-cidade-onde-a-coleta-de-lixo-e-feita-por-tubulacoes-subterraneas\/#primaryimage"},"image":{"@id":"https:\/\/www.correiobraziliense.com.br\/cbradar\/conheca-a-cidade-onde-a-coleta-de-lixo-e-feita-por-tubulacoes-subterraneas\/#primaryimage"},"thumbnailUrl":"https:\/\/www.correiobraziliense.com.br\/cbradar\/wp-content\/uploads\/2025\/03\/Barcelona_1743083217178.jpg","datePublished":"2025-03-28T12:30:00+00:00","author":{"@id":"https:\/\/www.correiobraziliense.com.br\/cbradar\/#\/schema\/person\/58422787644df994b53a19d3e56c1513"},"description":"Em Barcelona, o lixo \u00e9 sugado por tubos subterr\u00e2neos em bairros inteligentes. Descubra como funciona o sistema pneum\u00e1tico de coleta urbana!","breadcrumb":{"@id":"https:\/\/www.correiobraziliense.com.br\/cbradar\/conheca-a-cidade-onde-a-coleta-de-lixo-e-feita-por-tubulacoes-subterraneas\/#breadcrumb"},"inLanguage":"pt-BR","potentialAction":[{"@type":"ReadAction","target":["https:\/\/www.correiobraziliense.com.br\/cbradar\/conheca-a-cidade-onde-a-coleta-de-lixo-e-feita-por-tubulacoes-subterraneas\/"]}]},{"@type":"ImageObject","inLanguage":"pt-BR","@id":"https:\/\/www.correiobraziliense.com.br\/cbradar\/conheca-a-cidade-onde-a-coleta-de-lixo-e-feita-por-tubulacoes-subterraneas\/#primaryimage","url":"https:\/\/www.correiobraziliense.com.br\/cbradar\/wp-content\/uploads\/2025\/03\/Barcelona_1743083217178.jpg","contentUrl":"https:\/\/www.correiobraziliense.com.br\/cbradar\/wp-content\/uploads\/2025\/03\/Barcelona_1743083217178.jpg","width":1280,"height":720,"caption":"Barcelona. Cr\u00e9ditos: depositphotos.com \/ DmitryRukhlenko"},{"@type":"BreadcrumbList","@id":"https:\/\/www.correiobraziliense.com.br\/cbradar\/conheca-a-cidade-onde-a-coleta-de-lixo-e-feita-por-tubulacoes-subterraneas\/#breadcrumb","itemListElement":[{"@type":"ListItem","position":1,"name":"In\u00edcio","item":"https:\/\/www.correiobraziliense.com.br\/cbradar\/"},{"@type":"ListItem","position":2,"name":"Conhe\u00e7a a cidade onde a coleta de lixo \u00e9 feita por tubula\u00e7\u00f5es subterr\u00e2neas"}]},{"@type":"WebSite","@id":"https:\/\/www.correiobraziliense.com.br\/cbradar\/#website","url":"https:\/\/www.correiobraziliense.com.br\/cbradar\/","name":"Correio Braziliense - Radar","description":"Acompanhe as \u00faltimas not\u00edcias e fique bem informado sobre tudo o que acontece no Brasil e no mundo.","potentialAction":[{"@type":"SearchAction","target":{"@type":"EntryPoint","urlTemplate":"https:\/\/www.correiobraziliense.com.br\/cbradar\/?s={search_term_string}"},"query-input":{"@type":"PropertyValueSpecification","valueRequired":true,"valueName":"search_term_string"}}],"inLanguage":"pt-BR"},{"@type":"Person","@id":"https:\/\/www.correiobraziliense.com.br\/cbradar\/#\/schema\/person\/58422787644df994b53a19d3e56c1513","name":"Larissa Carvalho","image":{"@type":"ImageObject","inLanguage":"pt-BR","@id":"https:\/\/www.correiobraziliense.com.br\/cbradar\/#\/schema\/person\/image\/","url":"https:\/\/secure.gravatar.com\/avatar\/fe4f91a0de32b52a838d0d612abdc1aa?s=96&d=mm&r=g","contentUrl":"https:\/\/secure.gravatar.com\/avatar\/fe4f91a0de32b52a838d0d612abdc1aa?s=96&d=mm&r=g","caption":"Larissa Carvalho"},"url":"https:\/\/www.correiobraziliense.com.br\/cbradar\/author\/larissamyth\/"}]}},"_links":{"self":[{"href":"https:\/\/www.correiobraziliense.com.br\/cbradar\/wp-json\/wp\/v2\/posts\/16353","targetHints":{"allow":["GET"]}}],"collection":[{"href":"https:\/\/www.correiobraziliense.com.br\/cbradar\/wp-json\/wp\/v2\/posts"}],"about":[{"href":"https:\/\/www.correiobraziliense.com.br\/cbradar\/wp-json\/wp\/v2\/types\/post"}],"author":[{"embeddable":true,"href":"https:\/\/www.correiobraziliense.com.br\/cbradar\/wp-json\/wp\/v2\/users\/3"}],"replies":[{"embeddable":true,"href":"https:\/\/www.correiobraziliense.com.br\/cbradar\/wp-json\/wp\/v2\/comments?post=16353"}],"version-history":[{"count":1,"href":"https:\/\/www.correiobraziliense.com.br\/cbradar\/wp-json\/wp\/v2\/posts\/16353\/revisions"}],"predecessor-version":[{"id":16356,"href":"https:\/\/www.correiobraziliense.com.br\/cbradar\/wp-json\/wp\/v2\/posts\/16353\/revisions\/16356"}],"wp:featuredmedia":[{"embeddable":true,"href":"https:\/\/www.correiobraziliense.com.br\/cbradar\/wp-json\/wp\/v2\/media\/16354"}],"wp:attachment":[{"href":"https:\/\/www.correiobraziliense.com.br\/cbradar\/wp-json\/wp\/v2\/media?parent=16353"}],"wp:term":[{"taxonomy":"category","embeddable":true,"href":"https:\/\/www.correiobraziliense.com.br\/cbradar\/wp-json\/wp\/v2\/categories?post=16353"},{"taxonomy":"post_tag","embeddable":true,"href":"https:\/\/www.correiobraziliense.com.br\/cbradar\/wp-json\/wp\/v2\/tags?post=16353"}],"curies":[{"name":"wp","href":"https:\/\/api.w.org\/{rel}","templated":true}]}}