{"id":164023,"date":"2025-12-28T15:25:00","date_gmt":"2025-12-28T18:25:00","guid":{"rendered":"https:\/\/www.correiobraziliense.com.br\/cbradar\/?p=164023"},"modified":"2025-12-28T05:28:54","modified_gmt":"2025-12-28T08:28:54","slug":"as-3-melhores-cidades-de-minas-gerais-para-viver-com-sossego-e-qualidade-de-vida","status":"publish","type":"post","link":"https:\/\/www.correiobraziliense.com.br\/cbradar\/as-3-melhores-cidades-de-minas-gerais-para-viver-com-sossego-e-qualidade-de-vida\/","title":{"rendered":"As 3 melhores cidades de Minas Gerais para viver com sossego e qualidade de vida"},"content":{"rendered":"\n<p>Viver com qualidade de vida e sossego \u00e9 um desejo cada vez mais comum, especialmente para quem quer fugir do ritmo acelerado das grandes capitais. Em <strong>Minas Gerais<\/strong>, esse equil\u00edbrio \u00e9 uma realidade em diversas cidades do interior, onde seguran\u00e7a, bons servi\u00e7os e rotina tranquila caminham juntos. Com base em indicadores sociais, infraestrutura e estilo de vida, algumas cidades se destacam como ideais para morar bem e com menos estresse.<\/p>\n\n\n\n<h2 class=\"wp-block-heading\">Por que Minas Gerais \u00e9 refer\u00eancia em sossego e qualidade de vida?<\/h2>\n\n\n\n<p><strong>Minas Gerais se destaca por oferecer cidades organizadas, seguras e com forte senso de comunidade<\/strong>, contribuindo diretamente para uma vida mais tranquila. O interior mineiro preserva h\u00e1bitos simples, como deslocamentos curtos, conviv\u00eancia entre vizinhos e uso frequente de espa\u00e7os p\u00fablicos.<\/p>\n\n\n\n<p>Al\u00e9m disso, muitas cidades mineiras combinam custo de vida equilibrado com bons \u00edndices de educa\u00e7\u00e3o, sa\u00fade e seguran\u00e7a. Esse conjunto cria um ambiente favor\u00e1vel para quem busca desacelerar sem abrir m\u00e3o de conforto e servi\u00e7os essenciais.<\/p>\n\n\n<div class=\"wp-block-image\">\n<figure class=\"aligncenter size-large\"><img decoding=\"async\" width=\"1024\" height=\"576\" src=\"https:\/\/www.correiobraziliense.com.br\/cbradar\/wp-content\/uploads\/2025\/12\/canva-2025-12-28T052628.185-1024x576.png\" alt=\"As 3 melhores cidades de Minas Gerais para viver com sossego e qualidade de vida\" class=\"wp-image-164049\" srcset=\"https:\/\/www.correiobraziliense.com.br\/cbradar\/wp-content\/uploads\/2025\/12\/canva-2025-12-28T052628.185-1024x576.png 1024w, https:\/\/www.correiobraziliense.com.br\/cbradar\/wp-content\/uploads\/2025\/12\/canva-2025-12-28T052628.185-300x169.png 300w, https:\/\/www.correiobraziliense.com.br\/cbradar\/wp-content\/uploads\/2025\/12\/canva-2025-12-28T052628.185-768x432.png 768w, https:\/\/www.correiobraziliense.com.br\/cbradar\/wp-content\/uploads\/2025\/12\/canva-2025-12-28T052628.185-750x422.png 750w, https:\/\/www.correiobraziliense.com.br\/cbradar\/wp-content\/uploads\/2025\/12\/canva-2025-12-28T052628.185-1140x641.png 1140w, https:\/\/www.correiobraziliense.com.br\/cbradar\/wp-content\/uploads\/2025\/12\/canva-2025-12-28T052628.185.png 1280w\" sizes=\"(max-width: 1024px) 100vw, 1024px\" \/><figcaption class=\"wp-element-caption\">Arax\u00e1-MG convida ao relaxamento nas termas medicinais e vistas panor\u00e2micas, inspirando bem-estar e conex\u00e3o com a hist\u00f3ria mineira vibrante. \/\/ Cr\u00e9ditos: Wikip\u00e9dia<\/figcaption><\/figure><\/div>\n\n\n<h2 class=\"wp-block-heading\">Po\u00e7os de Caldas \u00e9 ideal para quem busca bem-estar e tranquilidade?<\/h2>\n\n\n\n<p><strong>Po\u00e7os de Caldas \u00e9 uma das cidades mais indicadas de Minas Gerais para viver com qualidade de vida e sossego<\/strong>. Conforme aponta o <strong><a href=\"https:\/\/cidades.ibge.gov.br\/brasil\/mg\/pocos-de-caldas\/panorama\" target=\"_blank\" rel=\"noreferrer noopener\">Instituto Brasileiro de Geografia e Estat\u00edstica (IBGE)<\/a><\/strong>, o munic\u00edpio possui <strong>IDH 0,779<\/strong>, considerado alto.<\/p>\n\n\n\n<p>Localizada no Sul de Minas, a cidade se destaca pelo clima ameno, ruas arborizadas e forte voca\u00e7\u00e3o para sa\u00fade e bem-estar. A sensa\u00e7\u00e3o de seguran\u00e7a, aliada a uma boa rede hospitalar e espa\u00e7os p\u00fablicos bem cuidados, favorece uma rotina calma, com caminhadas, atividades ao ar livre e menos pressa no dia a dia.<\/p>\n\n\n<div class=\"wp-block-image\">\n<figure class=\"aligncenter size-large\"><img decoding=\"async\" width=\"1024\" height=\"576\" src=\"https:\/\/www.correiobraziliense.com.br\/cbradar\/wp-content\/uploads\/2025\/07\/Edicoes-44-1024x576.png\" alt=\"A cidade brasileira constru\u00edda dentro de um vulc\u00e3o adormecido que abriga um cristo redentor desconhecido como prote\u00e7\u00e3o\" class=\"wp-image-67346\" srcset=\"https:\/\/www.correiobraziliense.com.br\/cbradar\/wp-content\/uploads\/2025\/07\/Edicoes-44-1024x576.png 1024w, https:\/\/www.correiobraziliense.com.br\/cbradar\/wp-content\/uploads\/2025\/07\/Edicoes-44-300x169.png 300w, https:\/\/www.correiobraziliense.com.br\/cbradar\/wp-content\/uploads\/2025\/07\/Edicoes-44-768x432.png 768w, https:\/\/www.correiobraziliense.com.br\/cbradar\/wp-content\/uploads\/2025\/07\/Edicoes-44-750x422.png 750w, https:\/\/www.correiobraziliense.com.br\/cbradar\/wp-content\/uploads\/2025\/07\/Edicoes-44-1140x641.png 1140w, https:\/\/www.correiobraziliense.com.br\/cbradar\/wp-content\/uploads\/2025\/07\/Edicoes-44.png 1280w\" sizes=\"(max-width: 1024px) 100vw, 1024px\" \/><figcaption class=\"wp-element-caption\">Al\u00e9m das \u00e1guas termais, destaque para o Parque das \u00c1guas, telef\u00e9ricos e eventos culturais tradicionais.\/\/ Cr\u00e9ditos: YouTube @marcelkikuchi1135<\/figcaption><\/figure><\/div>\n\n\n<h2 class=\"wp-block-heading\">Lavras combina sossego com bons indicadores sociais?<\/h2>\n\n\n\n<p><strong>Lavras combina tranquilidade, seguran\u00e7a e excelente n\u00edvel educacional<\/strong>, sendo uma das cidades mais equilibradas do interior mineiro. <a href=\"https:\/\/cidades.ibge.gov.br\/brasil\/mg\/lavras\/panorama\" target=\"_blank\" rel=\"noreferrer noopener\"><strong>Segundo dados do<\/strong> <strong>IBGE<\/strong><\/a>, o munic\u00edpio apresenta <strong>IDH 0,782<\/strong>, um dos mais altos do estado para cidades de m\u00e9dio porte.<\/p>\n\n\n\n<p>A presen\u00e7a da <strong>Universidade Federal de Lavras (UFLA)<\/strong> influencia positivamente a organiza\u00e7\u00e3o urbana e a qualidade dos servi\u00e7os. A cidade tem ritmo calmo, custo de vida acess\u00edvel e um ambiente seguro, ideal para fam\u00edlias, aposentados e pessoas que trabalham em home office.<\/p>\n\n\n\n<p>Antes de avan\u00e7ar, vale destacar alguns fatores que tornam Lavras t\u00e3o atrativa para quem busca sossego:<\/p>\n\n\n\n<ul class=\"wp-block-list\">\n<li>tr\u00e2nsito leve e deslocamentos r\u00e1pidos<\/li>\n\n\n\n<li>forte sensa\u00e7\u00e3o de seguran\u00e7a no cotidiano<\/li>\n\n\n\n<li>clima urbano silencioso e organizado<\/li>\n<\/ul>\n\n\n<div class=\"wp-block-image\">\n<figure class=\"aligncenter size-large\"><img decoding=\"async\" width=\"1024\" height=\"576\" src=\"https:\/\/www.correiobraziliense.com.br\/cbradar\/wp-content\/uploads\/2025\/12\/G-100-1024x576.png\" alt=\"O vilarejo acolhedor a poucos minutos de Ouro Preto com apenas 1000 habitantes que est\u00e1 conquistando quem busca paz\" class=\"wp-image-148172\" srcset=\"https:\/\/www.correiobraziliense.com.br\/cbradar\/wp-content\/uploads\/2025\/12\/G-100-1024x576.png 1024w, https:\/\/www.correiobraziliense.com.br\/cbradar\/wp-content\/uploads\/2025\/12\/G-100-300x169.png 300w, https:\/\/www.correiobraziliense.com.br\/cbradar\/wp-content\/uploads\/2025\/12\/G-100-768x432.png 768w, https:\/\/www.correiobraziliense.com.br\/cbradar\/wp-content\/uploads\/2025\/12\/G-100-750x422.png 750w, https:\/\/www.correiobraziliense.com.br\/cbradar\/wp-content\/uploads\/2025\/12\/G-100-1140x641.png 1140w, https:\/\/www.correiobraziliense.com.br\/cbradar\/wp-content\/uploads\/2025\/12\/G-100.png 1280w\" sizes=\"(max-width: 1024px) 100vw, 1024px\" \/><figcaption class=\"wp-element-caption\">Lavras Novas \u00e9 um distrito hist\u00f3rico pr\u00f3ximo a Ouro Preto, em Minas Gerais, conhecido por suas cachoeiras e trilhas. \/\/ Cr\u00e9ditos: Wikimedia Commons<\/figcaption><\/figure><\/div>\n\n\n<h2 class=\"wp-block-heading\">Arax\u00e1 oferece qualidade de vida com clima de cidade pequena?<\/h2>\n\n\n\n<p><strong>Arax\u00e1 oferece qualidade de vida t\u00edpica de cidade pequena, aliada a bons servi\u00e7os e seguran\u00e7a<\/strong>, sendo uma excelente op\u00e7\u00e3o no interior de Minas Gerais. <strong><a href=\"https:\/\/cidades.ibge.gov.br\/brasil\/mg\/araxa\/panorama\" target=\"_blank\" rel=\"noreferrer noopener\">Conforme o IBGE<\/a><\/strong>, o munic\u00edpio registra <strong>IDH 0,772<\/strong>, considerado elevado.<\/p>\n\n\n\n<p>Conhecida pelas \u00e1guas termais e pelo patrim\u00f4nio hist\u00f3rico, Arax\u00e1 mant\u00e9m uma rotina tranquila, com bairros residenciais silenciosos e forte identidade local. A cidade \u00e9 procurada por quem deseja viver com mais calma, cercado por natureza, sem enfrentar os desafios das grandes cidades.<\/p>\n\n\n\n<p><strong>Conhe\u00e7a Arax\u00e1, uma joia do Tri\u00e2ngulo Mineiro famosa por suas \u00e1guas medicinais e hist\u00f3ria rica. <\/strong>O v\u00eddeo \u00e9 do canal<strong> Cidades &amp; Cia,<\/strong> que conta com mais de<strong> 70 mil inscritos,<\/strong> e apresenta um panorama completo da cidade, destacando o imponente Grande Hotel e Termas de Arax\u00e1, a economia baseada na minera\u00e7\u00e3o de ni\u00f3bio e fosfato, al\u00e9m de pontos tur\u00edsticos como o Museu Dona Beija e o Parque do Cristo:<\/p>\n\n\n\n<figure class=\"wp-block-embed aligncenter is-type-video is-provider-youtube wp-block-embed-youtube wp-embed-aspect-16-9 wp-has-aspect-ratio\"><div class=\"wp-block-embed__wrapper\">\n<div class=\"jeg_video_container jeg_video_content\"><iframe loading=\"lazy\" title=\"CONHE\u00c7A ARAX\u00c1 UMA IMPORTANTE CIDADE NA REGI\u00c3O DO TRI\u00c2NGULO MINEIRO!\" width=\"500\" height=\"281\" src=\"https:\/\/www.youtube.com\/embed\/TFPSH5AUxQo?feature=oembed\" frameborder=\"0\" allow=\"accelerometer; autoplay; clipboard-write; encrypted-media; gyroscope; picture-in-picture; web-share\" referrerpolicy=\"strict-origin-when-cross-origin\" allowfullscreen><\/iframe><\/div>\n<\/div><\/figure>\n\n\n\n<p><strong>Leia tamb\u00e9m: <a href=\"https:\/\/www.correiobraziliense.com.br\/cbradar\/o-que-significa-nao-publicar-fotos-nas-redes-sociais-segundo-a-psicologia\/\" target=\"_blank\" rel=\"noreferrer noopener\">O que significa n\u00e3o publicar fotos nas redes sociais, segundo a psicologia<\/a><\/strong><\/p>\n\n\n\n<h2 class=\"wp-block-heading\">Qual dessas cidades \u00e9 mais indicada para o seu perfil?<\/h2>\n\n\n\n<p><strong>A melhor cidade para viver com qualidade de vida e sossego depende do estilo de vida e das prioridades pessoais<\/strong>, mesmo quando todas apresentam bons indicadores sociais. Algumas se destacam pelo bem-estar, outras pela educa\u00e7\u00e3o ou pelo clima interiorano mais tradicional.<\/p>\n\n\n\n<p>Para facilitar a compara\u00e7\u00e3o, veja a tabela abaixo:<\/p>\n\n\n\n<figure class=\"wp-block-table\"><table class=\"has-fixed-layout\"><thead><tr><th>Cidade<\/th><th>IDH (IBGE)<\/th><th>Principal diferencial<\/th><th>Perfil ideal<\/th><\/tr><\/thead><tbody><tr><td>Po\u00e7os de Caldas<\/td><td>0,779<\/td><td>Bem-estar e clima ameno<\/td><td>Aposentados e fam\u00edlias<\/td><\/tr><tr><td>Lavras<\/td><td>0,782<\/td><td>Educa\u00e7\u00e3o e seguran\u00e7a<\/td><td>Fam\u00edlias e trabalho remoto<\/td><\/tr><tr><td>Arax\u00e1<\/td><td>0,772<\/td><td>Tranquilidade e tradi\u00e7\u00e3o<\/td><td>Quem busca sossego absoluto<\/td><\/tr><\/tbody><\/table><\/figure>\n\n\n\n<p>Minas Gerais mostra que viver bem n\u00e3o significa viver com pressa. Cidades como Po\u00e7os de Caldas, Lavras e Arax\u00e1 provam que \u00e9 poss\u00edvel unir sossego, seguran\u00e7a e bons indicadores de desenvolvimento humano. Ao escolher uma dessas cidades, o morador encontra uma rotina mais leve, rela\u00e7\u00f5es mais pr\u00f3ximas e uma qualidade de vida que faz diferen\u00e7a no dia a dia.<\/p>\n","protected":false},"excerpt":{"rendered":"<p>Viver com qualidade de vida e sossego \u00e9 um desejo cada vez mais comum, especialmente para quem quer fugir do ritmo acelerado das grandes capitais. Em Minas Gerais, esse equil\u00edbrio \u00e9 uma realidade em diversas cidades do interior, onde seguran\u00e7a, bons servi\u00e7os e rotina tranquila caminham juntos. Com base em indicadores sociais, infraestrutura e estilo [&hellip;]<\/p>\n","protected":false},"author":8,"featured_media":147019,"comment_status":"open","ping_status":"open","sticky":false,"template":"","format":"standard","meta":{"_yoast_wpseo_focuskw":"melhores cidades de Minas Gerais","_yoast_wpseo_title":"","_yoast_wpseo_metadesc":"Essas cidades de Minas Gerais combinam tranquilidade, estrutura e bem-estar, chamando aten\u00e7\u00e3o de quem quer viver melhor.","jnews-multi-image_gallery":[],"jnews_single_post":{"format":"standard"},"jnews_primary_category":[],"jnews_social_meta":[],"jnews_override_counter":[],"footnotes":""},"categories":[108,111],"tags":[9127,388],"class_list":["post-164023","post","type-post","status-publish","format-standard","has-post-thumbnail","hentry","category-cidades","category-turismo","tag-araxa","tag-minas-gerais"],"yoast_head":"<!-- This site is optimized with the Yoast SEO plugin v24.6 - https:\/\/yoast.com\/wordpress\/plugins\/seo\/ -->\n<title>As 3 melhores cidades de Minas Gerais para viver com sossego e qualidade de vida - Correio Braziliense - Radar<\/title>\n<meta name=\"description\" content=\"Essas cidades de Minas Gerais combinam tranquilidade, estrutura e bem-estar, chamando aten\u00e7\u00e3o de quem quer viver melhor.\" \/>\n<meta name=\"robots\" content=\"index, follow, max-snippet:-1, max-image-preview:large, max-video-preview:-1\" \/>\n<link rel=\"canonical\" href=\"https:\/\/www.correiobraziliense.com.br\/cbradar\/as-3-melhores-cidades-de-minas-gerais-para-viver-com-sossego-e-qualidade-de-vida\/\" \/>\n<meta property=\"og:locale\" content=\"pt_BR\" \/>\n<meta property=\"og:type\" content=\"article\" \/>\n<meta property=\"og:title\" content=\"As 3 melhores cidades de Minas Gerais para viver com sossego e qualidade de vida - Correio Braziliense - Radar\" \/>\n<meta property=\"og:description\" content=\"Essas cidades de Minas Gerais combinam tranquilidade, estrutura e bem-estar, chamando aten\u00e7\u00e3o de quem quer viver melhor.\" \/>\n<meta property=\"og:url\" content=\"https:\/\/www.correiobraziliense.com.br\/cbradar\/as-3-melhores-cidades-de-minas-gerais-para-viver-com-sossego-e-qualidade-de-vida\/\" \/>\n<meta property=\"og:site_name\" content=\"Correio Braziliense - Radar\" \/>\n<meta property=\"article:published_time\" content=\"2025-12-28T18:25:00+00:00\" \/>\n<meta property=\"og:image\" content=\"https:\/\/www.correiobraziliense.com.br\/cbradar\/wp-content\/uploads\/2025\/11\/G-48.png\" \/>\n\t<meta property=\"og:image:width\" content=\"1280\" \/>\n\t<meta property=\"og:image:height\" content=\"720\" \/>\n\t<meta property=\"og:image:type\" content=\"image\/png\" \/>\n<meta name=\"author\" content=\"Maura Pereira\" \/>\n<meta name=\"twitter:card\" content=\"summary_large_image\" \/>\n<meta name=\"twitter:label1\" content=\"Escrito por\" \/>\n\t<meta name=\"twitter:data1\" content=\"Maura Pereira\" \/>\n\t<meta name=\"twitter:label2\" content=\"Est. tempo de leitura\" \/>\n\t<meta name=\"twitter:data2\" content=\"6 minutos\" \/>\n<!-- \/ Yoast SEO plugin. -->","yoast_head_json":{"title":"As 3 melhores cidades de Minas Gerais para viver com sossego e qualidade de vida - Correio Braziliense - Radar","description":"Essas cidades de Minas Gerais combinam tranquilidade, estrutura e bem-estar, chamando aten\u00e7\u00e3o de quem quer viver melhor.","robots":{"index":"index","follow":"follow","max-snippet":"max-snippet:-1","max-image-preview":"max-image-preview:large","max-video-preview":"max-video-preview:-1"},"canonical":"https:\/\/www.correiobraziliense.com.br\/cbradar\/as-3-melhores-cidades-de-minas-gerais-para-viver-com-sossego-e-qualidade-de-vida\/","og_locale":"pt_BR","og_type":"article","og_title":"As 3 melhores cidades de Minas Gerais para viver com sossego e qualidade de vida - Correio Braziliense - Radar","og_description":"Essas cidades de Minas Gerais combinam tranquilidade, estrutura e bem-estar, chamando aten\u00e7\u00e3o de quem quer viver melhor.","og_url":"https:\/\/www.correiobraziliense.com.br\/cbradar\/as-3-melhores-cidades-de-minas-gerais-para-viver-com-sossego-e-qualidade-de-vida\/","og_site_name":"Correio Braziliense - Radar","article_published_time":"2025-12-28T18:25:00+00:00","og_image":[{"width":1280,"height":720,"url":"https:\/\/www.correiobraziliense.com.br\/cbradar\/wp-content\/uploads\/2025\/11\/G-48.png","type":"image\/png"}],"author":"Maura Pereira","twitter_card":"summary_large_image","twitter_misc":{"Escrito por":"Maura Pereira","Est. tempo de leitura":"6 minutos"},"schema":{"@context":"https:\/\/schema.org","@graph":[{"@type":"WebPage","@id":"https:\/\/www.correiobraziliense.com.br\/cbradar\/as-3-melhores-cidades-de-minas-gerais-para-viver-com-sossego-e-qualidade-de-vida\/","url":"https:\/\/www.correiobraziliense.com.br\/cbradar\/as-3-melhores-cidades-de-minas-gerais-para-viver-com-sossego-e-qualidade-de-vida\/","name":"As 3 melhores cidades de Minas Gerais para viver com sossego e qualidade de vida - Correio Braziliense - Radar","isPartOf":{"@id":"https:\/\/www.correiobraziliense.com.br\/cbradar\/#website"},"primaryImageOfPage":{"@id":"https:\/\/www.correiobraziliense.com.br\/cbradar\/as-3-melhores-cidades-de-minas-gerais-para-viver-com-sossego-e-qualidade-de-vida\/#primaryimage"},"image":{"@id":"https:\/\/www.correiobraziliense.com.br\/cbradar\/as-3-melhores-cidades-de-minas-gerais-para-viver-com-sossego-e-qualidade-de-vida\/#primaryimage"},"thumbnailUrl":"https:\/\/www.correiobraziliense.com.br\/cbradar\/wp-content\/uploads\/2025\/11\/G-48.png","datePublished":"2025-12-28T18:25:00+00:00","author":{"@id":"https:\/\/www.correiobraziliense.com.br\/cbradar\/#\/schema\/person\/4053c651a9bfc785afc6f4cbc9032fd3"},"description":"Essas cidades de Minas Gerais combinam tranquilidade, estrutura e bem-estar, chamando aten\u00e7\u00e3o de quem quer viver melhor.","breadcrumb":{"@id":"https:\/\/www.correiobraziliense.com.br\/cbradar\/as-3-melhores-cidades-de-minas-gerais-para-viver-com-sossego-e-qualidade-de-vida\/#breadcrumb"},"inLanguage":"pt-BR","potentialAction":[{"@type":"ReadAction","target":["https:\/\/www.correiobraziliense.com.br\/cbradar\/as-3-melhores-cidades-de-minas-gerais-para-viver-com-sossego-e-qualidade-de-vida\/"]}]},{"@type":"ImageObject","inLanguage":"pt-BR","@id":"https:\/\/www.correiobraziliense.com.br\/cbradar\/as-3-melhores-cidades-de-minas-gerais-para-viver-com-sossego-e-qualidade-de-vida\/#primaryimage","url":"https:\/\/www.correiobraziliense.com.br\/cbradar\/wp-content\/uploads\/2025\/11\/G-48.png","contentUrl":"https:\/\/www.correiobraziliense.com.br\/cbradar\/wp-content\/uploads\/2025\/11\/G-48.png","width":1280,"height":720,"caption":"Minas Gerais ostenta cidades hist\u00f3ricas como Ouro Preto, Inhotim e Serra do Cip\u00f3, com minas de ouro, queijos e culin\u00e1ria t\u00edpica no interior montanhoso."},{"@type":"BreadcrumbList","@id":"https:\/\/www.correiobraziliense.com.br\/cbradar\/as-3-melhores-cidades-de-minas-gerais-para-viver-com-sossego-e-qualidade-de-vida\/#breadcrumb","itemListElement":[{"@type":"ListItem","position":1,"name":"In\u00edcio","item":"https:\/\/www.correiobraziliense.com.br\/cbradar\/"},{"@type":"ListItem","position":2,"name":"As 3 melhores cidades de Minas Gerais para viver com sossego e qualidade de vida"}]},{"@type":"WebSite","@id":"https:\/\/www.correiobraziliense.com.br\/cbradar\/#website","url":"https:\/\/www.correiobraziliense.com.br\/cbradar\/","name":"Correio Braziliense - Radar","description":"Acompanhe as \u00faltimas not\u00edcias e fique bem informado sobre tudo o que acontece no Brasil e no mundo.","potentialAction":[{"@type":"SearchAction","target":{"@type":"EntryPoint","urlTemplate":"https:\/\/www.correiobraziliense.com.br\/cbradar\/?s={search_term_string}"},"query-input":{"@type":"PropertyValueSpecification","valueRequired":true,"valueName":"search_term_string"}}],"inLanguage":"pt-BR"},{"@type":"Person","@id":"https:\/\/www.correiobraziliense.com.br\/cbradar\/#\/schema\/person\/4053c651a9bfc785afc6f4cbc9032fd3","name":"Maura Pereira","image":{"@type":"ImageObject","inLanguage":"pt-BR","@id":"https:\/\/www.correiobraziliense.com.br\/cbradar\/#\/schema\/person\/image\/","url":"https:\/\/secure.gravatar.com\/avatar\/3effd6bdadfa447f15089c7f7144eaa6?s=96&d=mm&r=g","contentUrl":"https:\/\/secure.gravatar.com\/avatar\/3effd6bdadfa447f15089c7f7144eaa6?s=96&d=mm&r=g","caption":"Maura Pereira"},"sameAs":["https:\/\/www.correiobraziliense.com.br\/"],"url":"https:\/\/www.correiobraziliense.com.br\/cbradar\/author\/mauramyth\/"}]}},"_links":{"self":[{"href":"https:\/\/www.correiobraziliense.com.br\/cbradar\/wp-json\/wp\/v2\/posts\/164023","targetHints":{"allow":["GET"]}}],"collection":[{"href":"https:\/\/www.correiobraziliense.com.br\/cbradar\/wp-json\/wp\/v2\/posts"}],"about":[{"href":"https:\/\/www.correiobraziliense.com.br\/cbradar\/wp-json\/wp\/v2\/types\/post"}],"author":[{"embeddable":true,"href":"https:\/\/www.correiobraziliense.com.br\/cbradar\/wp-json\/wp\/v2\/users\/8"}],"replies":[{"embeddable":true,"href":"https:\/\/www.correiobraziliense.com.br\/cbradar\/wp-json\/wp\/v2\/comments?post=164023"}],"version-history":[{"count":11,"href":"https:\/\/www.correiobraziliense.com.br\/cbradar\/wp-json\/wp\/v2\/posts\/164023\/revisions"}],"predecessor-version":[{"id":164052,"href":"https:\/\/www.correiobraziliense.com.br\/cbradar\/wp-json\/wp\/v2\/posts\/164023\/revisions\/164052"}],"wp:featuredmedia":[{"embeddable":true,"href":"https:\/\/www.correiobraziliense.com.br\/cbradar\/wp-json\/wp\/v2\/media\/147019"}],"wp:attachment":[{"href":"https:\/\/www.correiobraziliense.com.br\/cbradar\/wp-json\/wp\/v2\/media?parent=164023"}],"wp:term":[{"taxonomy":"category","embeddable":true,"href":"https:\/\/www.correiobraziliense.com.br\/cbradar\/wp-json\/wp\/v2\/categories?post=164023"},{"taxonomy":"post_tag","embeddable":true,"href":"https:\/\/www.correiobraziliense.com.br\/cbradar\/wp-json\/wp\/v2\/tags?post=164023"}],"curies":[{"name":"wp","href":"https:\/\/api.w.org\/{rel}","templated":true}]}}