{"id":164092,"date":"2025-12-29T06:25:00","date_gmt":"2025-12-29T09:25:00","guid":{"rendered":"https:\/\/www.correiobraziliense.com.br\/cbradar\/?p=164092"},"modified":"2025-12-28T09:49:57","modified_gmt":"2025-12-28T12:49:57","slug":"o-lugar-em-minas-gerais-que-conquista-quem-busca-aventura-entre-canions-gigantes-com-aguas-encantadoras","status":"publish","type":"post","link":"https:\/\/www.correiobraziliense.com.br\/cbradar\/o-lugar-em-minas-gerais-que-conquista-quem-busca-aventura-entre-canions-gigantes-com-aguas-encantadoras\/","title":{"rendered":"O lugar em Minas Gerais que conquista quem busca aventura entre c\u00e2nions gigantes com \u00e1guas encantadoras"},"content":{"rendered":"\n<p>Localizada estrategicamente entre a <strong>Serra da Canastra<\/strong> e o imenso Lago de Furnas, a cidade de <strong>Capit\u00f3lio<\/strong> se transformou no principal destino de ver\u00e3o em <strong>Minas Gerais<\/strong>. O munic\u00edpio combina a grandiosidade de suas forma\u00e7\u00f5es rochosas com uma estrutura de lazer sofisticada, atraindo desde aventureiros at\u00e9 fam\u00edlias que buscam conforto \u00e0 beira da \u00e1gua.<\/p>\n\n\n\n<h2 class=\"wp-block-heading\">O desenvolvimento tur\u00edstico impulsiona a qualidade de vida local<\/h2>\n\n\n\n<p>A explos\u00e3o do ecoturismo na \u00faltima d\u00e9cada trouxe investimentos robustos para a regi\u00e3o, melhorando significativamente a infraestrutura urbana e a oferta de servi\u00e7os. Esse progresso econ\u00f4mico reflete diretamente nos indicadores sociais, garantindo ao munic\u00edpio um<a href=\"https:\/\/cidades.ibge.gov.br\/brasil\/mg\/capitolio\/panorama\" target=\"_blank\" rel=\"noreferrer noopener\"> <strong>Instituto Brasileiro de Geografia e Estat\u00edstica (IBGE) <\/strong><\/a><strong>IDH 0,745<\/strong>.<\/p>\n\n\n\n<p>Para os moradores de <strong>Capit\u00f3lio<\/strong>, esse \u00edndice traduz-se em melhorias na sa\u00fade, educa\u00e7\u00e3o e na pavimenta\u00e7\u00e3o de vias que ligam o centro aos atrativos rurais. O <strong>mercado imobili\u00e1rio<\/strong> tamb\u00e9m se beneficiou, com a valoriza\u00e7\u00e3o de condom\u00ednios de rancho e casas de veraneio que oferecem seguran\u00e7a e contato direto com a natureza.<\/p>\n\n\n<div class=\"wp-block-image\">\n<figure class=\"aligncenter size-large\"><img decoding=\"async\" width=\"1024\" height=\"576\" src=\"https:\/\/www.correiobraziliense.com.br\/cbradar\/wp-content\/uploads\/2025\/09\/Capitolio-minas-gerais_1757343339192-1024x576.jpg\" alt=\"O lugar perfeito em Minas Gerais para quem busca aventura em c\u00e2nions gigantes e ecoturismo sofisticado\" class=\"wp-image-100677\" srcset=\"https:\/\/www.correiobraziliense.com.br\/cbradar\/wp-content\/uploads\/2025\/09\/Capitolio-minas-gerais_1757343339192-1024x576.jpg 1024w, https:\/\/www.correiobraziliense.com.br\/cbradar\/wp-content\/uploads\/2025\/09\/Capitolio-minas-gerais_1757343339192-300x169.jpg 300w, https:\/\/www.correiobraziliense.com.br\/cbradar\/wp-content\/uploads\/2025\/09\/Capitolio-minas-gerais_1757343339192-768x432.jpg 768w, https:\/\/www.correiobraziliense.com.br\/cbradar\/wp-content\/uploads\/2025\/09\/Capitolio-minas-gerais_1757343339192-750x422.jpg 750w, https:\/\/www.correiobraziliense.com.br\/cbradar\/wp-content\/uploads\/2025\/09\/Capitolio-minas-gerais_1757343339192-1140x641.jpg 1140w, https:\/\/www.correiobraziliense.com.br\/cbradar\/wp-content\/uploads\/2025\/09\/Capitolio-minas-gerais_1757343339192.jpg 1280w\" sizes=\"(max-width: 1024px) 100vw, 1024px\" \/><figcaption class=\"wp-element-caption\">Capit\u00f3lio, em Minas Gerais, \u00e9 um pequeno munic\u00edpio do sudoeste mineiro com cerca de 10 mil habitantes, famoso pelos c\u00e2nions e pelo Lago de Furnas. \/\/ Cr\u00e9ditos: depositphotos.com \/ Cristian_Lourenco<\/figcaption><\/figure><\/div>\n\n\n<h2 class=\"wp-block-heading\">Por que o Lago de Furnas \u00e9 o protagonista da viagem?<\/h2>\n\n\n\n<p>Conhecido popularmente como o &#8220;Mar de Minas&#8221;, o <strong>Lago de Furnas<\/strong> \u00e9 um dos principais lagos artificiais do mundo e o cora\u00e7\u00e3o pulsante da atividade tur\u00edstica local. Passeios de lancha e catamar\u00e3 levam os visitantes para o interior dos famosos c\u00e2nions, onde pared\u00f5es de pedra de mais de 20 metros de altura emolduram \u00e1guas de um verde-esmeralda impressionante.<\/p>\n\n\n\n<p>Al\u00e9m da beleza c\u00eanica, a <strong>seguran\u00e7a na navega\u00e7\u00e3o<\/strong> foi refor\u00e7ada com novas regras de monitoramento geol\u00f3gico e limites de aproxima\u00e7\u00e3o dos pared\u00f5es. Essas medidas garantem que a contempla\u00e7\u00e3o das cachoeiras que des\u00e1guam diretamente no lago, como a Lagoa Azul, seja feita com tranquilidade e responsabilidade.<\/p>\n\n\n\n<p><strong>Descubra as belezas de Capit\u00f3lio, Minas Gerais, com este roteiro completo de 3 dias que destaca as melhores atra\u00e7\u00f5es da regi\u00e3o conhecida como &#8220;Mar de Minas&#8221;. <\/strong>O v\u00eddeo \u00e9 do canal <strong>Casal Alencar,<\/strong> que conta com mais de <strong>100 mil inscritos<\/strong>, e apresenta dicas detalhadas de hospedagem, o imperd\u00edvel passeio de lancha pelos c\u00e2nions, trilhas para cachoeiras como a da Capivara e o Parque Pau\u00e1, al\u00e9m de sugest\u00f5es gastron\u00f4micas com pre\u00e7os:<\/p>\n\n\n\n<figure class=\"wp-block-embed aligncenter is-type-video is-provider-youtube wp-block-embed-youtube wp-embed-aspect-16-9 wp-has-aspect-ratio\"><div class=\"wp-block-embed__wrapper\">\n<div class=\"jeg_video_container jeg_video_content\"><iframe loading=\"lazy\" title=\"CAPIT\u00d3LIO MG - ROTEIRO COMPLETO DE 3 DIAS (Com Pre\u00e7os, Passeios, Hospedagem, Comida e Dicas)\" width=\"500\" height=\"281\" src=\"https:\/\/www.youtube.com\/embed\/OQTU8KrqX78?feature=oembed\" frameborder=\"0\" allow=\"accelerometer; autoplay; clipboard-write; encrypted-media; gyroscope; picture-in-picture; web-share\" referrerpolicy=\"strict-origin-when-cross-origin\" allowfullscreen><\/iframe><\/div>\n<\/div><\/figure>\n\n\n\n<h2 class=\"wp-block-heading\">O clima influencia o n\u00edvel das \u00e1guas e o roteiro ideal<\/h2>\n\n\n\n<p><strong>A regi\u00e3o possui um regime de chuvas bem definido que afeta n\u00e3o somente a temperatura, mas tamb\u00e9m o volume das cachoeiras e a cor da \u00e1gua.<\/strong> Consultar a previs\u00e3o do <a href=\"https:\/\/www.climatempo.com.br\/previsao-do-tempo\/cidade\/2135\/capitolio-mg\" target=\"_blank\" rel=\"noreferrer noopener\"><strong>Climatempo<\/strong> <\/a>\u00e9 essencial para evitar as trombas d&#8217;\u00e1gua no ver\u00e3o e aproveitar o melhor de cada esta\u00e7\u00e3o:<\/p>\n\n\n\n<figure class=\"wp-block-table\"><table class=\"has-fixed-layout\"><thead><tr><th>Per\u00edodo (meses)<\/th><th>Temperatura m\u00e9dia<\/th><th>Clima<\/th><th>Atividades recomendadas<\/th><\/tr><\/thead><tbody><tr><td>Dezembro a Mar\u00e7o<\/td><td>22\u00b0C a 30\u00b0C<\/td><td>Quente e Chuvoso<\/td><td>Banho de cachoeira com cautela e lanchas<\/td><\/tr><tr><td>Abril a Junho<\/td><td>18\u00b0C a 26\u00b0C<\/td><td>Ameno e Seco<\/td><td>Trilhas, mirantes e p\u00f4r do sol<\/td><\/tr><tr><td>Julho a Setembro<\/td><td>13\u00b0C a 24\u00b0C<\/td><td>Frio e Ensolarado<\/td><td>Gastronomia, vinhos e passeios de 4&#215;4<\/td><\/tr><\/tbody><\/table><\/figure>\n\n\n\n<h2 class=\"wp-block-heading\">A gastronomia mineira e o queijo da Canastra enriquecem a experi\u00eancia<\/h2>\n\n\n\n<p>A proximidade com a regi\u00e3o da <strong>Serra da Canastra<\/strong> faz com que a culin\u00e1ria local seja um atrativo \u00e0 parte, destacando-se pela autenticidade dos ingredientes. Pratos \u00e0 base de til\u00e1pia, peixe abundante na represa, s\u00e3o servidos frescos em restaurantes flutuantes e estabelecimentos tradicionais na rodovia.<\/p>\n\n\n\n<p>O famoso <strong>Queijo Canastra<\/strong>, patrim\u00f4nio imaterial, \u00e9 presen\u00e7a obrigat\u00f3ria nas mesas, muitas vezes acompanhado de doces caseiros e caf\u00e9 coado na hora. Visitar os produtores rurais nos arredores permite conhecer o processo de matura\u00e7\u00e3o e levar para casa um peda\u00e7o da hist\u00f3ria gastron\u00f4mica mineira.<\/p>\n\n\n<div class=\"wp-block-image\">\n<figure class=\"aligncenter size-large\"><img decoding=\"async\" width=\"1024\" height=\"576\" src=\"https:\/\/www.correiobraziliense.com.br\/cbradar\/wp-content\/uploads\/2025\/02\/lavras-Brasil_1740434083288-1024x576.jpg\" alt=\"O lugar perfeito em Minas Gerais para quem busca aventura em c\u00e2nions gigantes e ecoturismo sofisticado\" class=\"wp-image-5956\" srcset=\"https:\/\/www.correiobraziliense.com.br\/cbradar\/wp-content\/uploads\/2025\/02\/lavras-Brasil_1740434083288-1024x576.jpg 1024w, https:\/\/www.correiobraziliense.com.br\/cbradar\/wp-content\/uploads\/2025\/02\/lavras-Brasil_1740434083288-300x169.jpg 300w, https:\/\/www.correiobraziliense.com.br\/cbradar\/wp-content\/uploads\/2025\/02\/lavras-Brasil_1740434083288-768x432.jpg 768w, https:\/\/www.correiobraziliense.com.br\/cbradar\/wp-content\/uploads\/2025\/02\/lavras-Brasil_1740434083288-750x422.jpg 750w, https:\/\/www.correiobraziliense.com.br\/cbradar\/wp-content\/uploads\/2025\/02\/lavras-Brasil_1740434083288-1140x641.jpg 1140w, https:\/\/www.correiobraziliense.com.br\/cbradar\/wp-content\/uploads\/2025\/02\/lavras-Brasil_1740434083288.jpg 1280w\" sizes=\"(max-width: 1024px) 100vw, 1024px\" \/><figcaption class=\"wp-element-caption\">Capit\u00f3lio \u00e9 ponto estrat\u00e9gico para explorar o \u201cMar de Minas\u201d, com roteiros combinados por Escarpas do Lago, S\u00e3o Jo\u00e3o Batista do Gl\u00f3ria e Serra da Canastra. \/\/ Cr\u00e9ditos: depositphotos.com \/ vbacarin<\/figcaption><\/figure><\/div>\n\n\n<p><strong>Leia tamb\u00e9m: <a href=\"https:\/\/www.correiobraziliense.com.br\/cbradar\/a-cidade-das-flores-pouco-visitada-na-serra-gaucha-que-encanta-com-influencia-japonesa-e-alema\/\" target=\"_blank\" rel=\"noreferrer noopener\">A cidade das flores pouco visitada na Serra Ga\u00facha que encanta com influ\u00eancia japonesa e alem\u00e3.<\/a><\/strong><\/p>\n\n\n\n<h2 class=\"wp-block-heading\">Capit\u00f3lio se firma como destino seguro e exuberante no sudeste<\/h2>\n\n\n\n<p><strong>Escolher visitar este munic\u00edpio \u00e9 aceitar o convite para navegar por \u00e1guas que contam a hist\u00f3ria da energia e da geologia do Brasil.<\/strong> A cidade soube se reinventar e profissionalizar seu turismo, oferecendo uma viv\u00eancia que une a adrenalina dos c\u00e2nions \u00e0 paz das montanhas mineiras, criando mem\u00f3rias duradouras de conex\u00e3o com a terra e a \u00e1gua.<\/p>\n\n\n\n<ul class=\"wp-block-list\">\n<li><strong>Infraestrutura validada:<\/strong> O IDH de 0,745 espelha uma cidade que cresceu com o turismo, oferecendo bons servi\u00e7os.<\/li>\n\n\n\n<li><strong>Natureza grandiosa:<\/strong> O Lago de Furnas e seus c\u00e2nions proporcionam paisagens que n\u00e3o se encontram em nenhum outro lugar.<\/li>\n\n\n\n<li><strong>Cultura saborosa:<\/strong> A gastronomia t\u00edpica e os queijos premiados completam o roteiro com sabores inesquec\u00edveis.<\/li>\n<\/ul>\n","protected":false},"excerpt":{"rendered":"<p>Localizada estrategicamente entre a Serra da Canastra e o imenso Lago de Furnas, a cidade de Capit\u00f3lio se transformou no principal destino de ver\u00e3o em Minas Gerais. O munic\u00edpio combina a grandiosidade de suas forma\u00e7\u00f5es rochosas com uma estrutura de lazer sofisticada, atraindo desde aventureiros at\u00e9 fam\u00edlias que buscam conforto \u00e0 beira da \u00e1gua. O [&hellip;]<\/p>\n","protected":false},"author":8,"featured_media":100676,"comment_status":"open","ping_status":"open","sticky":false,"template":"","format":"standard","meta":{"_yoast_wpseo_focuskw":"minas gerais","_yoast_wpseo_title":"","_yoast_wpseo_metadesc":"Em Minas Gerais, o destino se destaca por c\u00e2nions gigantes e ecoturismo sofisticado, atraindo aventureiros em busca de experi\u00eancias \u00fanicas.","jnews-multi-image_gallery":[],"jnews_single_post":{"format":"standard"},"jnews_primary_category":[],"jnews_social_meta":[],"jnews_override_counter":[],"footnotes":""},"categories":[108,111],"tags":[1096,388],"class_list":["post-164092","post","type-post","status-publish","format-standard","has-post-thumbnail","hentry","category-cidades","category-turismo","tag-capitolio","tag-minas-gerais"],"yoast_head":"<!-- This site is optimized with the Yoast SEO plugin v24.6 - https:\/\/yoast.com\/wordpress\/plugins\/seo\/ -->\n<title>O lugar em Minas Gerais que conquista quem busca aventura entre c\u00e2nions gigantes com \u00e1guas encantadoras - Correio Braziliense - Radar<\/title>\n<meta name=\"description\" content=\"Em Minas Gerais, o destino se destaca por c\u00e2nions gigantes e ecoturismo sofisticado, atraindo aventureiros em busca de experi\u00eancias \u00fanicas.\" \/>\n<meta name=\"robots\" content=\"index, follow, max-snippet:-1, max-image-preview:large, max-video-preview:-1\" \/>\n<link rel=\"canonical\" href=\"https:\/\/www.correiobraziliense.com.br\/cbradar\/o-lugar-em-minas-gerais-que-conquista-quem-busca-aventura-entre-canions-gigantes-com-aguas-encantadoras\/\" \/>\n<meta property=\"og:locale\" content=\"pt_BR\" \/>\n<meta property=\"og:type\" content=\"article\" \/>\n<meta property=\"og:title\" content=\"O lugar em Minas Gerais que conquista quem busca aventura entre c\u00e2nions gigantes com \u00e1guas encantadoras - Correio Braziliense - Radar\" \/>\n<meta property=\"og:description\" content=\"Em Minas Gerais, o destino se destaca por c\u00e2nions gigantes e ecoturismo sofisticado, atraindo aventureiros em busca de experi\u00eancias \u00fanicas.\" \/>\n<meta property=\"og:url\" content=\"https:\/\/www.correiobraziliense.com.br\/cbradar\/o-lugar-em-minas-gerais-que-conquista-quem-busca-aventura-entre-canions-gigantes-com-aguas-encantadoras\/\" \/>\n<meta property=\"og:site_name\" content=\"Correio Braziliense - Radar\" \/>\n<meta property=\"article:published_time\" content=\"2025-12-29T09:25:00+00:00\" \/>\n<meta property=\"og:image\" content=\"https:\/\/www.correiobraziliense.com.br\/cbradar\/wp-content\/uploads\/2025\/09\/Capitolio-minas-gerais_1757343349673.jpg\" \/>\n\t<meta property=\"og:image:width\" content=\"1279\" \/>\n\t<meta property=\"og:image:height\" content=\"720\" \/>\n\t<meta property=\"og:image:type\" content=\"image\/jpeg\" \/>\n<meta name=\"author\" content=\"Maura Pereira\" \/>\n<meta name=\"twitter:card\" content=\"summary_large_image\" \/>\n<meta name=\"twitter:label1\" content=\"Escrito por\" \/>\n\t<meta name=\"twitter:data1\" content=\"Maura Pereira\" \/>\n\t<meta name=\"twitter:label2\" content=\"Est. tempo de leitura\" \/>\n\t<meta name=\"twitter:data2\" content=\"5 minutos\" \/>\n<!-- \/ Yoast SEO plugin. -->","yoast_head_json":{"title":"O lugar em Minas Gerais que conquista quem busca aventura entre c\u00e2nions gigantes com \u00e1guas encantadoras - Correio Braziliense - Radar","description":"Em Minas Gerais, o destino se destaca por c\u00e2nions gigantes e ecoturismo sofisticado, atraindo aventureiros em busca de experi\u00eancias \u00fanicas.","robots":{"index":"index","follow":"follow","max-snippet":"max-snippet:-1","max-image-preview":"max-image-preview:large","max-video-preview":"max-video-preview:-1"},"canonical":"https:\/\/www.correiobraziliense.com.br\/cbradar\/o-lugar-em-minas-gerais-que-conquista-quem-busca-aventura-entre-canions-gigantes-com-aguas-encantadoras\/","og_locale":"pt_BR","og_type":"article","og_title":"O lugar em Minas Gerais que conquista quem busca aventura entre c\u00e2nions gigantes com \u00e1guas encantadoras - Correio Braziliense - Radar","og_description":"Em Minas Gerais, o destino se destaca por c\u00e2nions gigantes e ecoturismo sofisticado, atraindo aventureiros em busca de experi\u00eancias \u00fanicas.","og_url":"https:\/\/www.correiobraziliense.com.br\/cbradar\/o-lugar-em-minas-gerais-que-conquista-quem-busca-aventura-entre-canions-gigantes-com-aguas-encantadoras\/","og_site_name":"Correio Braziliense - Radar","article_published_time":"2025-12-29T09:25:00+00:00","og_image":[{"width":1279,"height":720,"url":"https:\/\/www.correiobraziliense.com.br\/cbradar\/wp-content\/uploads\/2025\/09\/Capitolio-minas-gerais_1757343349673.jpg","type":"image\/jpeg"}],"author":"Maura Pereira","twitter_card":"summary_large_image","twitter_misc":{"Escrito por":"Maura Pereira","Est. tempo de leitura":"5 minutos"},"schema":{"@context":"https:\/\/schema.org","@graph":[{"@type":"WebPage","@id":"https:\/\/www.correiobraziliense.com.br\/cbradar\/o-lugar-em-minas-gerais-que-conquista-quem-busca-aventura-entre-canions-gigantes-com-aguas-encantadoras\/","url":"https:\/\/www.correiobraziliense.com.br\/cbradar\/o-lugar-em-minas-gerais-que-conquista-quem-busca-aventura-entre-canions-gigantes-com-aguas-encantadoras\/","name":"O lugar em Minas Gerais que conquista quem busca aventura entre c\u00e2nions gigantes com \u00e1guas encantadoras - Correio Braziliense - Radar","isPartOf":{"@id":"https:\/\/www.correiobraziliense.com.br\/cbradar\/#website"},"primaryImageOfPage":{"@id":"https:\/\/www.correiobraziliense.com.br\/cbradar\/o-lugar-em-minas-gerais-que-conquista-quem-busca-aventura-entre-canions-gigantes-com-aguas-encantadoras\/#primaryimage"},"image":{"@id":"https:\/\/www.correiobraziliense.com.br\/cbradar\/o-lugar-em-minas-gerais-que-conquista-quem-busca-aventura-entre-canions-gigantes-com-aguas-encantadoras\/#primaryimage"},"thumbnailUrl":"https:\/\/www.correiobraziliense.com.br\/cbradar\/wp-content\/uploads\/2025\/09\/Capitolio-minas-gerais_1757343349673.jpg","datePublished":"2025-12-29T09:25:00+00:00","author":{"@id":"https:\/\/www.correiobraziliense.com.br\/cbradar\/#\/schema\/person\/4053c651a9bfc785afc6f4cbc9032fd3"},"description":"Em Minas Gerais, o destino se destaca por c\u00e2nions gigantes e ecoturismo sofisticado, atraindo aventureiros em busca de experi\u00eancias \u00fanicas.","breadcrumb":{"@id":"https:\/\/www.correiobraziliense.com.br\/cbradar\/o-lugar-em-minas-gerais-que-conquista-quem-busca-aventura-entre-canions-gigantes-com-aguas-encantadoras\/#breadcrumb"},"inLanguage":"pt-BR","potentialAction":[{"@type":"ReadAction","target":["https:\/\/www.correiobraziliense.com.br\/cbradar\/o-lugar-em-minas-gerais-que-conquista-quem-busca-aventura-entre-canions-gigantes-com-aguas-encantadoras\/"]}]},{"@type":"ImageObject","inLanguage":"pt-BR","@id":"https:\/\/www.correiobraziliense.com.br\/cbradar\/o-lugar-em-minas-gerais-que-conquista-quem-busca-aventura-entre-canions-gigantes-com-aguas-encantadoras\/#primaryimage","url":"https:\/\/www.correiobraziliense.com.br\/cbradar\/wp-content\/uploads\/2025\/09\/Capitolio-minas-gerais_1757343349673.jpg","contentUrl":"https:\/\/www.correiobraziliense.com.br\/cbradar\/wp-content\/uploads\/2025\/09\/Capitolio-minas-gerais_1757343349673.jpg","width":1279,"height":720,"caption":"Mergulhe nas \u00e1guas cristalinas de Capit\u00f3lio! C\u00e2nions e cachoeiras do Lago de Furnas inspiram aventuras e conex\u00e3o com a natureza. \/\/ Cr\u00e9ditos: depositphotos.com \/ Cristian_Lourenco"},{"@type":"BreadcrumbList","@id":"https:\/\/www.correiobraziliense.com.br\/cbradar\/o-lugar-em-minas-gerais-que-conquista-quem-busca-aventura-entre-canions-gigantes-com-aguas-encantadoras\/#breadcrumb","itemListElement":[{"@type":"ListItem","position":1,"name":"In\u00edcio","item":"https:\/\/www.correiobraziliense.com.br\/cbradar\/"},{"@type":"ListItem","position":2,"name":"O lugar em Minas Gerais que conquista quem busca aventura entre c\u00e2nions gigantes com \u00e1guas encantadoras"}]},{"@type":"WebSite","@id":"https:\/\/www.correiobraziliense.com.br\/cbradar\/#website","url":"https:\/\/www.correiobraziliense.com.br\/cbradar\/","name":"Correio Braziliense - Radar","description":"Acompanhe as \u00faltimas not\u00edcias e fique bem informado sobre tudo o que acontece no Brasil e no mundo.","potentialAction":[{"@type":"SearchAction","target":{"@type":"EntryPoint","urlTemplate":"https:\/\/www.correiobraziliense.com.br\/cbradar\/?s={search_term_string}"},"query-input":{"@type":"PropertyValueSpecification","valueRequired":true,"valueName":"search_term_string"}}],"inLanguage":"pt-BR"},{"@type":"Person","@id":"https:\/\/www.correiobraziliense.com.br\/cbradar\/#\/schema\/person\/4053c651a9bfc785afc6f4cbc9032fd3","name":"Maura Pereira","image":{"@type":"ImageObject","inLanguage":"pt-BR","@id":"https:\/\/www.correiobraziliense.com.br\/cbradar\/#\/schema\/person\/image\/","url":"https:\/\/secure.gravatar.com\/avatar\/3effd6bdadfa447f15089c7f7144eaa6?s=96&d=mm&r=g","contentUrl":"https:\/\/secure.gravatar.com\/avatar\/3effd6bdadfa447f15089c7f7144eaa6?s=96&d=mm&r=g","caption":"Maura Pereira"},"sameAs":["https:\/\/www.correiobraziliense.com.br\/"],"url":"https:\/\/www.correiobraziliense.com.br\/cbradar\/author\/mauramyth\/"}]}},"_links":{"self":[{"href":"https:\/\/www.correiobraziliense.com.br\/cbradar\/wp-json\/wp\/v2\/posts\/164092","targetHints":{"allow":["GET"]}}],"collection":[{"href":"https:\/\/www.correiobraziliense.com.br\/cbradar\/wp-json\/wp\/v2\/posts"}],"about":[{"href":"https:\/\/www.correiobraziliense.com.br\/cbradar\/wp-json\/wp\/v2\/types\/post"}],"author":[{"embeddable":true,"href":"https:\/\/www.correiobraziliense.com.br\/cbradar\/wp-json\/wp\/v2\/users\/8"}],"replies":[{"embeddable":true,"href":"https:\/\/www.correiobraziliense.com.br\/cbradar\/wp-json\/wp\/v2\/comments?post=164092"}],"version-history":[{"count":11,"href":"https:\/\/www.correiobraziliense.com.br\/cbradar\/wp-json\/wp\/v2\/posts\/164092\/revisions"}],"predecessor-version":[{"id":164220,"href":"https:\/\/www.correiobraziliense.com.br\/cbradar\/wp-json\/wp\/v2\/posts\/164092\/revisions\/164220"}],"wp:featuredmedia":[{"embeddable":true,"href":"https:\/\/www.correiobraziliense.com.br\/cbradar\/wp-json\/wp\/v2\/media\/100676"}],"wp:attachment":[{"href":"https:\/\/www.correiobraziliense.com.br\/cbradar\/wp-json\/wp\/v2\/media?parent=164092"}],"wp:term":[{"taxonomy":"category","embeddable":true,"href":"https:\/\/www.correiobraziliense.com.br\/cbradar\/wp-json\/wp\/v2\/categories?post=164092"},{"taxonomy":"post_tag","embeddable":true,"href":"https:\/\/www.correiobraziliense.com.br\/cbradar\/wp-json\/wp\/v2\/tags?post=164092"}],"curies":[{"name":"wp","href":"https:\/\/api.w.org\/{rel}","templated":true}]}}