{"id":164093,"date":"2025-12-29T14:05:00","date_gmt":"2025-12-29T17:05:00","guid":{"rendered":"https:\/\/www.correiobraziliense.com.br\/cbradar\/?p=164093"},"modified":"2025-12-28T09:58:17","modified_gmt":"2025-12-28T12:58:17","slug":"a-cidade-no-brasil-criada-para-ser-organizada-que-virou-referencia-em-viver-bem-e-com-equilibrio","status":"publish","type":"post","link":"https:\/\/www.correiobraziliense.com.br\/cbradar\/a-cidade-no-brasil-criada-para-ser-organizada-que-virou-referencia-em-viver-bem-e-com-equilibrio\/","title":{"rendered":"A cidade no Brasil criada para ser organizada que virou refer\u00eancia em viver bem e com equil\u00edbrio"},"content":{"rendered":"\n<p>Planejada para ser o s\u00edmbolo de um pa\u00eds moderno, <strong>Bras\u00edlia<\/strong> transcende sua fun\u00e7\u00e3o administrativa e revela-se uma cidade surpreendente, onde o c\u00e9u infinito do Cerrado emoldura monumentos de concreto. A capital federal oferece uma experi\u00eancia urbana \u00fanica, misturando largas avenidas, \u00e1reas verdes generosas e um estilo de vida que privilegia a conviv\u00eancia em espa\u00e7os abertos.<\/p>\n\n\n\n<h2 class=\"wp-block-heading\">Renda elevada e planejamento garantem padr\u00e3o de vida superior<\/h2>\n\n\n\n<p>Como sede dos tr\u00eas poderes, a cidade atrai uma popula\u00e7\u00e3o qualificada e movimenta uma economia de servi\u00e7os sofisticada, resultando na maior renda per capita do pa\u00eds. Essa estabilidade financeira reflete-se diretamente na infraestrutura, garantindo ao Distrito Federal um \u00edndice do<a href=\"https:\/\/cidades.ibge.gov.br\/brasil\/df\/brasilia\/panorama\" target=\"_blank\" rel=\"noreferrer noopener\"> <strong>Instituto Brasileiro de Geografia e Estat\u00edstica (IBGE)<\/strong><\/a><strong> IDH 0,824<\/strong>.<\/p>\n\n\n\n<p>Para o morador, esse n\u00famero expressivo traduz-se em acesso a hospitais de refer\u00eancia nacional e um sistema educacional diversificado. A sensa\u00e7\u00e3o de seguran\u00e7a em bairros nobres e o planejamento das superquadras criam ilhas de tranquilidade, oferecendo um conforto habitacional raro em outras grandes metr\u00f3poles brasileiras.<\/p>\n\n\n<div class=\"wp-block-image\">\n<figure class=\"aligncenter size-large\"><img decoding=\"async\" width=\"1024\" height=\"576\" src=\"https:\/\/www.correiobraziliense.com.br\/cbradar\/wp-content\/uploads\/2025\/06\/Brasilia_1748894829645-1024x576.jpg\" alt=\"A cidade no Brasil criada para ser organizada que virou refer\u00eancia em viver bem e com equil\u00edbrio\" class=\"wp-image-47182\" srcset=\"https:\/\/www.correiobraziliense.com.br\/cbradar\/wp-content\/uploads\/2025\/06\/Brasilia_1748894829645-1024x576.jpg 1024w, https:\/\/www.correiobraziliense.com.br\/cbradar\/wp-content\/uploads\/2025\/06\/Brasilia_1748894829645-300x169.jpg 300w, https:\/\/www.correiobraziliense.com.br\/cbradar\/wp-content\/uploads\/2025\/06\/Brasilia_1748894829645-768x432.jpg 768w, https:\/\/www.correiobraziliense.com.br\/cbradar\/wp-content\/uploads\/2025\/06\/Brasilia_1748894829645-750x422.jpg 750w, https:\/\/www.correiobraziliense.com.br\/cbradar\/wp-content\/uploads\/2025\/06\/Brasilia_1748894829645-1140x641.jpg 1140w, https:\/\/www.correiobraziliense.com.br\/cbradar\/wp-content\/uploads\/2025\/06\/Brasilia_1748894829645.jpg 1280w\" sizes=\"(max-width: 1024px) 100vw, 1024px\" \/><figcaption class=\"wp-element-caption\">Bras\u00edlia une qualidade de vida, cultura e modernidade em um cen\u00e1rio de harmonia e inova\u00e7\u00e3o. \/\/ Cr\u00e9ditos: depositphotos.com \/ Eduardo1304<\/figcaption><\/figure><\/div>\n\n\n<h2 class=\"wp-block-heading\">Por que a Esplanada dos Minist\u00e9rios \u00e9 um museu a c\u00e9u aberto?<\/h2>\n\n\n\n<p>Caminhar pelo Eixo Monumental \u00e9 observar de perto as curvas ousadas de <strong>Oscar Niemeyer<\/strong>, que desafiam a gravidade e transformam concreto armado em poesia visual. A Catedral Metropolitana e o Congresso Nacional n\u00e3o s\u00e3o apenas pr\u00e9dios p\u00fablicos, mas \u00edcones globais que atraem turistas estrangeiros e estudiosos de arte de todo o mundo.<\/p>\n\n\n\n<p>A cidade det\u00e9m o t\u00edtulo de Patrim\u00f4nio Cultural da Humanidade pela <strong>UNESCO<\/strong>, possuindo a maior \u00e1rea tombada do planeta. Visitar esses marcos \u00e9 entender a aud\u00e1cia do projeto de Juscelino Kubitschek, que construiu uma capital do zero em mil dias para integrar o interior do Brasil.<\/p>\n\n\n\n<p><strong>Planeje a sua visita \u00e0 capital federal com este roteiro completo de 48 horas em Bras\u00edlia, ideal para quem aprecia arquitetura e hist\u00f3ria. <\/strong>O v\u00eddeo \u00e9 do canal <strong>Tesouros do Brasil<\/strong> e apresenta os marcos de Oscar Niemeyer e L\u00facio Costa, como a Pra\u00e7a dos Tr\u00eas Poderes, o Congresso Nacional e a Catedral Metropolitana, al\u00e9m de explorar a Quadra Modelo e o p\u00f4r do sol no Pont\u00e3o do Lago Sul:<\/p>\n\n\n\n<figure class=\"wp-block-embed aligncenter is-type-video is-provider-youtube wp-block-embed-youtube wp-embed-aspect-16-9 wp-has-aspect-ratio\"><div class=\"wp-block-embed__wrapper\">\n<div class=\"jeg_video_container jeg_video_content\"><iframe loading=\"lazy\" title=\"O QUE FAZER EM BRAS\u00cdLIA : ROTEIRO DE 2 DIAS\" width=\"500\" height=\"281\" src=\"https:\/\/www.youtube.com\/embed\/ZMLQ_acjKOk?feature=oembed\" frameborder=\"0\" allow=\"accelerometer; autoplay; clipboard-write; encrypted-media; gyroscope; picture-in-picture; web-share\" referrerpolicy=\"strict-origin-when-cross-origin\" allowfullscreen><\/iframe><\/div>\n<\/div><\/figure>\n\n\n\n<h2 class=\"wp-block-heading\">O Lago Parano\u00e1 transforma o clima e o lazer do brasiliense<\/h2>\n\n\n\n<p>Criado artificialmente para amenizar a secura t\u00edpica do Cerrado, o <strong>Lago Parano\u00e1<\/strong> tornou-se a verdadeira &#8220;praia&#8221; da capital, repleto de lanchas, praticantes de stand-up paddle e velejadores. A orla oferece complexos de lazer vibrantes, como o Pont\u00e3o do Lago Sul, onde fam\u00edlias se re\u00fanem para almo\u00e7os com vista para a ponte JK.<\/p>\n\n\n\n<p>A presen\u00e7a da \u00e1gua muda a din\u00e2mica da cidade, proporcionando umidade e uma brisa refrescante nos dias mais quentes. O clima, ali\u00e1s, possui duas esta\u00e7\u00f5es muito marcadas, exigindo aten\u00e7\u00e3o do visitante, conforme os dados hist\u00f3ricos do <strong><a href=\"https:\/\/www.climatempo.com.br\/previsao-do-tempo\/cidade\/61\/brasilia-df\" target=\"_blank\" rel=\"noreferrer noopener\">Climatempo<\/a><\/strong>:<\/p>\n\n\n\n<figure class=\"wp-block-table\"><table class=\"has-fixed-layout\"><thead><tr><th>Per\u00edodo (meses)<\/th><th>Temperatura m\u00e9dia<\/th><th>Clima<\/th><th>Atividades recomendadas<\/th><\/tr><\/thead><tbody><tr><td>Maio a Setembro<\/td><td>13\u00b0C a 25\u00b0C<\/td><td>Seco e Fresco<\/td><td>Arquitetura, ip\u00eas floridos e p\u00f4r do sol<\/td><\/tr><tr><td>Outubro a Abril<\/td><td>20\u00b0C a 28\u00b0C<\/td><td>Quente e Chuvoso<\/td><td>Bares, shoppings e museus fechados<\/td><\/tr><tr><td>Junho a Agosto<\/td><td>10\u00b0C a 24\u00b0C<\/td><td>Muito Seco<\/td><td>Parques ao ar livre (com hidrata\u00e7\u00e3o)<\/td><\/tr><\/tbody><\/table><\/figure>\n\n\n<div class=\"wp-block-image\">\n<figure class=\"aligncenter size-large\"><img decoding=\"async\" width=\"1024\" height=\"576\" src=\"https:\/\/www.correiobraziliense.com.br\/cbradar\/wp-content\/uploads\/2025\/06\/Brasilia_1748894821907-1024x576.jpg\" alt=\"A cidade modelo brasileira que se ergueu em apenas 1.000 dias\" class=\"wp-image-47179\" srcset=\"https:\/\/www.correiobraziliense.com.br\/cbradar\/wp-content\/uploads\/2025\/06\/Brasilia_1748894821907-1024x576.jpg 1024w, https:\/\/www.correiobraziliense.com.br\/cbradar\/wp-content\/uploads\/2025\/06\/Brasilia_1748894821907-300x169.jpg 300w, https:\/\/www.correiobraziliense.com.br\/cbradar\/wp-content\/uploads\/2025\/06\/Brasilia_1748894821907-768x432.jpg 768w, https:\/\/www.correiobraziliense.com.br\/cbradar\/wp-content\/uploads\/2025\/06\/Brasilia_1748894821907-750x422.jpg 750w, https:\/\/www.correiobraziliense.com.br\/cbradar\/wp-content\/uploads\/2025\/06\/Brasilia_1748894821907-1140x641.jpg 1140w, https:\/\/www.correiobraziliense.com.br\/cbradar\/wp-content\/uploads\/2025\/06\/Brasilia_1748894821907.jpg 1280w\" sizes=\"(max-width: 1024px) 100vw, 1024px\" \/><figcaption class=\"wp-element-caption\">Bras\u00edlia combina urbanismo exemplar, \u00e1reas verdes e bem-estar em meio ao cora\u00e7\u00e3o do pa\u00eds.  \/\/ Cr\u00e9ditos: depositphotos.com \/ rmnunes<\/figcaption><\/figure><\/div>\n\n\n<h2 class=\"wp-block-heading\">Como as superquadras reinventaram a vizinhan\u00e7a urbana?<\/h2>\n\n\n\n<p>O conceito urban\u00edstico de <strong>L\u00facio Costa<\/strong> organizou a moradia em blocos cercados por cintur\u00f5es verdes, onde o com\u00e9rcio local, escolas e igrejas s\u00e3o acess\u00edveis a p\u00e9. Essa disposi\u00e7\u00e3o cria uma atmosfera de comunidade pequena dentro da metr\u00f3pole, permitindo que crian\u00e7as brinquem nos pilotis dos pr\u00e9dios com seguran\u00e7a.<\/p>\n\n\n\n<p>As \u00e1rvores frut\u00edferas plantadas nessas \u00e1reas atraem p\u00e1ssaros e micos, integrando a fauna do planalto ao cotidiano dos moradores. \u00c9 um modelo de habita\u00e7\u00e3o que prioriza a escala humana e o sil\u00eancio, contrastando com o tr\u00e2nsito r\u00e1pido das vias expressas que conectam as Asas Sul e Norte.<\/p>\n\n\n\n<h2 class=\"wp-block-heading\">A florada dos Ip\u00eas colore a aridez do inverno<\/h2>\n\n\n\n<p>Durante a \u00e9poca da seca, a cidade ganha um espet\u00e1culo de cores com a flora\u00e7\u00e3o dos <strong>ip\u00eas<\/strong>, que se revezam em tons de roxo, amarelo, branco e rosa. O contraste das flores vibrantes com o c\u00e9u azul profundo e o cinza da arquitetura cria cen\u00e1rios fotogr\u00e1ficos que dominam as redes sociais e renovam o \u00e2nimo da popula\u00e7\u00e3o.<\/p>\n\n\n\n<p>O <strong>Parque da Cidade<\/strong> Sarah Kubitschek, um dos maiores parques urbanos do mundo, torna-se o ref\u00fagio ideal para apreciar essa natureza. Com pistas de cooper intermin\u00e1veis e \u00e1reas de piquenique, o parque \u00e9 o pulm\u00e3o que ajuda a cidade a respirar durante os meses de baixa umidade.<\/p>\n\n\n\n<ul class=\"wp-block-list\">\n<li><strong>Vanguarda cultural:<\/strong> Teatros e centros culturais oferecem uma agenda intensa, misturando rock, pol\u00edtica e arte.<\/li>\n\n\n\n<li><strong>Gastronomia mundial:<\/strong> A presen\u00e7a de embaixadas fomentou uma cena culin\u00e1ria diversa, com restaurantes de alta gastronomia.<\/li>\n\n\n\n<li><strong>Misticismo local:<\/strong> Muitos consideram a cidade um ponto de energia espiritual, atraindo turismo esot\u00e9rico e de medita\u00e7\u00e3o.<\/li>\n<\/ul>\n\n\n<div class=\"wp-block-image\">\n<figure class=\"aligncenter size-large\"><img decoding=\"async\" width=\"1024\" height=\"576\" src=\"https:\/\/www.correiobraziliense.com.br\/cbradar\/wp-content\/uploads\/2025\/08\/Brasilia-_1754897579806-1024x576.jpg\" alt=\"A cidade no Brasil criada para ser organizada que virou refer\u00eancia em viver bem e com equil\u00edbrio\" class=\"wp-image-84580\" srcset=\"https:\/\/www.correiobraziliense.com.br\/cbradar\/wp-content\/uploads\/2025\/08\/Brasilia-_1754897579806-1024x576.jpg 1024w, https:\/\/www.correiobraziliense.com.br\/cbradar\/wp-content\/uploads\/2025\/08\/Brasilia-_1754897579806-300x169.jpg 300w, https:\/\/www.correiobraziliense.com.br\/cbradar\/wp-content\/uploads\/2025\/08\/Brasilia-_1754897579806-768x432.jpg 768w, https:\/\/www.correiobraziliense.com.br\/cbradar\/wp-content\/uploads\/2025\/08\/Brasilia-_1754897579806-750x422.jpg 750w, https:\/\/www.correiobraziliense.com.br\/cbradar\/wp-content\/uploads\/2025\/08\/Brasilia-_1754897579806-1140x641.jpg 1140w, https:\/\/www.correiobraziliense.com.br\/cbradar\/wp-content\/uploads\/2025\/08\/Brasilia-_1754897579806.jpg 1280w\" sizes=\"(max-width: 1024px) 100vw, 1024px\" \/><figcaption class=\"wp-element-caption\">Bras\u00edlia se destaca pela arquitetura moderna e qualidade de vida excepcional no centro do pa\u00eds. \/\/ Cr\u00e9ditos: depositphotos.com \/ alexzappa<\/figcaption><\/figure><\/div>\n\n\n<p><strong>Leia tamb\u00e9m: <a href=\"https:\/\/www.correiobraziliense.com.br\/cbradar\/a-cidade-das-flores-pouco-visitada-na-serra-gaucha-que-encanta-com-influencia-japonesa-e-alema\/\" target=\"_blank\" rel=\"noreferrer noopener\">A cidade das flores pouco visitada na Serra Ga\u00facha que encanta com influ\u00eancia japonesa e alem\u00e3.<\/a><\/strong><\/p>\n\n\n\n<h2 class=\"wp-block-heading\">Bras\u00edlia consolida-se como metr\u00f3pole de bem-estar e hist\u00f3ria viva<\/h2>\n\n\n\n<p>Viver ou visitar o Distrito Federal \u00e9 estar em contato permanente com a hist\u00f3ria da rep\u00fablica e com uma natureza resiliente que se imp\u00f5e sobre o concreto. A sensa\u00e7\u00e3o de horizonte aberto e a organiza\u00e7\u00e3o espacial proporcionam uma clareza mental e uma qualidade de vida dif\u00edceis de encontrar no caos urbano de outras capitais.<\/p>\n\n\n\n<ul class=\"wp-block-list\">\n<li><strong>Excel\u00eancia humana:<\/strong> O IDH de 0,824 valida a qualidade superior da sa\u00fade, educa\u00e7\u00e3o e seguran\u00e7a p\u00fablica.<\/li>\n\n\n\n<li><strong>Urbanismo genial:<\/strong> A arquitetura de Niemeyer e o planejamento de Costa criam uma paisagem \u00fanica no mundo.<\/li>\n\n\n\n<li><strong>O\u00e1sis no planalto:<\/strong> O Lago Parano\u00e1 e os parques garantem lazer e frescor, equilibrando o clima seco.<\/li>\n<\/ul>\n","protected":false},"excerpt":{"rendered":"<p>Planejada para ser o s\u00edmbolo de um pa\u00eds moderno, Bras\u00edlia transcende sua fun\u00e7\u00e3o administrativa e revela-se uma cidade surpreendente, onde o c\u00e9u infinito do Cerrado emoldura monumentos de concreto. A capital federal oferece uma experi\u00eancia urbana \u00fanica, misturando largas avenidas, \u00e1reas verdes generosas e um estilo de vida que privilegia a conviv\u00eancia em espa\u00e7os abertos. [&hellip;]<\/p>\n","protected":false},"author":8,"featured_media":47181,"comment_status":"open","ping_status":"open","sticky":false,"template":"","format":"standard","meta":{"_yoast_wpseo_focuskw":"cidade no Brasil planejada","_yoast_wpseo_title":"","_yoast_wpseo_metadesc":"Planejada para ser funcional desde o in\u00edcio, a cidade brasileira se destaca pela qualidade de vida e pelas oportunidades que oferece.","jnews-multi-image_gallery":[],"jnews_single_post":{"format":"standard"},"jnews_primary_category":[],"jnews_social_meta":[],"jnews_override_counter":[],"footnotes":""},"categories":[108,111],"post_tag":[225,555,13226,247],"class_list":["post-164093","post","type-post","status-publish","format-standard","has-post-thumbnail","hentry","category-cidades","category-turismo","tag-brasil","tag-brasilia","tag-cidade-planejada","tag-qualidade-de-vida"],"yoast_head":"<!-- This site is optimized with the Yoast SEO plugin v24.6 - https:\/\/yoast.com\/wordpress\/plugins\/seo\/ -->\n<title>A cidade no Brasil criada para ser organizada que virou refer\u00eancia em viver bem e com equil\u00edbrio - Correio Braziliense - Radar<\/title>\n<meta name=\"description\" content=\"Planejada para ser funcional desde o in\u00edcio, a cidade brasileira se destaca pela qualidade de vida e pelas oportunidades que oferece.\" \/>\n<meta name=\"robots\" content=\"index, follow, max-snippet:-1, max-image-preview:large, max-video-preview:-1\" \/>\n<link rel=\"canonical\" href=\"https:\/\/www.correiobraziliense.com.br\/cbradar\/a-cidade-no-brasil-criada-para-ser-organizada-que-virou-referencia-em-viver-bem-e-com-equilibrio\/\" \/>\n<meta property=\"og:locale\" content=\"pt_BR\" \/>\n<meta property=\"og:type\" content=\"article\" \/>\n<meta property=\"og:title\" content=\"A cidade no Brasil criada para ser organizada que virou refer\u00eancia em viver bem e com equil\u00edbrio - Correio Braziliense - Radar\" \/>\n<meta property=\"og:description\" content=\"Planejada para ser funcional desde o in\u00edcio, a cidade brasileira se destaca pela qualidade de vida e pelas oportunidades que oferece.\" \/>\n<meta property=\"og:url\" content=\"https:\/\/www.correiobraziliense.com.br\/cbradar\/a-cidade-no-brasil-criada-para-ser-organizada-que-virou-referencia-em-viver-bem-e-com-equilibrio\/\" \/>\n<meta property=\"og:site_name\" content=\"Correio Braziliense - Radar\" \/>\n<meta property=\"article:published_time\" content=\"2025-12-29T17:05:00+00:00\" \/>\n<meta property=\"og:image\" content=\"https:\/\/www.correiobraziliense.com.br\/cbradar\/wp-content\/uploads\/2025\/06\/Brasilia_1748894839036.jpg\" \/>\n\t<meta property=\"og:image:width\" content=\"1280\" \/>\n\t<meta property=\"og:image:height\" content=\"720\" \/>\n\t<meta property=\"og:image:type\" content=\"image\/jpeg\" \/>\n<meta name=\"author\" content=\"Maura Pereira\" \/>\n<meta name=\"twitter:card\" content=\"summary_large_image\" \/>\n<meta name=\"twitter:label1\" content=\"Escrito por\" \/>\n\t<meta name=\"twitter:data1\" content=\"Maura Pereira\" \/>\n\t<meta name=\"twitter:label2\" content=\"Est. tempo de leitura\" \/>\n\t<meta name=\"twitter:data2\" content=\"7 minutos\" \/>\n<!-- \/ Yoast SEO plugin. -->","yoast_head_json":{"title":"A cidade no Brasil criada para ser organizada que virou refer\u00eancia em viver bem e com equil\u00edbrio - Correio Braziliense - Radar","description":"Planejada para ser funcional desde o in\u00edcio, a cidade brasileira se destaca pela qualidade de vida e pelas oportunidades que oferece.","robots":{"index":"index","follow":"follow","max-snippet":"max-snippet:-1","max-image-preview":"max-image-preview:large","max-video-preview":"max-video-preview:-1"},"canonical":"https:\/\/www.correiobraziliense.com.br\/cbradar\/a-cidade-no-brasil-criada-para-ser-organizada-que-virou-referencia-em-viver-bem-e-com-equilibrio\/","og_locale":"pt_BR","og_type":"article","og_title":"A cidade no Brasil criada para ser organizada que virou refer\u00eancia em viver bem e com equil\u00edbrio - Correio Braziliense - Radar","og_description":"Planejada para ser funcional desde o in\u00edcio, a cidade brasileira se destaca pela qualidade de vida e pelas oportunidades que oferece.","og_url":"https:\/\/www.correiobraziliense.com.br\/cbradar\/a-cidade-no-brasil-criada-para-ser-organizada-que-virou-referencia-em-viver-bem-e-com-equilibrio\/","og_site_name":"Correio Braziliense - Radar","article_published_time":"2025-12-29T17:05:00+00:00","og_image":[{"width":1280,"height":720,"url":"https:\/\/www.correiobraziliense.com.br\/cbradar\/wp-content\/uploads\/2025\/06\/Brasilia_1748894839036.jpg","type":"image\/jpeg"}],"author":"Maura Pereira","twitter_card":"summary_large_image","twitter_misc":{"Escrito por":"Maura Pereira","Est. tempo de leitura":"7 minutos"},"schema":{"@context":"https:\/\/schema.org","@graph":[{"@type":"WebPage","@id":"https:\/\/www.correiobraziliense.com.br\/cbradar\/a-cidade-no-brasil-criada-para-ser-organizada-que-virou-referencia-em-viver-bem-e-com-equilibrio\/","url":"https:\/\/www.correiobraziliense.com.br\/cbradar\/a-cidade-no-brasil-criada-para-ser-organizada-que-virou-referencia-em-viver-bem-e-com-equilibrio\/","name":"A cidade no Brasil criada para ser organizada que virou refer\u00eancia em viver bem e com equil\u00edbrio - Correio Braziliense - Radar","isPartOf":{"@id":"https:\/\/www.correiobraziliense.com.br\/cbradar\/#website"},"primaryImageOfPage":{"@id":"https:\/\/www.correiobraziliense.com.br\/cbradar\/a-cidade-no-brasil-criada-para-ser-organizada-que-virou-referencia-em-viver-bem-e-com-equilibrio\/#primaryimage"},"image":{"@id":"https:\/\/www.correiobraziliense.com.br\/cbradar\/a-cidade-no-brasil-criada-para-ser-organizada-que-virou-referencia-em-viver-bem-e-com-equilibrio\/#primaryimage"},"thumbnailUrl":"https:\/\/www.correiobraziliense.com.br\/cbradar\/wp-content\/uploads\/2025\/06\/Brasilia_1748894839036.jpg","datePublished":"2025-12-29T17:05:00+00:00","author":{"@id":"https:\/\/www.correiobraziliense.com.br\/cbradar\/#\/schema\/person\/4053c651a9bfc785afc6f4cbc9032fd3"},"description":"Planejada para ser funcional desde o in\u00edcio, a cidade brasileira se destaca pela qualidade de vida e pelas oportunidades que oferece.","breadcrumb":{"@id":"https:\/\/www.correiobraziliense.com.br\/cbradar\/a-cidade-no-brasil-criada-para-ser-organizada-que-virou-referencia-em-viver-bem-e-com-equilibrio\/#breadcrumb"},"inLanguage":"pt-BR","potentialAction":[{"@type":"ReadAction","target":["https:\/\/www.correiobraziliense.com.br\/cbradar\/a-cidade-no-brasil-criada-para-ser-organizada-que-virou-referencia-em-viver-bem-e-com-equilibrio\/"]}]},{"@type":"ImageObject","inLanguage":"pt-BR","@id":"https:\/\/www.correiobraziliense.com.br\/cbradar\/a-cidade-no-brasil-criada-para-ser-organizada-que-virou-referencia-em-viver-bem-e-com-equilibrio\/#primaryimage","url":"https:\/\/www.correiobraziliense.com.br\/cbradar\/wp-content\/uploads\/2025\/06\/Brasilia_1748894839036.jpg","contentUrl":"https:\/\/www.correiobraziliense.com.br\/cbradar\/wp-content\/uploads\/2025\/06\/Brasilia_1748894839036.jpg","width":1280,"height":720,"caption":"Bras\u00edlia oferece equil\u00edbrio entre trabalho, lazer e natureza, atraindo fam\u00edlias e profissionais de todo o pa\u00eds. \/\/ Cr\u00e9ditos: depositphotos.com \/ rmnunes"},{"@type":"BreadcrumbList","@id":"https:\/\/www.correiobraziliense.com.br\/cbradar\/a-cidade-no-brasil-criada-para-ser-organizada-que-virou-referencia-em-viver-bem-e-com-equilibrio\/#breadcrumb","itemListElement":[{"@type":"ListItem","position":1,"name":"In\u00edcio","item":"https:\/\/www.correiobraziliense.com.br\/cbradar\/"},{"@type":"ListItem","position":2,"name":"A cidade no Brasil criada para ser organizada que virou refer\u00eancia em viver bem e com equil\u00edbrio"}]},{"@type":"WebSite","@id":"https:\/\/www.correiobraziliense.com.br\/cbradar\/#website","url":"https:\/\/www.correiobraziliense.com.br\/cbradar\/","name":"Correio Braziliense - Radar","description":"Acompanhe as \u00faltimas not\u00edcias e fique bem informado sobre tudo o que acontece no Brasil e no mundo.","potentialAction":[{"@type":"SearchAction","target":{"@type":"EntryPoint","urlTemplate":"https:\/\/www.correiobraziliense.com.br\/cbradar\/?s={search_term_string}"},"query-input":{"@type":"PropertyValueSpecification","valueRequired":true,"valueName":"search_term_string"}}],"inLanguage":"pt-BR"},{"@type":"Person","@id":"https:\/\/www.correiobraziliense.com.br\/cbradar\/#\/schema\/person\/4053c651a9bfc785afc6f4cbc9032fd3","name":"Maura Pereira","image":{"@type":"ImageObject","inLanguage":"pt-BR","@id":"https:\/\/www.correiobraziliense.com.br\/cbradar\/#\/schema\/person\/image\/","url":"https:\/\/secure.gravatar.com\/avatar\/3effd6bdadfa447f15089c7f7144eaa6?s=96&d=mm&r=g","contentUrl":"https:\/\/secure.gravatar.com\/avatar\/3effd6bdadfa447f15089c7f7144eaa6?s=96&d=mm&r=g","caption":"Maura Pereira"},"sameAs":["https:\/\/www.correiobraziliense.com.br\/"],"url":"https:\/\/www.correiobraziliense.com.br\/cbradar\/author\/mauramyth\/"}]}},"_links":{"self":[{"href":"https:\/\/www.correiobraziliense.com.br\/cbradar\/wp-json\/wp\/v2\/posts\/164093","targetHints":{"allow":["GET"]}}],"collection":[{"href":"https:\/\/www.correiobraziliense.com.br\/cbradar\/wp-json\/wp\/v2\/posts"}],"about":[{"href":"https:\/\/www.correiobraziliense.com.br\/cbradar\/wp-json\/wp\/v2\/types\/post"}],"author":[{"embeddable":true,"href":"https:\/\/www.correiobraziliense.com.br\/cbradar\/wp-json\/wp\/v2\/users\/8"}],"replies":[{"embeddable":true,"href":"https:\/\/www.correiobraziliense.com.br\/cbradar\/wp-json\/wp\/v2\/comments?post=164093"}],"version-history":[{"count":13,"href":"https:\/\/www.correiobraziliense.com.br\/cbradar\/wp-json\/wp\/v2\/posts\/164093\/revisions"}],"predecessor-version":[{"id":164239,"href":"https:\/\/www.correiobraziliense.com.br\/cbradar\/wp-json\/wp\/v2\/posts\/164093\/revisions\/164239"}],"wp:featuredmedia":[{"embeddable":true,"href":"https:\/\/www.correiobraziliense.com.br\/cbradar\/wp-json\/wp\/v2\/media\/47181"}],"wp:attachment":[{"href":"https:\/\/www.correiobraziliense.com.br\/cbradar\/wp-json\/wp\/v2\/media?parent=164093"}],"wp:term":[{"taxonomy":"category","embeddable":true,"href":"https:\/\/www.correiobraziliense.com.br\/cbradar\/wp-json\/wp\/v2\/categories?post=164093"},{"taxonomy":"post_tag","embeddable":true,"href":"https:\/\/www.correiobraziliense.com.br\/cbradar\/wp-json\/wp\/v2\/post_tag?post=164093"}],"curies":[{"name":"wp","href":"https:\/\/api.w.org\/{rel}","templated":true}]}}