{"id":164482,"date":"2025-12-31T12:35:00","date_gmt":"2025-12-31T15:35:00","guid":{"rendered":"https:\/\/www.correiobraziliense.com.br\/cbradar\/?p=164482"},"modified":"2025-12-30T20:51:56","modified_gmt":"2025-12-30T23:51:56","slug":"o-nome-de-menina-de-3-letras-que-esta-entre-os-mais-registrados-do-ano","status":"publish","type":"post","link":"https:\/\/www.correiobraziliense.com.br\/cbradar\/o-nome-de-menina-de-3-letras-que-esta-entre-os-mais-registrados-do-ano\/","title":{"rendered":"O nome de menina de 3 letras que est\u00e1 entre os mais registrados do ano"},"content":{"rendered":"\n<p>Entre os nomes femininos mais escolhidos em 2025, os <strong>nomes de menina com 3 letras<\/strong> ganharam espa\u00e7o nas certid\u00f5es de nascimento em diferentes regi\u00f5es do Brasil. Pais e m\u00e3es t\u00eam optado por op\u00e7\u00f5es curtas, f\u00e1ceis de pronunciar e de escrever, o que ajuda na rotina escolar e em documentos oficiais. Al\u00e9m disso, esses nomes costumam transitar bem entre gera\u00e7\u00f5es e em diferentes culturas, refor\u00e7ando a presen\u00e7a deles nos rankings mais recentes e em fam\u00edlias que valorizam mobilidade internacional.<\/p>\n\n\n\n<h2 class=\"wp-block-heading\">Por que o nome de menina de 3 letras est\u00e1 t\u00e3o em alta em 2025<\/h2>\n\n\n\n<p>O interesse por <strong>nome de menina de 3 letras<\/strong> cresceu \u00e0 medida que fam\u00edlias passaram a valorizar praticidade, escrita intuitiva e pron\u00fancia clara. Em ambientes digitais, como redes sociais e formul\u00e1rios online, nomes curtos tamb\u00e9m chamam aten\u00e7\u00e3o pela facilidade de digita\u00e7\u00e3o e pelo destaque em perfis, apelidos e assinaturas eletr\u00f4nicas.<\/p>\n\n\n\n<p>Al\u00e9m disso, muitos desses nomes t\u00eam <strong>origem b\u00edblica, cl\u00e1ssica ou internacional<\/strong>, o que d\u00e1 uma sensa\u00e7\u00e3o de tradi\u00e7\u00e3o aliada a um visual contempor\u00e2neo. Nomes como <strong>Ana<\/strong> e <strong>Eva<\/strong> atravessam s\u00e9culos de uso sem perder espa\u00e7o, enquanto op\u00e7\u00f5es como <strong>Lia<\/strong> e <strong>Mia<\/strong> ganharam for\u00e7a recente, impulsionadas por novelas, s\u00e9ries e influenciadoras digitais.<\/p>\n\n\n\n<figure class=\"wp-block-image size-large\"><img decoding=\"async\" width=\"1024\" height=\"576\" src=\"https:\/\/www.correiobraziliense.com.br\/cbradar\/wp-content\/uploads\/2025\/12\/\u2705-BANNER-MYTH-99-1-1024x576.png\" alt=\"O nome de menina de 3 letras que est\u00e1 entre os mais registrados do ano\" class=\"wp-image-164486\" srcset=\"https:\/\/www.correiobraziliense.com.br\/cbradar\/wp-content\/uploads\/2025\/12\/\u2705-BANNER-MYTH-99-1-1024x576.png 1024w, https:\/\/www.correiobraziliense.com.br\/cbradar\/wp-content\/uploads\/2025\/12\/\u2705-BANNER-MYTH-99-1-300x169.png 300w, https:\/\/www.correiobraziliense.com.br\/cbradar\/wp-content\/uploads\/2025\/12\/\u2705-BANNER-MYTH-99-1-768x432.png 768w, https:\/\/www.correiobraziliense.com.br\/cbradar\/wp-content\/uploads\/2025\/12\/\u2705-BANNER-MYTH-99-1-750x422.png 750w, https:\/\/www.correiobraziliense.com.br\/cbradar\/wp-content\/uploads\/2025\/12\/\u2705-BANNER-MYTH-99-1-1140x641.png 1140w, https:\/\/www.correiobraziliense.com.br\/cbradar\/wp-content\/uploads\/2025\/12\/\u2705-BANNER-MYTH-99-1.png 1280w\" sizes=\"(max-width: 1024px) 100vw, 1024px\" \/><figcaption class=\"wp-element-caption\">Ana, Eva, Liz: nomes fofos e r\u00e1pidos de 3 letras que facilitam a vida escolar e viagens. Perfeitos para fam\u00edlias modernas no Brasil! <\/figcaption><\/figure>\n\n\n\n<h2 class=\"wp-block-heading\">Quais s\u00e3o os nomes de menina com 3 letras mais usados em 2025<\/h2>\n\n\n\n<p>Os dados de 2025 mostram que alguns <strong>nomes femininos curtos<\/strong> aparecem com bastante frequ\u00eancia em registros de nascimento, combinando tradi\u00e7\u00e3o e modernidade. Entre os nomes de menina com 3 letras mais recorrentes, est\u00e3o op\u00e7\u00f5es que se destacam pela sonoridade simples, facilidade de memoriza\u00e7\u00e3o e boa combina\u00e7\u00e3o com diferentes sobrenomes.<\/p>\n\n\n\n<p>Entre os destaques nos rankings de 2025, aparecem:<\/p>\n\n\n\n<ul class=\"wp-block-list\">\n<li><strong>Eva<\/strong> \u2013 nome de origem b\u00edblica, amplamente difundido em v\u00e1rios pa\u00edses, com forte presen\u00e7a em listas atuais.<\/li>\n\n\n\n<li><strong>Ana<\/strong> \u2013 um dos nomes femininos mais tradicionais do pa\u00eds, usado tanto sozinho quanto em nomes compostos.<\/li>\n\n\n\n<li><strong>Lia<\/strong> \u2013 cada vez mais popular, curto e com som suave, bastante visto em registros recentes.<\/li>\n<\/ul>\n\n\n\n<p>Ao lado dessas tr\u00eas op\u00e7\u00f5es mais evidentes, outros <strong>nomes de menina com 3 letras<\/strong> tamb\u00e9m ocupam lugar de destaque nas estat\u00edsticas de 2025, incluindo escolhas mais modernas e internacionais. Muitos deles aparecem em fam\u00edlias que procuram algo curto, marcante e com boa pron\u00fancia em outras l\u00ednguas.<\/p>\n\n\n\n<ul class=\"wp-block-list\">\n<li><strong>Mia<\/strong><\/li>\n\n\n\n<li><strong>Lua<\/strong><\/li>\n\n\n\n<li><strong>Liz<\/strong><\/li>\n\n\n\n<li><strong>Ivy<\/strong><\/li>\n\n\n\n<li><strong>May<\/strong><\/li>\n\n\n\n<li><strong>Ada<\/strong><\/li>\n\n\n\n<li><strong>Isa<\/strong><\/li>\n<\/ul>\n\n\n\n<h2 class=\"wp-block-heading\">Como escolher um nome de menina de 3 letras com seguran\u00e7a<\/h2>\n\n\n\n<p>A escolha de um <strong>nome de menina de 3 letras<\/strong> costuma levar em conta fatores como significado, sonoridade e combina\u00e7\u00e3o com o sobrenome. Muitas fam\u00edlias avaliam como o nome soa completo, se \u00e9 f\u00e1cil de ser entendido ao telefone ou em ambientes barulhentos e se n\u00e3o gera apelidos indesejados no conv\u00edvio escolar e profissional.<\/p>\n\n\n\n<p>Alguns cuidados que costumam ser observados ao escolher um nome curto incluem pontos pr\u00e1ticos e emocionais, que ajudam a garantir que o nome acompanhe bem a crian\u00e7a em todas as fases da vida. Abaixo, alguns crit\u00e9rios que podem orientar essa decis\u00e3o.<\/p>\n\n\n\n<ol class=\"wp-block-list\">\n<li>Verificar a pron\u00fancia em diferentes regi\u00f5es do pa\u00eds.<\/li>\n\n\n\n<li>Analisar como o nome de 3 letras combina com um ou mais sobrenomes.<\/li>\n\n\n\n<li>Pesquisar poss\u00edveis significados e origens em diferentes l\u00ednguas.<\/li>\n\n\n\n<li>Observar se j\u00e1 existe algu\u00e9m pr\u00f3ximo com o mesmo nome, para evitar confus\u00f5es.<\/li>\n\n\n\n<li>Avaliar se o nome permanece adequado da inf\u00e2ncia \u00e0 vida adulta.<\/li>\n<\/ol>\n\n\n\n<p>Para aprofundarmos no tema e dar ainda mais ideias, trouxemos o v\u00eddeo do perfil @sonhobabydicas:<\/p>\n\n\n\n<blockquote class=\"tiktok-embed\" cite=\"https:\/\/www.tiktok.com\/@sonhobabydicas\/video\/7265422144794840325\" data-video-id=\"7265422144794840325\" style=\"max-width: 605px;min-width: 325px;\" > <section> <a target=\"_blank\" title=\"@sonhobabydicas\" href=\"https:\/\/www.tiktok.com\/@sonhobabydicas?refer=embed\">@sonhobabydicas<\/a> Nomes lindos que est\u00e3o em alta para Meninas \ud83d\udc95 Confira as tend\u00eancias! . . Dicas todos os dias, me segue para mais inspira\u00e7\u00f5es \ud83e\udd70 <a title=\"nomeslindos\" target=\"_blank\" href=\"https:\/\/www.tiktok.com\/tag\/nomeslindos?refer=embed\">#nomeslindos<\/a> <a title=\"nomesdebebes\" target=\"_blank\" href=\"https:\/\/www.tiktok.com\/tag\/nomesdebebes?refer=embed\">#nomesdebebes<\/a> <a title=\"nomesparabebe\" target=\"_blank\" href=\"https:\/\/www.tiktok.com\/tag\/nomesparabebe?refer=embed\">#nomesparabebe<\/a> <a title=\"fy\" target=\"_blank\" href=\"https:\/\/www.tiktok.com\/tag\/fy?refer=embed\">#fy<\/a> <a title=\"capcut\" target=\"_blank\" href=\"https:\/\/www.tiktok.com\/tag\/capcut?refer=embed\">#capcut<\/a> <a title=\"viral\" target=\"_blank\" href=\"https:\/\/www.tiktok.com\/tag\/viral?refer=embed\">#viral<\/a> <a title=\"nomesparameninas\" target=\"_blank\" href=\"https:\/\/www.tiktok.com\/tag\/nomesparameninas?refer=embed\">#nomesparameninas<\/a> <a title=\"nomesdemeninas\" target=\"_blank\" href=\"https:\/\/www.tiktok.com\/tag\/nomesdemeninas?refer=embed\">#nomesdemeninas<\/a> <a title=\"nomestendencias\" target=\"_blank\" href=\"https:\/\/www.tiktok.com\/tag\/nomestendencias?refer=embed\">#nomestendencias<\/a> <a title=\"nomesemalta\" target=\"_blank\" href=\"https:\/\/www.tiktok.com\/tag\/nomesemalta?refer=embed\">#nomesemalta<\/a> <a title=\"nomes2023\" target=\"_blank\" href=\"https:\/\/www.tiktok.com\/tag\/nomes2023?refer=embed\">#nomes2023<\/a> <a title=\"nomesmeninas\" target=\"_blank\" href=\"https:\/\/www.tiktok.com\/tag\/nomesmeninas?refer=embed\">#nomesmeninas<\/a> <a title=\"nomesdelicados\" target=\"_blank\" href=\"https:\/\/www.tiktok.com\/tag\/nomesdelicados?refer=embed\">#nomesdelicados<\/a> <a title=\"dicasdenomes\" target=\"_blank\" href=\"https:\/\/www.tiktok.com\/tag\/dicasdenomes?refer=embed\">#dicasdenomes<\/a> <a title=\"nomesbonitos\" target=\"_blank\" href=\"https:\/\/www.tiktok.com\/tag\/nomesbonitos?refer=embed\">#nomesbonitos<\/a> <a title=\"gravidez\" target=\"_blank\" href=\"https:\/\/www.tiktok.com\/tag\/gravidez?refer=embed\">#gravidez<\/a> <a title=\"bebe\" target=\"_blank\" href=\"https:\/\/www.tiktok.com\/tag\/bebe?refer=embed\">#bebe<\/a> <a title=\"nomes\" target=\"_blank\" href=\"https:\/\/www.tiktok.com\/tag\/nomes?refer=embed\">#nomes<\/a> <a target=\"_blank\" title=\"\u266c Stories 2 - Danilo Stankovic\" href=\"https:\/\/www.tiktok.com\/music\/Stories-2-6777279827805390850?refer=embed\">\u266c Stories 2 &#8211; Danilo Stankovic<\/a> <\/section> <\/blockquote> <script async src=\"https:\/\/www.tiktok.com\/embed.js\"><\/script>\n\n\n\n<h2 class=\"wp-block-heading\">Lista ampliada de nomes de menina com 3 letras para inspirar<\/h2>\n\n\n\n<p>Para quem busca mais refer\u00eancias, h\u00e1 uma grande variedade de <strong>nomes femininos curtos<\/strong> dispon\u00edveis al\u00e9m de Eva, Ana e Lia. Essa lista inclui alternativas cl\u00e1ssicas, internacionais e algumas menos comuns, mas que seguem a mesma proposta de simplicidade, sonoridade suave e f\u00e1cil adapta\u00e7\u00e3o a diferentes contextos.<\/p>\n\n\n\n<p><strong>Nomes de menina de 3 letras mais populares:<\/strong><\/p>\n\n\n\n<ul class=\"wp-block-list\">\n<li><strong>Ana<\/strong><\/li>\n\n\n\n<li><strong>Eva<\/strong><\/li>\n\n\n\n<li><strong>Lia<\/strong><\/li>\n\n\n\n<li><strong>Mia<\/strong><\/li>\n\n\n\n<li><strong>Liz<\/strong><\/li>\n\n\n\n<li><strong>Lua<\/strong><\/li>\n\n\n\n<li><strong>Ivy<\/strong><\/li>\n\n\n\n<li><strong>Isa<\/strong><\/li>\n<\/ul>\n\n\n\n<p><strong>Nomes curtos com estilo mais moderno:<\/strong><\/p>\n\n\n\n<ul class=\"wp-block-list\">\n<li><strong>May<\/strong><\/li>\n\n\n\n<li><strong>Meg<\/strong><\/li>\n\n\n\n<li><strong>Joy<\/strong><\/li>\n\n\n\n<li><strong>Kim<\/strong><\/li>\n\n\n\n<li><strong>Lux<\/strong><\/li>\n\n\n\n<li><strong>Sky<\/strong><\/li>\n\n\n\n<li><strong>Rae<\/strong><\/li>\n<\/ul>\n\n\n\n<p><strong>Nomes de origem mais cl\u00e1ssica ou internacional:<\/strong><\/p>\n\n\n\n<ul class=\"wp-block-list\">\n<li><strong>Ada<\/strong><\/li>\n\n\n\n<li><strong>Ida<\/strong><\/li>\n\n\n\n<li><strong>Eli<\/strong><\/li>\n\n\n\n<li><strong>Gia<\/strong><\/li>\n\n\n\n<li><strong>Zoe<\/strong><\/li>\n\n\n\n<li><strong>Ava<\/strong><\/li>\n\n\n\n<li><strong>Nia<\/strong><\/li>\n<\/ul>\n\n\n\n<p>No contexto de 2025, o <strong>nome de menina de 3 letras<\/strong> segue em evid\u00eancia, acompanhando um movimento de valoriza\u00e7\u00e3o de nomes simples e marcantes. Op\u00e7\u00f5es como <strong>Eva<\/strong>, <strong>Ana<\/strong> e <strong>Lia<\/strong> continuam entre as escolhas mais recorrentes, enquanto novas combina\u00e7\u00f5es surgem a cada ano, ampliando o leque de possibilidades para quem busca um nome curto, objetivo e f\u00e1cil de lembrar.<\/p>\n","protected":false},"excerpt":{"rendered":"<p>Descubra o nome de menina de 3 letras mais registrado em 2025: Eva, Ana e Lia em alta, com listas de nomes curtos e significativos.<\/p>\n","protected":false},"author":3,"featured_media":166039,"comment_status":"open","ping_status":"open","sticky":false,"template":"","format":"standard","meta":{"_yoast_wpseo_focuskw":"nome menina mais registrado","_yoast_wpseo_title":"%%title%%","_yoast_wpseo_metadesc":"Descubra o nome de menina de 3 letras mais registrado em 2025: Eva, Ana e Lia em alta, com listas de nomes curtos e significativos.","jnews-multi-image_gallery":[],"jnews_single_post":{"format":"standard"},"jnews_primary_category":[],"jnews_social_meta":[],"jnews_override_counter":[],"footnotes":""},"categories":[112],"tags":[144,5202,11480,11895],"class_list":["post-164482","post","type-post","status-publish","format-standard","has-post-thumbnail","hentry","category-curiosidades","tag-curiosidades","tag-nomes","tag-nomes-de-meninas","tag-nomes-de-pessoas"],"yoast_head":"<!-- This site is optimized with the Yoast SEO plugin v24.6 - https:\/\/yoast.com\/wordpress\/plugins\/seo\/ -->\n<title>O nome de menina de 3 letras que est\u00e1 entre os mais registrados do ano<\/title>\n<meta name=\"description\" content=\"Descubra o nome de menina de 3 letras mais registrado em 2025: Eva, Ana e Lia em alta, com listas de nomes curtos e significativos.\" \/>\n<meta name=\"robots\" content=\"index, follow, max-snippet:-1, max-image-preview:large, max-video-preview:-1\" \/>\n<link rel=\"canonical\" href=\"https:\/\/www.correiobraziliense.com.br\/cbradar\/o-nome-de-menina-de-3-letras-que-esta-entre-os-mais-registrados-do-ano\/\" \/>\n<meta property=\"og:locale\" content=\"pt_BR\" \/>\n<meta property=\"og:type\" content=\"article\" \/>\n<meta property=\"og:title\" content=\"O nome de menina de 3 letras que est\u00e1 entre os mais registrados do ano\" \/>\n<meta property=\"og:description\" content=\"Descubra o nome de menina de 3 letras mais registrado em 2025: Eva, Ana e Lia em alta, com listas de nomes curtos e significativos.\" \/>\n<meta property=\"og:url\" content=\"https:\/\/www.correiobraziliense.com.br\/cbradar\/o-nome-de-menina-de-3-letras-que-esta-entre-os-mais-registrados-do-ano\/\" \/>\n<meta property=\"og:site_name\" content=\"Correio Braziliense - Radar\" \/>\n<meta property=\"article:published_time\" content=\"2025-12-31T15:35:00+00:00\" \/>\n<meta property=\"og:image\" content=\"https:\/\/www.correiobraziliense.com.br\/cbradar\/wp-content\/uploads\/2025\/12\/freepik__imagem-realista-de-meninas-bebs-deitadas-em-um-ber__78237.png\" \/>\n\t<meta property=\"og:image:width\" content=\"1280\" \/>\n\t<meta property=\"og:image:height\" content=\"720\" \/>\n\t<meta property=\"og:image:type\" content=\"image\/png\" \/>\n<meta name=\"author\" content=\"Larissa Carvalho\" \/>\n<meta name=\"twitter:card\" content=\"summary_large_image\" \/>\n<meta name=\"twitter:label1\" content=\"Escrito por\" \/>\n\t<meta name=\"twitter:data1\" content=\"Larissa Carvalho\" \/>\n\t<meta name=\"twitter:label2\" content=\"Est. tempo de leitura\" \/>\n\t<meta name=\"twitter:data2\" content=\"5 minutos\" \/>\n<!-- \/ Yoast SEO plugin. -->","yoast_head_json":{"title":"O nome de menina de 3 letras que est\u00e1 entre os mais registrados do ano","description":"Descubra o nome de menina de 3 letras mais registrado em 2025: Eva, Ana e Lia em alta, com listas de nomes curtos e significativos.","robots":{"index":"index","follow":"follow","max-snippet":"max-snippet:-1","max-image-preview":"max-image-preview:large","max-video-preview":"max-video-preview:-1"},"canonical":"https:\/\/www.correiobraziliense.com.br\/cbradar\/o-nome-de-menina-de-3-letras-que-esta-entre-os-mais-registrados-do-ano\/","og_locale":"pt_BR","og_type":"article","og_title":"O nome de menina de 3 letras que est\u00e1 entre os mais registrados do ano","og_description":"Descubra o nome de menina de 3 letras mais registrado em 2025: Eva, Ana e Lia em alta, com listas de nomes curtos e significativos.","og_url":"https:\/\/www.correiobraziliense.com.br\/cbradar\/o-nome-de-menina-de-3-letras-que-esta-entre-os-mais-registrados-do-ano\/","og_site_name":"Correio Braziliense - Radar","article_published_time":"2025-12-31T15:35:00+00:00","og_image":[{"width":1280,"height":720,"url":"https:\/\/www.correiobraziliense.com.br\/cbradar\/wp-content\/uploads\/2025\/12\/freepik__imagem-realista-de-meninas-bebs-deitadas-em-um-ber__78237.png","type":"image\/png"}],"author":"Larissa Carvalho","twitter_card":"summary_large_image","twitter_misc":{"Escrito por":"Larissa Carvalho","Est. tempo de leitura":"5 minutos"},"schema":{"@context":"https:\/\/schema.org","@graph":[{"@type":"WebPage","@id":"https:\/\/www.correiobraziliense.com.br\/cbradar\/o-nome-de-menina-de-3-letras-que-esta-entre-os-mais-registrados-do-ano\/","url":"https:\/\/www.correiobraziliense.com.br\/cbradar\/o-nome-de-menina-de-3-letras-que-esta-entre-os-mais-registrados-do-ano\/","name":"O nome de menina de 3 letras que est\u00e1 entre os mais registrados do ano","isPartOf":{"@id":"https:\/\/www.correiobraziliense.com.br\/cbradar\/#website"},"primaryImageOfPage":{"@id":"https:\/\/www.correiobraziliense.com.br\/cbradar\/o-nome-de-menina-de-3-letras-que-esta-entre-os-mais-registrados-do-ano\/#primaryimage"},"image":{"@id":"https:\/\/www.correiobraziliense.com.br\/cbradar\/o-nome-de-menina-de-3-letras-que-esta-entre-os-mais-registrados-do-ano\/#primaryimage"},"thumbnailUrl":"https:\/\/www.correiobraziliense.com.br\/cbradar\/wp-content\/uploads\/2025\/12\/freepik__imagem-realista-de-meninas-bebs-deitadas-em-um-ber__78237.png","datePublished":"2025-12-31T15:35:00+00:00","author":{"@id":"https:\/\/www.correiobraziliense.com.br\/cbradar\/#\/schema\/person\/58422787644df994b53a19d3e56c1513"},"description":"Descubra o nome de menina de 3 letras mais registrado em 2025: Eva, Ana e Lia em alta, com listas de nomes curtos e significativos.","breadcrumb":{"@id":"https:\/\/www.correiobraziliense.com.br\/cbradar\/o-nome-de-menina-de-3-letras-que-esta-entre-os-mais-registrados-do-ano\/#breadcrumb"},"inLanguage":"pt-BR","potentialAction":[{"@type":"ReadAction","target":["https:\/\/www.correiobraziliense.com.br\/cbradar\/o-nome-de-menina-de-3-letras-que-esta-entre-os-mais-registrados-do-ano\/"]}]},{"@type":"ImageObject","inLanguage":"pt-BR","@id":"https:\/\/www.correiobraziliense.com.br\/cbradar\/o-nome-de-menina-de-3-letras-que-esta-entre-os-mais-registrados-do-ano\/#primaryimage","url":"https:\/\/www.correiobraziliense.com.br\/cbradar\/wp-content\/uploads\/2025\/12\/freepik__imagem-realista-de-meninas-bebs-deitadas-em-um-ber__78237.png","contentUrl":"https:\/\/www.correiobraziliense.com.br\/cbradar\/wp-content\/uploads\/2025\/12\/freepik__imagem-realista-de-meninas-bebs-deitadas-em-um-ber__78237.png","width":1280,"height":720,"caption":"Nomes femininos com tr\u00eas letras se destacaram entre os mais escolhidos em 2025 no Brasil"},{"@type":"BreadcrumbList","@id":"https:\/\/www.correiobraziliense.com.br\/cbradar\/o-nome-de-menina-de-3-letras-que-esta-entre-os-mais-registrados-do-ano\/#breadcrumb","itemListElement":[{"@type":"ListItem","position":1,"name":"In\u00edcio","item":"https:\/\/www.correiobraziliense.com.br\/cbradar\/"},{"@type":"ListItem","position":2,"name":"O nome de menina de 3 letras que est\u00e1 entre os mais registrados do ano"}]},{"@type":"WebSite","@id":"https:\/\/www.correiobraziliense.com.br\/cbradar\/#website","url":"https:\/\/www.correiobraziliense.com.br\/cbradar\/","name":"Correio Braziliense - Radar","description":"Acompanhe as \u00faltimas not\u00edcias e fique bem informado sobre tudo o que acontece no Brasil e no mundo.","potentialAction":[{"@type":"SearchAction","target":{"@type":"EntryPoint","urlTemplate":"https:\/\/www.correiobraziliense.com.br\/cbradar\/?s={search_term_string}"},"query-input":{"@type":"PropertyValueSpecification","valueRequired":true,"valueName":"search_term_string"}}],"inLanguage":"pt-BR"},{"@type":"Person","@id":"https:\/\/www.correiobraziliense.com.br\/cbradar\/#\/schema\/person\/58422787644df994b53a19d3e56c1513","name":"Larissa Carvalho","image":{"@type":"ImageObject","inLanguage":"pt-BR","@id":"https:\/\/www.correiobraziliense.com.br\/cbradar\/#\/schema\/person\/image\/","url":"https:\/\/secure.gravatar.com\/avatar\/fe4f91a0de32b52a838d0d612abdc1aa?s=96&d=mm&r=g","contentUrl":"https:\/\/secure.gravatar.com\/avatar\/fe4f91a0de32b52a838d0d612abdc1aa?s=96&d=mm&r=g","caption":"Larissa Carvalho"},"url":"https:\/\/www.correiobraziliense.com.br\/cbradar\/author\/larissamyth\/"}]}},"_links":{"self":[{"href":"https:\/\/www.correiobraziliense.com.br\/cbradar\/wp-json\/wp\/v2\/posts\/164482","targetHints":{"allow":["GET"]}}],"collection":[{"href":"https:\/\/www.correiobraziliense.com.br\/cbradar\/wp-json\/wp\/v2\/posts"}],"about":[{"href":"https:\/\/www.correiobraziliense.com.br\/cbradar\/wp-json\/wp\/v2\/types\/post"}],"author":[{"embeddable":true,"href":"https:\/\/www.correiobraziliense.com.br\/cbradar\/wp-json\/wp\/v2\/users\/3"}],"replies":[{"embeddable":true,"href":"https:\/\/www.correiobraziliense.com.br\/cbradar\/wp-json\/wp\/v2\/comments?post=164482"}],"version-history":[{"count":2,"href":"https:\/\/www.correiobraziliense.com.br\/cbradar\/wp-json\/wp\/v2\/posts\/164482\/revisions"}],"predecessor-version":[{"id":164487,"href":"https:\/\/www.correiobraziliense.com.br\/cbradar\/wp-json\/wp\/v2\/posts\/164482\/revisions\/164487"}],"wp:featuredmedia":[{"embeddable":true,"href":"https:\/\/www.correiobraziliense.com.br\/cbradar\/wp-json\/wp\/v2\/media\/166039"}],"wp:attachment":[{"href":"https:\/\/www.correiobraziliense.com.br\/cbradar\/wp-json\/wp\/v2\/media?parent=164482"}],"wp:term":[{"taxonomy":"category","embeddable":true,"href":"https:\/\/www.correiobraziliense.com.br\/cbradar\/wp-json\/wp\/v2\/categories?post=164482"},{"taxonomy":"post_tag","embeddable":true,"href":"https:\/\/www.correiobraziliense.com.br\/cbradar\/wp-json\/wp\/v2\/tags?post=164482"}],"curies":[{"name":"wp","href":"https:\/\/api.w.org\/{rel}","templated":true}]}}