{"id":16545,"date":"2025-03-31T14:30:00","date_gmt":"2025-03-31T17:30:00","guid":{"rendered":"https:\/\/www.correiobraziliense.com.br\/cbradar\/?p=16545"},"modified":"2025-03-30T14:34:37","modified_gmt":"2025-03-30T17:34:37","slug":"lana-del-rey-surpreende-com-fortuna-musica-e-um-sucesso-atemporal","status":"publish","type":"post","link":"https:\/\/www.correiobraziliense.com.br\/cbradar\/lana-del-rey-surpreende-com-fortuna-musica-e-um-sucesso-atemporal\/","title":{"rendered":"Lana Del Rey surpreende com fortuna, m\u00fasica e um sucesso atemporal"},"content":{"rendered":"\n<p><strong>Lana Del Rey<\/strong>, nome art\u00edstico de <strong>Elizabeth Woolridge Grant<\/strong>, \u00e9 uma cantora e compositora americana que conquistou o mundo com seu estilo musical distinto e letras po\u00e9ticas. Desde que emergiu no cen\u00e1rio musical com o \u00e1lbum &#8220;<strong>Born to Die<\/strong>&#8221; em 2012, ela se estabeleceu como uma das vozes mais influentes da m\u00fasica contempor\u00e2nea. Seu som caracter\u00edstico, que mistura elementos de nostalgia e melancolia, atraiu uma base de f\u00e3s dedicada e a solidificou como uma artista de destaque.<\/p>\n\n\n\n<p>Al\u00e9m de sua m\u00fasica, Lana Del Rey \u00e9 reconhecida por sua contribui\u00e7\u00e3o para a literatura e por suas a\u00e7\u00f5es filantr\u00f3picas. Este artigo examina o impacto de sua carreira e os projetos que continuam a moldar sua trajet\u00f3ria art\u00edstica.<\/p>\n\n\n\n<h2 class=\"wp-block-heading\"><strong>Quanto vale o patrim\u00f4nio de Lana Del Rey em 2025?<\/strong><\/h2>\n\n\n\n<p>Em 2025, Lana Del Rey possui um patrim\u00f4nio estimado em cerca de 30 milh\u00f5es de d\u00f3lares, o que equivale a aproximadamente 150 milh\u00f5es de reais. Este valor expressivo \u00e9 resultado de v\u00e1rias fontes de renda, incluindo a venda de discos, turn\u00eas internacionais, direitos autorais e colabora\u00e7\u00f5es comerciais. Recentemente, ela demonstrou seu compromisso social ao destinar os lucros de suas turn\u00eas para apoiar comunidades locais nos <strong>Estados Unidos<\/strong>.<\/p>\n\n\n\n<h2 class=\"wp-block-heading\"><strong>O que Lana Del Rey est\u00e1 fazendo atualmente?<\/strong><\/h2>\n\n\n\n<p>Lana Del Rey continua a ser uma figura ativa na ind\u00fastria musical. Em 2024, ela lan\u00e7ou um novo \u00e1lbum que recebeu aclama\u00e7\u00e3o da cr\u00edtica e dos f\u00e3s. Al\u00e9m de sua m\u00fasica, Lana tamb\u00e9m se aventurou na literatura, publicando obras de poesia que destacam sua habilidade como escritora. Ela reside entre <strong>Los Angeles<\/strong> e <strong>Nova York<\/strong>, onde encontra inspira\u00e7\u00e3o para suas cria\u00e7\u00f5es art\u00edsticas.<\/p>\n\n\n\n<figure class=\"wp-block-image size-large\"><img decoding=\"async\" width=\"1024\" height=\"576\" src=\"https:\/\/www.correiobraziliense.com.br\/cbradar\/wp-content\/uploads\/2025\/03\/PANENSKY_TYNEC_CZECH_REPUBLIC__JUNE_29_2018_Famous_American_singer_Lana_Del_Rey_in_the_middle_-1024x576.jpg\" alt=\"Lana Del Rey surpreende com fortuna, m\u00fasica e um sucesso atemporal\" class=\"wp-image-16547\" srcset=\"https:\/\/www.correiobraziliense.com.br\/cbradar\/wp-content\/uploads\/2025\/03\/PANENSKY_TYNEC_CZECH_REPUBLIC__JUNE_29_2018_Famous_American_singer_Lana_Del_Rey_in_the_middle_-1024x576.jpg 1024w, https:\/\/www.correiobraziliense.com.br\/cbradar\/wp-content\/uploads\/2025\/03\/PANENSKY_TYNEC_CZECH_REPUBLIC__JUNE_29_2018_Famous_American_singer_Lana_Del_Rey_in_the_middle_-300x169.jpg 300w, https:\/\/www.correiobraziliense.com.br\/cbradar\/wp-content\/uploads\/2025\/03\/PANENSKY_TYNEC_CZECH_REPUBLIC__JUNE_29_2018_Famous_American_singer_Lana_Del_Rey_in_the_middle_-768x432.jpg 768w, https:\/\/www.correiobraziliense.com.br\/cbradar\/wp-content\/uploads\/2025\/03\/PANENSKY_TYNEC_CZECH_REPUBLIC__JUNE_29_2018_Famous_American_singer_Lana_Del_Rey_in_the_middle_-750x422.jpg 750w, https:\/\/www.correiobraziliense.com.br\/cbradar\/wp-content\/uploads\/2025\/03\/PANENSKY_TYNEC_CZECH_REPUBLIC__JUNE_29_2018_Famous_American_singer_Lana_Del_Rey_in_the_middle_-1140x641.jpg 1140w, https:\/\/www.correiobraziliense.com.br\/cbradar\/wp-content\/uploads\/2025\/03\/PANENSKY_TYNEC_CZECH_REPUBLIC__JUNE_29_2018_Famous_American_singer_Lana_Del_Rey_in_the_middle_.jpg 1280w\" sizes=\"(max-width: 1024px) 100vw, 1024px\" \/><figcaption class=\"wp-element-caption\">show de Lana Del Rey\nCr\u00e9ditos: depositphotos.com \/ yakub88<\/figcaption><\/figure>\n\n\n\n<h2 class=\"wp-block-heading\"><strong>Qual \u00e9 o valor dos shows de Lana Del Rey?<\/strong><\/h2>\n\n\n\n<p>Os shows de Lana Del Rey s\u00e3o conhecidos por sua profundidade emocional e conex\u00e3o com o p\u00fablico. Estima-se que ela receba entre 500 mil a 1 milh\u00e3o de d\u00f3lares por apresenta\u00e7\u00e3o, dependendo de fatores como a localiza\u00e7\u00e3o do evento e a demanda por ingressos. Grandes festivais e eventos em regi\u00f5es onde ela tem uma forte base de f\u00e3s geralmente aumentam suas receitas significativamente.<\/p>\n\n\n\n<h2 class=\"wp-block-heading\"><strong>Elementos que contribuem para o sucesso de Lana Del Rey<\/strong><\/h2>\n\n\n\n<ul class=\"wp-block-list\">\n<li><strong>Can\u00e7\u00f5es Memor\u00e1veis:<\/strong>&nbsp;Faixas como \u201c<strong>Video Games<\/strong>\u201d e \u201c<strong>Summertime Sadness<\/strong>\u201d alcan\u00e7aram sucesso mundial.<\/li>\n\n\n\n<li><strong>Turn\u00eas Globais:<\/strong>&nbsp;Suas performances ao vivo atraem multid\u00f5es em diversos pa\u00edses.<\/li>\n\n\n\n<li><strong>Parcerias e Colabora\u00e7\u00f5es:<\/strong>&nbsp;Trabalhos com outros artistas e marcas ampliam suas oportunidades de receita.<\/li>\n\n\n\n<li><strong>Licenciamento de M\u00fasicas:<\/strong>&nbsp;Suas composi\u00e7\u00f5es s\u00e3o frequentemente usadas em produ\u00e7\u00f5es audiovisuais.<\/li>\n\n\n\n<li><strong>Produtos Oficiais:<\/strong>&nbsp;A venda de mercadorias, como roupas e acess\u00f3rios, \u00e9 popular entre seus f\u00e3s.<\/li>\n<\/ul>\n\n\n\n<h2 class=\"wp-block-heading\"><strong>O significado do nome art\u00edstico Lana Del Rey<\/strong><\/h2>\n\n\n\n<p>O nome &#8220;Lana Del Rey&#8221; \u00e9 uma combina\u00e7\u00e3o de refer\u00eancias culturais. &#8220;<strong>Lana<\/strong>&#8221; \u00e9 uma homenagem \u00e0 atriz de <strong>Hollywood Lana Turner<\/strong>, refletindo o glamour e a est\u00e9tica vintage que permeiam o trabalho de <strong>Del Rey<\/strong>. &#8220;Del Rey&#8221; \u00e9 inspirado no carro <strong>Ford Del Rey<\/strong>, evocando uma sensa\u00e7\u00e3o de nostalgia e romance, temas recorrentes em suas m\u00fasicas.<\/p>\n\n\n\n<h2 class=\"wp-block-heading\"><strong>Lana Del Rey na literatura<\/strong><\/h2>\n\n\n\n<p>Al\u00e9m de sua carreira musical, Lana Del Rey tamb\u00e9m se destacou no campo liter\u00e1rio. Seus livros de poesia, como \u201c<strong>Violet Bent Backwards<\/strong> <strong>Over the Grass<\/strong>\u201d, foram bem recebidos, demonstrando sua versatilidade art\u00edstica. Em suma, Lana Del Rey continua a ser uma figura influente tanto na m\u00fasica quanto na literatura, inspirando admiradores ao redor do mundo com sua arte e dedica\u00e7\u00e3o.<\/p>\n","protected":false},"excerpt":{"rendered":"<p>Explora\u00e7\u00e3o da carreira vers\u00e1til de Lana Del Rey, sua influ\u00eancia na m\u00fasica e literatura, e seu patrim\u00f4nio em 2025, al\u00e9m de seus projetos atuais.<\/p>\n","protected":false},"author":3,"featured_media":16546,"comment_status":"open","ping_status":"open","sticky":false,"template":"","format":"standard","meta":{"jnews-multi-image_gallery":[],"jnews_single_post":{"format":"standard"},"jnews_primary_category":[],"jnews_social_meta":[],"jnews_override_counter":[],"footnotes":""},"categories":[140],"post_tag":[534,2628],"class_list":["post-16545","post","type-post","status-publish","format-standard","has-post-thumbnail","hentry","category-entretenimento","tag-fortunas","tag-lana-del-rey"],"yoast_head":"<!-- This site is optimized with the Yoast SEO plugin v24.6 - https:\/\/yoast.com\/wordpress\/plugins\/seo\/ -->\n<title>Lana Del Rey surpreende com fortuna, m\u00fasica e um sucesso atemporal<\/title>\n<meta name=\"description\" content=\"Explora\u00e7\u00e3o da carreira vers\u00e1til de Lana Del Rey, sua influ\u00eancia na m\u00fasica e literatura, e seu patrim\u00f4nio em 2025, al\u00e9m de seus projetos atuais.\" \/>\n<meta name=\"robots\" content=\"index, follow, max-snippet:-1, max-image-preview:large, max-video-preview:-1\" \/>\n<link rel=\"canonical\" href=\"https:\/\/www.correiobraziliense.com.br\/cbradar\/lana-del-rey-surpreende-com-fortuna-musica-e-um-sucesso-atemporal\/\" \/>\n<meta property=\"og:locale\" content=\"pt_BR\" \/>\n<meta property=\"og:type\" content=\"article\" \/>\n<meta property=\"og:title\" content=\"Lana Del Rey surpreende com fortuna, m\u00fasica e um sucesso atemporal\" \/>\n<meta property=\"og:description\" content=\"Explora\u00e7\u00e3o da carreira vers\u00e1til de Lana Del Rey, sua influ\u00eancia na m\u00fasica e literatura, e seu patrim\u00f4nio em 2025, al\u00e9m de seus projetos atuais.\" \/>\n<meta property=\"og:url\" content=\"https:\/\/www.correiobraziliense.com.br\/cbradar\/lana-del-rey-surpreende-com-fortuna-musica-e-um-sucesso-atemporal\/\" \/>\n<meta property=\"og:site_name\" content=\"Correio Braziliense - Radar\" \/>\n<meta property=\"article:published_time\" content=\"2025-03-31T17:30:00+00:00\" \/>\n<meta property=\"og:image\" content=\"https:\/\/www.correiobraziliense.com.br\/cbradar\/wp-content\/uploads\/2025\/03\/Elizabeth-Woolridge-Grant_1743163891346.jpg\" \/>\n\t<meta property=\"og:image:width\" content=\"1280\" \/>\n\t<meta property=\"og:image:height\" content=\"720\" \/>\n\t<meta property=\"og:image:type\" content=\"image\/jpeg\" \/>\n<meta name=\"author\" content=\"Larissa Carvalho\" \/>\n<meta name=\"twitter:card\" content=\"summary_large_image\" \/>\n<meta name=\"twitter:label1\" content=\"Escrito por\" \/>\n\t<meta name=\"twitter:data1\" content=\"Larissa Carvalho\" \/>\n\t<meta name=\"twitter:label2\" content=\"Est. tempo de leitura\" \/>\n\t<meta name=\"twitter:data2\" content=\"4 minutos\" \/>\n<!-- \/ Yoast SEO plugin. -->","yoast_head_json":{"title":"Lana Del Rey surpreende com fortuna, m\u00fasica e um sucesso atemporal","description":"Explora\u00e7\u00e3o da carreira vers\u00e1til de Lana Del Rey, sua influ\u00eancia na m\u00fasica e literatura, e seu patrim\u00f4nio em 2025, al\u00e9m de seus projetos atuais.","robots":{"index":"index","follow":"follow","max-snippet":"max-snippet:-1","max-image-preview":"max-image-preview:large","max-video-preview":"max-video-preview:-1"},"canonical":"https:\/\/www.correiobraziliense.com.br\/cbradar\/lana-del-rey-surpreende-com-fortuna-musica-e-um-sucesso-atemporal\/","og_locale":"pt_BR","og_type":"article","og_title":"Lana Del Rey surpreende com fortuna, m\u00fasica e um sucesso atemporal","og_description":"Explora\u00e7\u00e3o da carreira vers\u00e1til de Lana Del Rey, sua influ\u00eancia na m\u00fasica e literatura, e seu patrim\u00f4nio em 2025, al\u00e9m de seus projetos atuais.","og_url":"https:\/\/www.correiobraziliense.com.br\/cbradar\/lana-del-rey-surpreende-com-fortuna-musica-e-um-sucesso-atemporal\/","og_site_name":"Correio Braziliense - Radar","article_published_time":"2025-03-31T17:30:00+00:00","og_image":[{"width":1280,"height":720,"url":"https:\/\/www.correiobraziliense.com.br\/cbradar\/wp-content\/uploads\/2025\/03\/Elizabeth-Woolridge-Grant_1743163891346.jpg","type":"image\/jpeg"}],"author":"Larissa Carvalho","twitter_card":"summary_large_image","twitter_misc":{"Escrito por":"Larissa Carvalho","Est. tempo de leitura":"4 minutos"},"schema":{"@context":"https:\/\/schema.org","@graph":[{"@type":"WebPage","@id":"https:\/\/www.correiobraziliense.com.br\/cbradar\/lana-del-rey-surpreende-com-fortuna-musica-e-um-sucesso-atemporal\/","url":"https:\/\/www.correiobraziliense.com.br\/cbradar\/lana-del-rey-surpreende-com-fortuna-musica-e-um-sucesso-atemporal\/","name":"Lana Del Rey surpreende com fortuna, m\u00fasica e um sucesso atemporal","isPartOf":{"@id":"https:\/\/www.correiobraziliense.com.br\/cbradar\/#website"},"primaryImageOfPage":{"@id":"https:\/\/www.correiobraziliense.com.br\/cbradar\/lana-del-rey-surpreende-com-fortuna-musica-e-um-sucesso-atemporal\/#primaryimage"},"image":{"@id":"https:\/\/www.correiobraziliense.com.br\/cbradar\/lana-del-rey-surpreende-com-fortuna-musica-e-um-sucesso-atemporal\/#primaryimage"},"thumbnailUrl":"https:\/\/www.correiobraziliense.com.br\/cbradar\/wp-content\/uploads\/2025\/03\/Elizabeth-Woolridge-Grant_1743163891346.jpg","datePublished":"2025-03-31T17:30:00+00:00","author":{"@id":"https:\/\/www.correiobraziliense.com.br\/cbradar\/#\/schema\/person\/58422787644df994b53a19d3e56c1513"},"description":"Explora\u00e7\u00e3o da carreira vers\u00e1til de Lana Del Rey, sua influ\u00eancia na m\u00fasica e literatura, e seu patrim\u00f4nio em 2025, al\u00e9m de seus projetos atuais.","breadcrumb":{"@id":"https:\/\/www.correiobraziliense.com.br\/cbradar\/lana-del-rey-surpreende-com-fortuna-musica-e-um-sucesso-atemporal\/#breadcrumb"},"inLanguage":"pt-BR","potentialAction":[{"@type":"ReadAction","target":["https:\/\/www.correiobraziliense.com.br\/cbradar\/lana-del-rey-surpreende-com-fortuna-musica-e-um-sucesso-atemporal\/"]}]},{"@type":"ImageObject","inLanguage":"pt-BR","@id":"https:\/\/www.correiobraziliense.com.br\/cbradar\/lana-del-rey-surpreende-com-fortuna-musica-e-um-sucesso-atemporal\/#primaryimage","url":"https:\/\/www.correiobraziliense.com.br\/cbradar\/wp-content\/uploads\/2025\/03\/Elizabeth-Woolridge-Grant_1743163891346.jpg","contentUrl":"https:\/\/www.correiobraziliense.com.br\/cbradar\/wp-content\/uploads\/2025\/03\/Elizabeth-Woolridge-Grant_1743163891346.jpg","width":1280,"height":720,"caption":"Lana Del Rey Cr\u00e9ditos: depositphotos.com \/ Image Press Agency"},{"@type":"BreadcrumbList","@id":"https:\/\/www.correiobraziliense.com.br\/cbradar\/lana-del-rey-surpreende-com-fortuna-musica-e-um-sucesso-atemporal\/#breadcrumb","itemListElement":[{"@type":"ListItem","position":1,"name":"In\u00edcio","item":"https:\/\/www.correiobraziliense.com.br\/cbradar\/"},{"@type":"ListItem","position":2,"name":"Lana Del Rey surpreende com fortuna, m\u00fasica e um sucesso atemporal"}]},{"@type":"WebSite","@id":"https:\/\/www.correiobraziliense.com.br\/cbradar\/#website","url":"https:\/\/www.correiobraziliense.com.br\/cbradar\/","name":"Correio Braziliense - Radar","description":"Acompanhe as \u00faltimas not\u00edcias e fique bem informado sobre tudo o que acontece no Brasil e no mundo.","potentialAction":[{"@type":"SearchAction","target":{"@type":"EntryPoint","urlTemplate":"https:\/\/www.correiobraziliense.com.br\/cbradar\/?s={search_term_string}"},"query-input":{"@type":"PropertyValueSpecification","valueRequired":true,"valueName":"search_term_string"}}],"inLanguage":"pt-BR"},{"@type":"Person","@id":"https:\/\/www.correiobraziliense.com.br\/cbradar\/#\/schema\/person\/58422787644df994b53a19d3e56c1513","name":"Larissa Carvalho","image":{"@type":"ImageObject","inLanguage":"pt-BR","@id":"https:\/\/www.correiobraziliense.com.br\/cbradar\/#\/schema\/person\/image\/","url":"https:\/\/secure.gravatar.com\/avatar\/fe4f91a0de32b52a838d0d612abdc1aa?s=96&d=mm&r=g","contentUrl":"https:\/\/secure.gravatar.com\/avatar\/fe4f91a0de32b52a838d0d612abdc1aa?s=96&d=mm&r=g","caption":"Larissa Carvalho"},"url":"https:\/\/www.correiobraziliense.com.br\/cbradar\/author\/larissamyth\/"}]}},"_links":{"self":[{"href":"https:\/\/www.correiobraziliense.com.br\/cbradar\/wp-json\/wp\/v2\/posts\/16545","targetHints":{"allow":["GET"]}}],"collection":[{"href":"https:\/\/www.correiobraziliense.com.br\/cbradar\/wp-json\/wp\/v2\/posts"}],"about":[{"href":"https:\/\/www.correiobraziliense.com.br\/cbradar\/wp-json\/wp\/v2\/types\/post"}],"author":[{"embeddable":true,"href":"https:\/\/www.correiobraziliense.com.br\/cbradar\/wp-json\/wp\/v2\/users\/3"}],"replies":[{"embeddable":true,"href":"https:\/\/www.correiobraziliense.com.br\/cbradar\/wp-json\/wp\/v2\/comments?post=16545"}],"version-history":[{"count":2,"href":"https:\/\/www.correiobraziliense.com.br\/cbradar\/wp-json\/wp\/v2\/posts\/16545\/revisions"}],"predecessor-version":[{"id":17275,"href":"https:\/\/www.correiobraziliense.com.br\/cbradar\/wp-json\/wp\/v2\/posts\/16545\/revisions\/17275"}],"wp:featuredmedia":[{"embeddable":true,"href":"https:\/\/www.correiobraziliense.com.br\/cbradar\/wp-json\/wp\/v2\/media\/16546"}],"wp:attachment":[{"href":"https:\/\/www.correiobraziliense.com.br\/cbradar\/wp-json\/wp\/v2\/media?parent=16545"}],"wp:term":[{"taxonomy":"category","embeddable":true,"href":"https:\/\/www.correiobraziliense.com.br\/cbradar\/wp-json\/wp\/v2\/categories?post=16545"},{"taxonomy":"post_tag","embeddable":true,"href":"https:\/\/www.correiobraziliense.com.br\/cbradar\/wp-json\/wp\/v2\/post_tag?post=16545"}],"curies":[{"name":"wp","href":"https:\/\/api.w.org\/{rel}","templated":true}]}}