{"id":165659,"date":"2025-12-31T21:25:00","date_gmt":"2026-01-01T00:25:00","guid":{"rendered":"https:\/\/www.correiobraziliense.com.br\/cbradar\/?p=165659"},"modified":"2025-12-31T10:37:41","modified_gmt":"2025-12-31T13:37:41","slug":"por-que-ficamos-com-a-boca-seca-quando-estamos-nervosos","status":"publish","type":"post","link":"https:\/\/www.correiobraziliense.com.br\/cbradar\/por-que-ficamos-com-a-boca-seca-quando-estamos-nervosos\/","title":{"rendered":"Por que ficamos com a boca seca quando estamos nervosos?"},"content":{"rendered":"\n<p>Em situa\u00e7\u00f5es de tens\u00e3o, muitas pessoas percebem a <strong>boca seca<\/strong> quase imediatamente. Essa sensa\u00e7\u00e3o costuma surgir em entrevistas de emprego, apresenta\u00e7\u00f5es em p\u00fablico, discuss\u00f5es e at\u00e9 durante exames m\u00e9dicos. A mudan\u00e7a \u00e9 r\u00e1pida e pode atrapalhar a fala, a degluti\u00e7\u00e3o e at\u00e9 a clareza do racioc\u00ednio, j\u00e1 que a pessoa passa a se preocupar com o desconforto, como explica a pesquisa <a href=\"https:\/\/www.frontiersin.org\/journals\/psychology\/articles\/10.3389\/fpsyg.2016.00229\/full\" target=\"_blank\" rel=\"noreferrer noopener\">&#8220;Subjective Stress, Salivary Cortisol, and Electrophysiological Responses to Psychological Stress&#8221;.<\/a><\/p>\n\n\n\n<h2 class=\"wp-block-heading\">Por que a boca seca aparece quando a pessoa est\u00e1 nervosa<\/h2>\n\n\n\n<p>A boca seca em momentos de <strong>estresse<\/strong> est\u00e1 diretamente ligada \u00e0 ativa\u00e7\u00e3o do <strong>sistema nervoso simp\u00e1tico<\/strong>, respons\u00e1vel pela resposta de \u201cluta ou fuga\u201d. Quando o c\u00e9rebro interpreta que h\u00e1 um risco, real ou imaginado, esse sistema entra em a\u00e7\u00e3o para preparar o corpo para reagir.<\/p>\n\n\n\n<p>Nesse processo, ocorre uma mudan\u00e7a importante nas <strong>gl\u00e2ndulas salivares<\/strong>, que passam a produzir menos saliva fluida e em maior propor\u00e7\u00e3o de secre\u00e7\u00e3o espessa. Em poucos minutos, quando o corpo volta ao estado de calma, a produ\u00e7\u00e3o de saliva tende a se normalizar, desde que n\u00e3o exista alguma <strong>doen\u00e7a de base<\/strong> ou uso de medicamentos que interfiram nesse processo.<\/p>\n\n\n\n<p>Para aprofundarmos no tema, trouxemos o v\u00eddeo do Dr. Jo\u00e3o Luis:<\/p>\n\n\n\n<blockquote class=\"tiktok-embed\" cite=\"https:\/\/www.tiktok.com\/@joacilluis\/video\/7227408329298038021\" data-video-id=\"7227408329298038021\" style=\"max-width: 605px;min-width: 325px;\" > <section> <a target=\"_blank\" title=\"@joacilluis\" href=\"https:\/\/www.tiktok.com\/@joacilluis?refer=embed\">@joacilluis<\/a> Por que a boca seca na Ansiedade? <a title=\"joacilluis\" target=\"_blank\" href=\"https:\/\/www.tiktok.com\/tag\/joacilluis?refer=embed\">#joacilluis<\/a> <a title=\"ansiedade\" target=\"_blank\" href=\"https:\/\/www.tiktok.com\/tag\/ansiedade?refer=embed\">#ansiedade<\/a> <a title=\"tiktokmefezassistir\" target=\"_blank\" href=\"https:\/\/www.tiktok.com\/tag\/tiktokmefezassistir?refer=embed\">#TikTokMeFezAssistir<\/a> <a target=\"_blank\" title=\"\u266c som original - joacilluis\" href=\"https:\/\/www.tiktok.com\/music\/som-original-7227408359186500358?refer=embed\">\u266c som original &#8211; joacilluis<\/a> <\/section> <\/blockquote> <script async src=\"https:\/\/www.tiktok.com\/embed.js\"><\/script>\n\n\n\n<h2 class=\"wp-block-heading\">Como o sistema nervoso simp\u00e1tico reduz a produ\u00e7\u00e3o de saliva<\/h2>\n\n\n\n<p>Em termos fisiol\u00f3gicos, o <strong>sistema nervoso aut\u00f4nomo<\/strong> se divide em duas partes principais: simp\u00e1tica e parassimp\u00e1tica. Em momentos de tranquilidade, a por\u00e7\u00e3o <strong>parassimp\u00e1tica<\/strong> predomina e estimula as gl\u00e2ndulas salivares a produzirem grande volume de saliva aquosa, fundamental para mastiga\u00e7\u00e3o, degluti\u00e7\u00e3o e prote\u00e7\u00e3o da mucosa.<\/p>\n\n\n\n<p>Quando o sistema nervoso simp\u00e1tico assume o controle, ocorre uma s\u00e9rie de efeitos coordenados que alteram diretamente o fluxo salivar. Entre eles, destacam-se modifica\u00e7\u00f5es qu\u00edmicas e circulat\u00f3rias que explicam a sensa\u00e7\u00e3o r\u00e1pida de <strong>secura na boca<\/strong>, especialmente em situa\u00e7\u00f5es de ansiedade intensa.<\/p>\n\n\n\n<ul class=\"wp-block-list\">\n<li><strong>Libera\u00e7\u00e3o<\/strong> de subst\u00e2ncias qu\u00edmicas, como adrenalina e noradrenalina.<\/li>\n\n\n\n<li><strong>Redu\u00e7\u00e3o<\/strong> do fluxo sangu\u00edneo para as gl\u00e2ndulas salivares.<\/li>\n\n\n\n<li><strong>Diminui\u00e7\u00e3o<\/strong> do est\u00edmulo nervoso que favorece a secre\u00e7\u00e3o de saliva fluida.<\/li>\n\n\n\n<li><strong>Aumento relativo<\/strong> de secre\u00e7\u00e3o mais espessa, com menor volume total.<\/li>\n<\/ul>\n\n\n\n<p>Esse conjunto de mudan\u00e7as faz com que a saliva fique escassa, a l\u00edngua se torne mais \u00e1spera e a fala possa sair menos clara. Em pessoas que j\u00e1 t\u00eam tend\u00eancia \u00e0 <strong>xeroftalmia<\/strong> (secura de mucosas) ou fazem uso de medicamentos que ressecam a boca, o efeito do estresse emocional costuma ser mais evidente e inc\u00f4modo.<\/p>\n\n\n\n<h2 class=\"wp-block-heading\">Quais fatores podem piorar a boca seca causada pelo nervosismo<\/h2>\n\n\n\n<p>A ativa\u00e7\u00e3o do sistema nervoso simp\u00e1tico \u00e9 o principal mecanismo, mas outros fatores associados ao <strong>nervosismo<\/strong> podem agravar a secura na boca. Entre eles, destaca-se a <strong>respira\u00e7\u00e3o pela boca<\/strong>, comum quando a pessoa est\u00e1 ansiosa ou ofegante, acelerando a evapora\u00e7\u00e3o da saliva j\u00e1 reduzida.<\/p>\n\n\n\n<p>H\u00e1 ainda a tend\u00eancia de algumas pessoas consumirem <strong>caf\u00e9, bebidas energ\u00e9ticas ou cigarro<\/strong> em momentos de tens\u00e3o, subst\u00e2ncias que potencializam a sensa\u00e7\u00e3o de boca seca. Certos medicamentos para ansiedade, depress\u00e3o, alergias e press\u00e3o alta tamb\u00e9m interferem na produ\u00e7\u00e3o salivar, somando-se ao estado de alerta do organismo.<\/p>\n\n\n\n<figure class=\"wp-block-image size-large\"><img decoding=\"async\" width=\"1024\" height=\"576\" src=\"https:\/\/www.correiobraziliense.com.br\/cbradar\/wp-content\/uploads\/2025\/12\/\u2705-BANNER-MYTH-23-3-1024x576.png\" alt=\"Por que ficamos com a boca seca quando estamos nervosos?\" class=\"wp-image-165662\" srcset=\"https:\/\/www.correiobraziliense.com.br\/cbradar\/wp-content\/uploads\/2025\/12\/\u2705-BANNER-MYTH-23-3-1024x576.png 1024w, https:\/\/www.correiobraziliense.com.br\/cbradar\/wp-content\/uploads\/2025\/12\/\u2705-BANNER-MYTH-23-3-300x169.png 300w, https:\/\/www.correiobraziliense.com.br\/cbradar\/wp-content\/uploads\/2025\/12\/\u2705-BANNER-MYTH-23-3-768x432.png 768w, https:\/\/www.correiobraziliense.com.br\/cbradar\/wp-content\/uploads\/2025\/12\/\u2705-BANNER-MYTH-23-3-750x422.png 750w, https:\/\/www.correiobraziliense.com.br\/cbradar\/wp-content\/uploads\/2025\/12\/\u2705-BANNER-MYTH-23-3-1140x641.png 1140w, https:\/\/www.correiobraziliense.com.br\/cbradar\/wp-content\/uploads\/2025\/12\/\u2705-BANNER-MYTH-23-3.png 1280w\" sizes=\"(max-width: 1024px) 100vw, 1024px\" \/><figcaption class=\"wp-element-caption\">Sente a boca seca na hora H? \u00c9 o nervoso falando! Respire fundo e hidrate para voltar a brilhar na conversa sem esfor\u00e7o. <\/figcaption><\/figure>\n\n\n\n<h2 class=\"wp-block-heading\">Como evitar ou aliviar a boca seca provocada pelo nervosismo<\/h2>\n\n\n\n<p>Embora n\u00e3o seja poss\u00edvel eliminar completamente a resposta fisiol\u00f3gica ao estresse, existem estrat\u00e9gias simples que ajudam a reduzir a sensa\u00e7\u00e3o de <strong>boca seca<\/strong> quando o sistema nervoso simp\u00e1tico est\u00e1 atuando de forma intensa. Essas medidas atuam tanto na produ\u00e7\u00e3o de saliva quanto no controle da ansiedade.<\/p>\n\n\n\n<ul class=\"wp-block-list\">\n<li><strong>Hidrata\u00e7\u00e3o regular<\/strong>: manter o consumo adequado de \u00e1gua ao longo do dia favorece a produ\u00e7\u00e3o de saliva.<\/li>\n\n\n\n<li><strong>Respira\u00e7\u00e3o nasal e controlada<\/strong>: respirar pelo nariz e de forma mais lenta reduz a evapora\u00e7\u00e3o da saliva e a tens\u00e3o.<\/li>\n\n\n\n<li><strong>Mastigar chiclete sem a\u00e7\u00facar<\/strong>: a mastiga\u00e7\u00e3o estimula mecanicamente as gl\u00e2ndulas salivares.<\/li>\n\n\n\n<li><strong>Evitar \u00e1lcool, cigarro e excesso de cafe\u00edna<\/strong>: essas subst\u00e2ncias est\u00e3o associadas \u00e0 redu\u00e7\u00e3o da produ\u00e7\u00e3o salivar.<\/li>\n\n\n\n<li><strong>Uso de saliva artificial ou g\u00e9is hidratantes<\/strong>: em casos recorrentes, produtos espec\u00edficos podem ser indicados por profissionais de sa\u00fade.<\/li>\n\n\n\n<li><strong>Cuidado com medicamentos<\/strong>: quando poss\u00edvel, ajustar com o m\u00e9dico rem\u00e9dios que provoquem boca seca.<\/li>\n\n\n\n<li><strong>T\u00e9cnicas de manejo do estresse<\/strong>: medita\u00e7\u00e3o, terapia e relaxamento muscular reduzem epis\u00f3dios de nervosismo intenso.<\/li>\n<\/ul>\n\n\n\n<p>Em situa\u00e7\u00f5es em que a <strong>boca seca<\/strong> se torna persistente, surge em repouso ou vem acompanhada de outros sintomas, a avalia\u00e7\u00e3o profissional \u00e9 recomendada. Em alguns casos, a secura oral est\u00e1 ligada apenas \u00e0 a\u00e7\u00e3o do sistema nervoso simp\u00e1tico, mas em outros pode sinalizar <strong>doen\u00e7as sist\u00eamicas<\/strong> ou efeitos relevantes de medicamentos, que exigem acompanhamento espec\u00edfico.<\/p>\n","protected":false},"excerpt":{"rendered":"<p>Boca seca ao ficar nervoso? Entenda como o sistema nervoso simp\u00e1tico reduz a saliva e veja dicas pr\u00e1ticas para aliviar o problema.<\/p>\n","protected":false},"author":3,"featured_media":166280,"comment_status":"open","ping_status":"open","sticky":false,"template":"","format":"standard","meta":{"_yoast_wpseo_focuskw":"boca seca nervoso","_yoast_wpseo_title":"%%title%%","_yoast_wpseo_metadesc":"Boca seca ao ficar nervoso? Entenda como o sistema nervoso simp\u00e1tico reduz a saliva e veja dicas pr\u00e1ticas para aliviar o problema.","jnews-multi-image_gallery":[],"jnews_single_post":{"format":"standard"},"jnews_primary_category":[],"jnews_social_meta":[],"jnews_override_counter":[],"footnotes":""},"categories":[112],"post_tag":[13306,3559,144,565,10598],"class_list":["post-165659","post","type-post","status-publish","format-standard","has-post-thumbnail","hentry","category-curiosidades","tag-boca-seca","tag-corpo-humano","tag-curiosidades","tag-saude","tag-sistema-nervoso"],"yoast_head":"<!-- This site is optimized with the Yoast SEO plugin v24.6 - https:\/\/yoast.com\/wordpress\/plugins\/seo\/ -->\n<title>Por que ficamos com a boca seca quando estamos nervosos?<\/title>\n<meta name=\"description\" content=\"Boca seca ao ficar nervoso? Entenda como o sistema nervoso simp\u00e1tico reduz a saliva e veja dicas pr\u00e1ticas para aliviar o problema.\" \/>\n<meta name=\"robots\" content=\"index, follow, max-snippet:-1, max-image-preview:large, max-video-preview:-1\" \/>\n<link rel=\"canonical\" href=\"https:\/\/www.correiobraziliense.com.br\/cbradar\/por-que-ficamos-com-a-boca-seca-quando-estamos-nervosos\/\" \/>\n<meta property=\"og:locale\" content=\"pt_BR\" \/>\n<meta property=\"og:type\" content=\"article\" \/>\n<meta property=\"og:title\" content=\"Por que ficamos com a boca seca quando estamos nervosos?\" \/>\n<meta property=\"og:description\" content=\"Boca seca ao ficar nervoso? Entenda como o sistema nervoso simp\u00e1tico reduz a saliva e veja dicas pr\u00e1ticas para aliviar o problema.\" \/>\n<meta property=\"og:url\" content=\"https:\/\/www.correiobraziliense.com.br\/cbradar\/por-que-ficamos-com-a-boca-seca-quando-estamos-nervosos\/\" \/>\n<meta property=\"og:site_name\" content=\"Correio Braziliense - Radar\" \/>\n<meta property=\"article:published_time\" content=\"2026-01-01T00:25:00+00:00\" \/>\n<meta property=\"og:image\" content=\"https:\/\/www.correiobraziliense.com.br\/cbradar\/wp-content\/uploads\/2025\/12\/\u2705-BANNER-MYTH-52-2.png\" \/>\n\t<meta property=\"og:image:width\" content=\"1280\" \/>\n\t<meta property=\"og:image:height\" content=\"720\" \/>\n\t<meta property=\"og:image:type\" content=\"image\/png\" \/>\n<meta name=\"author\" content=\"Larissa Carvalho\" \/>\n<meta name=\"twitter:card\" content=\"summary_large_image\" \/>\n<meta name=\"twitter:label1\" content=\"Escrito por\" \/>\n\t<meta name=\"twitter:data1\" content=\"Larissa Carvalho\" \/>\n\t<meta name=\"twitter:label2\" content=\"Est. tempo de leitura\" \/>\n\t<meta name=\"twitter:data2\" content=\"5 minutos\" \/>\n<!-- \/ Yoast SEO plugin. -->","yoast_head_json":{"title":"Por que ficamos com a boca seca quando estamos nervosos?","description":"Boca seca ao ficar nervoso? Entenda como o sistema nervoso simp\u00e1tico reduz a saliva e veja dicas pr\u00e1ticas para aliviar o problema.","robots":{"index":"index","follow":"follow","max-snippet":"max-snippet:-1","max-image-preview":"max-image-preview:large","max-video-preview":"max-video-preview:-1"},"canonical":"https:\/\/www.correiobraziliense.com.br\/cbradar\/por-que-ficamos-com-a-boca-seca-quando-estamos-nervosos\/","og_locale":"pt_BR","og_type":"article","og_title":"Por que ficamos com a boca seca quando estamos nervosos?","og_description":"Boca seca ao ficar nervoso? Entenda como o sistema nervoso simp\u00e1tico reduz a saliva e veja dicas pr\u00e1ticas para aliviar o problema.","og_url":"https:\/\/www.correiobraziliense.com.br\/cbradar\/por-que-ficamos-com-a-boca-seca-quando-estamos-nervosos\/","og_site_name":"Correio Braziliense - Radar","article_published_time":"2026-01-01T00:25:00+00:00","og_image":[{"width":1280,"height":720,"url":"https:\/\/www.correiobraziliense.com.br\/cbradar\/wp-content\/uploads\/2025\/12\/\u2705-BANNER-MYTH-52-2.png","type":"image\/png"}],"author":"Larissa Carvalho","twitter_card":"summary_large_image","twitter_misc":{"Escrito por":"Larissa Carvalho","Est. tempo de leitura":"5 minutos"},"schema":{"@context":"https:\/\/schema.org","@graph":[{"@type":"WebPage","@id":"https:\/\/www.correiobraziliense.com.br\/cbradar\/por-que-ficamos-com-a-boca-seca-quando-estamos-nervosos\/","url":"https:\/\/www.correiobraziliense.com.br\/cbradar\/por-que-ficamos-com-a-boca-seca-quando-estamos-nervosos\/","name":"Por que ficamos com a boca seca quando estamos nervosos?","isPartOf":{"@id":"https:\/\/www.correiobraziliense.com.br\/cbradar\/#website"},"primaryImageOfPage":{"@id":"https:\/\/www.correiobraziliense.com.br\/cbradar\/por-que-ficamos-com-a-boca-seca-quando-estamos-nervosos\/#primaryimage"},"image":{"@id":"https:\/\/www.correiobraziliense.com.br\/cbradar\/por-que-ficamos-com-a-boca-seca-quando-estamos-nervosos\/#primaryimage"},"thumbnailUrl":"https:\/\/www.correiobraziliense.com.br\/cbradar\/wp-content\/uploads\/2025\/12\/\u2705-BANNER-MYTH-52-2.png","datePublished":"2026-01-01T00:25:00+00:00","author":{"@id":"https:\/\/www.correiobraziliense.com.br\/cbradar\/#\/schema\/person\/58422787644df994b53a19d3e56c1513"},"description":"Boca seca ao ficar nervoso? Entenda como o sistema nervoso simp\u00e1tico reduz a saliva e veja dicas pr\u00e1ticas para aliviar o problema.","breadcrumb":{"@id":"https:\/\/www.correiobraziliense.com.br\/cbradar\/por-que-ficamos-com-a-boca-seca-quando-estamos-nervosos\/#breadcrumb"},"inLanguage":"pt-BR","potentialAction":[{"@type":"ReadAction","target":["https:\/\/www.correiobraziliense.com.br\/cbradar\/por-que-ficamos-com-a-boca-seca-quando-estamos-nervosos\/"]}]},{"@type":"ImageObject","inLanguage":"pt-BR","@id":"https:\/\/www.correiobraziliense.com.br\/cbradar\/por-que-ficamos-com-a-boca-seca-quando-estamos-nervosos\/#primaryimage","url":"https:\/\/www.correiobraziliense.com.br\/cbradar\/wp-content\/uploads\/2025\/12\/\u2705-BANNER-MYTH-52-2.png","contentUrl":"https:\/\/www.correiobraziliense.com.br\/cbradar\/wp-content\/uploads\/2025\/12\/\u2705-BANNER-MYTH-52-2.png","width":1280,"height":720,"caption":"Sente a boca seca na hora H? \u00c9 o estresse brincando! Respire fundo e volte a brilhar em apresenta\u00e7\u00f5es e debates."},{"@type":"BreadcrumbList","@id":"https:\/\/www.correiobraziliense.com.br\/cbradar\/por-que-ficamos-com-a-boca-seca-quando-estamos-nervosos\/#breadcrumb","itemListElement":[{"@type":"ListItem","position":1,"name":"In\u00edcio","item":"https:\/\/www.correiobraziliense.com.br\/cbradar\/"},{"@type":"ListItem","position":2,"name":"Por que ficamos com a boca seca quando estamos nervosos?"}]},{"@type":"WebSite","@id":"https:\/\/www.correiobraziliense.com.br\/cbradar\/#website","url":"https:\/\/www.correiobraziliense.com.br\/cbradar\/","name":"Correio Braziliense - Radar","description":"Acompanhe as \u00faltimas not\u00edcias e fique bem informado sobre tudo o que acontece no Brasil e no mundo.","potentialAction":[{"@type":"SearchAction","target":{"@type":"EntryPoint","urlTemplate":"https:\/\/www.correiobraziliense.com.br\/cbradar\/?s={search_term_string}"},"query-input":{"@type":"PropertyValueSpecification","valueRequired":true,"valueName":"search_term_string"}}],"inLanguage":"pt-BR"},{"@type":"Person","@id":"https:\/\/www.correiobraziliense.com.br\/cbradar\/#\/schema\/person\/58422787644df994b53a19d3e56c1513","name":"Larissa Carvalho","image":{"@type":"ImageObject","inLanguage":"pt-BR","@id":"https:\/\/www.correiobraziliense.com.br\/cbradar\/#\/schema\/person\/image\/","url":"https:\/\/secure.gravatar.com\/avatar\/fe4f91a0de32b52a838d0d612abdc1aa?s=96&d=mm&r=g","contentUrl":"https:\/\/secure.gravatar.com\/avatar\/fe4f91a0de32b52a838d0d612abdc1aa?s=96&d=mm&r=g","caption":"Larissa Carvalho"},"url":"https:\/\/www.correiobraziliense.com.br\/cbradar\/author\/larissamyth\/"}]}},"_links":{"self":[{"href":"https:\/\/www.correiobraziliense.com.br\/cbradar\/wp-json\/wp\/v2\/posts\/165659","targetHints":{"allow":["GET"]}}],"collection":[{"href":"https:\/\/www.correiobraziliense.com.br\/cbradar\/wp-json\/wp\/v2\/posts"}],"about":[{"href":"https:\/\/www.correiobraziliense.com.br\/cbradar\/wp-json\/wp\/v2\/types\/post"}],"author":[{"embeddable":true,"href":"https:\/\/www.correiobraziliense.com.br\/cbradar\/wp-json\/wp\/v2\/users\/3"}],"replies":[{"embeddable":true,"href":"https:\/\/www.correiobraziliense.com.br\/cbradar\/wp-json\/wp\/v2\/comments?post=165659"}],"version-history":[{"count":2,"href":"https:\/\/www.correiobraziliense.com.br\/cbradar\/wp-json\/wp\/v2\/posts\/165659\/revisions"}],"predecessor-version":[{"id":165666,"href":"https:\/\/www.correiobraziliense.com.br\/cbradar\/wp-json\/wp\/v2\/posts\/165659\/revisions\/165666"}],"wp:featuredmedia":[{"embeddable":true,"href":"https:\/\/www.correiobraziliense.com.br\/cbradar\/wp-json\/wp\/v2\/media\/166280"}],"wp:attachment":[{"href":"https:\/\/www.correiobraziliense.com.br\/cbradar\/wp-json\/wp\/v2\/media?parent=165659"}],"wp:term":[{"taxonomy":"category","embeddable":true,"href":"https:\/\/www.correiobraziliense.com.br\/cbradar\/wp-json\/wp\/v2\/categories?post=165659"},{"taxonomy":"post_tag","embeddable":true,"href":"https:\/\/www.correiobraziliense.com.br\/cbradar\/wp-json\/wp\/v2\/post_tag?post=165659"}],"curies":[{"name":"wp","href":"https:\/\/api.w.org\/{rel}","templated":true}]}}