{"id":165805,"date":"2026-01-06T13:25:00","date_gmt":"2026-01-06T16:25:00","guid":{"rendered":"https:\/\/www.correiobraziliense.com.br\/cbradar\/?p=165805"},"modified":"2026-01-05T09:50:03","modified_gmt":"2026-01-05T12:50:03","slug":"riscos-de-giz-de-cera-na-parede-por-que-o-secador-de-cabelo-e-a-melhor-ferramenta","status":"publish","type":"post","link":"https:\/\/www.correiobraziliense.com.br\/cbradar\/riscos-de-giz-de-cera-na-parede-por-que-o-secador-de-cabelo-e-a-melhor-ferramenta\/","title":{"rendered":"Riscos de giz de cera na parede: por que o secador de cabelo \u00e9 a melhor ferramenta"},"content":{"rendered":"\n<p>A &#8220;obra de arte&#8221; inesperada das crian\u00e7as na parede da sala n\u00e3o precisa terminar em uma pintura nova ou em manchas desbotadas de tanto esfregar. O uso de um <strong>secador de cabelo<\/strong> \u00e9 a t\u00e9cnica mais segura e eficiente para remover giz de cera, utilizando calor para reverter a ader\u00eancia f\u00edsica do material sem agredir o acabamento da superf\u00edcie.<\/p>\n\n\n\n<h2 class=\"wp-block-heading\">A f\u00edsica da mudan\u00e7a de estado: de s\u00f3lido para l\u00edquido<\/h2>\n\n\n\n<p>O giz de cera \u00e9 composto majoritariamente por parafina e pigmentos. Em temperatura ambiente, ele \u00e9 um s\u00f3lido ceroso que adere aos poros da parede. Tentar limpar esfregando com for\u00e7a apenas empurra essa cera mais fundo na textura e espalha o pigmento, criando um borr\u00e3o colorido dif\u00edcil de remover.<\/p>\n\n\n\n<p>Ao aplicar ar quente, voc\u00ea eleva a temperatura da parafina at\u00e9 seu <strong>ponto de fus\u00e3o<\/strong> (entre 45\u00b0C e 65\u00b0C). Nesse estado l\u00edquido, a cera perde sua ader\u00eancia mec\u00e2nica \u00e0 parede, soltando-se da tinta e ficando pronta para ser absorvida suavemente, em vez de raspada.<\/p>\n\n\n\n<figure class=\"wp-block-image aligncenter size-large\"><img decoding=\"async\" width=\"1024\" height=\"576\" src=\"https:\/\/www.correiobraziliense.com.br\/cbradar\/wp-content\/uploads\/2025\/12\/imagem_2025-12-30_015226661-1024x576.png\" alt=\"Riscos de giz de cera na parede: por que o secador de cabelo \u00e9 a melhor ferramenta\" class=\"wp-image-165806\" srcset=\"https:\/\/www.correiobraziliense.com.br\/cbradar\/wp-content\/uploads\/2025\/12\/imagem_2025-12-30_015226661-1024x576.png 1024w, https:\/\/www.correiobraziliense.com.br\/cbradar\/wp-content\/uploads\/2025\/12\/imagem_2025-12-30_015226661-300x169.png 300w, https:\/\/www.correiobraziliense.com.br\/cbradar\/wp-content\/uploads\/2025\/12\/imagem_2025-12-30_015226661-768x432.png 768w, https:\/\/www.correiobraziliense.com.br\/cbradar\/wp-content\/uploads\/2025\/12\/imagem_2025-12-30_015226661-750x422.png 750w, https:\/\/www.correiobraziliense.com.br\/cbradar\/wp-content\/uploads\/2025\/12\/imagem_2025-12-30_015226661-1140x641.png 1140w, https:\/\/www.correiobraziliense.com.br\/cbradar\/wp-content\/uploads\/2025\/12\/imagem_2025-12-30_015226661.png 1280w\" sizes=\"(max-width: 1024px) 100vw, 1024px\" \/><figcaption class=\"wp-element-caption\">Calor do secador amolece o giz de cera e facilita a remo\u00e7\u00e3o das marcas na parede\n<\/figcaption><\/figure>\n\n\n\n<h2 class=\"wp-block-heading\">Por que o calor vence os abrasivos e solventes?<\/h2>\n\n\n\n<p>Esponjas abrasivas (como a parte verde da bucha) ou solventes qu\u00edmicos (como removedores) atacam a camada de tinta junto com a sujeira. O resultado frequentemente \u00e9 uma parede limpa, mas com uma mancha fosca ou desbotada onde o verniz da tinta foi removido.<\/p>\n\n\n\n<p>O m\u00e9todo t\u00e9rmico age apenas sobre o contaminante (a cera), preservando a integridade da tinta l\u00e1tex ou acr\u00edlica por baixo. \u00c9 uma <strong>remo\u00e7\u00e3o cir\u00fargica<\/strong> que dispensa for\u00e7a bruta.<\/p>\n\n\n\n<p>Compare os resultados dos m\u00e9todos comuns de limpeza:<\/p>\n\n\n\n<figure class=\"wp-block-table\"><table class=\"has-fixed-layout\"><tbody><tr><td><strong>M\u00e9todo<\/strong><\/td><td><strong>A\u00e7\u00e3o na Parede<\/strong><\/td><td><strong>Resultado Final<\/strong><\/td><\/tr><tr><td>Esponja\/Pano \u00damido<\/td><td>Fric\u00e7\u00e3o mec\u00e2nica<\/td><td>Espalha a mancha (Piora)<\/td><\/tr><tr><td>Esponja M\u00e1gica<\/td><td>Microabras\u00e3o<\/td><td>Remove o brilho da tinta<\/td><\/tr><tr><td>Secador de Cabelo<\/td><td>Fus\u00e3o t\u00e9rmica<\/td><td>Limpeza total sem danos<\/td><\/tr><\/tbody><\/table><\/figure>\n\n\n\n<p>Leia tamb\u00e9m: <a href=\"http:\/\/www.correiobraziliense.com.br\/cbradar\/misturar-folhas-de-louro-e-bicarbonato-de-sodio-multiplos-usos-domesticos\/\" target=\"_blank\" rel=\"noreferrer noopener\">Misturar folhas de louro e bicarbonato de s\u00f3dio: m\u00faltiplos usos dom\u00e9sticos<\/a><\/p>\n\n\n\n<h2 class=\"wp-block-heading\">O passo a passo para a remo\u00e7\u00e3o perfeita<\/h2>\n\n\n\n<p>Para executar a t\u00e9cnica, ligue o secador na temperatura m\u00e1xima e direcione o jato de ar para o risco a uma dist\u00e2ncia de cerca de 10 cm. Aguarde alguns segundos at\u00e9 perceber que a cera do giz come\u00e7ou a brilhar (sinal de que est\u00e1 derretendo).<\/p>\n\n\n\n<p>Imediatamente, encoste um <strong>papel toalha<\/strong> ou pano de microfibra velho sobre a \u00e1rea. N\u00e3o esfregue; fa\u00e7a movimentos leves para que o papel absorva a cera l\u00edquida. Repita o processo, avan\u00e7ando por partes, at\u00e9 que todo o desenho tenha sido transferido da parede para o papel.<\/p>\n\n\n\n<figure class=\"wp-block-image aligncenter size-large\"><img decoding=\"async\" width=\"1024\" height=\"576\" src=\"https:\/\/www.correiobraziliense.com.br\/cbradar\/wp-content\/uploads\/2025\/12\/imagem_2025-12-30_015511849-1024x576.png\" alt=\"Calor do secador amolece o giz de cera e facilita a remo\u00e7\u00e3o das marcas na parede\n\" class=\"wp-image-165807\" srcset=\"https:\/\/www.correiobraziliense.com.br\/cbradar\/wp-content\/uploads\/2025\/12\/imagem_2025-12-30_015511849-1024x576.png 1024w, https:\/\/www.correiobraziliense.com.br\/cbradar\/wp-content\/uploads\/2025\/12\/imagem_2025-12-30_015511849-300x169.png 300w, https:\/\/www.correiobraziliense.com.br\/cbradar\/wp-content\/uploads\/2025\/12\/imagem_2025-12-30_015511849-768x432.png 768w, https:\/\/www.correiobraziliense.com.br\/cbradar\/wp-content\/uploads\/2025\/12\/imagem_2025-12-30_015511849-750x422.png 750w, https:\/\/www.correiobraziliense.com.br\/cbradar\/wp-content\/uploads\/2025\/12\/imagem_2025-12-30_015511849-1140x641.png 1140w, https:\/\/www.correiobraziliense.com.br\/cbradar\/wp-content\/uploads\/2025\/12\/imagem_2025-12-30_015511849.png 1280w\" sizes=\"(max-width: 1024px) 100vw, 1024px\" \/><figcaption class=\"wp-element-caption\">Calor do secador amolece o giz de cera e facilita a remo\u00e7\u00e3o das marcas na parede\n<\/figcaption><\/figure>\n\n\n\n<h2 class=\"wp-block-heading\">Finaliza\u00e7\u00e3o para remover o &#8220;filme&#8221; de gordura<\/h2>\n\n\n\n<p>Ap\u00f3s retirar o grosso da pigmenta\u00e7\u00e3o com o calor, \u00e9 normal que reste um leve res\u00edduo oleoso transparente na parede. Para essa etapa final, uma esponja macia umedecida com um pouco de <strong>detergente neutro<\/strong> resolve o problema.<\/p>\n\n\n\n<p>Como a camada espessa de cera j\u00e1 foi removida pelo calor, o detergente consegue atuar facilmente na gordura residual sem exigir que voc\u00ea esfregue com for\u00e7a, deixando a parede com apar\u00eancia de nova.<\/p>\n\n\n\n<h2 class=\"wp-block-heading\">Cuidado com tintas sens\u00edveis ao calor<\/h2>\n\n\n\n<p>Embora seguro para a maioria das alvenarias, evite manter o secador focado em um \u00fanico ponto por muito tempo se a sua tinta for do tipo &#8220;emborrachada&#8221; ou muito pl\u00e1stica, para evitar bolhas. O movimento deve ser constante, apenas o suficiente para amolecer o giz.<\/p>\n\n\n\n<h2 class=\"wp-block-heading\">Restaura\u00e7\u00e3o sem repintura<\/h2>\n\n\n\n<ul class=\"wp-block-list\">\n<li>O calor do secador derrete a parafina do giz, permitindo sua remo\u00e7\u00e3o sem esfor\u00e7o f\u00edsico.<\/li>\n\n\n\n<li>Evita o uso de abrasivos que mancham ou retiram o brilho da pintura original.<\/li>\n\n\n\n<li>O uso de papel toalha absorve a cera l\u00edquida, impedindo que a mancha se espalhe.<\/li>\n<\/ul>\n","protected":false},"excerpt":{"rendered":"<p>A &#8220;obra de arte&#8221; inesperada das crian\u00e7as na parede da sala n\u00e3o precisa terminar em uma pintura nova ou em manchas desbotadas de tanto esfregar. O uso de um secador de cabelo \u00e9 a t\u00e9cnica mais segura e eficiente para remover giz de cera, utilizando calor para reverter a ader\u00eancia f\u00edsica do material sem agredir [&hellip;]<\/p>\n","protected":false},"author":11,"featured_media":169404,"comment_status":"open","ping_status":"open","sticky":false,"template":"","format":"standard","meta":{"_yoast_wpseo_focuskw":"Calor do secador","_yoast_wpseo_title":"","_yoast_wpseo_metadesc":"Calor do secador amolece giz de cera na parede facilitando a remo\u00e7\u00e3o sem manchas e preservando a pintura com m\u00e9todo simples","jnews-multi-image_gallery":[],"jnews_single_post":{"format":"standard"},"jnews_primary_category":[],"jnews_social_meta":[],"jnews_override_counter":[],"footnotes":""},"categories":[143],"post_tag":[12859,10176,13321],"class_list":["post-165805","post","type-post","status-publish","format-standard","has-post-thumbnail","hentry","category-casa-e-decoracao","tag-giz","tag-parede","tag-secador"],"yoast_head":"<!-- This site is optimized with the Yoast SEO plugin v24.6 - https:\/\/yoast.com\/wordpress\/plugins\/seo\/ -->\n<title>Riscos de giz de cera na parede: por que o secador de cabelo \u00e9 a melhor ferramenta - Correio Braziliense - Radar<\/title>\n<meta name=\"description\" content=\"Calor do secador amolece giz de cera na parede facilitando a remo\u00e7\u00e3o sem manchas e preservando a pintura com m\u00e9todo simples\" \/>\n<meta name=\"robots\" content=\"index, follow, max-snippet:-1, max-image-preview:large, max-video-preview:-1\" \/>\n<link rel=\"canonical\" href=\"https:\/\/www.correiobraziliense.com.br\/cbradar\/riscos-de-giz-de-cera-na-parede-por-que-o-secador-de-cabelo-e-a-melhor-ferramenta\/\" \/>\n<meta property=\"og:locale\" content=\"pt_BR\" \/>\n<meta property=\"og:type\" content=\"article\" \/>\n<meta property=\"og:title\" content=\"Riscos de giz de cera na parede: por que o secador de cabelo \u00e9 a melhor ferramenta - Correio Braziliense - Radar\" \/>\n<meta property=\"og:description\" content=\"Calor do secador amolece giz de cera na parede facilitando a remo\u00e7\u00e3o sem manchas e preservando a pintura com m\u00e9todo simples\" \/>\n<meta property=\"og:url\" content=\"https:\/\/www.correiobraziliense.com.br\/cbradar\/riscos-de-giz-de-cera-na-parede-por-que-o-secador-de-cabelo-e-a-melhor-ferramenta\/\" \/>\n<meta property=\"og:site_name\" content=\"Correio Braziliense - Radar\" \/>\n<meta property=\"article:published_time\" content=\"2026-01-06T16:25:00+00:00\" \/>\n<meta property=\"og:image\" content=\"https:\/\/www.correiobraziliense.com.br\/cbradar\/wp-content\/uploads\/2026\/01\/freepik__imagem-realista-de-riscos-de-giz-de-cera-na-parede__7873.png\" \/>\n\t<meta property=\"og:image:width\" content=\"1280\" \/>\n\t<meta property=\"og:image:height\" content=\"720\" \/>\n\t<meta property=\"og:image:type\" content=\"image\/png\" \/>\n<meta name=\"author\" content=\"Paulo Custodio\" \/>\n<meta name=\"twitter:card\" content=\"summary_large_image\" \/>\n<meta name=\"twitter:label1\" content=\"Escrito por\" \/>\n\t<meta name=\"twitter:data1\" content=\"Paulo Custodio\" \/>\n\t<meta name=\"twitter:label2\" content=\"Est. tempo de leitura\" \/>\n\t<meta name=\"twitter:data2\" content=\"4 minutos\" \/>\n<!-- \/ Yoast SEO plugin. -->","yoast_head_json":{"title":"Riscos de giz de cera na parede: por que o secador de cabelo \u00e9 a melhor ferramenta - Correio Braziliense - Radar","description":"Calor do secador amolece giz de cera na parede facilitando a remo\u00e7\u00e3o sem manchas e preservando a pintura com m\u00e9todo simples","robots":{"index":"index","follow":"follow","max-snippet":"max-snippet:-1","max-image-preview":"max-image-preview:large","max-video-preview":"max-video-preview:-1"},"canonical":"https:\/\/www.correiobraziliense.com.br\/cbradar\/riscos-de-giz-de-cera-na-parede-por-que-o-secador-de-cabelo-e-a-melhor-ferramenta\/","og_locale":"pt_BR","og_type":"article","og_title":"Riscos de giz de cera na parede: por que o secador de cabelo \u00e9 a melhor ferramenta - Correio Braziliense - Radar","og_description":"Calor do secador amolece giz de cera na parede facilitando a remo\u00e7\u00e3o sem manchas e preservando a pintura com m\u00e9todo simples","og_url":"https:\/\/www.correiobraziliense.com.br\/cbradar\/riscos-de-giz-de-cera-na-parede-por-que-o-secador-de-cabelo-e-a-melhor-ferramenta\/","og_site_name":"Correio Braziliense - Radar","article_published_time":"2026-01-06T16:25:00+00:00","og_image":[{"width":1280,"height":720,"url":"https:\/\/www.correiobraziliense.com.br\/cbradar\/wp-content\/uploads\/2026\/01\/freepik__imagem-realista-de-riscos-de-giz-de-cera-na-parede__7873.png","type":"image\/png"}],"author":"Paulo Custodio","twitter_card":"summary_large_image","twitter_misc":{"Escrito por":"Paulo Custodio","Est. tempo de leitura":"4 minutos"},"schema":{"@context":"https:\/\/schema.org","@graph":[{"@type":"WebPage","@id":"https:\/\/www.correiobraziliense.com.br\/cbradar\/riscos-de-giz-de-cera-na-parede-por-que-o-secador-de-cabelo-e-a-melhor-ferramenta\/","url":"https:\/\/www.correiobraziliense.com.br\/cbradar\/riscos-de-giz-de-cera-na-parede-por-que-o-secador-de-cabelo-e-a-melhor-ferramenta\/","name":"Riscos de giz de cera na parede: por que o secador de cabelo \u00e9 a melhor ferramenta - Correio Braziliense - Radar","isPartOf":{"@id":"https:\/\/www.correiobraziliense.com.br\/cbradar\/#website"},"primaryImageOfPage":{"@id":"https:\/\/www.correiobraziliense.com.br\/cbradar\/riscos-de-giz-de-cera-na-parede-por-que-o-secador-de-cabelo-e-a-melhor-ferramenta\/#primaryimage"},"image":{"@id":"https:\/\/www.correiobraziliense.com.br\/cbradar\/riscos-de-giz-de-cera-na-parede-por-que-o-secador-de-cabelo-e-a-melhor-ferramenta\/#primaryimage"},"thumbnailUrl":"https:\/\/www.correiobraziliense.com.br\/cbradar\/wp-content\/uploads\/2026\/01\/freepik__imagem-realista-de-riscos-de-giz-de-cera-na-parede__7873.png","datePublished":"2026-01-06T16:25:00+00:00","author":{"@id":"https:\/\/www.correiobraziliense.com.br\/cbradar\/#\/schema\/person\/4cec7857301a9a1a2ef249893cd908d3"},"description":"Calor do secador amolece giz de cera na parede facilitando a remo\u00e7\u00e3o sem manchas e preservando a pintura com m\u00e9todo simples","breadcrumb":{"@id":"https:\/\/www.correiobraziliense.com.br\/cbradar\/riscos-de-giz-de-cera-na-parede-por-que-o-secador-de-cabelo-e-a-melhor-ferramenta\/#breadcrumb"},"inLanguage":"pt-BR","potentialAction":[{"@type":"ReadAction","target":["https:\/\/www.correiobraziliense.com.br\/cbradar\/riscos-de-giz-de-cera-na-parede-por-que-o-secador-de-cabelo-e-a-melhor-ferramenta\/"]}]},{"@type":"ImageObject","inLanguage":"pt-BR","@id":"https:\/\/www.correiobraziliense.com.br\/cbradar\/riscos-de-giz-de-cera-na-parede-por-que-o-secador-de-cabelo-e-a-melhor-ferramenta\/#primaryimage","url":"https:\/\/www.correiobraziliense.com.br\/cbradar\/wp-content\/uploads\/2026\/01\/freepik__imagem-realista-de-riscos-de-giz-de-cera-na-parede__7873.png","contentUrl":"https:\/\/www.correiobraziliense.com.br\/cbradar\/wp-content\/uploads\/2026\/01\/freepik__imagem-realista-de-riscos-de-giz-de-cera-na-parede__7873.png","width":1280,"height":720,"caption":"O calor do secador amolece o giz de cera facilitando a remo\u00e7\u00e3o"},{"@type":"BreadcrumbList","@id":"https:\/\/www.correiobraziliense.com.br\/cbradar\/riscos-de-giz-de-cera-na-parede-por-que-o-secador-de-cabelo-e-a-melhor-ferramenta\/#breadcrumb","itemListElement":[{"@type":"ListItem","position":1,"name":"In\u00edcio","item":"https:\/\/www.correiobraziliense.com.br\/cbradar\/"},{"@type":"ListItem","position":2,"name":"Riscos de giz de cera na parede: por que o secador de cabelo \u00e9 a melhor ferramenta"}]},{"@type":"WebSite","@id":"https:\/\/www.correiobraziliense.com.br\/cbradar\/#website","url":"https:\/\/www.correiobraziliense.com.br\/cbradar\/","name":"Correio Braziliense - Radar","description":"Acompanhe as \u00faltimas not\u00edcias e fique bem informado sobre tudo o que acontece no Brasil e no mundo.","potentialAction":[{"@type":"SearchAction","target":{"@type":"EntryPoint","urlTemplate":"https:\/\/www.correiobraziliense.com.br\/cbradar\/?s={search_term_string}"},"query-input":{"@type":"PropertyValueSpecification","valueRequired":true,"valueName":"search_term_string"}}],"inLanguage":"pt-BR"},{"@type":"Person","@id":"https:\/\/www.correiobraziliense.com.br\/cbradar\/#\/schema\/person\/4cec7857301a9a1a2ef249893cd908d3","name":"Paulo Custodio","image":{"@type":"ImageObject","inLanguage":"pt-BR","@id":"https:\/\/www.correiobraziliense.com.br\/cbradar\/#\/schema\/person\/image\/","url":"https:\/\/secure.gravatar.com\/avatar\/bcd67168d1534e8fcf4f45c726a87cea?s=96&d=mm&r=g","contentUrl":"https:\/\/secure.gravatar.com\/avatar\/bcd67168d1534e8fcf4f45c726a87cea?s=96&d=mm&r=g","caption":"Paulo Custodio"},"sameAs":["https:\/\/www.correiobraziliense.com.br\/cbradar"],"url":"https:\/\/www.correiobraziliense.com.br\/cbradar\/author\/paulomyth\/"}]}},"_links":{"self":[{"href":"https:\/\/www.correiobraziliense.com.br\/cbradar\/wp-json\/wp\/v2\/posts\/165805","targetHints":{"allow":["GET"]}}],"collection":[{"href":"https:\/\/www.correiobraziliense.com.br\/cbradar\/wp-json\/wp\/v2\/posts"}],"about":[{"href":"https:\/\/www.correiobraziliense.com.br\/cbradar\/wp-json\/wp\/v2\/types\/post"}],"author":[{"embeddable":true,"href":"https:\/\/www.correiobraziliense.com.br\/cbradar\/wp-json\/wp\/v2\/users\/11"}],"replies":[{"embeddable":true,"href":"https:\/\/www.correiobraziliense.com.br\/cbradar\/wp-json\/wp\/v2\/comments?post=165805"}],"version-history":[{"count":1,"href":"https:\/\/www.correiobraziliense.com.br\/cbradar\/wp-json\/wp\/v2\/posts\/165805\/revisions"}],"predecessor-version":[{"id":165808,"href":"https:\/\/www.correiobraziliense.com.br\/cbradar\/wp-json\/wp\/v2\/posts\/165805\/revisions\/165808"}],"wp:featuredmedia":[{"embeddable":true,"href":"https:\/\/www.correiobraziliense.com.br\/cbradar\/wp-json\/wp\/v2\/media\/169404"}],"wp:attachment":[{"href":"https:\/\/www.correiobraziliense.com.br\/cbradar\/wp-json\/wp\/v2\/media?parent=165805"}],"wp:term":[{"taxonomy":"category","embeddable":true,"href":"https:\/\/www.correiobraziliense.com.br\/cbradar\/wp-json\/wp\/v2\/categories?post=165805"},{"taxonomy":"post_tag","embeddable":true,"href":"https:\/\/www.correiobraziliense.com.br\/cbradar\/wp-json\/wp\/v2\/post_tag?post=165805"}],"curies":[{"name":"wp","href":"https:\/\/api.w.org\/{rel}","templated":true}]}}