{"id":165885,"date":"2025-12-31T15:15:00","date_gmt":"2025-12-31T18:15:00","guid":{"rendered":"https:\/\/www.correiobraziliense.com.br\/cbradar\/?p=165885"},"modified":"2025-12-31T10:11:08","modified_gmt":"2025-12-31T13:11:08","slug":"o-plural-de-pao-de-mel-existe-e-o-certo-pode-te-surpreender","status":"publish","type":"post","link":"https:\/\/www.correiobraziliense.com.br\/cbradar\/o-plural-de-pao-de-mel-existe-e-o-certo-pode-te-surpreender\/","title":{"rendered":"O plural de \u201cp\u00e3o-de-mel\u201d existe, e o certo pode te surpreender"},"content":{"rendered":"\n<p>O plural de <strong>\u201cp\u00e3o-de-mel\u201d<\/strong> costuma gerar d\u00favida mesmo entre falantes experientes. Em contextos informais, aparecem formas como <strong>\u201cp\u00e3es de mel\u201d<\/strong> e <strong>\u201cp\u00e3o-de-m\u00e9is\u201d<\/strong>, o que cria incerteza sobre qual seria a forma adequada. A gram\u00e1tica normativa do portugu\u00eas brasileiro apresenta crit\u00e9rios espec\u00edficos para o plural de <strong>palavras compostas<\/strong>, e entender essas regras ajuda a aplicar o <strong>padr\u00e3o culto<\/strong> com mais seguran\u00e7a em textos profissionais, acad\u00eamicos e jur\u00eddicos.<\/p>\n\n\n\n<h2 class=\"wp-block-heading\">Qual \u00e9 o plural de \u201cp\u00e3o-de-mel\u201d segundo a gram\u00e1tica normativa<\/h2>\n\n\n\n<p>De acordo com a ABL e com a tradi\u00e7\u00e3o gramatical, o plural consagrado de <strong>\u201cp\u00e3o-de-mel\u201d<\/strong> \u00e9 <strong>\u201cp\u00e3es-de-mel\u201d<\/strong>. Nessa estrutura, apenas o primeiro elemento, <strong>\u201cp\u00e3o\u201d<\/strong>, \u00e9 flexionado, enquanto <strong>\u201cmel\u201d<\/strong> permanece no singular, funcionando como n\u00facleo de especifica\u00e7\u00e3o do tipo de p\u00e3o, e a preposi\u00e7\u00e3o <strong>\u201cde\u201d<\/strong> permanece invari\u00e1vel.<\/p>\n\n\n\n<p>A l\u00f3gica \u00e9 semelhante \u00e0 de constru\u00e7\u00f5es como <strong>\u201cp\u00e3o de queijo\u201d<\/strong> e <strong>\u201cp\u00e3o de l\u00f3\u201d<\/strong>, em que o substantivo principal varia e o termo que indica sabor, recheio ou tipo permanece no singular. Em linguagem t\u00e9cnica, trata-se de um <strong>substantivo composto com n\u00facleo determinante inicial<\/strong>, cujo plural recai sobre esse primeiro elemento.<\/p>\n\n\n\n<p>Para aprofundarmos no tema, trouxemos o v\u00eddeo do perfil @corrijame:<\/p>\n\n\n\n<blockquote class=\"tiktok-embed\" cite=\"https:\/\/www.tiktok.com\/@corrijame\/video\/7564850284384603404\" data-video-id=\"7564850284384603404\" style=\"max-width: 605px;min-width: 325px;\" > <section> <a target=\"_blank\" title=\"@corrijame\" href=\"https:\/\/www.tiktok.com\/@corrijame?refer=embed\">@corrijame<\/a> <p>ISTO COMPLICA SUA VIDA! As regras de plural dos substantivos compostos dependem da classe gramatical e da fun\u00e7\u00e3o de cada elemento. Vamos ver os casos da quest\u00e3o \ud83d\udc47 1\ufe0f\u20e3 couve-flor \u2192 couves-flores \u27a1\ufe0f Quando o composto \u00e9 formado por dois substantivos, ambos vari\u00e1veis, os dois v\u00e3o ao plural. (couve + flor = couves-flores) 2\ufe0f\u20e3 p\u00e3o-de-mel \u2192 p\u00e3es-de-mel \u27a1\ufe0f Quando o primeiro \u00e9 substantivo e o segundo complementa o sentido do primeiro, s\u00f3 o primeiro varia. (p\u00e3o + de + mel = p\u00e3es-de-mel) 3\ufe0f\u20e3 beija-flor \u2192 beija-flores \u27a1\ufe0f Quando o primeiro \u00e9 verbo e o segundo substantivo, s\u00f3 o segundo elemento varia. (beija + flor = beija-flores) \ud83d\udc49 Portanto, a \u00fanica alternativa totalmente correta \u00e9 a letra A. \ud83d\udd25 Quer aprender essas regras com profundidade e mandar bem na reda\u00e7\u00e3o? A Corrija-me \u00e9 a melhor plataforma de corre\u00e7\u00e3o de reda\u00e7\u00e3o do Brasil, com: \u2705 Mais de 2 mil temas atualizados \u270d\ufe0f Corretores humanos, n\u00e3o IA \ud83d\udcac Feedbacks personalizados e detalhados pra voc\u00ea evoluir r\u00e1pido! \ud83d\udca5 Use o cupom INTENSIVO15 e garanta 15% de desconto \u2014 s\u00f3 neste m\u00eas de outubro! Acesse: www.corrijame.com.br #corrijame #japadaredacao #gramatica #plural #substantivoscompostos<\/p> <a target=\"_blank\" title=\"\u266c original sound  - Corrija-me - Reda\u00e7\u00e3o\" href=\"https:\/\/www.tiktok.com\/music\/original-sound-Corrija-me-Reda\u00e7\u00e3o-7564850504095517496?refer=embed\">\u266c original sound  &#8211; Corrija-me &#8211; Reda\u00e7\u00e3o<\/a> <\/section> <\/blockquote> <script async src=\"https:\/\/www.tiktok.com\/embed.js\"><\/script>\n\n\n\n<h2 class=\"wp-block-heading\">Por que a forma \u201cp\u00e3es-de-mel\u201d surpreende tantos falantes<\/h2>\n\n\n\n<p>A forma <strong>\u201cp\u00e3es-de-mel\u201d<\/strong> surpreende parte dos falantes porque foge da tend\u00eancia de flexionar tamb\u00e9m o segundo elemento, o que geraria algo como <strong>\u201cp\u00e3es-de-m\u00e9is\u201d<\/strong> ou <strong>\u201cp\u00e3es de m\u00e9is\u201d<\/strong>. No entanto, essa hip\u00f3tese esbarra na fun\u00e7\u00e3o de <strong>\u201cmel\u201d<\/strong> na estrutura, que age como <strong>classificador<\/strong>, e n\u00e3o como um segundo n\u00facleo independente.<\/p>\n\n\n\n<p>Segundo a ABL, compostos com estrutura <strong>\u201csubstantivo + preposi\u00e7\u00e3o + substantivo\u201d<\/strong> costumam ter apenas o primeiro substantivo no plural quando o segundo especifica origem, mat\u00e9ria, sabor ou finalidade. \u00c9 o que ocorre em express\u00f5es culin\u00e1rias e de uso cotidiano, como as que seguem.<\/p>\n\n\n\n<ul class=\"wp-block-list\">\n<li><strong>p\u00e3es-de-forma<\/strong><\/li>\n\n\n\n<li><strong>p\u00e3es-de-queijo<\/strong><\/li>\n\n\n\n<li><strong>p\u00e3es-de-alho<\/strong><\/li>\n\n\n\n<li><strong>p\u00e3es-de-l\u00f3<\/strong><\/li>\n<\/ul>\n\n\n\n<h2 class=\"wp-block-heading\">Como funcionam os plurais das palavras compostas em portugu\u00eas<\/h2>\n\n\n\n<p>Para compreender melhor o plural de <strong>\u201cp\u00e3o-de-mel\u201d<\/strong>, \u00e9 \u00fatil observar o modo como outros compostos se comportam. A ABL registra diferentes padr\u00f5es de flex\u00e3o, que dependem da <strong>classe gramatical<\/strong> dos elementos envolvidos e de qual deles exerce fun\u00e7\u00e3o de <strong>n\u00facleo sem\u00e2ntico<\/strong> na express\u00e3o.<\/p>\n\n\n\n<p>Alguns casos comuns incluem estruturas produtivas no portugu\u00eas brasileiro, muito citadas em gram\u00e1ticas normativas e em manuais de reda\u00e7\u00e3o, sobretudo quando se busca o uso formal e padronizado em concursos e textos t\u00e9cnicos.<\/p>\n\n\n\n<ol class=\"wp-block-list\">\n<li><strong>Substantivo + adjetivo<\/strong>: os dois termos v\u00e3o para o plural (<strong>\u201c\u00e1gua-viva\u201d \u2192 \u201c\u00e1guas-vivas\u201d<\/strong>).<\/li>\n\n\n\n<li><strong>Substantivo + preposi\u00e7\u00e3o + substantivo<\/strong>: flexiona-se geralmente apenas o primeiro (<strong>\u201cp\u00e3o-de-l\u00f3\u201d \u2192 \u201cp\u00e3es-de-l\u00f3\u201d<\/strong>).<\/li>\n\n\n\n<li><strong>Verbo + substantivo<\/strong>: na maior parte das vezes, s\u00f3 o substantivo varia (<strong>\u201cguarda-chuva\u201d \u2192 \u201cguarda-chuvas\u201d<\/strong>).<\/li>\n\n\n\n<li><strong>Elemento invari\u00e1vel + substantivo<\/strong>: apenas o substantivo vai ao plural (<strong>\u201calto-falante\u201d \u2192 \u201calto-falantes\u201d<\/strong>).<\/li>\n<\/ol>\n\n\n\n<p>H\u00e1, ainda, compostos que admitem <strong>plural duplo<\/strong>, ou seja, mais de uma forma aceita pela tradi\u00e7\u00e3o. S\u00e3o exemplos citados em gram\u00e1ticas de refer\u00eancia e em obras da ABL:<\/p>\n\n\n\n<ul class=\"wp-block-list\">\n<li><strong>\u201cpalavra-chave\u201d \u2192 \u201cpalavras-chave\u201d \/ \u201cpalavra-chaves\u201d<\/strong> (esta \u00faltima menos usual);<\/li>\n\n\n\n<li><strong>\u201csal\u00e1rio-fam\u00edlia\u201d \u2192 \u201csal\u00e1rios-fam\u00edlia\u201d \/ \u201csal\u00e1rios-fam\u00edlias\u201d<\/strong>, variando conforme o foco da express\u00e3o.<\/li>\n<\/ul>\n\n\n\n<figure class=\"wp-block-image size-large\"><img decoding=\"async\" width=\"1024\" height=\"576\" src=\"https:\/\/www.correiobraziliense.com.br\/cbradar\/wp-content\/uploads\/2025\/12\/\u2705-BANNER-MYTH-34-2-1024x576.png\" alt=\"O plural de \u201cp\u00e3o-de-mel\u201d existe, e o certo pode te surpreender\" class=\"wp-image-165887\" srcset=\"https:\/\/www.correiobraziliense.com.br\/cbradar\/wp-content\/uploads\/2025\/12\/\u2705-BANNER-MYTH-34-2-1024x576.png 1024w, https:\/\/www.correiobraziliense.com.br\/cbradar\/wp-content\/uploads\/2025\/12\/\u2705-BANNER-MYTH-34-2-300x169.png 300w, https:\/\/www.correiobraziliense.com.br\/cbradar\/wp-content\/uploads\/2025\/12\/\u2705-BANNER-MYTH-34-2-768x432.png 768w, https:\/\/www.correiobraziliense.com.br\/cbradar\/wp-content\/uploads\/2025\/12\/\u2705-BANNER-MYTH-34-2-750x422.png 750w, https:\/\/www.correiobraziliense.com.br\/cbradar\/wp-content\/uploads\/2025\/12\/\u2705-BANNER-MYTH-34-2-1140x641.png 1140w, https:\/\/www.correiobraziliense.com.br\/cbradar\/wp-content\/uploads\/2025\/12\/\u2705-BANNER-MYTH-34-2.png 1280w\" sizes=\"(max-width: 1024px) 100vw, 1024px\" \/><figcaption class=\"wp-element-caption\">P\u00e3es de mel s\u00e3o uma del\u00edcia! Esque\u00e7a a confus\u00e3o: no plural, s\u00f3 &#8220;p\u00e3es de mel&#8221; para curtir sem erro. <\/figcaption><\/figure>\n\n\n\n<h2 class=\"wp-block-heading\">A regra dos plurais duplos se aplica ao caso de \u201cp\u00e3o-de-mel\u201d<\/h2>\n\n\n\n<p>A no\u00e7\u00e3o de <strong>plurais duplos<\/strong> est\u00e1 ligada ao foco de sentido que se pretende enfatizar na express\u00e3o. Em alguns compostos, a flex\u00e3o de mais de um termo passa a ser aceita quando o segundo elemento tamb\u00e9m \u00e9 interpretado como n\u00facleo importante de significado, sobretudo em contextos t\u00e9cnicos e jur\u00eddicos, nos quais a precis\u00e3o terminol\u00f3gica \u00e9 valorizada.<\/p>\n\n\n\n<p>No caso de <strong>\u201cp\u00e3o-de-mel\u201d<\/strong>, contudo, a ABL e as principais obras de refer\u00eancia em l\u00edngua portuguesa mant\u00eam como forma padr\u00e3o <strong>\u201cp\u00e3es-de-mel\u201d<\/strong>. A leitura dominante \u00e9 a de um tipo espec\u00edfico de p\u00e3o preparado com mel, e n\u00e3o de v\u00e1rios tipos de mel envolvidos, o que restringe a necessidade de um plural duplo e mant\u00e9m o segundo elemento como <strong>especificador est\u00e1vel<\/strong>. A express\u00e3o <strong>\u201cp\u00e3es de mel\u201d<\/strong>, sem h\u00edfen, tamb\u00e9m aparece na linguagem comum, sobretudo em receitas e card\u00e1pios, mas o sentido permanece o mesmo.<\/p>\n\n\n\n<h2 class=\"wp-block-heading\">Como a tabela resume o plural das palavras compostas<\/h2>\n\n\n\n<p>A tabela a seguir resume o comportamento de alguns compostos semelhantes, destacando a forma\u00e7\u00e3o do plural conforme padr\u00f5es mencionados pela ABL e pela gram\u00e1tica normativa. Ela ajuda a visualizar como se aplica a mesma l\u00f3gica a diferentes termos, especialmente em textos que exigem <strong>corre\u00e7\u00e3o gramatical<\/strong> rigorosa.<\/p>\n\n\n\n<ul class=\"wp-block-list\">\n<li><strong>Palavra composta x plural<\/strong><\/li>\n<\/ul>\n\n\n\n<figure class=\"wp-block-table\"><table class=\"has-fixed-layout\"><tbody><tr><th>Palavra composta<\/th><th>Tipo de composi\u00e7\u00e3o<\/th><th>Plural recomendado<\/th><\/tr><tr><td><strong>p\u00e3o-de-mel<\/strong><\/td><td>substantivo + preposi\u00e7\u00e3o + substantivo<\/td><td><strong>p\u00e3es-de-mel<\/strong><\/td><\/tr><tr><td><strong>p\u00e3o-de-l\u00f3<\/strong><\/td><td>substantivo + preposi\u00e7\u00e3o + substantivo<\/td><td>p\u00e3es-de-l\u00f3<\/td><\/tr><tr><td><strong>p\u00e3o-de-queijo<\/strong><\/td><td>substantivo + preposi\u00e7\u00e3o + substantivo<\/td><td>p\u00e3es-de-queijo<\/td><\/tr><tr><td><strong>p\u00e3o-de-forma<\/strong><\/td><td>substantivo + preposi\u00e7\u00e3o + substantivo<\/td><td>p\u00e3es-de-forma<\/td><\/tr><tr><td><strong>guarda-chuva<\/strong><\/td><td>verbo + substantivo<\/td><td>guarda-chuvas<\/td><\/tr><tr><td><strong>\u00e1gua-viva<\/strong><\/td><td>substantivo + adjetivo<\/td><td>\u00e1guas-vivas<\/td><\/tr><tr><td><strong>palavra-chave<\/strong><\/td><td>substantivo + substantivo<\/td><td>palavras-chave (forma mais usual)<\/td><\/tr><\/tbody><\/table><\/figure>\n\n\n\n<p>Ao observar esse conjunto de exemplos, percebe-se que <strong>\u201cp\u00e3es-de-mel\u201d<\/strong> se encaixa no mesmo padr\u00e3o de outros compostos culin\u00e1rios consagrados pelo uso e pela descri\u00e7\u00e3o gramatical. A partir dessa regra, torna-se mais simples aplicar a mesma l\u00f3gica a novos termos compostos, mantendo <strong>coer\u00eancia com o padr\u00e3o da ABL<\/strong> e com as principais gram\u00e1ticas do portugu\u00eas brasileiro.<\/p>\n\n\n\n<p><\/p>\n","protected":false},"excerpt":{"rendered":"<p>Descubra o plural correto de p\u00e3o-de-mel, entenda a regra dos compostos, plurais duplos e veja tabela \u201cpalavra composta x plural\u201d.<\/p>\n","protected":false},"author":3,"featured_media":166270,"comment_status":"open","ping_status":"open","sticky":false,"template":"","format":"standard","meta":{"_yoast_wpseo_focuskw":"plural p\u00e3o-de-mel","_yoast_wpseo_title":"%%title%%","_yoast_wpseo_metadesc":"Descubra o plural correto de p\u00e3o-de-mel, entenda a regra dos compostos, plurais duplos e veja tabela \u201cpalavra composta x plural\u201d.","jnews-multi-image_gallery":[],"jnews_single_post":{"format":"standard"},"jnews_primary_category":[],"jnews_social_meta":[],"jnews_override_counter":[],"footnotes":""},"categories":[112],"tags":[144,10902,11064,6081],"class_list":["post-165885","post","type-post","status-publish","format-standard","has-post-thumbnail","hentry","category-curiosidades","tag-curiosidades","tag-lingua-portuguesa","tag-linguas","tag-portugues"],"yoast_head":"<!-- This site is optimized with the Yoast SEO plugin v24.6 - https:\/\/yoast.com\/wordpress\/plugins\/seo\/ -->\n<title>O plural de \u201cp\u00e3o-de-mel\u201d existe, e o certo pode te surpreender<\/title>\n<meta name=\"description\" content=\"Descubra o plural correto de p\u00e3o-de-mel, entenda a regra dos compostos, plurais duplos e veja tabela \u201cpalavra composta x plural\u201d.\" \/>\n<meta name=\"robots\" content=\"index, follow, max-snippet:-1, max-image-preview:large, max-video-preview:-1\" \/>\n<link rel=\"canonical\" href=\"https:\/\/www.correiobraziliense.com.br\/cbradar\/o-plural-de-pao-de-mel-existe-e-o-certo-pode-te-surpreender\/\" \/>\n<meta property=\"og:locale\" content=\"pt_BR\" \/>\n<meta property=\"og:type\" content=\"article\" \/>\n<meta property=\"og:title\" content=\"O plural de \u201cp\u00e3o-de-mel\u201d existe, e o certo pode te surpreender\" \/>\n<meta property=\"og:description\" content=\"Descubra o plural correto de p\u00e3o-de-mel, entenda a regra dos compostos, plurais duplos e veja tabela \u201cpalavra composta x plural\u201d.\" \/>\n<meta property=\"og:url\" content=\"https:\/\/www.correiobraziliense.com.br\/cbradar\/o-plural-de-pao-de-mel-existe-e-o-certo-pode-te-surpreender\/\" \/>\n<meta property=\"og:site_name\" content=\"Correio Braziliense - Radar\" \/>\n<meta property=\"article:published_time\" content=\"2025-12-31T18:15:00+00:00\" \/>\n<meta property=\"og:image\" content=\"https:\/\/www.correiobraziliense.com.br\/cbradar\/wp-content\/uploads\/2025\/12\/\u2705-BANNER-MYTH-45-2.png\" \/>\n\t<meta property=\"og:image:width\" content=\"1280\" \/>\n\t<meta property=\"og:image:height\" content=\"720\" \/>\n\t<meta property=\"og:image:type\" content=\"image\/png\" \/>\n<meta name=\"author\" content=\"Larissa Carvalho\" \/>\n<meta name=\"twitter:card\" content=\"summary_large_image\" \/>\n<meta name=\"twitter:label1\" content=\"Escrito por\" \/>\n\t<meta name=\"twitter:data1\" content=\"Larissa Carvalho\" \/>\n\t<meta name=\"twitter:label2\" content=\"Est. tempo de leitura\" \/>\n\t<meta name=\"twitter:data2\" content=\"5 minutos\" \/>\n<!-- \/ Yoast SEO plugin. -->","yoast_head_json":{"title":"O plural de \u201cp\u00e3o-de-mel\u201d existe, e o certo pode te surpreender","description":"Descubra o plural correto de p\u00e3o-de-mel, entenda a regra dos compostos, plurais duplos e veja tabela \u201cpalavra composta x plural\u201d.","robots":{"index":"index","follow":"follow","max-snippet":"max-snippet:-1","max-image-preview":"max-image-preview:large","max-video-preview":"max-video-preview:-1"},"canonical":"https:\/\/www.correiobraziliense.com.br\/cbradar\/o-plural-de-pao-de-mel-existe-e-o-certo-pode-te-surpreender\/","og_locale":"pt_BR","og_type":"article","og_title":"O plural de \u201cp\u00e3o-de-mel\u201d existe, e o certo pode te surpreender","og_description":"Descubra o plural correto de p\u00e3o-de-mel, entenda a regra dos compostos, plurais duplos e veja tabela \u201cpalavra composta x plural\u201d.","og_url":"https:\/\/www.correiobraziliense.com.br\/cbradar\/o-plural-de-pao-de-mel-existe-e-o-certo-pode-te-surpreender\/","og_site_name":"Correio Braziliense - Radar","article_published_time":"2025-12-31T18:15:00+00:00","og_image":[{"width":1280,"height":720,"url":"https:\/\/www.correiobraziliense.com.br\/cbradar\/wp-content\/uploads\/2025\/12\/\u2705-BANNER-MYTH-45-2.png","type":"image\/png"}],"author":"Larissa Carvalho","twitter_card":"summary_large_image","twitter_misc":{"Escrito por":"Larissa Carvalho","Est. tempo de leitura":"5 minutos"},"schema":{"@context":"https:\/\/schema.org","@graph":[{"@type":"WebPage","@id":"https:\/\/www.correiobraziliense.com.br\/cbradar\/o-plural-de-pao-de-mel-existe-e-o-certo-pode-te-surpreender\/","url":"https:\/\/www.correiobraziliense.com.br\/cbradar\/o-plural-de-pao-de-mel-existe-e-o-certo-pode-te-surpreender\/","name":"O plural de \u201cp\u00e3o-de-mel\u201d existe, e o certo pode te surpreender","isPartOf":{"@id":"https:\/\/www.correiobraziliense.com.br\/cbradar\/#website"},"primaryImageOfPage":{"@id":"https:\/\/www.correiobraziliense.com.br\/cbradar\/o-plural-de-pao-de-mel-existe-e-o-certo-pode-te-surpreender\/#primaryimage"},"image":{"@id":"https:\/\/www.correiobraziliense.com.br\/cbradar\/o-plural-de-pao-de-mel-existe-e-o-certo-pode-te-surpreender\/#primaryimage"},"thumbnailUrl":"https:\/\/www.correiobraziliense.com.br\/cbradar\/wp-content\/uploads\/2025\/12\/\u2705-BANNER-MYTH-45-2.png","datePublished":"2025-12-31T18:15:00+00:00","author":{"@id":"https:\/\/www.correiobraziliense.com.br\/cbradar\/#\/schema\/person\/58422787644df994b53a19d3e56c1513"},"description":"Descubra o plural correto de p\u00e3o-de-mel, entenda a regra dos compostos, plurais duplos e veja tabela \u201cpalavra composta x plural\u201d.","breadcrumb":{"@id":"https:\/\/www.correiobraziliense.com.br\/cbradar\/o-plural-de-pao-de-mel-existe-e-o-certo-pode-te-surpreender\/#breadcrumb"},"inLanguage":"pt-BR","potentialAction":[{"@type":"ReadAction","target":["https:\/\/www.correiobraziliense.com.br\/cbradar\/o-plural-de-pao-de-mel-existe-e-o-certo-pode-te-surpreender\/"]}]},{"@type":"ImageObject","inLanguage":"pt-BR","@id":"https:\/\/www.correiobraziliense.com.br\/cbradar\/o-plural-de-pao-de-mel-existe-e-o-certo-pode-te-surpreender\/#primaryimage","url":"https:\/\/www.correiobraziliense.com.br\/cbradar\/wp-content\/uploads\/2025\/12\/\u2705-BANNER-MYTH-45-2.png","contentUrl":"https:\/\/www.correiobraziliense.com.br\/cbradar\/wp-content\/uploads\/2025\/12\/\u2705-BANNER-MYTH-45-2.png","width":1280,"height":720,"caption":"Que del\u00edcia! O plural de p\u00e3o-de-mel vira p\u00e3es de mel, simples e gostoso como o doce em si. Experimente!"},{"@type":"BreadcrumbList","@id":"https:\/\/www.correiobraziliense.com.br\/cbradar\/o-plural-de-pao-de-mel-existe-e-o-certo-pode-te-surpreender\/#breadcrumb","itemListElement":[{"@type":"ListItem","position":1,"name":"In\u00edcio","item":"https:\/\/www.correiobraziliense.com.br\/cbradar\/"},{"@type":"ListItem","position":2,"name":"O plural de \u201cp\u00e3o-de-mel\u201d existe, e o certo pode te surpreender"}]},{"@type":"WebSite","@id":"https:\/\/www.correiobraziliense.com.br\/cbradar\/#website","url":"https:\/\/www.correiobraziliense.com.br\/cbradar\/","name":"Correio Braziliense - Radar","description":"Acompanhe as \u00faltimas not\u00edcias e fique bem informado sobre tudo o que acontece no Brasil e no mundo.","potentialAction":[{"@type":"SearchAction","target":{"@type":"EntryPoint","urlTemplate":"https:\/\/www.correiobraziliense.com.br\/cbradar\/?s={search_term_string}"},"query-input":{"@type":"PropertyValueSpecification","valueRequired":true,"valueName":"search_term_string"}}],"inLanguage":"pt-BR"},{"@type":"Person","@id":"https:\/\/www.correiobraziliense.com.br\/cbradar\/#\/schema\/person\/58422787644df994b53a19d3e56c1513","name":"Larissa Carvalho","image":{"@type":"ImageObject","inLanguage":"pt-BR","@id":"https:\/\/www.correiobraziliense.com.br\/cbradar\/#\/schema\/person\/image\/","url":"https:\/\/secure.gravatar.com\/avatar\/fe4f91a0de32b52a838d0d612abdc1aa?s=96&d=mm&r=g","contentUrl":"https:\/\/secure.gravatar.com\/avatar\/fe4f91a0de32b52a838d0d612abdc1aa?s=96&d=mm&r=g","caption":"Larissa Carvalho"},"url":"https:\/\/www.correiobraziliense.com.br\/cbradar\/author\/larissamyth\/"}]}},"_links":{"self":[{"href":"https:\/\/www.correiobraziliense.com.br\/cbradar\/wp-json\/wp\/v2\/posts\/165885","targetHints":{"allow":["GET"]}}],"collection":[{"href":"https:\/\/www.correiobraziliense.com.br\/cbradar\/wp-json\/wp\/v2\/posts"}],"about":[{"href":"https:\/\/www.correiobraziliense.com.br\/cbradar\/wp-json\/wp\/v2\/types\/post"}],"author":[{"embeddable":true,"href":"https:\/\/www.correiobraziliense.com.br\/cbradar\/wp-json\/wp\/v2\/users\/3"}],"replies":[{"embeddable":true,"href":"https:\/\/www.correiobraziliense.com.br\/cbradar\/wp-json\/wp\/v2\/comments?post=165885"}],"version-history":[{"count":2,"href":"https:\/\/www.correiobraziliense.com.br\/cbradar\/wp-json\/wp\/v2\/posts\/165885\/revisions"}],"predecessor-version":[{"id":165888,"href":"https:\/\/www.correiobraziliense.com.br\/cbradar\/wp-json\/wp\/v2\/posts\/165885\/revisions\/165888"}],"wp:featuredmedia":[{"embeddable":true,"href":"https:\/\/www.correiobraziliense.com.br\/cbradar\/wp-json\/wp\/v2\/media\/166270"}],"wp:attachment":[{"href":"https:\/\/www.correiobraziliense.com.br\/cbradar\/wp-json\/wp\/v2\/media?parent=165885"}],"wp:term":[{"taxonomy":"category","embeddable":true,"href":"https:\/\/www.correiobraziliense.com.br\/cbradar\/wp-json\/wp\/v2\/categories?post=165885"},{"taxonomy":"post_tag","embeddable":true,"href":"https:\/\/www.correiobraziliense.com.br\/cbradar\/wp-json\/wp\/v2\/tags?post=165885"}],"curies":[{"name":"wp","href":"https:\/\/api.w.org\/{rel}","templated":true}]}}