{"id":16592,"date":"2025-03-28T12:30:00","date_gmt":"2025-03-28T15:30:00","guid":{"rendered":"https:\/\/www.correiobraziliense.com.br\/cbradar\/?p=16592"},"modified":"2025-03-28T10:21:02","modified_gmt":"2025-03-28T13:21:02","slug":"novo-kia-ev4-revoluciona-o-mercado-veja-detalhes","status":"publish","type":"post","link":"https:\/\/www.correiobraziliense.com.br\/cbradar\/novo-kia-ev4-revoluciona-o-mercado-veja-detalhes\/","title":{"rendered":"Novo Kia EV4 revoluciona o mercado, veja detalhes"},"content":{"rendered":"\n<p>A <strong>Kia <\/strong>apresentou recentemente suas novas adi\u00e7\u00f5es ao mercado de ve\u00edculos el\u00e9tricos: o <strong>Kia EV4 Sedan<\/strong> e o <strong>EV4 Hatchback<\/strong>. Ambos os modelos foram revelados sob a filosofia de design &#8220;opostos unidos&#8221;, que busca combinar elementos contrastantes para criar um visual harmonioso e inovador. A marca, que j\u00e1 havia divulgado imagens preliminares, agora compartilha detalhes completos sobre essas novas variantes.<\/p>\n\n\n\n<p>Os dois modelos compartilham uma est\u00e9tica semelhante, caracterizada por linhas minimalistas e um design que reflete a nova linguagem visual da Kia. Essa abordagem \u00e9 evidente tamb\u00e9m no Kia EV9, que segue o mesmo conceito estil\u00edstico. O &#8220;<strong>EV Tiger Face<\/strong>&#8220;, uma caracter\u00edstica de design que inclui far\u00f3is verticais e uma assinatura de ilumina\u00e7\u00e3o distinta, confere aos ve\u00edculos uma apar\u00eancia moderna e esportiva.<\/p>\n\n\n\n<h2 class=\"wp-block-heading\"><strong>Quais s\u00e3o as caracter\u00edsticas de design do Kia EV4?<\/strong><\/h2>\n\n\n\n<p>O Kia EV4 Sedan exibe um cap\u00f4 baixo que se estende at\u00e9 a traseira, onde um spoiler de teto adiciona um toque premium ao seu visual. As rodas de 19 polegadas, com um padr\u00e3o t\u00e9cnico de listras, complementam o estilo geral do ve\u00edculo, alinhando-se ao conceito de design da Kia. Na parte traseira, o sed\u00e3 mant\u00e9m um estilo robusto e imponente.<\/p>\n\n\n\n<p>Por outro lado, o EV4 Hatchback, embora compartilhe a mesma linguagem de design geom\u00e9trico e minimalista, possui dimens\u00f5es ligeiramente diferentes. O hatch tem 4.430 mm de comprimento, 1.860 mm de largura, 1.485 mm de altura e um entre-eixos de 2.820 mm. Essas especifica\u00e7\u00f5es o tornam um pouco mais compacto em compara\u00e7\u00e3o ao sed\u00e3, que possui 4.730 mm de comprimento e 1.480 mm de altura.<\/p>\n\n\n\n<figure class=\"wp-block-image size-large\"><img decoding=\"async\" width=\"1024\" height=\"576\" src=\"https:\/\/www.correiobraziliense.com.br\/cbradar\/wp-content\/uploads\/2025\/03\/Kia-EV4-2-1024x576.png\" alt=\"Novo Kia EV4 revoluciona o mercado, veja detalhes\" class=\"wp-image-16599\" srcset=\"https:\/\/www.correiobraziliense.com.br\/cbradar\/wp-content\/uploads\/2025\/03\/Kia-EV4-2-1024x576.png 1024w, https:\/\/www.correiobraziliense.com.br\/cbradar\/wp-content\/uploads\/2025\/03\/Kia-EV4-2-300x169.png 300w, https:\/\/www.correiobraziliense.com.br\/cbradar\/wp-content\/uploads\/2025\/03\/Kia-EV4-2-768x432.png 768w, https:\/\/www.correiobraziliense.com.br\/cbradar\/wp-content\/uploads\/2025\/03\/Kia-EV4-2-750x422.png 750w, https:\/\/www.correiobraziliense.com.br\/cbradar\/wp-content\/uploads\/2025\/03\/Kia-EV4-2-1140x641.png 1140w, https:\/\/www.correiobraziliense.com.br\/cbradar\/wp-content\/uploads\/2025\/03\/Kia-EV4-2.png 1280w\" sizes=\"(max-width: 1024px) 100vw, 1024px\" \/><figcaption class=\"wp-element-caption\">Kia EV4. Fonte: divulga\u00e7\u00e3o \/ KIA<\/figcaption><\/figure>\n\n\n\n<h2 class=\"wp-block-heading\"><strong>Qual \u00e9 a autonomia e a motoriza\u00e7\u00e3o do Kia EV4?<\/strong><\/h2>\n\n\n\n<p>Uma das caracter\u00edsticas mais not\u00e1veis do Kia EV4 \u00e9 sua autonomia el\u00e9trica. O modelo pode percorrer aproximadamente 630 km com uma carga completa, tornando-o uma op\u00e7\u00e3o atraente para aqueles que buscam efici\u00eancia e sustentabilidade. Essa autonomia \u00e9 poss\u00edvel gra\u00e7as \u00e0 plataforma E-GMP, que tamb\u00e9m \u00e9 utilizada em outros modelos da marca.<\/p>\n\n\n\n<p>O Kia EV4 oferece duas op\u00e7\u00f5es de motoriza\u00e7\u00e3o: Standard e Long Range. Ambas as vers\u00f5es s\u00e3o equipadas com um motor de 204 cv de pot\u00eancia, localizado na parte frontal do ve\u00edculo. O modelo Standard acelera de 0 a 100 km\/h em 7,4 segundos, enquanto a vers\u00e3o Long Range completa o mesmo percurso em 7,7 segundos. Essa diferen\u00e7a sutil destaca o equil\u00edbrio entre desempenho e efici\u00eancia que a Kia busca em seus ve\u00edculos el\u00e9tricos.<\/p>\n\n\n\n<h2 class=\"wp-block-heading\"><strong>O que esperar do futuro dos ve\u00edculos el\u00e9tricos da Kia?<\/strong><\/h2>\n\n\n\n<p>Com o lan\u00e7amento do EV4, a Kia refor\u00e7a seu compromisso com a inova\u00e7\u00e3o e a sustentabilidade no setor automotivo. A introdu\u00e7\u00e3o de modelos que combinam design arrojado, efici\u00eancia energ\u00e9tica e tecnologia avan\u00e7ada sinaliza um futuro promissor para a marca no mercado de ve\u00edculos el\u00e9tricos. \u00c0 medida que a demanda por solu\u00e7\u00f5es de mobilidade sustent\u00e1vel cresce, a Kia continua a expandir sua linha de produtos, oferecendo op\u00e7\u00f5es que atendem \u00e0s necessidades de um p\u00fablico cada vez mais consciente e exigente.<\/p>\n\n\n\n<p>Em resumo, o Kia EV4 representa um passo significativo na evolu\u00e7\u00e3o dos ve\u00edculos el\u00e9tricos, combinando est\u00e9tica moderna com tecnologia de ponta. \u00c0 medida que a ind\u00fastria automotiva avan\u00e7a, a Kia se posiciona como uma l\u00edder em inova\u00e7\u00e3o, oferecendo solu\u00e7\u00f5es que n\u00e3o apenas atendem \u00e0s demandas atuais, mas tamb\u00e9m preparam o caminho para um futuro mais sustent\u00e1vel.<\/p>\n","protected":false},"excerpt":{"rendered":"<p>O Kia EV4 oferece um design arrojado e efici\u00eancia energ\u00e9tica. Com uma autonomia de 630 km e duas op\u00e7\u00f5es de motoriza\u00e7\u00e3o.<\/p>\n","protected":false},"author":3,"featured_media":16597,"comment_status":"open","ping_status":"open","sticky":false,"template":"","format":"standard","meta":{"_yoast_wpseo_focuskw":"Kia EV4","_yoast_wpseo_title":"%%title%%","_yoast_wpseo_metadesc":"O Kia EV4 oferece um design arrojado e efici\u00eancia energ\u00e9tica. Com uma autonomia de 630 km e duas op\u00e7\u00f5es de motoriza\u00e7\u00e3o.","jnews-multi-image_gallery":[],"jnews_single_post":{"format":"standard"},"jnews_primary_category":[],"jnews_social_meta":[],"jnews_override_counter":[],"footnotes":""},"categories":[122],"tags":[1189,2531],"class_list":["post-16592","post","type-post","status-publish","format-standard","has-post-thumbnail","hentry","category-automobilismo","tag-kia","tag-kia-ev4"],"yoast_head":"<!-- This site is optimized with the Yoast SEO plugin v24.6 - https:\/\/yoast.com\/wordpress\/plugins\/seo\/ -->\n<title>Novo Kia EV4 revoluciona o mercado, veja detalhes<\/title>\n<meta name=\"description\" content=\"O Kia EV4 oferece um design arrojado e efici\u00eancia energ\u00e9tica. Com uma autonomia de 630 km e duas op\u00e7\u00f5es de motoriza\u00e7\u00e3o.\" \/>\n<meta name=\"robots\" content=\"index, follow, max-snippet:-1, max-image-preview:large, max-video-preview:-1\" \/>\n<link rel=\"canonical\" href=\"https:\/\/www.correiobraziliense.com.br\/cbradar\/novo-kia-ev4-revoluciona-o-mercado-veja-detalhes\/\" \/>\n<meta property=\"og:locale\" content=\"pt_BR\" \/>\n<meta property=\"og:type\" content=\"article\" \/>\n<meta property=\"og:title\" content=\"Novo Kia EV4 revoluciona o mercado, veja detalhes\" \/>\n<meta property=\"og:description\" content=\"O Kia EV4 oferece um design arrojado e efici\u00eancia energ\u00e9tica. Com uma autonomia de 630 km e duas op\u00e7\u00f5es de motoriza\u00e7\u00e3o.\" \/>\n<meta property=\"og:url\" content=\"https:\/\/www.correiobraziliense.com.br\/cbradar\/novo-kia-ev4-revoluciona-o-mercado-veja-detalhes\/\" \/>\n<meta property=\"og:site_name\" content=\"Correio Braziliense - Radar\" \/>\n<meta property=\"article:published_time\" content=\"2025-03-28T15:30:00+00:00\" \/>\n<meta property=\"og:image\" content=\"https:\/\/www.correiobraziliense.com.br\/cbradar\/wp-content\/uploads\/2025\/03\/Kia-EV4.png\" \/>\n\t<meta property=\"og:image:width\" content=\"1280\" \/>\n\t<meta property=\"og:image:height\" content=\"720\" \/>\n\t<meta property=\"og:image:type\" content=\"image\/png\" \/>\n<meta name=\"author\" content=\"Larissa Carvalho\" \/>\n<meta name=\"twitter:card\" content=\"summary_large_image\" \/>\n<meta name=\"twitter:label1\" content=\"Escrito por\" \/>\n\t<meta name=\"twitter:data1\" content=\"Larissa Carvalho\" \/>\n\t<meta name=\"twitter:label2\" content=\"Est. tempo de leitura\" \/>\n\t<meta name=\"twitter:data2\" content=\"4 minutos\" \/>\n<!-- \/ Yoast SEO plugin. -->","yoast_head_json":{"title":"Novo Kia EV4 revoluciona o mercado, veja detalhes","description":"O Kia EV4 oferece um design arrojado e efici\u00eancia energ\u00e9tica. Com uma autonomia de 630 km e duas op\u00e7\u00f5es de motoriza\u00e7\u00e3o.","robots":{"index":"index","follow":"follow","max-snippet":"max-snippet:-1","max-image-preview":"max-image-preview:large","max-video-preview":"max-video-preview:-1"},"canonical":"https:\/\/www.correiobraziliense.com.br\/cbradar\/novo-kia-ev4-revoluciona-o-mercado-veja-detalhes\/","og_locale":"pt_BR","og_type":"article","og_title":"Novo Kia EV4 revoluciona o mercado, veja detalhes","og_description":"O Kia EV4 oferece um design arrojado e efici\u00eancia energ\u00e9tica. Com uma autonomia de 630 km e duas op\u00e7\u00f5es de motoriza\u00e7\u00e3o.","og_url":"https:\/\/www.correiobraziliense.com.br\/cbradar\/novo-kia-ev4-revoluciona-o-mercado-veja-detalhes\/","og_site_name":"Correio Braziliense - Radar","article_published_time":"2025-03-28T15:30:00+00:00","og_image":[{"width":1280,"height":720,"url":"https:\/\/www.correiobraziliense.com.br\/cbradar\/wp-content\/uploads\/2025\/03\/Kia-EV4.png","type":"image\/png"}],"author":"Larissa Carvalho","twitter_card":"summary_large_image","twitter_misc":{"Escrito por":"Larissa Carvalho","Est. tempo de leitura":"4 minutos"},"schema":{"@context":"https:\/\/schema.org","@graph":[{"@type":"WebPage","@id":"https:\/\/www.correiobraziliense.com.br\/cbradar\/novo-kia-ev4-revoluciona-o-mercado-veja-detalhes\/","url":"https:\/\/www.correiobraziliense.com.br\/cbradar\/novo-kia-ev4-revoluciona-o-mercado-veja-detalhes\/","name":"Novo Kia EV4 revoluciona o mercado, veja detalhes","isPartOf":{"@id":"https:\/\/www.correiobraziliense.com.br\/cbradar\/#website"},"primaryImageOfPage":{"@id":"https:\/\/www.correiobraziliense.com.br\/cbradar\/novo-kia-ev4-revoluciona-o-mercado-veja-detalhes\/#primaryimage"},"image":{"@id":"https:\/\/www.correiobraziliense.com.br\/cbradar\/novo-kia-ev4-revoluciona-o-mercado-veja-detalhes\/#primaryimage"},"thumbnailUrl":"https:\/\/www.correiobraziliense.com.br\/cbradar\/wp-content\/uploads\/2025\/03\/Kia-EV4.png","datePublished":"2025-03-28T15:30:00+00:00","author":{"@id":"https:\/\/www.correiobraziliense.com.br\/cbradar\/#\/schema\/person\/58422787644df994b53a19d3e56c1513"},"description":"O Kia EV4 oferece um design arrojado e efici\u00eancia energ\u00e9tica. Com uma autonomia de 630 km e duas op\u00e7\u00f5es de motoriza\u00e7\u00e3o.","breadcrumb":{"@id":"https:\/\/www.correiobraziliense.com.br\/cbradar\/novo-kia-ev4-revoluciona-o-mercado-veja-detalhes\/#breadcrumb"},"inLanguage":"pt-BR","potentialAction":[{"@type":"ReadAction","target":["https:\/\/www.correiobraziliense.com.br\/cbradar\/novo-kia-ev4-revoluciona-o-mercado-veja-detalhes\/"]}]},{"@type":"ImageObject","inLanguage":"pt-BR","@id":"https:\/\/www.correiobraziliense.com.br\/cbradar\/novo-kia-ev4-revoluciona-o-mercado-veja-detalhes\/#primaryimage","url":"https:\/\/www.correiobraziliense.com.br\/cbradar\/wp-content\/uploads\/2025\/03\/Kia-EV4.png","contentUrl":"https:\/\/www.correiobraziliense.com.br\/cbradar\/wp-content\/uploads\/2025\/03\/Kia-EV4.png","width":1280,"height":720,"caption":"Kia EV4. Fonte: divulga\u00e7\u00e3o \/ KIA"},{"@type":"BreadcrumbList","@id":"https:\/\/www.correiobraziliense.com.br\/cbradar\/novo-kia-ev4-revoluciona-o-mercado-veja-detalhes\/#breadcrumb","itemListElement":[{"@type":"ListItem","position":1,"name":"In\u00edcio","item":"https:\/\/www.correiobraziliense.com.br\/cbradar\/"},{"@type":"ListItem","position":2,"name":"Novo Kia EV4 revoluciona o mercado, veja detalhes"}]},{"@type":"WebSite","@id":"https:\/\/www.correiobraziliense.com.br\/cbradar\/#website","url":"https:\/\/www.correiobraziliense.com.br\/cbradar\/","name":"Correio Braziliense - Radar","description":"Acompanhe as \u00faltimas not\u00edcias e fique bem informado sobre tudo o que acontece no Brasil e no mundo.","potentialAction":[{"@type":"SearchAction","target":{"@type":"EntryPoint","urlTemplate":"https:\/\/www.correiobraziliense.com.br\/cbradar\/?s={search_term_string}"},"query-input":{"@type":"PropertyValueSpecification","valueRequired":true,"valueName":"search_term_string"}}],"inLanguage":"pt-BR"},{"@type":"Person","@id":"https:\/\/www.correiobraziliense.com.br\/cbradar\/#\/schema\/person\/58422787644df994b53a19d3e56c1513","name":"Larissa Carvalho","image":{"@type":"ImageObject","inLanguage":"pt-BR","@id":"https:\/\/www.correiobraziliense.com.br\/cbradar\/#\/schema\/person\/image\/","url":"https:\/\/secure.gravatar.com\/avatar\/fe4f91a0de32b52a838d0d612abdc1aa?s=96&d=mm&r=g","contentUrl":"https:\/\/secure.gravatar.com\/avatar\/fe4f91a0de32b52a838d0d612abdc1aa?s=96&d=mm&r=g","caption":"Larissa Carvalho"},"url":"https:\/\/www.correiobraziliense.com.br\/cbradar\/author\/larissamyth\/"}]}},"_links":{"self":[{"href":"https:\/\/www.correiobraziliense.com.br\/cbradar\/wp-json\/wp\/v2\/posts\/16592","targetHints":{"allow":["GET"]}}],"collection":[{"href":"https:\/\/www.correiobraziliense.com.br\/cbradar\/wp-json\/wp\/v2\/posts"}],"about":[{"href":"https:\/\/www.correiobraziliense.com.br\/cbradar\/wp-json\/wp\/v2\/types\/post"}],"author":[{"embeddable":true,"href":"https:\/\/www.correiobraziliense.com.br\/cbradar\/wp-json\/wp\/v2\/users\/3"}],"replies":[{"embeddable":true,"href":"https:\/\/www.correiobraziliense.com.br\/cbradar\/wp-json\/wp\/v2\/comments?post=16592"}],"version-history":[{"count":1,"href":"https:\/\/www.correiobraziliense.com.br\/cbradar\/wp-json\/wp\/v2\/posts\/16592\/revisions"}],"predecessor-version":[{"id":16600,"href":"https:\/\/www.correiobraziliense.com.br\/cbradar\/wp-json\/wp\/v2\/posts\/16592\/revisions\/16600"}],"wp:featuredmedia":[{"embeddable":true,"href":"https:\/\/www.correiobraziliense.com.br\/cbradar\/wp-json\/wp\/v2\/media\/16597"}],"wp:attachment":[{"href":"https:\/\/www.correiobraziliense.com.br\/cbradar\/wp-json\/wp\/v2\/media?parent=16592"}],"wp:term":[{"taxonomy":"category","embeddable":true,"href":"https:\/\/www.correiobraziliense.com.br\/cbradar\/wp-json\/wp\/v2\/categories?post=16592"},{"taxonomy":"post_tag","embeddable":true,"href":"https:\/\/www.correiobraziliense.com.br\/cbradar\/wp-json\/wp\/v2\/tags?post=16592"}],"curies":[{"name":"wp","href":"https:\/\/api.w.org\/{rel}","templated":true}]}}