{"id":165986,"date":"2026-01-01T12:05:00","date_gmt":"2026-01-01T15:05:00","guid":{"rendered":"https:\/\/www.correiobraziliense.com.br\/cbradar\/?p=165986"},"modified":"2025-12-30T15:57:46","modified_gmt":"2025-12-30T18:57:46","slug":"capim-limao-faz-bem-veja-beneficios-do-cha-calmante","status":"publish","type":"post","link":"https:\/\/www.correiobraziliense.com.br\/cbradar\/capim-limao-faz-bem-veja-beneficios-do-cha-calmante\/","title":{"rendered":"Capim-lim\u00e3o faz bem? Veja benef\u00edcios do ch\u00e1 calmante"},"content":{"rendered":"\n<p>O <strong>Capim-Lim\u00e3o<\/strong>, conhecido tamb\u00e9m como\u00a0<em>lemongrass<\/em>, \u00e9 uma planta origin\u00e1ria das zonas tropicais da \u00c1sia que desempenha um papel importante tanto na gastronomia quanto nas pr\u00e1ticas medicinais tradicionais. Famoso por seu aroma refrescante, o Capim-Lim\u00e3o \u00e9 utilizado frequentemente em infus\u00f5es, apreciadas por seus efeitos tranquilizadores. Para muitos, ele representa uma alternativa natural para combater o estresse e promover o relaxamento.<\/p>\n\n\n\n<p>Entre os benef\u00edcios do ch\u00e1 de Capim-Lim\u00e3o est\u00e1 a sua propriedade calmante, atribu\u00edda ao citral, um de seus principais componentes. Esse efeito torna a infus\u00e3o uma op\u00e7\u00e3o atrativa para auxiliar no descanso noturno, favorecendo um sono tranquilo. Al\u00e9m disso, o Capim-Lim\u00e3o tem uso difundido como aux\u00edlio digestivo; suas propriedades ajudam a mitigar desconfortos, como c\u00f3licas e distens\u00e3o abdominal, oferecendo um al\u00edvio caseiro para essas condi\u00e7\u00f5es.<\/p>\n\n\n\n<h2 class=\"wp-block-heading\">De que maneira o Capim-Lim\u00e3o pode aliviar dores de cabe\u00e7a?<\/h2>\n\n\n\n<p>O ch\u00e1 de Capim-Lim\u00e3o tamb\u00e9m \u00e9 reconhecido por sua poss\u00edvel efic\u00e1cia em aliviar dores de cabe\u00e7a tensionais. Os compostos naturais, como o citral e o mirceno, possuem propriedades analg\u00e9sicas e anti-inflamat\u00f3rias que ajudam a aliviar a tens\u00e3o e a dor muscular. Isso faz com que o ch\u00e1 de Capim-Lim\u00e3o possa ser um recurso \u00fatil para o al\u00edvio de dores de cabe\u00e7a ocasionais.<\/p>\n\n\n<div class=\"wp-block-image\">\n<figure class=\"aligncenter size-large\"><img decoding=\"async\" width=\"1024\" height=\"576\" src=\"https:\/\/www.correiobraziliense.com.br\/cbradar\/wp-content\/uploads\/2025\/08\/Capim-Limao_1755835615998-1024x576.jpg\" alt=\"\" class=\"wp-image-90761\" srcset=\"https:\/\/www.correiobraziliense.com.br\/cbradar\/wp-content\/uploads\/2025\/08\/Capim-Limao_1755835615998-1024x576.jpg 1024w, https:\/\/www.correiobraziliense.com.br\/cbradar\/wp-content\/uploads\/2025\/08\/Capim-Limao_1755835615998-300x169.jpg 300w, https:\/\/www.correiobraziliense.com.br\/cbradar\/wp-content\/uploads\/2025\/08\/Capim-Limao_1755835615998-768x432.jpg 768w, https:\/\/www.correiobraziliense.com.br\/cbradar\/wp-content\/uploads\/2025\/08\/Capim-Limao_1755835615998-750x422.jpg 750w, https:\/\/www.correiobraziliense.com.br\/cbradar\/wp-content\/uploads\/2025\/08\/Capim-Limao_1755835615998-1140x641.jpg 1140w, https:\/\/www.correiobraziliense.com.br\/cbradar\/wp-content\/uploads\/2025\/08\/Capim-Limao_1755835615998.jpg 1280w\" sizes=\"(max-width: 1024px) 100vw, 1024px\" \/><figcaption class=\"wp-element-caption\">Capim-Lim\u00e3o &#8211; Cr\u00e9ditos: depositphotos.com \/ Anny-ben<\/figcaption><\/figure><\/div>\n\n\n<h2 class=\"wp-block-heading\">O Capim-Lim\u00e3o realmente possui propriedades antimicrobianas?<\/h2>\n\n\n\n<p>Pesquisas sugerem que o Capim-Lim\u00e3o pode ter propriedades antimicrobianas. Estudos mostram que seus componentes podem inibir o crescimento de v\u00e1rias bact\u00e9rias, contribuindo para a manuten\u00e7\u00e3o da sa\u00fade digestiva. Contudo, \u00e9 importante que pesquisas adicionais sejam realizadas para avaliar a efic\u00e1cia e a seguran\u00e7a dessa utiliza\u00e7\u00e3o em humanos.<\/p>\n\n\n\n<h2 class=\"wp-block-heading\">Quais s\u00e3o as precau\u00e7\u00f5es ao tomar ch\u00e1 de Capim-Lim\u00e3o?<\/h2>\n\n\n\n<p>Ao consumir ch\u00e1 de Capim-Lim\u00e3o, \u00e9 essencial faz\u00ea-lo com modera\u00e7\u00e3o. Sugere-se a ingest\u00e3o limitada a algumas x\u00edcaras diariamente para evitar poss\u00edveis efeitos adversos. Indiv\u00edduos com alergia a gram\u00edneas devem ter cuidado, pois pode haver risco de rea\u00e7\u00f5es al\u00e9rgicas. Al\u00e9m disso, \u00e9 aconselh\u00e1vel consultar um profissional de <a href=\"https:\/\/www.correiobraziliense.com.br\/cbradar\/entenda-o-papel-da-nutricao-na-alta-performance-mental\/\" target=\"_blank\" rel=\"noreferrer noopener\">sa\u00fade <\/a>antes de adicionar o ch\u00e1 \u00e0 dieta, especialmente se a pessoa estiver sob tratamento m\u00e9dico.<\/p>\n\n\n\n<p>O preparo do ch\u00e1 de Capim-Lim\u00e3o \u00e9 simples: ferva uma colher de sopa de folhas frescas em \u00e1gua e deixe repousar por 15 minutos. Este procedimento n\u00e3o apenas melhora o sabor e aroma da bebida, mas tamb\u00e9m potencializa suas propriedades. Quando integrado a uma rotina saud\u00e1vel, o Capim-Lim\u00e3o pode se tornar um aliado natural na promo\u00e7\u00e3o da sa\u00fade e do bem-estar di\u00e1rio, contribuindo de forma consciente e equilibrada.<\/p>\n\n\n<a href=\"https:\/\/www.instagram.com\/dra.annaluisabf\/\" target=\"_blank\" rel=\"noopener\" style=\"text-decoration: none; color: inherit;\">\n    <span style=\"display: inline-block; border: 1px solid #ccc; border-radius: 10px; padding: 15px; max-width: 550px; font-family: sans-serif; box-shadow: 0 2px 5px rgba(0,0,0,0.1); width: 100%;\">\n\n      <!-- T\u00edtulo -->\n      <span style=\"display: block; margin: 0 0 15px 0; font-weight: bold; color: #2c3e50; text-align: center;\">\n        Entre em contato:\n      <\/span>\n\n      <!-- Linha do perfil -->\n      <span style=\"display: flex; align-items: center; gap: 15px;\">\n        <img decoding=\"async\"\n          src=\"https:\/\/www.correiobraziliense.com.br\/cbradar\/wp-content\/uploads\/2025\/08\/dra_anna_luisa.jpeg\"\n          alt=\"Foto da Dra. Anna Lu\u00edsa\"\n          style=\"border-radius: 50%; width: 80px; height: 80px; object-fit: cover;\"\n        \/>\n        <span style=\"display: flex; flex-direction: column;\">\n          <span style=\"font-size: 18px; font-weight: 700; color: #2c3e50;\">Dra. Anna Lu\u00edsa Barbosa Fernandes<\/span>\n          <span style=\"color: #555;\">CRM-GO 33.271<\/span>\n        <\/span>\n      <\/span>\n\n      <!-- Redes -->\n      <span style=\"display: flex; align-items: center; gap: 10px; margin-top: 12px;\">\n        <img decoding=\"async\" src=\"https:\/\/cdn-icons-png.flaticon.com\/24\/1384\/1384063.png\" alt=\"Instagram\" width=\"24\" height=\"24\" \/>\n        <span style=\"text-decoration: underline; color: #2c3e50;\">@dra.annaluisabf<\/span>\n      <\/span>\n\n    <\/span>\n  <\/a>\n\n\n<p><\/p>\n","protected":false},"excerpt":{"rendered":"<p>O Capim-Lim\u00e3o, conhecido tamb\u00e9m como\u00a0lemongrass, \u00e9 uma planta origin\u00e1ria das zonas tropicais da \u00c1sia que desempenha um papel importante tanto na gastronomia quanto nas pr\u00e1ticas medicinais tradicionais. Famoso por seu aroma refrescante, o Capim-Lim\u00e3o \u00e9 utilizado frequentemente em infus\u00f5es, apreciadas por seus efeitos tranquilizadores. Para muitos, ele representa uma alternativa natural para combater o estresse [&hellip;]<\/p>\n","protected":false},"author":14,"featured_media":90760,"comment_status":"open","ping_status":"open","sticky":false,"template":"","format":"standard","meta":{"_yoast_wpseo_focuskw":"Capim","_yoast_wpseo_title":"","_yoast_wpseo_metadesc":"O ch\u00e1 de capim-lim\u00e3o tem efeito calmante, ajuda no sono, na digest\u00e3o e pode aliviar dores de cabe\u00e7a tensionais.","jnews-multi-image_gallery":[],"jnews_single_post":{"format":"standard"},"jnews_primary_category":[],"jnews_social_meta":[],"jnews_override_counter":[],"footnotes":""},"categories":[4404],"tags":[281,120,1318],"class_list":["post-165986","post","type-post","status-publish","format-standard","has-post-thumbnail","hentry","category-saude","tag-alimentacao","tag-bem-estar","tag-saude-2"],"yoast_head":"<!-- This site is optimized with the Yoast SEO plugin v24.6 - https:\/\/yoast.com\/wordpress\/plugins\/seo\/ -->\n<title>Capim-lim\u00e3o faz bem? Veja benef\u00edcios do ch\u00e1 calmante - Correio Braziliense - Radar<\/title>\n<meta name=\"description\" content=\"O ch\u00e1 de capim-lim\u00e3o tem efeito calmante, ajuda no sono, na digest\u00e3o e pode aliviar dores de cabe\u00e7a tensionais.\" \/>\n<meta name=\"robots\" content=\"index, follow, max-snippet:-1, max-image-preview:large, max-video-preview:-1\" \/>\n<link rel=\"canonical\" href=\"https:\/\/www.correiobraziliense.com.br\/cbradar\/capim-limao-faz-bem-veja-beneficios-do-cha-calmante\/\" \/>\n<meta property=\"og:locale\" content=\"pt_BR\" \/>\n<meta property=\"og:type\" content=\"article\" \/>\n<meta property=\"og:title\" content=\"Capim-lim\u00e3o faz bem? Veja benef\u00edcios do ch\u00e1 calmante - Correio Braziliense - Radar\" \/>\n<meta property=\"og:description\" content=\"O ch\u00e1 de capim-lim\u00e3o tem efeito calmante, ajuda no sono, na digest\u00e3o e pode aliviar dores de cabe\u00e7a tensionais.\" \/>\n<meta property=\"og:url\" content=\"https:\/\/www.correiobraziliense.com.br\/cbradar\/capim-limao-faz-bem-veja-beneficios-do-cha-calmante\/\" \/>\n<meta property=\"og:site_name\" content=\"Correio Braziliense - Radar\" \/>\n<meta property=\"article:published_time\" content=\"2026-01-01T15:05:00+00:00\" \/>\n<meta property=\"og:image\" content=\"https:\/\/www.correiobraziliense.com.br\/cbradar\/wp-content\/uploads\/2025\/08\/Capim-Limao_1755835589473.jpg\" \/>\n\t<meta property=\"og:image:width\" content=\"1280\" \/>\n\t<meta property=\"og:image:height\" content=\"720\" \/>\n\t<meta property=\"og:image:type\" content=\"image\/jpeg\" \/>\n<meta name=\"author\" content=\"guilherme_saude\" \/>\n<meta name=\"twitter:card\" content=\"summary_large_image\" \/>\n<meta name=\"twitter:label1\" content=\"Escrito por\" \/>\n\t<meta name=\"twitter:data1\" content=\"guilherme_saude\" \/>\n\t<meta name=\"twitter:label2\" content=\"Est. tempo de leitura\" \/>\n\t<meta name=\"twitter:data2\" content=\"4 minutos\" \/>\n<!-- \/ Yoast SEO plugin. -->","yoast_head_json":{"title":"Capim-lim\u00e3o faz bem? Veja benef\u00edcios do ch\u00e1 calmante - Correio Braziliense - Radar","description":"O ch\u00e1 de capim-lim\u00e3o tem efeito calmante, ajuda no sono, na digest\u00e3o e pode aliviar dores de cabe\u00e7a tensionais.","robots":{"index":"index","follow":"follow","max-snippet":"max-snippet:-1","max-image-preview":"max-image-preview:large","max-video-preview":"max-video-preview:-1"},"canonical":"https:\/\/www.correiobraziliense.com.br\/cbradar\/capim-limao-faz-bem-veja-beneficios-do-cha-calmante\/","og_locale":"pt_BR","og_type":"article","og_title":"Capim-lim\u00e3o faz bem? Veja benef\u00edcios do ch\u00e1 calmante - Correio Braziliense - Radar","og_description":"O ch\u00e1 de capim-lim\u00e3o tem efeito calmante, ajuda no sono, na digest\u00e3o e pode aliviar dores de cabe\u00e7a tensionais.","og_url":"https:\/\/www.correiobraziliense.com.br\/cbradar\/capim-limao-faz-bem-veja-beneficios-do-cha-calmante\/","og_site_name":"Correio Braziliense - Radar","article_published_time":"2026-01-01T15:05:00+00:00","og_image":[{"width":1280,"height":720,"url":"https:\/\/www.correiobraziliense.com.br\/cbradar\/wp-content\/uploads\/2025\/08\/Capim-Limao_1755835589473.jpg","type":"image\/jpeg"}],"author":"guilherme_saude","twitter_card":"summary_large_image","twitter_misc":{"Escrito por":"guilherme_saude","Est. tempo de leitura":"4 minutos"},"schema":{"@context":"https:\/\/schema.org","@graph":[{"@type":"WebPage","@id":"https:\/\/www.correiobraziliense.com.br\/cbradar\/capim-limao-faz-bem-veja-beneficios-do-cha-calmante\/","url":"https:\/\/www.correiobraziliense.com.br\/cbradar\/capim-limao-faz-bem-veja-beneficios-do-cha-calmante\/","name":"Capim-lim\u00e3o faz bem? Veja benef\u00edcios do ch\u00e1 calmante - Correio Braziliense - Radar","isPartOf":{"@id":"https:\/\/www.correiobraziliense.com.br\/cbradar\/#website"},"primaryImageOfPage":{"@id":"https:\/\/www.correiobraziliense.com.br\/cbradar\/capim-limao-faz-bem-veja-beneficios-do-cha-calmante\/#primaryimage"},"image":{"@id":"https:\/\/www.correiobraziliense.com.br\/cbradar\/capim-limao-faz-bem-veja-beneficios-do-cha-calmante\/#primaryimage"},"thumbnailUrl":"https:\/\/www.correiobraziliense.com.br\/cbradar\/wp-content\/uploads\/2025\/08\/Capim-Limao_1755835589473.jpg","datePublished":"2026-01-01T15:05:00+00:00","author":{"@id":"https:\/\/www.correiobraziliense.com.br\/cbradar\/#\/schema\/person\/5aa4bf3c8fa699c267933611de12978b"},"description":"O ch\u00e1 de capim-lim\u00e3o tem efeito calmante, ajuda no sono, na digest\u00e3o e pode aliviar dores de cabe\u00e7a tensionais.","breadcrumb":{"@id":"https:\/\/www.correiobraziliense.com.br\/cbradar\/capim-limao-faz-bem-veja-beneficios-do-cha-calmante\/#breadcrumb"},"inLanguage":"pt-BR","potentialAction":[{"@type":"ReadAction","target":["https:\/\/www.correiobraziliense.com.br\/cbradar\/capim-limao-faz-bem-veja-beneficios-do-cha-calmante\/"]}]},{"@type":"ImageObject","inLanguage":"pt-BR","@id":"https:\/\/www.correiobraziliense.com.br\/cbradar\/capim-limao-faz-bem-veja-beneficios-do-cha-calmante\/#primaryimage","url":"https:\/\/www.correiobraziliense.com.br\/cbradar\/wp-content\/uploads\/2025\/08\/Capim-Limao_1755835589473.jpg","contentUrl":"https:\/\/www.correiobraziliense.com.br\/cbradar\/wp-content\/uploads\/2025\/08\/Capim-Limao_1755835589473.jpg","width":1280,"height":720,"caption":"Capim-Lim\u00e3o - Cr\u00e9ditos: depositphotos.com \/ Denisfilm"},{"@type":"BreadcrumbList","@id":"https:\/\/www.correiobraziliense.com.br\/cbradar\/capim-limao-faz-bem-veja-beneficios-do-cha-calmante\/#breadcrumb","itemListElement":[{"@type":"ListItem","position":1,"name":"In\u00edcio","item":"https:\/\/www.correiobraziliense.com.br\/cbradar\/"},{"@type":"ListItem","position":2,"name":"Capim-lim\u00e3o faz bem? Veja benef\u00edcios do ch\u00e1 calmante"}]},{"@type":"WebSite","@id":"https:\/\/www.correiobraziliense.com.br\/cbradar\/#website","url":"https:\/\/www.correiobraziliense.com.br\/cbradar\/","name":"Correio Braziliense - Radar","description":"Acompanhe as \u00faltimas not\u00edcias e fique bem informado sobre tudo o que acontece no Brasil e no mundo.","potentialAction":[{"@type":"SearchAction","target":{"@type":"EntryPoint","urlTemplate":"https:\/\/www.correiobraziliense.com.br\/cbradar\/?s={search_term_string}"},"query-input":{"@type":"PropertyValueSpecification","valueRequired":true,"valueName":"search_term_string"}}],"inLanguage":"pt-BR"},{"@type":"Person","@id":"https:\/\/www.correiobraziliense.com.br\/cbradar\/#\/schema\/person\/5aa4bf3c8fa699c267933611de12978b","name":"guilherme_saude","image":{"@type":"ImageObject","inLanguage":"pt-BR","@id":"https:\/\/www.correiobraziliense.com.br\/cbradar\/#\/schema\/person\/image\/","url":"https:\/\/secure.gravatar.com\/avatar\/df9adfb835d344bc0af109d41756253f?s=96&d=mm&r=g","contentUrl":"https:\/\/secure.gravatar.com\/avatar\/df9adfb835d344bc0af109d41756253f?s=96&d=mm&r=g","caption":"guilherme_saude"},"url":"https:\/\/www.correiobraziliense.com.br\/cbradar\/author\/guilherme_saude\/"}]}},"_links":{"self":[{"href":"https:\/\/www.correiobraziliense.com.br\/cbradar\/wp-json\/wp\/v2\/posts\/165986","targetHints":{"allow":["GET"]}}],"collection":[{"href":"https:\/\/www.correiobraziliense.com.br\/cbradar\/wp-json\/wp\/v2\/posts"}],"about":[{"href":"https:\/\/www.correiobraziliense.com.br\/cbradar\/wp-json\/wp\/v2\/types\/post"}],"author":[{"embeddable":true,"href":"https:\/\/www.correiobraziliense.com.br\/cbradar\/wp-json\/wp\/v2\/users\/14"}],"replies":[{"embeddable":true,"href":"https:\/\/www.correiobraziliense.com.br\/cbradar\/wp-json\/wp\/v2\/comments?post=165986"}],"version-history":[{"count":1,"href":"https:\/\/www.correiobraziliense.com.br\/cbradar\/wp-json\/wp\/v2\/posts\/165986\/revisions"}],"predecessor-version":[{"id":165987,"href":"https:\/\/www.correiobraziliense.com.br\/cbradar\/wp-json\/wp\/v2\/posts\/165986\/revisions\/165987"}],"wp:featuredmedia":[{"embeddable":true,"href":"https:\/\/www.correiobraziliense.com.br\/cbradar\/wp-json\/wp\/v2\/media\/90760"}],"wp:attachment":[{"href":"https:\/\/www.correiobraziliense.com.br\/cbradar\/wp-json\/wp\/v2\/media?parent=165986"}],"wp:term":[{"taxonomy":"category","embeddable":true,"href":"https:\/\/www.correiobraziliense.com.br\/cbradar\/wp-json\/wp\/v2\/categories?post=165986"},{"taxonomy":"post_tag","embeddable":true,"href":"https:\/\/www.correiobraziliense.com.br\/cbradar\/wp-json\/wp\/v2\/tags?post=165986"}],"curies":[{"name":"wp","href":"https:\/\/api.w.org\/{rel}","templated":true}]}}