{"id":16607,"date":"2025-03-28T22:10:00","date_gmt":"2025-03-29T01:10:00","guid":{"rendered":"https:\/\/www.correiobraziliense.com.br\/cbradar\/?p=16607"},"modified":"2025-03-28T10:20:26","modified_gmt":"2025-03-28T13:20:26","slug":"quais-sao-os-seus-direitos-ao-levar-o-carro-em-uma-oficina-veja-detalhes","status":"publish","type":"post","link":"https:\/\/www.correiobraziliense.com.br\/cbradar\/quais-sao-os-seus-direitos-ao-levar-o-carro-em-uma-oficina-veja-detalhes\/","title":{"rendered":"Quais s\u00e3o os seus direitos ao levar o carro em uma oficina? Veja detalhes"},"content":{"rendered":"\n<p>O <strong><a href=\"https:\/\/www.planalto.gov.br\/ccivil_03\/leis\/l8078compilado.htm\" target=\"_blank\" rel=\"noreferrer noopener\">C\u00f3digo de Defesa do Consumidor <\/a><\/strong>\u00e9 uma ferramenta essencial para proteger os direitos dos consumidores no Brasil, abrangendo tanto a compra de produtos quanto a contrata\u00e7\u00e3o de servi\u00e7os. No contexto automotivo, essa legisla\u00e7\u00e3o \u00e9 especialmente relevante, pois garante que os consumidores tenham prote\u00e7\u00e3o ao realizar reparos em seus ve\u00edculos. Apesar de sua import\u00e2ncia, muitos consumidores desconhecem os detalhes dessa prote\u00e7\u00e3o legal.<\/p>\n\n\n\n<p>Quando se trata de ve\u00edculos, a garantia legal \u00e9 um aspecto crucial que n\u00e3o deve ser ignorado. Para carros novos, a garantia geralmente varia entre tr\u00eas a cinco anos. J\u00e1 para ve\u00edculos usados, a lei estabelece uma garantia m\u00ednima de 90 dias. \u00c9 importante que os consumidores estejam cientes dessas regras para evitar pr\u00e1ticas enganosas, como a limita\u00e7\u00e3o da garantia apenas ao motor e \u00e0 caixa de c\u00e2mbio, o que \u00e9 ilegal segundo o c\u00f3digo.<\/p>\n\n\n\n<h2 class=\"wp-block-heading\"><strong>Qual \u00e9 a garantia oferecida por oficinas mec\u00e2nicas?<\/strong><\/h2>\n\n\n\n<p>As oficinas mec\u00e2nicas t\u00eam a obriga\u00e7\u00e3o de fornecer garantia pelos servi\u00e7os prestados, conforme estipulado pelo C\u00f3digo de Defesa do Consumidor. Isso significa que, se um problema persiste ou reaparece ap\u00f3s um reparo, a oficina deve corrigir o defeito sem custos adicionais para o cliente. Essa garantia \u00e9 um direito do consumidor e deve ser respeitada por todas as oficinas.<\/p>\n\n\n\n<p>\u00c9 comum que algumas oficinas tentem limitar ou negar a garantia por meio de anota\u00e7\u00f5es na nota fiscal. No entanto, tais pr\u00e1ticas n\u00e3o t\u00eam validade legal. O C\u00f3digo de Defesa do Consumidor prevalece sobre qualquer tentativa de restringir os direitos do consumidor. Portanto, se uma oficina n\u00e3o est\u00e1 disposta a oferecer garantia pelo servi\u00e7o, ela n\u00e3o deveria realiz\u00e1-lo.<\/p>\n\n\n\n<figure class=\"wp-block-image size-large\"><img decoding=\"async\" width=\"1024\" height=\"576\" src=\"https:\/\/www.correiobraziliense.com.br\/cbradar\/wp-content\/uploads\/2025\/03\/oficina-carro_1743168044617-1024x576.jpg\" alt=\"Quais s\u00e3o os seus direitos ao levar o carro em uma oficina? Veja detalhes\" class=\"wp-image-16610\" srcset=\"https:\/\/www.correiobraziliense.com.br\/cbradar\/wp-content\/uploads\/2025\/03\/oficina-carro_1743168044617-1024x576.jpg 1024w, https:\/\/www.correiobraziliense.com.br\/cbradar\/wp-content\/uploads\/2025\/03\/oficina-carro_1743168044617-300x169.jpg 300w, https:\/\/www.correiobraziliense.com.br\/cbradar\/wp-content\/uploads\/2025\/03\/oficina-carro_1743168044617-768x432.jpg 768w, https:\/\/www.correiobraziliense.com.br\/cbradar\/wp-content\/uploads\/2025\/03\/oficina-carro_1743168044617-750x422.jpg 750w, https:\/\/www.correiobraziliense.com.br\/cbradar\/wp-content\/uploads\/2025\/03\/oficina-carro_1743168044617-1140x641.jpg 1140w, https:\/\/www.correiobraziliense.com.br\/cbradar\/wp-content\/uploads\/2025\/03\/oficina-carro_1743168044617.jpg 1280w\" sizes=\"(max-width: 1024px) 100vw, 1024px\" \/><figcaption class=\"wp-element-caption\">Oficina. Cr\u00e9ditos: depositphotos.com \/ kalinovsky<\/figcaption><\/figure>\n\n\n\n<h2 class=\"wp-block-heading\"><strong>Como proceder em caso de recusa de garantia?<\/strong><\/h2>\n\n\n\n<p>Consumidores devem estar cientes de seus direitos e n\u00e3o hesitar em exigir a garantia quando necess\u00e1rio. Se uma oficina se recusar a honrar a garantia, o cliente tem o direito de recorrer aos \u00f3rg\u00e3os de defesa do consumidor para fazer valer seus direitos legais. Esses \u00f3rg\u00e3os podem mediar a situa\u00e7\u00e3o e garantir que o consumidor n\u00e3o seja prejudicado.<\/p>\n\n\n\n<p>Al\u00e9m disso, \u00e9 importante que os consumidores mantenham registros detalhados de todos os servi\u00e7os realizados, incluindo notas fiscais e comunica\u00e7\u00f5es com a oficina. Esses documentos podem ser fundamentais em caso de disputas sobre a garantia.<\/p>\n\n\n\n<h2 class=\"wp-block-heading\"><strong>Por que a garantia \u00e9 importante para o consumidor?<\/strong><\/h2>\n\n\n\n<p>A garantia \u00e9 uma forma de assegurar que o consumidor n\u00e3o ser\u00e1 lesado por servi\u00e7os mal executados. Ela oferece uma camada adicional de prote\u00e7\u00e3o e confian\u00e7a ao consumidor, garantindo que os reparos realizados em seu ve\u00edculo sejam de qualidade e que qualquer problema seja corrigido sem custos adicionais.<\/p>\n\n\n\n<p>Em \u00faltima an\u00e1lise, a garantia em servi\u00e7os automotivos n\u00e3o \u00e9 apenas um direito legal, mas tamb\u00e9m uma pr\u00e1tica que promove a confian\u00e7a entre consumidores e prestadores de servi\u00e7os. Conhecer e exigir esse direito \u00e9 fundamental para garantir que os consumidores n\u00e3o sejam prejudicados e que recebam o servi\u00e7o pelo qual pagaram.<\/p>\n","protected":false},"excerpt":{"rendered":"<p>Entenda seus direitos sobre a garantia em servi\u00e7os automotivos, desde carros novos at\u00e9 reparos em oficinas mec\u00e2nicas.<\/p>\n","protected":false},"author":3,"featured_media":16609,"comment_status":"open","ping_status":"open","sticky":false,"template":"","format":"standard","meta":{"_yoast_wpseo_focuskw":"direitos oficina","_yoast_wpseo_title":"%%title%%","_yoast_wpseo_metadesc":"Entenda seus direitos sobre a garantia em servi\u00e7os automotivos, desde carros novos at\u00e9 reparos em oficinas mec\u00e2nicas.","jnews-multi-image_gallery":[],"jnews_single_post":{"format":"standard"},"jnews_primary_category":[],"jnews_social_meta":[],"jnews_override_counter":[],"footnotes":""},"categories":[112],"tags":[2528,2529],"class_list":["post-16607","post","type-post","status-publish","format-standard","has-post-thumbnail","hentry","category-curiosidades","tag-direitos-do-consumidor","tag-oficina"],"yoast_head":"<!-- This site is optimized with the Yoast SEO plugin v24.6 - https:\/\/yoast.com\/wordpress\/plugins\/seo\/ -->\n<title>Quais s\u00e3o os seus direitos ao levar o carro em uma oficina? Veja detalhes<\/title>\n<meta name=\"description\" content=\"Entenda seus direitos sobre a garantia em servi\u00e7os automotivos, desde carros novos at\u00e9 reparos em oficinas mec\u00e2nicas.\" \/>\n<meta name=\"robots\" content=\"index, follow, max-snippet:-1, max-image-preview:large, max-video-preview:-1\" \/>\n<link rel=\"canonical\" href=\"https:\/\/www.correiobraziliense.com.br\/cbradar\/quais-sao-os-seus-direitos-ao-levar-o-carro-em-uma-oficina-veja-detalhes\/\" \/>\n<meta property=\"og:locale\" content=\"pt_BR\" \/>\n<meta property=\"og:type\" content=\"article\" \/>\n<meta property=\"og:title\" content=\"Quais s\u00e3o os seus direitos ao levar o carro em uma oficina? Veja detalhes\" \/>\n<meta property=\"og:description\" content=\"Entenda seus direitos sobre a garantia em servi\u00e7os automotivos, desde carros novos at\u00e9 reparos em oficinas mec\u00e2nicas.\" \/>\n<meta property=\"og:url\" content=\"https:\/\/www.correiobraziliense.com.br\/cbradar\/quais-sao-os-seus-direitos-ao-levar-o-carro-em-uma-oficina-veja-detalhes\/\" \/>\n<meta property=\"og:site_name\" content=\"Correio Braziliense - Radar\" \/>\n<meta property=\"article:published_time\" content=\"2025-03-29T01:10:00+00:00\" \/>\n<meta property=\"og:image\" content=\"https:\/\/www.correiobraziliense.com.br\/cbradar\/wp-content\/uploads\/2025\/03\/oficina-carro_1743167954295.jpg\" \/>\n\t<meta property=\"og:image:width\" content=\"1280\" \/>\n\t<meta property=\"og:image:height\" content=\"720\" \/>\n\t<meta property=\"og:image:type\" content=\"image\/jpeg\" \/>\n<meta name=\"author\" content=\"Larissa Carvalho\" \/>\n<meta name=\"twitter:card\" content=\"summary_large_image\" \/>\n<meta name=\"twitter:label1\" content=\"Escrito por\" \/>\n\t<meta name=\"twitter:data1\" content=\"Larissa Carvalho\" \/>\n\t<meta name=\"twitter:label2\" content=\"Est. tempo de leitura\" \/>\n\t<meta name=\"twitter:data2\" content=\"4 minutos\" \/>\n<!-- \/ Yoast SEO plugin. -->","yoast_head_json":{"title":"Quais s\u00e3o os seus direitos ao levar o carro em uma oficina? Veja detalhes","description":"Entenda seus direitos sobre a garantia em servi\u00e7os automotivos, desde carros novos at\u00e9 reparos em oficinas mec\u00e2nicas.","robots":{"index":"index","follow":"follow","max-snippet":"max-snippet:-1","max-image-preview":"max-image-preview:large","max-video-preview":"max-video-preview:-1"},"canonical":"https:\/\/www.correiobraziliense.com.br\/cbradar\/quais-sao-os-seus-direitos-ao-levar-o-carro-em-uma-oficina-veja-detalhes\/","og_locale":"pt_BR","og_type":"article","og_title":"Quais s\u00e3o os seus direitos ao levar o carro em uma oficina? Veja detalhes","og_description":"Entenda seus direitos sobre a garantia em servi\u00e7os automotivos, desde carros novos at\u00e9 reparos em oficinas mec\u00e2nicas.","og_url":"https:\/\/www.correiobraziliense.com.br\/cbradar\/quais-sao-os-seus-direitos-ao-levar-o-carro-em-uma-oficina-veja-detalhes\/","og_site_name":"Correio Braziliense - Radar","article_published_time":"2025-03-29T01:10:00+00:00","og_image":[{"width":1280,"height":720,"url":"https:\/\/www.correiobraziliense.com.br\/cbradar\/wp-content\/uploads\/2025\/03\/oficina-carro_1743167954295.jpg","type":"image\/jpeg"}],"author":"Larissa Carvalho","twitter_card":"summary_large_image","twitter_misc":{"Escrito por":"Larissa Carvalho","Est. tempo de leitura":"4 minutos"},"schema":{"@context":"https:\/\/schema.org","@graph":[{"@type":"WebPage","@id":"https:\/\/www.correiobraziliense.com.br\/cbradar\/quais-sao-os-seus-direitos-ao-levar-o-carro-em-uma-oficina-veja-detalhes\/","url":"https:\/\/www.correiobraziliense.com.br\/cbradar\/quais-sao-os-seus-direitos-ao-levar-o-carro-em-uma-oficina-veja-detalhes\/","name":"Quais s\u00e3o os seus direitos ao levar o carro em uma oficina? Veja detalhes","isPartOf":{"@id":"https:\/\/www.correiobraziliense.com.br\/cbradar\/#website"},"primaryImageOfPage":{"@id":"https:\/\/www.correiobraziliense.com.br\/cbradar\/quais-sao-os-seus-direitos-ao-levar-o-carro-em-uma-oficina-veja-detalhes\/#primaryimage"},"image":{"@id":"https:\/\/www.correiobraziliense.com.br\/cbradar\/quais-sao-os-seus-direitos-ao-levar-o-carro-em-uma-oficina-veja-detalhes\/#primaryimage"},"thumbnailUrl":"https:\/\/www.correiobraziliense.com.br\/cbradar\/wp-content\/uploads\/2025\/03\/oficina-carro_1743167954295.jpg","datePublished":"2025-03-29T01:10:00+00:00","author":{"@id":"https:\/\/www.correiobraziliense.com.br\/cbradar\/#\/schema\/person\/58422787644df994b53a19d3e56c1513"},"description":"Entenda seus direitos sobre a garantia em servi\u00e7os automotivos, desde carros novos at\u00e9 reparos em oficinas mec\u00e2nicas.","breadcrumb":{"@id":"https:\/\/www.correiobraziliense.com.br\/cbradar\/quais-sao-os-seus-direitos-ao-levar-o-carro-em-uma-oficina-veja-detalhes\/#breadcrumb"},"inLanguage":"pt-BR","potentialAction":[{"@type":"ReadAction","target":["https:\/\/www.correiobraziliense.com.br\/cbradar\/quais-sao-os-seus-direitos-ao-levar-o-carro-em-uma-oficina-veja-detalhes\/"]}]},{"@type":"ImageObject","inLanguage":"pt-BR","@id":"https:\/\/www.correiobraziliense.com.br\/cbradar\/quais-sao-os-seus-direitos-ao-levar-o-carro-em-uma-oficina-veja-detalhes\/#primaryimage","url":"https:\/\/www.correiobraziliense.com.br\/cbradar\/wp-content\/uploads\/2025\/03\/oficina-carro_1743167954295.jpg","contentUrl":"https:\/\/www.correiobraziliense.com.br\/cbradar\/wp-content\/uploads\/2025\/03\/oficina-carro_1743167954295.jpg","width":1280,"height":720,"caption":"Oficina.Cr\u00e9ditos: depositphotos.com \/ VitalikRadko"},{"@type":"BreadcrumbList","@id":"https:\/\/www.correiobraziliense.com.br\/cbradar\/quais-sao-os-seus-direitos-ao-levar-o-carro-em-uma-oficina-veja-detalhes\/#breadcrumb","itemListElement":[{"@type":"ListItem","position":1,"name":"In\u00edcio","item":"https:\/\/www.correiobraziliense.com.br\/cbradar\/"},{"@type":"ListItem","position":2,"name":"Quais s\u00e3o os seus direitos ao levar o carro em uma oficina? Veja detalhes"}]},{"@type":"WebSite","@id":"https:\/\/www.correiobraziliense.com.br\/cbradar\/#website","url":"https:\/\/www.correiobraziliense.com.br\/cbradar\/","name":"Correio Braziliense - Radar","description":"Acompanhe as \u00faltimas not\u00edcias e fique bem informado sobre tudo o que acontece no Brasil e no mundo.","potentialAction":[{"@type":"SearchAction","target":{"@type":"EntryPoint","urlTemplate":"https:\/\/www.correiobraziliense.com.br\/cbradar\/?s={search_term_string}"},"query-input":{"@type":"PropertyValueSpecification","valueRequired":true,"valueName":"search_term_string"}}],"inLanguage":"pt-BR"},{"@type":"Person","@id":"https:\/\/www.correiobraziliense.com.br\/cbradar\/#\/schema\/person\/58422787644df994b53a19d3e56c1513","name":"Larissa Carvalho","image":{"@type":"ImageObject","inLanguage":"pt-BR","@id":"https:\/\/www.correiobraziliense.com.br\/cbradar\/#\/schema\/person\/image\/","url":"https:\/\/secure.gravatar.com\/avatar\/fe4f91a0de32b52a838d0d612abdc1aa?s=96&d=mm&r=g","contentUrl":"https:\/\/secure.gravatar.com\/avatar\/fe4f91a0de32b52a838d0d612abdc1aa?s=96&d=mm&r=g","caption":"Larissa Carvalho"},"url":"https:\/\/www.correiobraziliense.com.br\/cbradar\/author\/larissamyth\/"}]}},"_links":{"self":[{"href":"https:\/\/www.correiobraziliense.com.br\/cbradar\/wp-json\/wp\/v2\/posts\/16607","targetHints":{"allow":["GET"]}}],"collection":[{"href":"https:\/\/www.correiobraziliense.com.br\/cbradar\/wp-json\/wp\/v2\/posts"}],"about":[{"href":"https:\/\/www.correiobraziliense.com.br\/cbradar\/wp-json\/wp\/v2\/types\/post"}],"author":[{"embeddable":true,"href":"https:\/\/www.correiobraziliense.com.br\/cbradar\/wp-json\/wp\/v2\/users\/3"}],"replies":[{"embeddable":true,"href":"https:\/\/www.correiobraziliense.com.br\/cbradar\/wp-json\/wp\/v2\/comments?post=16607"}],"version-history":[{"count":1,"href":"https:\/\/www.correiobraziliense.com.br\/cbradar\/wp-json\/wp\/v2\/posts\/16607\/revisions"}],"predecessor-version":[{"id":16611,"href":"https:\/\/www.correiobraziliense.com.br\/cbradar\/wp-json\/wp\/v2\/posts\/16607\/revisions\/16611"}],"wp:featuredmedia":[{"embeddable":true,"href":"https:\/\/www.correiobraziliense.com.br\/cbradar\/wp-json\/wp\/v2\/media\/16609"}],"wp:attachment":[{"href":"https:\/\/www.correiobraziliense.com.br\/cbradar\/wp-json\/wp\/v2\/media?parent=16607"}],"wp:term":[{"taxonomy":"category","embeddable":true,"href":"https:\/\/www.correiobraziliense.com.br\/cbradar\/wp-json\/wp\/v2\/categories?post=16607"},{"taxonomy":"post_tag","embeddable":true,"href":"https:\/\/www.correiobraziliense.com.br\/cbradar\/wp-json\/wp\/v2\/tags?post=16607"}],"curies":[{"name":"wp","href":"https:\/\/api.w.org\/{rel}","templated":true}]}}