{"id":16618,"date":"2025-03-29T14:30:00","date_gmt":"2025-03-29T17:30:00","guid":{"rendered":"https:\/\/www.correiobraziliense.com.br\/cbradar\/?p=16618"},"modified":"2025-03-28T15:45:44","modified_gmt":"2025-03-28T18:45:44","slug":"conheca-a-jornada-da-atleta-feminina-mais-bem-paga-do-mundo","status":"publish","type":"post","link":"https:\/\/www.correiobraziliense.com.br\/cbradar\/conheca-a-jornada-da-atleta-feminina-mais-bem-paga-do-mundo\/","title":{"rendered":"Conhe\u00e7a a jornada da atleta feminina mais bem paga do mundo"},"content":{"rendered":"\n<p><strong>Coco Gauff<\/strong>, aos 20 anos, se destaca como a atleta feminina mais bem paga do mundo em 2024, com ganhos de US$ 30,4 milh\u00f5es. Este feito \u00e9 not\u00e1vel, especialmente considerando que a lista dos 100 atletas mais bem pagos do mundo n\u00e3o inclui mulheres. A jovem tenista norte-americana, com sua trajet\u00f3ria impressionante, j\u00e1 conquistou o US Open de 2023, al\u00e9m de outros t\u00edtulos importantes como o <strong>WTA Finals <\/strong>e os <strong>WTAs<\/strong> de <strong>Pequim <\/strong>e <strong>Cincinnati<\/strong>.<\/p>\n\n\n\n<p>O sucesso de Gauff no t\u00eanis \u00e9 resultado de uma combina\u00e7\u00e3o de talento inato e uma forte influ\u00eancia familiar. Desde cedo, ela foi inspirada por seus pais, ambos atletas, e pelas lend\u00e1rias irm\u00e3s <strong>Serena <\/strong>e <strong>Venus Williams<\/strong>. Sua vit\u00f3ria sobre <strong>Venus Williams em Wimbledon,<\/strong> em 2019, marcou o in\u00edcio de sua ascens\u00e3o mete\u00f3rica no esporte.<\/p>\n\n\n\n<h2 class=\"wp-block-heading\"><strong>Como Coco Gauff iniciou sua carreira no t\u00eanis?<\/strong><\/h2>\n\n\n\n<p>A trajet\u00f3ria de Coco Gauff no t\u00eanis come\u00e7ou aos 6 anos, influenciada pelo hist\u00f3rico esportivo de seus pais. Seu pai,<strong> Corey Gauff<\/strong>, teve uma carreira no basquete universit\u00e1rio, enquanto sua m\u00e3e, <strong>Candi<\/strong>, se destacou na gin\u00e1stica e atletismo. Inspirada pelas irm\u00e3s<strong> Williams<\/strong>, Gauff desenvolveu um estilo de jogo agressivo e se tornou conhecida por sua determina\u00e7\u00e3o em quadra.<\/p>\n\n\n\n<figure class=\"wp-block-image size-large\"><img decoding=\"async\" width=\"1024\" height=\"576\" src=\"https:\/\/www.correiobraziliense.com.br\/cbradar\/wp-content\/uploads\/2025\/03\/Coco-Gauff_1743169444820-1024x576.jpg\" alt=\"Conhe\u00e7a a jornada da atleta feminina mais bem paga do mundo\" class=\"wp-image-16628\" srcset=\"https:\/\/www.correiobraziliense.com.br\/cbradar\/wp-content\/uploads\/2025\/03\/Coco-Gauff_1743169444820-1024x576.jpg 1024w, https:\/\/www.correiobraziliense.com.br\/cbradar\/wp-content\/uploads\/2025\/03\/Coco-Gauff_1743169444820-300x169.jpg 300w, https:\/\/www.correiobraziliense.com.br\/cbradar\/wp-content\/uploads\/2025\/03\/Coco-Gauff_1743169444820-768x432.jpg 768w, https:\/\/www.correiobraziliense.com.br\/cbradar\/wp-content\/uploads\/2025\/03\/Coco-Gauff_1743169444820-750x422.jpg 750w, https:\/\/www.correiobraziliense.com.br\/cbradar\/wp-content\/uploads\/2025\/03\/Coco-Gauff_1743169444820-1140x641.jpg 1140w, https:\/\/www.correiobraziliense.com.br\/cbradar\/wp-content\/uploads\/2025\/03\/Coco-Gauff_1743169444820.jpg 1280w\" sizes=\"(max-width: 1024px) 100vw, 1024px\" \/><figcaption class=\"wp-element-caption\">Coco Gauff. Cr\u00e9ditos: depositphotos.com \/ renaschild<\/figcaption><\/figure>\n\n\n\n<p>Em 2019, aos 15 anos, Gauff chamou a aten\u00e7\u00e3o do mundo ao derrotar <strong>Venus Williams <\/strong>na primeira rodada de Wimbledon. Este feito n\u00e3o apenas a colocou sob os holofotes, mas tamb\u00e9m solidificou sua posi\u00e7\u00e3o como uma das promessas mais brilhantes do t\u00eanis feminino.<\/p>\n\n\n\n<h2 class=\"wp-block-heading\"><strong>Quais s\u00e3o as conquistas de Coco Gauff no t\u00eanis?<\/strong><\/h2>\n\n\n\n<p>Al\u00e9m do US Open de 2023, Coco Gauff acumulou uma s\u00e9rie de conquistas significativas ao longo de sua carreira. Ela venceu o WTA Finals e os torneios de Pequim e Cincinnati, demonstrando sua habilidade em quadras de piso duro, sua superf\u00edcie preferida. Gauff \u00e9 descrita como uma &#8220;lutadora&#8221; e seu estilo de jogo agressivo tem sido um diferencial em suas partidas.<\/p>\n\n\n\n<ul class=\"wp-block-list\">\n<li>US Open 2023<\/li>\n\n\n\n<li>WTA Finals<\/li>\n\n\n\n<li>WTA de Pequim<\/li>\n\n\n\n<li>WTA de Cincinnati<\/li>\n<\/ul>\n\n\n\n<h2 class=\"wp-block-heading\"><strong>Vida pessoal e interesses de Coco Gauff<\/strong><\/h2>\n\n\n\n<p>Fora das quadras, Coco Gauff leva uma vida equilibrada, dividindo seu tempo entre a fam\u00edlia e seus hobbies. Ela gosta de passar tempo com seu irm\u00e3o e familiares, al\u00e9m de assistir a filmes de super-her\u00f3is e criar conte\u00fado para o TikTok, onde possui uma base de seguidores significativa. Gauff tamb\u00e9m \u00e9 f\u00e3 de Beyonc\u00e9 e aprecia a cultura e arquitetura de Paris, sua cidade favorita para viagens.<\/p>\n\n\n\n<p>Al\u00e9m de suas atividades recreativas, Gauff tem uma parceria com a New Balance, que resultou em uma linha de t\u00eanis colaborativa. Este patroc\u00ednio n\u00e3o apenas refor\u00e7a sua imagem como atleta, mas tamb\u00e9m destaca sua influ\u00eancia no mundo da moda esportiva.<\/p>\n\n\n\n<h2 class=\"wp-block-heading\"><strong>O impacto de Coco Gauff no t\u00eanis Feminino<\/strong><\/h2>\n\n\n\n<p>Coco Gauff n\u00e3o \u00e9 apenas uma atleta de sucesso, mas tamb\u00e9m uma inspira\u00e7\u00e3o para jovens tenistas ao redor do mundo. Sua ascens\u00e3o no esporte, combinada com sua presen\u00e7a carism\u00e1tica fora das quadras, a torna uma figura influente no t\u00eanis feminino. Gauff continua a quebrar barreiras e a redefinir o que \u00e9 poss\u00edvel para mulheres no esporte, solidificando seu legado como uma das grandes tenistas de sua gera\u00e7\u00e3o.<\/p>\n","protected":false},"excerpt":{"rendered":"<p>A ascens\u00e3o de Coco Gauff no mundo do t\u00eanis: sua carreira, conquistas e impacto no esporte feminino. A jovem se torna a atleta mais bem paga.<\/p>\n","protected":false},"author":3,"featured_media":16627,"comment_status":"open","ping_status":"open","sticky":false,"template":"","format":"standard","meta":{"jnews-multi-image_gallery":[],"jnews_single_post":{"format":"standard"},"jnews_primary_category":[],"jnews_social_meta":[],"jnews_override_counter":[],"footnotes":""},"categories":[140],"post_tag":[2562,534],"class_list":["post-16618","post","type-post","status-publish","format-standard","has-post-thumbnail","hentry","category-entretenimento","tag-coco-gauff","tag-fortunas"],"yoast_head":"<!-- This site is optimized with the Yoast SEO plugin v24.6 - https:\/\/yoast.com\/wordpress\/plugins\/seo\/ -->\n<title>Conhe\u00e7a a jornada da atleta feminina mais bem paga do mundo<\/title>\n<meta name=\"description\" content=\"A ascens\u00e3o de Coco Gauff no mundo do t\u00eanis: sua carreira, conquistas e impacto no esporte feminino. A jovem se torna a atleta mais bem paga.\" \/>\n<meta name=\"robots\" content=\"index, follow, max-snippet:-1, max-image-preview:large, max-video-preview:-1\" \/>\n<link rel=\"canonical\" href=\"https:\/\/www.correiobraziliense.com.br\/cbradar\/conheca-a-jornada-da-atleta-feminina-mais-bem-paga-do-mundo\/\" \/>\n<meta property=\"og:locale\" content=\"pt_BR\" \/>\n<meta property=\"og:type\" content=\"article\" \/>\n<meta property=\"og:title\" content=\"Conhe\u00e7a a jornada da atleta feminina mais bem paga do mundo\" \/>\n<meta property=\"og:description\" content=\"A ascens\u00e3o de Coco Gauff no mundo do t\u00eanis: sua carreira, conquistas e impacto no esporte feminino. A jovem se torna a atleta mais bem paga.\" \/>\n<meta property=\"og:url\" content=\"https:\/\/www.correiobraziliense.com.br\/cbradar\/conheca-a-jornada-da-atleta-feminina-mais-bem-paga-do-mundo\/\" \/>\n<meta property=\"og:site_name\" content=\"Correio Braziliense - Radar\" \/>\n<meta property=\"article:published_time\" content=\"2025-03-29T17:30:00+00:00\" \/>\n<meta property=\"og:image\" content=\"https:\/\/www.correiobraziliense.com.br\/cbradar\/wp-content\/uploads\/2025\/03\/Coco-Gauff_1743169360257.jpg\" \/>\n\t<meta property=\"og:image:width\" content=\"1280\" \/>\n\t<meta property=\"og:image:height\" content=\"720\" \/>\n\t<meta property=\"og:image:type\" content=\"image\/jpeg\" \/>\n<meta name=\"author\" content=\"Larissa Carvalho\" \/>\n<meta name=\"twitter:card\" content=\"summary_large_image\" \/>\n<meta name=\"twitter:label1\" content=\"Escrito por\" \/>\n\t<meta name=\"twitter:data1\" content=\"Larissa Carvalho\" \/>\n\t<meta name=\"twitter:label2\" content=\"Est. tempo de leitura\" \/>\n\t<meta name=\"twitter:data2\" content=\"4 minutos\" \/>\n<!-- \/ Yoast SEO plugin. -->","yoast_head_json":{"title":"Conhe\u00e7a a jornada da atleta feminina mais bem paga do mundo","description":"A ascens\u00e3o de Coco Gauff no mundo do t\u00eanis: sua carreira, conquistas e impacto no esporte feminino. A jovem se torna a atleta mais bem paga.","robots":{"index":"index","follow":"follow","max-snippet":"max-snippet:-1","max-image-preview":"max-image-preview:large","max-video-preview":"max-video-preview:-1"},"canonical":"https:\/\/www.correiobraziliense.com.br\/cbradar\/conheca-a-jornada-da-atleta-feminina-mais-bem-paga-do-mundo\/","og_locale":"pt_BR","og_type":"article","og_title":"Conhe\u00e7a a jornada da atleta feminina mais bem paga do mundo","og_description":"A ascens\u00e3o de Coco Gauff no mundo do t\u00eanis: sua carreira, conquistas e impacto no esporte feminino. A jovem se torna a atleta mais bem paga.","og_url":"https:\/\/www.correiobraziliense.com.br\/cbradar\/conheca-a-jornada-da-atleta-feminina-mais-bem-paga-do-mundo\/","og_site_name":"Correio Braziliense - Radar","article_published_time":"2025-03-29T17:30:00+00:00","og_image":[{"width":1280,"height":720,"url":"https:\/\/www.correiobraziliense.com.br\/cbradar\/wp-content\/uploads\/2025\/03\/Coco-Gauff_1743169360257.jpg","type":"image\/jpeg"}],"author":"Larissa Carvalho","twitter_card":"summary_large_image","twitter_misc":{"Escrito por":"Larissa Carvalho","Est. tempo de leitura":"4 minutos"},"schema":{"@context":"https:\/\/schema.org","@graph":[{"@type":"WebPage","@id":"https:\/\/www.correiobraziliense.com.br\/cbradar\/conheca-a-jornada-da-atleta-feminina-mais-bem-paga-do-mundo\/","url":"https:\/\/www.correiobraziliense.com.br\/cbradar\/conheca-a-jornada-da-atleta-feminina-mais-bem-paga-do-mundo\/","name":"Conhe\u00e7a a jornada da atleta feminina mais bem paga do mundo","isPartOf":{"@id":"https:\/\/www.correiobraziliense.com.br\/cbradar\/#website"},"primaryImageOfPage":{"@id":"https:\/\/www.correiobraziliense.com.br\/cbradar\/conheca-a-jornada-da-atleta-feminina-mais-bem-paga-do-mundo\/#primaryimage"},"image":{"@id":"https:\/\/www.correiobraziliense.com.br\/cbradar\/conheca-a-jornada-da-atleta-feminina-mais-bem-paga-do-mundo\/#primaryimage"},"thumbnailUrl":"https:\/\/www.correiobraziliense.com.br\/cbradar\/wp-content\/uploads\/2025\/03\/Coco-Gauff_1743169360257.jpg","datePublished":"2025-03-29T17:30:00+00:00","author":{"@id":"https:\/\/www.correiobraziliense.com.br\/cbradar\/#\/schema\/person\/58422787644df994b53a19d3e56c1513"},"description":"A ascens\u00e3o de Coco Gauff no mundo do t\u00eanis: sua carreira, conquistas e impacto no esporte feminino. A jovem se torna a atleta mais bem paga.","breadcrumb":{"@id":"https:\/\/www.correiobraziliense.com.br\/cbradar\/conheca-a-jornada-da-atleta-feminina-mais-bem-paga-do-mundo\/#breadcrumb"},"inLanguage":"pt-BR","potentialAction":[{"@type":"ReadAction","target":["https:\/\/www.correiobraziliense.com.br\/cbradar\/conheca-a-jornada-da-atleta-feminina-mais-bem-paga-do-mundo\/"]}]},{"@type":"ImageObject","inLanguage":"pt-BR","@id":"https:\/\/www.correiobraziliense.com.br\/cbradar\/conheca-a-jornada-da-atleta-feminina-mais-bem-paga-do-mundo\/#primaryimage","url":"https:\/\/www.correiobraziliense.com.br\/cbradar\/wp-content\/uploads\/2025\/03\/Coco-Gauff_1743169360257.jpg","contentUrl":"https:\/\/www.correiobraziliense.com.br\/cbradar\/wp-content\/uploads\/2025\/03\/Coco-Gauff_1743169360257.jpg","width":1280,"height":720,"caption":"Coco Gauff. Cr\u00e9ditos: depositphotos.com \/ renaschild"},{"@type":"BreadcrumbList","@id":"https:\/\/www.correiobraziliense.com.br\/cbradar\/conheca-a-jornada-da-atleta-feminina-mais-bem-paga-do-mundo\/#breadcrumb","itemListElement":[{"@type":"ListItem","position":1,"name":"In\u00edcio","item":"https:\/\/www.correiobraziliense.com.br\/cbradar\/"},{"@type":"ListItem","position":2,"name":"Conhe\u00e7a a jornada da atleta feminina mais bem paga do mundo"}]},{"@type":"WebSite","@id":"https:\/\/www.correiobraziliense.com.br\/cbradar\/#website","url":"https:\/\/www.correiobraziliense.com.br\/cbradar\/","name":"Correio Braziliense - Radar","description":"Acompanhe as \u00faltimas not\u00edcias e fique bem informado sobre tudo o que acontece no Brasil e no mundo.","potentialAction":[{"@type":"SearchAction","target":{"@type":"EntryPoint","urlTemplate":"https:\/\/www.correiobraziliense.com.br\/cbradar\/?s={search_term_string}"},"query-input":{"@type":"PropertyValueSpecification","valueRequired":true,"valueName":"search_term_string"}}],"inLanguage":"pt-BR"},{"@type":"Person","@id":"https:\/\/www.correiobraziliense.com.br\/cbradar\/#\/schema\/person\/58422787644df994b53a19d3e56c1513","name":"Larissa Carvalho","image":{"@type":"ImageObject","inLanguage":"pt-BR","@id":"https:\/\/www.correiobraziliense.com.br\/cbradar\/#\/schema\/person\/image\/","url":"https:\/\/secure.gravatar.com\/avatar\/fe4f91a0de32b52a838d0d612abdc1aa?s=96&d=mm&r=g","contentUrl":"https:\/\/secure.gravatar.com\/avatar\/fe4f91a0de32b52a838d0d612abdc1aa?s=96&d=mm&r=g","caption":"Larissa Carvalho"},"url":"https:\/\/www.correiobraziliense.com.br\/cbradar\/author\/larissamyth\/"}]}},"_links":{"self":[{"href":"https:\/\/www.correiobraziliense.com.br\/cbradar\/wp-json\/wp\/v2\/posts\/16618","targetHints":{"allow":["GET"]}}],"collection":[{"href":"https:\/\/www.correiobraziliense.com.br\/cbradar\/wp-json\/wp\/v2\/posts"}],"about":[{"href":"https:\/\/www.correiobraziliense.com.br\/cbradar\/wp-json\/wp\/v2\/types\/post"}],"author":[{"embeddable":true,"href":"https:\/\/www.correiobraziliense.com.br\/cbradar\/wp-json\/wp\/v2\/users\/3"}],"replies":[{"embeddable":true,"href":"https:\/\/www.correiobraziliense.com.br\/cbradar\/wp-json\/wp\/v2\/comments?post=16618"}],"version-history":[{"count":2,"href":"https:\/\/www.correiobraziliense.com.br\/cbradar\/wp-json\/wp\/v2\/posts\/16618\/revisions"}],"predecessor-version":[{"id":16760,"href":"https:\/\/www.correiobraziliense.com.br\/cbradar\/wp-json\/wp\/v2\/posts\/16618\/revisions\/16760"}],"wp:featuredmedia":[{"embeddable":true,"href":"https:\/\/www.correiobraziliense.com.br\/cbradar\/wp-json\/wp\/v2\/media\/16627"}],"wp:attachment":[{"href":"https:\/\/www.correiobraziliense.com.br\/cbradar\/wp-json\/wp\/v2\/media?parent=16618"}],"wp:term":[{"taxonomy":"category","embeddable":true,"href":"https:\/\/www.correiobraziliense.com.br\/cbradar\/wp-json\/wp\/v2\/categories?post=16618"},{"taxonomy":"post_tag","embeddable":true,"href":"https:\/\/www.correiobraziliense.com.br\/cbradar\/wp-json\/wp\/v2\/post_tag?post=16618"}],"curies":[{"name":"wp","href":"https:\/\/api.w.org\/{rel}","templated":true}]}}