{"id":16630,"date":"2025-03-29T13:30:00","date_gmt":"2025-03-29T16:30:00","guid":{"rendered":"https:\/\/www.correiobraziliense.com.br\/cbradar\/?p=16630"},"modified":"2025-03-28T15:46:00","modified_gmt":"2025-03-28T18:46:00","slug":"guia-definitivo-para-o-cultivo-de-abobrinha-em-casa","status":"publish","type":"post","link":"https:\/\/www.correiobraziliense.com.br\/cbradar\/guia-definitivo-para-o-cultivo-de-abobrinha-em-casa\/","title":{"rendered":"Guia definitivo para o cultivo de abobrinha em casa"},"content":{"rendered":"\n<p>O cultivo de abobrinha em casa \u00e9 uma pr\u00e1tica que vem ganhando popularidade devido aos seus in\u00fameros benef\u00edcios. Al\u00e9m de ser uma atividade relaxante, proporciona o acesso a um alimento fresco e livre de agrot\u00f3xicos. A abobrinha \u00e9 um vegetal rico em vitaminas e minerais, sendo uma excelente adi\u00e7\u00e3o a qualquer dieta saud\u00e1vel.<\/p>\n\n\n\n<p>Este guia foi elaborado para ajudar aqueles que desejam iniciar o cultivo de abobrinha em casa, fornecendo um passo a passo detalhado sobre como plantar e cuidar desse vegetal. Com alguns materiais b\u00e1sicos e um pouco de dedica\u00e7\u00e3o, \u00e9 poss\u00edvel colher abobrinhas frescas em pouco tempo.<\/p>\n\n\n\n<h2 class=\"wp-block-heading\"><strong>Materiais necess\u00e1rios para o plantio<\/strong><\/h2>\n\n\n\n<p>Para come\u00e7ar o cultivo de abobrinha, \u00e9 essencial reunir alguns materiais b\u00e1sicos. Voc\u00ea precisar\u00e1 de:<\/p>\n\n\n\n<figure class=\"wp-block-image size-large\"><img decoding=\"async\" width=\"1024\" height=\"576\" src=\"https:\/\/www.correiobraziliense.com.br\/cbradar\/wp-content\/uploads\/2025\/03\/cultivo-de-abobrinha_1743171870312-1024x576.jpg\" alt=\"Guia definitivo para o cultivo de abobrinha em casa\" class=\"wp-image-16641\" srcset=\"https:\/\/www.correiobraziliense.com.br\/cbradar\/wp-content\/uploads\/2025\/03\/cultivo-de-abobrinha_1743171870312-1024x576.jpg 1024w, https:\/\/www.correiobraziliense.com.br\/cbradar\/wp-content\/uploads\/2025\/03\/cultivo-de-abobrinha_1743171870312-300x169.jpg 300w, https:\/\/www.correiobraziliense.com.br\/cbradar\/wp-content\/uploads\/2025\/03\/cultivo-de-abobrinha_1743171870312-768x432.jpg 768w, https:\/\/www.correiobraziliense.com.br\/cbradar\/wp-content\/uploads\/2025\/03\/cultivo-de-abobrinha_1743171870312-750x422.jpg 750w, https:\/\/www.correiobraziliense.com.br\/cbradar\/wp-content\/uploads\/2025\/03\/cultivo-de-abobrinha_1743171870312-1140x641.jpg 1140w, https:\/\/www.correiobraziliense.com.br\/cbradar\/wp-content\/uploads\/2025\/03\/cultivo-de-abobrinha_1743171870312.jpg 1280w\" sizes=\"(max-width: 1024px) 100vw, 1024px\" \/><figcaption class=\"wp-element-caption\">cultivo de abobrinha. Cr\u00e9ditos: depositphotos.com \/ tchara<\/figcaption><\/figure>\n\n\n\n<ul class=\"wp-block-list\">\n<li>Sementes de abobrinha<\/li>\n\n\n\n<li>Copinhos descart\u00e1veis ou pequenos vasos<\/li>\n\n\n\n<li>Substrato nutritivo<\/li>\n\n\n\n<li>\u00c1gua para irriga\u00e7\u00e3o<\/li>\n<\/ul>\n\n\n\n<p>Os copinhos s\u00e3o usados para germinar as sementes. \u00c9 importante fazer pequenos furos no fundo para garantir a drenagem adequada da \u00e1gua, evitando o apodrecimento das sementes.<\/p>\n\n\n\n<h2 class=\"wp-block-heading\"><strong>Passo a passo para plantar Abobrinha<\/strong><\/h2>\n\n\n\n<p>Comece preenchendo os copinhos com o substrato nutritivo, que deve estar livre de pedras e bem aerado. Em seguida, fa\u00e7a pequenos buracos de cerca de 2 cm de profundidade e coloque de duas a tr\u00eas sementes em cada copo. Regue bem para manter o substrato \u00famido, o que \u00e9 crucial para a germina\u00e7\u00e3o.<\/p>\n\n\n\n<p>A germina\u00e7\u00e3o das sementes de abobrinha geralmente ocorre entre 4 a 14 dias. Quando as mudas atingirem cerca de 10 cm de altura, \u00e9 hora de transplant\u00e1-las para um local definitivo, como um vaso maior ou um canteiro no jardim.<\/p>\n\n\n\n<h2 class=\"wp-block-heading\"><strong>Cuidados ap\u00f3s o transplante<\/strong><\/h2>\n\n\n\n<p>Ap\u00f3s o transplante, a abobrinha requer alguns cuidados espec\u00edficos para garantir um bom desenvolvimento. \u00c9 fundamental que o solo permane\u00e7a \u00famido, especialmente nas primeiras semanas. Al\u00e9m disso, a planta precisa de pelo menos 3 a 4 horas de luz solar direta diariamente.<\/p>\n\n\n\n<p>A aduba\u00e7\u00e3o \u00e9 outro aspecto importante. Realize a primeira aduba\u00e7\u00e3o cerca de 15 a 30 dias ap\u00f3s o plantio e repita o processo ap\u00f3s mais 30 dias. Isso garantir\u00e1 que a planta receba os nutrientes necess\u00e1rios para crescer saud\u00e1vel e forte.<\/p>\n\n\n\n<h2 class=\"wp-block-heading\"><strong>Quando e como colher Abobrinha<\/strong><\/h2>\n\n\n\n<p>O tempo para a colheita da abobrinha varia entre 45 a 60 dias, dependendo das condi\u00e7\u00f5es de cultivo e da variedade plantada. O ponto ideal para a colheita \u00e9 quando as abobrinhas atingem entre 15 a 20 cm de comprimento. Nesse est\u00e1gio, elas est\u00e3o no auge do sabor e da textura.<\/p>\n\n\n\n<p>Colher abobrinhas frescas diretamente do seu jardim \u00e9 uma experi\u00eancia gratificante, al\u00e9m de garantir um alimento saud\u00e1vel e saboroso para suas refei\u00e7\u00f5es.<\/p>\n","protected":false},"excerpt":{"rendered":"<p>Aprenda a cultivar abobrinha em casa com nosso guia completo. De sementes a colheita, cobrimos tudo! Obtenha seu pr\u00f3prio fornecimento.<\/p>\n","protected":false},"author":3,"featured_media":16634,"comment_status":"open","ping_status":"open","sticky":false,"template":"","format":"standard","meta":{"_yoast_wpseo_focuskw":"cultivo de abobrinha","_yoast_wpseo_title":"%%title%%","_yoast_wpseo_metadesc":"Aprenda a cultivar abobrinha em casa com nosso guia completo. De sementes a colheita, cobrimos tudo! Obtenha seu pr\u00f3prio fornecimento.","jnews-multi-image_gallery":[],"jnews_single_post":{"format":"standard"},"jnews_primary_category":[],"jnews_social_meta":[],"jnews_override_counter":[],"footnotes":""},"categories":[136],"post_tag":[2505,137],"class_list":["post-16630","post","type-post","status-publish","format-standard","has-post-thumbnail","hentry","category-jardinagem","tag-abobrinha","tag-como-plantar"],"yoast_head":"<!-- This site is optimized with the Yoast SEO plugin v24.6 - https:\/\/yoast.com\/wordpress\/plugins\/seo\/ -->\n<title>Guia definitivo para o cultivo de abobrinha em casa<\/title>\n<meta name=\"description\" content=\"Aprenda a cultivar abobrinha em casa com nosso guia completo. De sementes a colheita, cobrimos tudo! Obtenha seu pr\u00f3prio fornecimento.\" \/>\n<meta name=\"robots\" content=\"index, follow, max-snippet:-1, max-image-preview:large, max-video-preview:-1\" \/>\n<link rel=\"canonical\" href=\"https:\/\/www.correiobraziliense.com.br\/cbradar\/guia-definitivo-para-o-cultivo-de-abobrinha-em-casa\/\" \/>\n<meta property=\"og:locale\" content=\"pt_BR\" \/>\n<meta property=\"og:type\" content=\"article\" \/>\n<meta property=\"og:title\" content=\"Guia definitivo para o cultivo de abobrinha em casa\" \/>\n<meta property=\"og:description\" content=\"Aprenda a cultivar abobrinha em casa com nosso guia completo. De sementes a colheita, cobrimos tudo! Obtenha seu pr\u00f3prio fornecimento.\" \/>\n<meta property=\"og:url\" content=\"https:\/\/www.correiobraziliense.com.br\/cbradar\/guia-definitivo-para-o-cultivo-de-abobrinha-em-casa\/\" \/>\n<meta property=\"og:site_name\" content=\"Correio Braziliense - Radar\" \/>\n<meta property=\"article:published_time\" content=\"2025-03-29T16:30:00+00:00\" \/>\n<meta property=\"og:image\" content=\"https:\/\/www.correiobraziliense.com.br\/cbradar\/wp-content\/uploads\/2025\/03\/cultivo-de-abobrinha_1743171475049.jpg\" \/>\n\t<meta property=\"og:image:width\" content=\"1280\" \/>\n\t<meta property=\"og:image:height\" content=\"720\" \/>\n\t<meta property=\"og:image:type\" content=\"image\/jpeg\" \/>\n<meta name=\"author\" content=\"Larissa Carvalho\" \/>\n<meta name=\"twitter:card\" content=\"summary_large_image\" \/>\n<meta name=\"twitter:label1\" content=\"Escrito por\" \/>\n\t<meta name=\"twitter:data1\" content=\"Larissa Carvalho\" \/>\n\t<meta name=\"twitter:label2\" content=\"Est. tempo de leitura\" \/>\n\t<meta name=\"twitter:data2\" content=\"3 minutos\" \/>\n<!-- \/ Yoast SEO plugin. -->","yoast_head_json":{"title":"Guia definitivo para o cultivo de abobrinha em casa","description":"Aprenda a cultivar abobrinha em casa com nosso guia completo. De sementes a colheita, cobrimos tudo! Obtenha seu pr\u00f3prio fornecimento.","robots":{"index":"index","follow":"follow","max-snippet":"max-snippet:-1","max-image-preview":"max-image-preview:large","max-video-preview":"max-video-preview:-1"},"canonical":"https:\/\/www.correiobraziliense.com.br\/cbradar\/guia-definitivo-para-o-cultivo-de-abobrinha-em-casa\/","og_locale":"pt_BR","og_type":"article","og_title":"Guia definitivo para o cultivo de abobrinha em casa","og_description":"Aprenda a cultivar abobrinha em casa com nosso guia completo. De sementes a colheita, cobrimos tudo! Obtenha seu pr\u00f3prio fornecimento.","og_url":"https:\/\/www.correiobraziliense.com.br\/cbradar\/guia-definitivo-para-o-cultivo-de-abobrinha-em-casa\/","og_site_name":"Correio Braziliense - Radar","article_published_time":"2025-03-29T16:30:00+00:00","og_image":[{"width":1280,"height":720,"url":"https:\/\/www.correiobraziliense.com.br\/cbradar\/wp-content\/uploads\/2025\/03\/cultivo-de-abobrinha_1743171475049.jpg","type":"image\/jpeg"}],"author":"Larissa Carvalho","twitter_card":"summary_large_image","twitter_misc":{"Escrito por":"Larissa Carvalho","Est. tempo de leitura":"3 minutos"},"schema":{"@context":"https:\/\/schema.org","@graph":[{"@type":"WebPage","@id":"https:\/\/www.correiobraziliense.com.br\/cbradar\/guia-definitivo-para-o-cultivo-de-abobrinha-em-casa\/","url":"https:\/\/www.correiobraziliense.com.br\/cbradar\/guia-definitivo-para-o-cultivo-de-abobrinha-em-casa\/","name":"Guia definitivo para o cultivo de abobrinha em casa","isPartOf":{"@id":"https:\/\/www.correiobraziliense.com.br\/cbradar\/#website"},"primaryImageOfPage":{"@id":"https:\/\/www.correiobraziliense.com.br\/cbradar\/guia-definitivo-para-o-cultivo-de-abobrinha-em-casa\/#primaryimage"},"image":{"@id":"https:\/\/www.correiobraziliense.com.br\/cbradar\/guia-definitivo-para-o-cultivo-de-abobrinha-em-casa\/#primaryimage"},"thumbnailUrl":"https:\/\/www.correiobraziliense.com.br\/cbradar\/wp-content\/uploads\/2025\/03\/cultivo-de-abobrinha_1743171475049.jpg","datePublished":"2025-03-29T16:30:00+00:00","author":{"@id":"https:\/\/www.correiobraziliense.com.br\/cbradar\/#\/schema\/person\/58422787644df994b53a19d3e56c1513"},"description":"Aprenda a cultivar abobrinha em casa com nosso guia completo. De sementes a colheita, cobrimos tudo! Obtenha seu pr\u00f3prio fornecimento.","breadcrumb":{"@id":"https:\/\/www.correiobraziliense.com.br\/cbradar\/guia-definitivo-para-o-cultivo-de-abobrinha-em-casa\/#breadcrumb"},"inLanguage":"pt-BR","potentialAction":[{"@type":"ReadAction","target":["https:\/\/www.correiobraziliense.com.br\/cbradar\/guia-definitivo-para-o-cultivo-de-abobrinha-em-casa\/"]}]},{"@type":"ImageObject","inLanguage":"pt-BR","@id":"https:\/\/www.correiobraziliense.com.br\/cbradar\/guia-definitivo-para-o-cultivo-de-abobrinha-em-casa\/#primaryimage","url":"https:\/\/www.correiobraziliense.com.br\/cbradar\/wp-content\/uploads\/2025\/03\/cultivo-de-abobrinha_1743171475049.jpg","contentUrl":"https:\/\/www.correiobraziliense.com.br\/cbradar\/wp-content\/uploads\/2025\/03\/cultivo-de-abobrinha_1743171475049.jpg","width":1280,"height":720,"caption":"cultivo de abobrinha. Cr\u00e9ditos: depositphotos.com \/ vvoennyy"},{"@type":"BreadcrumbList","@id":"https:\/\/www.correiobraziliense.com.br\/cbradar\/guia-definitivo-para-o-cultivo-de-abobrinha-em-casa\/#breadcrumb","itemListElement":[{"@type":"ListItem","position":1,"name":"In\u00edcio","item":"https:\/\/www.correiobraziliense.com.br\/cbradar\/"},{"@type":"ListItem","position":2,"name":"Guia definitivo para o cultivo de abobrinha em casa"}]},{"@type":"WebSite","@id":"https:\/\/www.correiobraziliense.com.br\/cbradar\/#website","url":"https:\/\/www.correiobraziliense.com.br\/cbradar\/","name":"Correio Braziliense - Radar","description":"Acompanhe as \u00faltimas not\u00edcias e fique bem informado sobre tudo o que acontece no Brasil e no mundo.","potentialAction":[{"@type":"SearchAction","target":{"@type":"EntryPoint","urlTemplate":"https:\/\/www.correiobraziliense.com.br\/cbradar\/?s={search_term_string}"},"query-input":{"@type":"PropertyValueSpecification","valueRequired":true,"valueName":"search_term_string"}}],"inLanguage":"pt-BR"},{"@type":"Person","@id":"https:\/\/www.correiobraziliense.com.br\/cbradar\/#\/schema\/person\/58422787644df994b53a19d3e56c1513","name":"Larissa Carvalho","image":{"@type":"ImageObject","inLanguage":"pt-BR","@id":"https:\/\/www.correiobraziliense.com.br\/cbradar\/#\/schema\/person\/image\/","url":"https:\/\/secure.gravatar.com\/avatar\/fe4f91a0de32b52a838d0d612abdc1aa?s=96&d=mm&r=g","contentUrl":"https:\/\/secure.gravatar.com\/avatar\/fe4f91a0de32b52a838d0d612abdc1aa?s=96&d=mm&r=g","caption":"Larissa Carvalho"},"url":"https:\/\/www.correiobraziliense.com.br\/cbradar\/author\/larissamyth\/"}]}},"_links":{"self":[{"href":"https:\/\/www.correiobraziliense.com.br\/cbradar\/wp-json\/wp\/v2\/posts\/16630","targetHints":{"allow":["GET"]}}],"collection":[{"href":"https:\/\/www.correiobraziliense.com.br\/cbradar\/wp-json\/wp\/v2\/posts"}],"about":[{"href":"https:\/\/www.correiobraziliense.com.br\/cbradar\/wp-json\/wp\/v2\/types\/post"}],"author":[{"embeddable":true,"href":"https:\/\/www.correiobraziliense.com.br\/cbradar\/wp-json\/wp\/v2\/users\/3"}],"replies":[{"embeddable":true,"href":"https:\/\/www.correiobraziliense.com.br\/cbradar\/wp-json\/wp\/v2\/comments?post=16630"}],"version-history":[{"count":2,"href":"https:\/\/www.correiobraziliense.com.br\/cbradar\/wp-json\/wp\/v2\/posts\/16630\/revisions"}],"predecessor-version":[{"id":16761,"href":"https:\/\/www.correiobraziliense.com.br\/cbradar\/wp-json\/wp\/v2\/posts\/16630\/revisions\/16761"}],"wp:featuredmedia":[{"embeddable":true,"href":"https:\/\/www.correiobraziliense.com.br\/cbradar\/wp-json\/wp\/v2\/media\/16634"}],"wp:attachment":[{"href":"https:\/\/www.correiobraziliense.com.br\/cbradar\/wp-json\/wp\/v2\/media?parent=16630"}],"wp:term":[{"taxonomy":"category","embeddable":true,"href":"https:\/\/www.correiobraziliense.com.br\/cbradar\/wp-json\/wp\/v2\/categories?post=16630"},{"taxonomy":"post_tag","embeddable":true,"href":"https:\/\/www.correiobraziliense.com.br\/cbradar\/wp-json\/wp\/v2\/post_tag?post=16630"}],"curies":[{"name":"wp","href":"https:\/\/api.w.org\/{rel}","templated":true}]}}