{"id":16631,"date":"2025-03-29T07:30:00","date_gmt":"2025-03-29T10:30:00","guid":{"rendered":"https:\/\/www.correiobraziliense.com.br\/cbradar\/?p=16631"},"modified":"2025-03-28T15:47:44","modified_gmt":"2025-03-28T18:47:44","slug":"conheca-a-cidade-onde-o-subsolo-abriga-mais-gente-que-a-superficie","status":"publish","type":"post","link":"https:\/\/www.correiobraziliense.com.br\/cbradar\/conheca-a-cidade-onde-o-subsolo-abriga-mais-gente-que-a-superficie\/","title":{"rendered":"Conhe\u00e7a a cidade onde o subsolo abriga mais gente que a superf\u00edcie"},"content":{"rendered":"\n<p>Em <strong>Montreal<\/strong>, uma das maiores cidades do <strong>Canad\u00e1<\/strong>, existe uma verdadeira <strong>cidade subterr\u00e2nea<\/strong> que vai muito al\u00e9m de simples t\u00faneis ou esta\u00e7\u00f5es de metr\u00f4. Trata-se do <strong>R\u00c9SO<\/strong>, um complexo de mais de <strong>33 quil\u00f4metros de passagens subterr\u00e2neas<\/strong> que conecta <strong>shoppings, hot\u00e9is, universidades, esta\u00e7\u00f5es, pr\u00e9dios comerciais e residenciais<\/strong> \u2014 formando um dos maiores sistemas urbanos subterr\u00e2neos do mundo.<\/p>\n\n\n\n<p>Durante o inverno rigoroso, quando as temperaturas podem chegar a <strong>\u221230\u202f\u00b0C<\/strong>, boa parte da popula\u00e7\u00e3o <strong>passa seus dias inteiros abaixo do solo<\/strong>, em espa\u00e7os aquecidos, iluminados e completamente funcionais.<\/p>\n\n\n\n<h2 class=\"wp-block-heading\"><strong>Como \u00e9 a cidade subterr\u00e2nea de Montreal?<\/strong><\/h2>\n\n\n\n<p>O R\u00c9SO (abrevia\u00e7\u00e3o de <em>r\u00e9seau<\/em>, &#8220;rede&#8221; em franc\u00eas) \u00e9 tamb\u00e9m chamado de <strong>Underground City<\/strong>, e oferece uma infraestrutura completa:<\/p>\n\n\n\n<ul class=\"wp-block-list\">\n<li><strong>Mais de 1.600 lojas e 200 restaurantes<\/strong><\/li>\n\n\n\n<li><strong>7 esta\u00e7\u00f5es de metr\u00f4 conectadas<\/strong><\/li>\n\n\n\n<li><strong>Centros culturais, museus, cinemas, teatros e salas de espet\u00e1culo<\/strong><\/li>\n\n\n\n<li><strong>Corredores climatizados, com sinaliza\u00e7\u00e3o, seguran\u00e7a e acessibilidade<\/strong><\/li>\n\n\n\n<li><strong>Pr\u00e9dios com entradas exclusivas pelo subsolo<\/strong><\/li>\n<\/ul>\n\n\n\n<p>Muitos moradores e trabalhadores passam o dia inteiro sem precisar ir \u00e0 superf\u00edcie \u2014 especialmente durante o inverno.<\/p>\n\n\n\n<figure class=\"wp-block-image size-large\"><img decoding=\"async\" width=\"1024\" height=\"576\" src=\"https:\/\/www.correiobraziliense.com.br\/cbradar\/wp-content\/uploads\/2025\/03\/Montreal_1743171537461-1024x576.jpg\" alt=\"Conhe\u00e7a a cidade onde o subsolo abriga mais gente que a superf\u00edcie\" class=\"wp-image-16633\" srcset=\"https:\/\/www.correiobraziliense.com.br\/cbradar\/wp-content\/uploads\/2025\/03\/Montreal_1743171537461-1024x576.jpg 1024w, https:\/\/www.correiobraziliense.com.br\/cbradar\/wp-content\/uploads\/2025\/03\/Montreal_1743171537461-300x169.jpg 300w, https:\/\/www.correiobraziliense.com.br\/cbradar\/wp-content\/uploads\/2025\/03\/Montreal_1743171537461-768x432.jpg 768w, https:\/\/www.correiobraziliense.com.br\/cbradar\/wp-content\/uploads\/2025\/03\/Montreal_1743171537461-750x422.jpg 750w, https:\/\/www.correiobraziliense.com.br\/cbradar\/wp-content\/uploads\/2025\/03\/Montreal_1743171537461-1140x641.jpg 1140w, https:\/\/www.correiobraziliense.com.br\/cbradar\/wp-content\/uploads\/2025\/03\/Montreal_1743171537461.jpg 1280w\" sizes=\"(max-width: 1024px) 100vw, 1024px\" \/><figcaption class=\"wp-element-caption\">Montreal. Cr\u00e9ditos: depositphotos.com \/ delkoo<\/figcaption><\/figure>\n\n\n\n<h2 class=\"wp-block-heading\"><strong>Por que Montreal desenvolveu essa cidade subterr\u00e2nea?<\/strong><\/h2>\n\n\n\n<p>O R\u00c9SO come\u00e7ou a ser constru\u00eddo nos anos 1960 como parte do plano de moderniza\u00e7\u00e3o da cidade e do sistema de metr\u00f4. Ele cresceu com os seguintes objetivos:<\/p>\n\n\n\n<ul class=\"wp-block-list\">\n<li><strong>Proteger a popula\u00e7\u00e3o do frio extremo durante o inverno canadense<\/strong><\/li>\n\n\n\n<li><strong>Desafogar o tr\u00e2nsito e facilitar a locomo\u00e7\u00e3o entre bairros centrais<\/strong><\/li>\n\n\n\n<li><strong>Aproveitar o subsolo como espa\u00e7o urbano \u00fatil e seguro<\/strong><\/li>\n\n\n\n<li><strong>Incentivar o com\u00e9rcio e o turismo durante todo o ano<\/strong><\/li>\n<\/ul>\n\n\n\n<p>Hoje, o subsolo de Montreal \u00e9 mais que uma op\u00e7\u00e3o: \u00e9 um <strong>modo de vida urbano<\/strong>.<\/p>\n\n\n\n<h2 class=\"wp-block-heading\"><strong>Curiosidades sobre Montreal e sua cidade subterr\u00e2nea<\/strong><\/h2>\n\n\n\n<ul class=\"wp-block-list\">\n<li><strong>Mais de meio milh\u00e3o de pessoas passam pelo R\u00c9SO diariamente.<\/strong><\/li>\n\n\n\n<li><strong>O sistema cobre cerca de 12 km\u00b2 de \u00e1rea constru\u00edda \u2014 maior que muitos centros urbanos inteiros.<\/strong><\/li>\n\n\n\n<li><strong>Durante o inverno, eventos, exposi\u00e7\u00f5es e at\u00e9 feiras s\u00e3o realizados no subsolo.<\/strong><\/li>\n\n\n\n<li><strong>H\u00e1 rotas espec\u00edficas para pedestres, ciclistas e acessibilidade para cadeirantes.<\/strong><\/li>\n\n\n\n<li><strong>Alguns hot\u00e9is e condom\u00ednios oferecem acesso direto ao R\u00c9SO a partir dos quartos.<\/strong><\/li>\n<\/ul>\n\n\n\n<p>Montreal mostra que <strong>a vida subterr\u00e2nea n\u00e3o \u00e9 apenas poss\u00edvel \u2014 ela pode ser confort\u00e1vel, din\u00e2mica e surpreendentemente vibrante<\/strong>, com arte, cultura e calor humano fluindo sob as ruas geladas da cidade.<\/p>\n","protected":false},"excerpt":{"rendered":"<p>Em Montreal, a cidade subterr\u00e2nea abriga mais movimento que a superf\u00edcie. Conhe\u00e7a o R\u00c9SO, um mundo completo abaixo das ruas canadenses!<\/p>\n","protected":false},"author":3,"featured_media":16632,"comment_status":"open","ping_status":"open","sticky":false,"template":"","format":"standard","meta":{"_yoast_wpseo_focuskw":"cidade subsolo superf\u00edcie","_yoast_wpseo_title":"%%title%%","_yoast_wpseo_metadesc":"Em Montreal, a cidade subterr\u00e2nea abriga mais movimento que a superf\u00edcie. Conhe\u00e7a o R\u00c9SO, um mundo completo abaixo das ruas canadenses!","jnews-multi-image_gallery":[],"jnews_single_post":{"format":"standard"},"jnews_primary_category":[],"jnews_social_meta":[],"jnews_override_counter":[],"footnotes":""},"categories":[108],"tags":[109],"class_list":["post-16631","post","type-post","status-publish","format-standard","has-post-thumbnail","hentry","category-cidades","tag-cidades"],"yoast_head":"<!-- This site is optimized with the Yoast SEO plugin v24.6 - https:\/\/yoast.com\/wordpress\/plugins\/seo\/ -->\n<title>Conhe\u00e7a a cidade onde o subsolo abriga mais gente que a superf\u00edcie<\/title>\n<meta name=\"description\" content=\"Em Montreal, a cidade subterr\u00e2nea abriga mais movimento que a superf\u00edcie. Conhe\u00e7a o R\u00c9SO, um mundo completo abaixo das ruas canadenses!\" \/>\n<meta name=\"robots\" content=\"index, follow, max-snippet:-1, max-image-preview:large, max-video-preview:-1\" \/>\n<link rel=\"canonical\" href=\"https:\/\/www.correiobraziliense.com.br\/cbradar\/conheca-a-cidade-onde-o-subsolo-abriga-mais-gente-que-a-superficie\/\" \/>\n<meta property=\"og:locale\" content=\"pt_BR\" \/>\n<meta property=\"og:type\" content=\"article\" \/>\n<meta property=\"og:title\" content=\"Conhe\u00e7a a cidade onde o subsolo abriga mais gente que a superf\u00edcie\" \/>\n<meta property=\"og:description\" content=\"Em Montreal, a cidade subterr\u00e2nea abriga mais movimento que a superf\u00edcie. Conhe\u00e7a o R\u00c9SO, um mundo completo abaixo das ruas canadenses!\" \/>\n<meta property=\"og:url\" content=\"https:\/\/www.correiobraziliense.com.br\/cbradar\/conheca-a-cidade-onde-o-subsolo-abriga-mais-gente-que-a-superficie\/\" \/>\n<meta property=\"og:site_name\" content=\"Correio Braziliense - Radar\" \/>\n<meta property=\"article:published_time\" content=\"2025-03-29T10:30:00+00:00\" \/>\n<meta property=\"og:image\" content=\"https:\/\/www.correiobraziliense.com.br\/cbradar\/wp-content\/uploads\/2025\/03\/Montreal_1743171516967.jpg\" \/>\n\t<meta property=\"og:image:width\" content=\"1280\" \/>\n\t<meta property=\"og:image:height\" content=\"720\" \/>\n\t<meta property=\"og:image:type\" content=\"image\/jpeg\" \/>\n<meta name=\"author\" content=\"Larissa Carvalho\" \/>\n<meta name=\"twitter:card\" content=\"summary_large_image\" \/>\n<meta name=\"twitter:label1\" content=\"Escrito por\" \/>\n\t<meta name=\"twitter:data1\" content=\"Larissa Carvalho\" \/>\n\t<meta name=\"twitter:label2\" content=\"Est. tempo de leitura\" \/>\n\t<meta name=\"twitter:data2\" content=\"3 minutos\" \/>\n<!-- \/ Yoast SEO plugin. -->","yoast_head_json":{"title":"Conhe\u00e7a a cidade onde o subsolo abriga mais gente que a superf\u00edcie","description":"Em Montreal, a cidade subterr\u00e2nea abriga mais movimento que a superf\u00edcie. Conhe\u00e7a o R\u00c9SO, um mundo completo abaixo das ruas canadenses!","robots":{"index":"index","follow":"follow","max-snippet":"max-snippet:-1","max-image-preview":"max-image-preview:large","max-video-preview":"max-video-preview:-1"},"canonical":"https:\/\/www.correiobraziliense.com.br\/cbradar\/conheca-a-cidade-onde-o-subsolo-abriga-mais-gente-que-a-superficie\/","og_locale":"pt_BR","og_type":"article","og_title":"Conhe\u00e7a a cidade onde o subsolo abriga mais gente que a superf\u00edcie","og_description":"Em Montreal, a cidade subterr\u00e2nea abriga mais movimento que a superf\u00edcie. Conhe\u00e7a o R\u00c9SO, um mundo completo abaixo das ruas canadenses!","og_url":"https:\/\/www.correiobraziliense.com.br\/cbradar\/conheca-a-cidade-onde-o-subsolo-abriga-mais-gente-que-a-superficie\/","og_site_name":"Correio Braziliense - Radar","article_published_time":"2025-03-29T10:30:00+00:00","og_image":[{"width":1280,"height":720,"url":"https:\/\/www.correiobraziliense.com.br\/cbradar\/wp-content\/uploads\/2025\/03\/Montreal_1743171516967.jpg","type":"image\/jpeg"}],"author":"Larissa Carvalho","twitter_card":"summary_large_image","twitter_misc":{"Escrito por":"Larissa Carvalho","Est. tempo de leitura":"3 minutos"},"schema":{"@context":"https:\/\/schema.org","@graph":[{"@type":"WebPage","@id":"https:\/\/www.correiobraziliense.com.br\/cbradar\/conheca-a-cidade-onde-o-subsolo-abriga-mais-gente-que-a-superficie\/","url":"https:\/\/www.correiobraziliense.com.br\/cbradar\/conheca-a-cidade-onde-o-subsolo-abriga-mais-gente-que-a-superficie\/","name":"Conhe\u00e7a a cidade onde o subsolo abriga mais gente que a superf\u00edcie","isPartOf":{"@id":"https:\/\/www.correiobraziliense.com.br\/cbradar\/#website"},"primaryImageOfPage":{"@id":"https:\/\/www.correiobraziliense.com.br\/cbradar\/conheca-a-cidade-onde-o-subsolo-abriga-mais-gente-que-a-superficie\/#primaryimage"},"image":{"@id":"https:\/\/www.correiobraziliense.com.br\/cbradar\/conheca-a-cidade-onde-o-subsolo-abriga-mais-gente-que-a-superficie\/#primaryimage"},"thumbnailUrl":"https:\/\/www.correiobraziliense.com.br\/cbradar\/wp-content\/uploads\/2025\/03\/Montreal_1743171516967.jpg","datePublished":"2025-03-29T10:30:00+00:00","author":{"@id":"https:\/\/www.correiobraziliense.com.br\/cbradar\/#\/schema\/person\/58422787644df994b53a19d3e56c1513"},"description":"Em Montreal, a cidade subterr\u00e2nea abriga mais movimento que a superf\u00edcie. Conhe\u00e7a o R\u00c9SO, um mundo completo abaixo das ruas canadenses!","breadcrumb":{"@id":"https:\/\/www.correiobraziliense.com.br\/cbradar\/conheca-a-cidade-onde-o-subsolo-abriga-mais-gente-que-a-superficie\/#breadcrumb"},"inLanguage":"pt-BR","potentialAction":[{"@type":"ReadAction","target":["https:\/\/www.correiobraziliense.com.br\/cbradar\/conheca-a-cidade-onde-o-subsolo-abriga-mais-gente-que-a-superficie\/"]}]},{"@type":"ImageObject","inLanguage":"pt-BR","@id":"https:\/\/www.correiobraziliense.com.br\/cbradar\/conheca-a-cidade-onde-o-subsolo-abriga-mais-gente-que-a-superficie\/#primaryimage","url":"https:\/\/www.correiobraziliense.com.br\/cbradar\/wp-content\/uploads\/2025\/03\/Montreal_1743171516967.jpg","contentUrl":"https:\/\/www.correiobraziliense.com.br\/cbradar\/wp-content\/uploads\/2025\/03\/Montreal_1743171516967.jpg","width":1280,"height":720,"caption":"Montreal. Cr\u00e9ditos: depositphotos.com \/ rabbit75_dep"},{"@type":"BreadcrumbList","@id":"https:\/\/www.correiobraziliense.com.br\/cbradar\/conheca-a-cidade-onde-o-subsolo-abriga-mais-gente-que-a-superficie\/#breadcrumb","itemListElement":[{"@type":"ListItem","position":1,"name":"In\u00edcio","item":"https:\/\/www.correiobraziliense.com.br\/cbradar\/"},{"@type":"ListItem","position":2,"name":"Conhe\u00e7a a cidade onde o subsolo abriga mais gente que a superf\u00edcie"}]},{"@type":"WebSite","@id":"https:\/\/www.correiobraziliense.com.br\/cbradar\/#website","url":"https:\/\/www.correiobraziliense.com.br\/cbradar\/","name":"Correio Braziliense - Radar","description":"Acompanhe as \u00faltimas not\u00edcias e fique bem informado sobre tudo o que acontece no Brasil e no mundo.","potentialAction":[{"@type":"SearchAction","target":{"@type":"EntryPoint","urlTemplate":"https:\/\/www.correiobraziliense.com.br\/cbradar\/?s={search_term_string}"},"query-input":{"@type":"PropertyValueSpecification","valueRequired":true,"valueName":"search_term_string"}}],"inLanguage":"pt-BR"},{"@type":"Person","@id":"https:\/\/www.correiobraziliense.com.br\/cbradar\/#\/schema\/person\/58422787644df994b53a19d3e56c1513","name":"Larissa Carvalho","image":{"@type":"ImageObject","inLanguage":"pt-BR","@id":"https:\/\/www.correiobraziliense.com.br\/cbradar\/#\/schema\/person\/image\/","url":"https:\/\/secure.gravatar.com\/avatar\/fe4f91a0de32b52a838d0d612abdc1aa?s=96&d=mm&r=g","contentUrl":"https:\/\/secure.gravatar.com\/avatar\/fe4f91a0de32b52a838d0d612abdc1aa?s=96&d=mm&r=g","caption":"Larissa Carvalho"},"url":"https:\/\/www.correiobraziliense.com.br\/cbradar\/author\/larissamyth\/"}]}},"_links":{"self":[{"href":"https:\/\/www.correiobraziliense.com.br\/cbradar\/wp-json\/wp\/v2\/posts\/16631","targetHints":{"allow":["GET"]}}],"collection":[{"href":"https:\/\/www.correiobraziliense.com.br\/cbradar\/wp-json\/wp\/v2\/posts"}],"about":[{"href":"https:\/\/www.correiobraziliense.com.br\/cbradar\/wp-json\/wp\/v2\/types\/post"}],"author":[{"embeddable":true,"href":"https:\/\/www.correiobraziliense.com.br\/cbradar\/wp-json\/wp\/v2\/users\/3"}],"replies":[{"embeddable":true,"href":"https:\/\/www.correiobraziliense.com.br\/cbradar\/wp-json\/wp\/v2\/comments?post=16631"}],"version-history":[{"count":1,"href":"https:\/\/www.correiobraziliense.com.br\/cbradar\/wp-json\/wp\/v2\/posts\/16631\/revisions"}],"predecessor-version":[{"id":16635,"href":"https:\/\/www.correiobraziliense.com.br\/cbradar\/wp-json\/wp\/v2\/posts\/16631\/revisions\/16635"}],"wp:featuredmedia":[{"embeddable":true,"href":"https:\/\/www.correiobraziliense.com.br\/cbradar\/wp-json\/wp\/v2\/media\/16632"}],"wp:attachment":[{"href":"https:\/\/www.correiobraziliense.com.br\/cbradar\/wp-json\/wp\/v2\/media?parent=16631"}],"wp:term":[{"taxonomy":"category","embeddable":true,"href":"https:\/\/www.correiobraziliense.com.br\/cbradar\/wp-json\/wp\/v2\/categories?post=16631"},{"taxonomy":"post_tag","embeddable":true,"href":"https:\/\/www.correiobraziliense.com.br\/cbradar\/wp-json\/wp\/v2\/tags?post=16631"}],"curies":[{"name":"wp","href":"https:\/\/api.w.org\/{rel}","templated":true}]}}