{"id":16640,"date":"2025-03-29T18:30:00","date_gmt":"2025-03-29T21:30:00","guid":{"rendered":"https:\/\/www.correiobraziliense.com.br\/cbradar\/?p=16640"},"modified":"2025-03-28T15:44:03","modified_gmt":"2025-03-28T18:44:03","slug":"conheca-a-cidade-onde-os-becos-viraram-bibliotecas-a-ceu-aberto","status":"publish","type":"post","link":"https:\/\/www.correiobraziliense.com.br\/cbradar\/conheca-a-cidade-onde-os-becos-viraram-bibliotecas-a-ceu-aberto\/","title":{"rendered":"Conhe\u00e7a a cidade onde os becos viraram bibliotecas a c\u00e9u aberto"},"content":{"rendered":"\n<p>Na vibrante capital da <strong>Col\u00f4mbia<\/strong>, <strong>Bogot\u00e1<\/strong>, uma iniciativa simples transformou <strong>becos e vielas esquecidos<\/strong> em verdadeiros <strong>corredores de conhecimento<\/strong>: s\u00e3o as <strong>bibliotecas a c\u00e9u aberto<\/strong>, onde <strong>livros ficam dispon\u00edveis gratuitamente em estantes comunit\u00e1rias espalhadas pela cidade<\/strong> \u2014 inclusive nos lugares mais improv\u00e1veis.<\/p>\n\n\n\n<p>O projeto visa <strong>democratizar o acesso \u00e0 leitura<\/strong>, revitalizar espa\u00e7os urbanos e <strong>inspirar uma nova rela\u00e7\u00e3o entre os moradores e suas ruas<\/strong>.<\/p>\n\n\n\n<h2 class=\"wp-block-heading\">Como funcionam as bibliotecas nos becos de Bogot\u00e1?<\/h2>\n\n\n\n<p>A ideia surgiu de projetos sociais e culturais liderados por moradores, ONGs e coletivos liter\u00e1rios. Com apoio da prefeitura e do programa \u201c<strong>BibloRed<\/strong>\u201d, a cidade come\u00e7ou a espalhar:<\/p>\n\n\n\n<ul class=\"wp-block-list\">\n<li><strong>Estantes resistentes ao tempo<\/strong>, com livros doados pela popula\u00e7\u00e3o.<\/li>\n\n\n\n<li><strong>Pontos de troca em vielas, becos e pra\u00e7as de bairros perif\u00e9ricos.<\/strong><\/li>\n\n\n\n<li><strong>Pinturas e murais com poesias, frases motivacionais e trechos de cl\u00e1ssicos.<\/strong><\/li>\n\n\n\n<li><strong>Eventos liter\u00e1rios comunit\u00e1rios<\/strong>, como rodas de leitura e conta\u00e7\u00e3o de hist\u00f3rias.<\/li>\n<\/ul>\n\n\n\n<p>Qualquer pessoa pode <strong>pegar um livro, ler e devolver depois<\/strong>, ou at\u00e9 deixar um novo exemplar para outra pessoa.<\/p>\n\n\n\n<h2 class=\"wp-block-heading\">Por que Bogot\u00e1 investe em bibliotecas informais nos becos?<\/h2>\n\n\n\n<p>A proposta vai al\u00e9m da leitura \u2014 ela busca <strong>transformar socialmente o espa\u00e7o urbano<\/strong>:<\/p>\n\n\n\n<ul class=\"wp-block-list\">\n<li><strong>Reduzir a viol\u00eancia e o abandono de \u00e1reas marginalizadas.<\/strong><\/li>\n\n\n\n<li><strong>Criar senso de comunidade e pertencimento.<\/strong><\/li>\n\n\n\n<li><strong>Tornar a leitura acess\u00edvel em regi\u00f5es onde bibliotecas convencionais n\u00e3o chegam.<\/strong><\/li>\n\n\n\n<li><strong>Estabelecer a rua como espa\u00e7o cultural, n\u00e3o s\u00f3 de passagem.<\/strong><\/li>\n<\/ul>\n\n\n\n<p>Essas \u201cmicrobibliotecas\u201d s\u00e3o mantidas por <strong>moradores volunt\u00e1rios<\/strong>, que cuidam das estantes e incentivam a participa\u00e7\u00e3o dos vizinhos.<\/p>\n\n\n\n<h2 class=\"wp-block-heading\">Curiosidades sobre as bibliotecas nos becos de Bogot\u00e1<\/h2>\n\n\n\n<ul class=\"wp-block-list\">\n<li><strong>Algumas vielas foram rebatizadas como \u201cruas da leitura\u201d pelos pr\u00f3prios moradores.<\/strong><\/li>\n\n\n\n<li><strong>A cidade tem mais de 140 pontos ativos de leitura comunit\u00e1ria ao ar livre.<\/strong><\/li>\n\n\n\n<li><strong>A iniciativa inspirou projetos semelhantes em Medell\u00edn, Lima e Buenos Aires.<\/strong><\/li>\n\n\n\n<li><strong>Os livros s\u00e3o variados: de cl\u00e1ssicos da literatura colombiana a HQs e romances juvenis.<\/strong><\/li>\n\n\n\n<li><strong>As estantes s\u00e3o decoradas por artistas locais e refletem a identidade do bairro.<\/strong><\/li>\n<\/ul>\n\n\n\n<p>Bogot\u00e1 mostra que <strong>um livro em um beco pode iluminar mais do que uma l\u00e2mpada<\/strong> \u2014 pode transformar um espa\u00e7o, inspirar uma mente e conectar uma comunidade inteira por meio da leitura.<\/p>\n","protected":false},"excerpt":{"rendered":"<p>Em Bogot\u00e1, becos foram transformados em bibliotecas a c\u00e9u aberto. Descubra como livros mudaram a paisagem urbana e a vida nos bairros!<\/p>\n","protected":false},"author":3,"featured_media":16642,"comment_status":"open","ping_status":"open","sticky":false,"template":"","format":"standard","meta":{"_yoast_wpseo_focuskw":"cidade beco biblioteca","_yoast_wpseo_title":"%%title%%","_yoast_wpseo_metadesc":"Em Bogot\u00e1, becos foram transformados em bibliotecas a c\u00e9u aberto. Descubra como livros mudaram a paisagem urbana e a vida nos bairros!","jnews-multi-image_gallery":[],"jnews_single_post":{"format":"standard"},"jnews_primary_category":[],"jnews_social_meta":[],"jnews_override_counter":[],"footnotes":""},"categories":[108],"tags":[109],"class_list":["post-16640","post","type-post","status-publish","format-standard","has-post-thumbnail","hentry","category-cidades","tag-cidades"],"yoast_head":"<!-- This site is optimized with the Yoast SEO plugin v24.6 - https:\/\/yoast.com\/wordpress\/plugins\/seo\/ -->\n<title>Conhe\u00e7a a cidade onde os becos viraram bibliotecas a c\u00e9u aberto<\/title>\n<meta name=\"description\" content=\"Em Bogot\u00e1, becos foram transformados em bibliotecas a c\u00e9u aberto. Descubra como livros mudaram a paisagem urbana e a vida nos bairros!\" \/>\n<meta name=\"robots\" content=\"index, follow, max-snippet:-1, max-image-preview:large, max-video-preview:-1\" \/>\n<link rel=\"canonical\" href=\"https:\/\/www.correiobraziliense.com.br\/cbradar\/conheca-a-cidade-onde-os-becos-viraram-bibliotecas-a-ceu-aberto\/\" \/>\n<meta property=\"og:locale\" content=\"pt_BR\" \/>\n<meta property=\"og:type\" content=\"article\" \/>\n<meta property=\"og:title\" content=\"Conhe\u00e7a a cidade onde os becos viraram bibliotecas a c\u00e9u aberto\" \/>\n<meta property=\"og:description\" content=\"Em Bogot\u00e1, becos foram transformados em bibliotecas a c\u00e9u aberto. Descubra como livros mudaram a paisagem urbana e a vida nos bairros!\" \/>\n<meta property=\"og:url\" content=\"https:\/\/www.correiobraziliense.com.br\/cbradar\/conheca-a-cidade-onde-os-becos-viraram-bibliotecas-a-ceu-aberto\/\" \/>\n<meta property=\"og:site_name\" content=\"Correio Braziliense - Radar\" \/>\n<meta property=\"article:published_time\" content=\"2025-03-29T21:30:00+00:00\" \/>\n<meta property=\"og:image\" content=\"https:\/\/www.correiobraziliense.com.br\/cbradar\/wp-content\/uploads\/2025\/03\/Bogota-Colombia_1743172002301.jpg\" \/>\n\t<meta property=\"og:image:width\" content=\"1280\" \/>\n\t<meta property=\"og:image:height\" content=\"720\" \/>\n\t<meta property=\"og:image:type\" content=\"image\/jpeg\" \/>\n<meta name=\"author\" content=\"Larissa Carvalho\" \/>\n<meta name=\"twitter:card\" content=\"summary_large_image\" \/>\n<meta name=\"twitter:label1\" content=\"Escrito por\" \/>\n\t<meta name=\"twitter:data1\" content=\"Larissa Carvalho\" \/>\n\t<meta name=\"twitter:label2\" content=\"Est. tempo de leitura\" \/>\n\t<meta name=\"twitter:data2\" content=\"3 minutos\" \/>\n<!-- \/ Yoast SEO plugin. -->","yoast_head_json":{"title":"Conhe\u00e7a a cidade onde os becos viraram bibliotecas a c\u00e9u aberto","description":"Em Bogot\u00e1, becos foram transformados em bibliotecas a c\u00e9u aberto. Descubra como livros mudaram a paisagem urbana e a vida nos bairros!","robots":{"index":"index","follow":"follow","max-snippet":"max-snippet:-1","max-image-preview":"max-image-preview:large","max-video-preview":"max-video-preview:-1"},"canonical":"https:\/\/www.correiobraziliense.com.br\/cbradar\/conheca-a-cidade-onde-os-becos-viraram-bibliotecas-a-ceu-aberto\/","og_locale":"pt_BR","og_type":"article","og_title":"Conhe\u00e7a a cidade onde os becos viraram bibliotecas a c\u00e9u aberto","og_description":"Em Bogot\u00e1, becos foram transformados em bibliotecas a c\u00e9u aberto. Descubra como livros mudaram a paisagem urbana e a vida nos bairros!","og_url":"https:\/\/www.correiobraziliense.com.br\/cbradar\/conheca-a-cidade-onde-os-becos-viraram-bibliotecas-a-ceu-aberto\/","og_site_name":"Correio Braziliense - Radar","article_published_time":"2025-03-29T21:30:00+00:00","og_image":[{"width":1280,"height":720,"url":"https:\/\/www.correiobraziliense.com.br\/cbradar\/wp-content\/uploads\/2025\/03\/Bogota-Colombia_1743172002301.jpg","type":"image\/jpeg"}],"author":"Larissa Carvalho","twitter_card":"summary_large_image","twitter_misc":{"Escrito por":"Larissa Carvalho","Est. tempo de leitura":"3 minutos"},"schema":{"@context":"https:\/\/schema.org","@graph":[{"@type":"WebPage","@id":"https:\/\/www.correiobraziliense.com.br\/cbradar\/conheca-a-cidade-onde-os-becos-viraram-bibliotecas-a-ceu-aberto\/","url":"https:\/\/www.correiobraziliense.com.br\/cbradar\/conheca-a-cidade-onde-os-becos-viraram-bibliotecas-a-ceu-aberto\/","name":"Conhe\u00e7a a cidade onde os becos viraram bibliotecas a c\u00e9u aberto","isPartOf":{"@id":"https:\/\/www.correiobraziliense.com.br\/cbradar\/#website"},"primaryImageOfPage":{"@id":"https:\/\/www.correiobraziliense.com.br\/cbradar\/conheca-a-cidade-onde-os-becos-viraram-bibliotecas-a-ceu-aberto\/#primaryimage"},"image":{"@id":"https:\/\/www.correiobraziliense.com.br\/cbradar\/conheca-a-cidade-onde-os-becos-viraram-bibliotecas-a-ceu-aberto\/#primaryimage"},"thumbnailUrl":"https:\/\/www.correiobraziliense.com.br\/cbradar\/wp-content\/uploads\/2025\/03\/Bogota-Colombia_1743172002301.jpg","datePublished":"2025-03-29T21:30:00+00:00","author":{"@id":"https:\/\/www.correiobraziliense.com.br\/cbradar\/#\/schema\/person\/58422787644df994b53a19d3e56c1513"},"description":"Em Bogot\u00e1, becos foram transformados em bibliotecas a c\u00e9u aberto. Descubra como livros mudaram a paisagem urbana e a vida nos bairros!","breadcrumb":{"@id":"https:\/\/www.correiobraziliense.com.br\/cbradar\/conheca-a-cidade-onde-os-becos-viraram-bibliotecas-a-ceu-aberto\/#breadcrumb"},"inLanguage":"pt-BR","potentialAction":[{"@type":"ReadAction","target":["https:\/\/www.correiobraziliense.com.br\/cbradar\/conheca-a-cidade-onde-os-becos-viraram-bibliotecas-a-ceu-aberto\/"]}]},{"@type":"ImageObject","inLanguage":"pt-BR","@id":"https:\/\/www.correiobraziliense.com.br\/cbradar\/conheca-a-cidade-onde-os-becos-viraram-bibliotecas-a-ceu-aberto\/#primaryimage","url":"https:\/\/www.correiobraziliense.com.br\/cbradar\/wp-content\/uploads\/2025\/03\/Bogota-Colombia_1743172002301.jpg","contentUrl":"https:\/\/www.correiobraziliense.com.br\/cbradar\/wp-content\/uploads\/2025\/03\/Bogota-Colombia_1743172002301.jpg","width":1280,"height":720,"caption":"Bogot\u00e1. Cr\u00e9ditos: depositphotos.com \/ tifonimages"},{"@type":"BreadcrumbList","@id":"https:\/\/www.correiobraziliense.com.br\/cbradar\/conheca-a-cidade-onde-os-becos-viraram-bibliotecas-a-ceu-aberto\/#breadcrumb","itemListElement":[{"@type":"ListItem","position":1,"name":"In\u00edcio","item":"https:\/\/www.correiobraziliense.com.br\/cbradar\/"},{"@type":"ListItem","position":2,"name":"Conhe\u00e7a a cidade onde os becos viraram bibliotecas a c\u00e9u aberto"}]},{"@type":"WebSite","@id":"https:\/\/www.correiobraziliense.com.br\/cbradar\/#website","url":"https:\/\/www.correiobraziliense.com.br\/cbradar\/","name":"Correio Braziliense - Radar","description":"Acompanhe as \u00faltimas not\u00edcias e fique bem informado sobre tudo o que acontece no Brasil e no mundo.","potentialAction":[{"@type":"SearchAction","target":{"@type":"EntryPoint","urlTemplate":"https:\/\/www.correiobraziliense.com.br\/cbradar\/?s={search_term_string}"},"query-input":{"@type":"PropertyValueSpecification","valueRequired":true,"valueName":"search_term_string"}}],"inLanguage":"pt-BR"},{"@type":"Person","@id":"https:\/\/www.correiobraziliense.com.br\/cbradar\/#\/schema\/person\/58422787644df994b53a19d3e56c1513","name":"Larissa Carvalho","image":{"@type":"ImageObject","inLanguage":"pt-BR","@id":"https:\/\/www.correiobraziliense.com.br\/cbradar\/#\/schema\/person\/image\/","url":"https:\/\/secure.gravatar.com\/avatar\/fe4f91a0de32b52a838d0d612abdc1aa?s=96&d=mm&r=g","contentUrl":"https:\/\/secure.gravatar.com\/avatar\/fe4f91a0de32b52a838d0d612abdc1aa?s=96&d=mm&r=g","caption":"Larissa Carvalho"},"url":"https:\/\/www.correiobraziliense.com.br\/cbradar\/author\/larissamyth\/"}]}},"_links":{"self":[{"href":"https:\/\/www.correiobraziliense.com.br\/cbradar\/wp-json\/wp\/v2\/posts\/16640","targetHints":{"allow":["GET"]}}],"collection":[{"href":"https:\/\/www.correiobraziliense.com.br\/cbradar\/wp-json\/wp\/v2\/posts"}],"about":[{"href":"https:\/\/www.correiobraziliense.com.br\/cbradar\/wp-json\/wp\/v2\/types\/post"}],"author":[{"embeddable":true,"href":"https:\/\/www.correiobraziliense.com.br\/cbradar\/wp-json\/wp\/v2\/users\/3"}],"replies":[{"embeddable":true,"href":"https:\/\/www.correiobraziliense.com.br\/cbradar\/wp-json\/wp\/v2\/comments?post=16640"}],"version-history":[{"count":1,"href":"https:\/\/www.correiobraziliense.com.br\/cbradar\/wp-json\/wp\/v2\/posts\/16640\/revisions"}],"predecessor-version":[{"id":16643,"href":"https:\/\/www.correiobraziliense.com.br\/cbradar\/wp-json\/wp\/v2\/posts\/16640\/revisions\/16643"}],"wp:featuredmedia":[{"embeddable":true,"href":"https:\/\/www.correiobraziliense.com.br\/cbradar\/wp-json\/wp\/v2\/media\/16642"}],"wp:attachment":[{"href":"https:\/\/www.correiobraziliense.com.br\/cbradar\/wp-json\/wp\/v2\/media?parent=16640"}],"wp:term":[{"taxonomy":"category","embeddable":true,"href":"https:\/\/www.correiobraziliense.com.br\/cbradar\/wp-json\/wp\/v2\/categories?post=16640"},{"taxonomy":"post_tag","embeddable":true,"href":"https:\/\/www.correiobraziliense.com.br\/cbradar\/wp-json\/wp\/v2\/tags?post=16640"}],"curies":[{"name":"wp","href":"https:\/\/api.w.org\/{rel}","templated":true}]}}