{"id":166540,"date":"2026-01-01T11:30:58","date_gmt":"2026-01-01T14:30:58","guid":{"rendered":"https:\/\/www.correiobraziliense.com.br\/cbradar\/?p=166540"},"modified":"2026-01-01T11:31:01","modified_gmt":"2026-01-01T14:31:01","slug":"a-historicidade-de-veni-vidi-vici-a-propaganda-cesariana-em-tres-atos","status":"publish","type":"post","link":"https:\/\/www.correiobraziliense.com.br\/cbradar\/a-historicidade-de-veni-vidi-vici-a-propaganda-cesariana-em-tres-atos\/","title":{"rendered":"A historicidade de &#8220;Veni, Vidi, Vici&#8221;, a propaganda cesariana em tr\u00eas atos"},"content":{"rendered":"\n<p>A historiografia do per\u00edodo final da Rep\u00fablica Romana analisa a <a href=\"https:\/\/pt.wikipedia.org\/wiki\/Batalha_de_Zela_(47_a.C.)\" target=\"_blank\" rel=\"noreferrer noopener\">Batalha de Zela<\/a>, ocorrida em 47 a.C., como um evento fundamental para a compreens\u00e3o da ascens\u00e3o pol\u00edtica de <a href=\"https:\/\/pt.wikipedia.org\/wiki\/J%C3%BAlio_C%C3%A9sar\" target=\"_blank\" rel=\"noreferrer noopener\">J\u00falio C\u00e9sar<\/a>. Dentro do contexto das <a href=\"https:\/\/pt.wikipedia.org\/wiki\/Guerras_civis_romanas\" target=\"_blank\" rel=\"noreferrer noopener\">Guerras Civis Romanas<\/a> e das campanhas no Oriente, o confronto contra <a href=\"https:\/\/pt.wikipedia.org\/wiki\/F%C3%A1rnaces_II_do_Ponto\" target=\"_blank\" rel=\"noreferrer noopener\">Farnaces II do Ponto<\/a> n\u00e3o representou apenas uma vit\u00f3ria t\u00e1tica, mas serviu como catalisador para a propaganda cesariana. \u00c9 neste cen\u00e1rio b\u00e9lico e pol\u00edtico que emerge a c\u00e9lebre locu\u00e7\u00e3o &#8220;Veni, Vidi, Vici&#8221;, utilizada pelo general para comunicar ao Senado Romano a efic\u00e1cia da interven\u00e7\u00e3o militar na \u00c1sia Menor.<\/p>\n\n\n\n<p>O estudo das fontes prim\u00e1rias indica que a rapidez da campanha foi instrumental para a manuten\u00e7\u00e3o da hegemonia romana na regi\u00e3o. A narrativa hist\u00f3rica sugere que a brevidade da batalha permitiu a C\u00e9sar retornar rapidamente a Roma para enfrentar as fac\u00e7\u00f5es pompeianas remanescentes. Portanto, a express\u00e3o proferida transcende a sua tradu\u00e7\u00e3o literal, atuando como um documento hist\u00f3rico que atesta a centraliza\u00e7\u00e3o do comando militar e a capacidade de mobiliza\u00e7\u00e3o das legi\u00f5es romanas durante a crise da <a href=\"https:\/\/pt.wikipedia.org\/wiki\/Rep%C3%BAblica_Romana\" target=\"_blank\" rel=\"noreferrer noopener\">Rep\u00fablica<\/a>.<\/p>\n\n\n<div class=\"wp-block-image\">\n<figure class=\"aligncenter size-large\"><img decoding=\"async\" width=\"1024\" height=\"576\" src=\"https:\/\/www.correiobraziliense.com.br\/cbradar\/wp-content\/uploads\/2025\/10\/Julio-Cesar-batalha_1761867321438-1024x576.jpg\" alt=\"O que significa a frase &quot;Veni, Vidi, Vici&quot;, o triunfo em tr\u00eas palavras\" class=\"wp-image-128716\" srcset=\"https:\/\/www.correiobraziliense.com.br\/cbradar\/wp-content\/uploads\/2025\/10\/Julio-Cesar-batalha_1761867321438-1024x576.jpg 1024w, https:\/\/www.correiobraziliense.com.br\/cbradar\/wp-content\/uploads\/2025\/10\/Julio-Cesar-batalha_1761867321438-300x169.jpg 300w, https:\/\/www.correiobraziliense.com.br\/cbradar\/wp-content\/uploads\/2025\/10\/Julio-Cesar-batalha_1761867321438-768x432.jpg 768w, https:\/\/www.correiobraziliense.com.br\/cbradar\/wp-content\/uploads\/2025\/10\/Julio-Cesar-batalha_1761867321438-750x422.jpg 750w, https:\/\/www.correiobraziliense.com.br\/cbradar\/wp-content\/uploads\/2025\/10\/Julio-Cesar-batalha_1761867321438-1140x641.jpg 1140w, https:\/\/www.correiobraziliense.com.br\/cbradar\/wp-content\/uploads\/2025\/10\/Julio-Cesar-batalha_1761867321438.jpg 1280w\" sizes=\"(max-width: 1024px) 100vw, 1024px\" \/><figcaption class=\"wp-element-caption\">J\u00falio C\u00e9sar proferiu &#8220;Veni, Vidi, Vici&#8221; ap\u00f3s derrotar Farnaces II do Ponto em 47 a.C. Cr\u00e9ditos: depositphotos.com \/ ChiccoDodiFC<\/figcaption><\/figure><\/div>\n\n\n<h2 class=\"wp-block-heading\">O contexto geopol\u00edtico das guerras Mitrid\u00e1ticas<\/h2>\n\n\n\n<p>A vit\u00f3ria em Zela deve ser compreendida como o ep\u00edlogo das longas disputas territoriais conhecidas como Guerras Mitrid\u00e1ticas. A tentativa de Farnaces II de recuperar os territ\u00f3rios do Ponto desafiou diretamente a autoridade de Roma, exigindo uma resposta imediata para evitar a desestabiliza\u00e7\u00e3o das prov\u00edncias orientais. A historiografia moderna destaca os seguintes aspectos factuais do conflito:<\/p>\n\n\n\n<ul class=\"wp-block-list\">\n<li><strong>Cronologia do Evento:<\/strong> O confronto decisivo ocorreu no ano de 47 a.C., marcando uma etapa crucial na consolida\u00e7\u00e3o das fronteiras orientais de Roma.<\/li>\n\n\n\n<li><strong>Protagonismo Hist\u00f3rico:<\/strong> O embate op\u00f4s as legi\u00f5es veteranas de J\u00falio C\u00e9sar \u00e0s for\u00e7as do Reino do Ponto, lideradas por Farnaces II.<\/li>\n\n\n\n<li><strong>Localiza\u00e7\u00e3o Estrat\u00e9gica:<\/strong> A Batalha de Zela, situada na atual Turquia, foi o palco onde a superioridade t\u00e1tica romana foi reafirmada.<\/li>\n\n\n\n<li><strong>Consequ\u00eancias Pol\u00edticas:<\/strong> A derrota de Farnaces resultou na reorganiza\u00e7\u00e3o administrativa da \u00c1sia Menor e no fortalecimento da imagem de C\u00e9sar perante a aristocracia romana.<\/li>\n<\/ul>\n\n\n\n<h2 class=\"wp-block-heading\">Propaganda pol\u00edtica e legado na antiguidade<\/h2>\n\n\n\n<p>A utiliza\u00e7\u00e3o da frase &#8220;Veni, Vidi, Vici&#8221; durante o triunfo de C\u00e9sar ilustra a sofistica\u00e7\u00e3o da comunica\u00e7\u00e3o pol\u00edtica na Antiguidade Cl\u00e1ssica. Historiadores argumentam que a estrutura assind\u00e9tica da frase (aus\u00eancia de conectivos) foi deliberadamente escolhida para transmitir uma sensa\u00e7\u00e3o de inevitabilidade e velocidade sobrenatural. Ao relatar o \u00eaxito militar de forma t\u00e3o concisa, C\u00e9sar n\u00e3o apenas documentou o evento, mas construiu uma narrativa de invencibilidade que seria explorada para justificar a concentra\u00e7\u00e3o de poderes ditatoriais subsequentes.<\/p>\n\n\n\n<h2 class=\"wp-block-heading\">Recep\u00e7\u00e3o hist\u00f3rica e contempor\u00e2nea<\/h2>\n\n\n\n<p>Embora a origem da express\u00e3o esteja enraizada na hist\u00f3ria militar romana, sua apropria\u00e7\u00e3o ao longo dos s\u00e9culos demonstra a perenidade do legado latino. No entanto, diferentemente de sua fun\u00e7\u00e3o original de relat\u00f3rio de campanha, a recep\u00e7\u00e3o moderna da frase tende a desvincul\u00e1-la do massacre de Zela, ressignificando-a como um s\u00edmbolo de efici\u00eancia em gest\u00e3o e conquistas pessoais.<\/p>\n\n\n\n<p>Ainda assim, para a disciplina de Hist\u00f3ria, a relev\u00e2ncia de &#8220;Veni, Vidi, Vici&#8221; reside em sua capacidade de sintetizar, em tr\u00eas palavras, a doutrina militar romana e a transi\u00e7\u00e3o irrevers\u00edvel das institui\u00e7\u00f5es republicanas para o modelo imperial que dominaria o Mediterr\u00e2neo nos s\u00e9culos seguintes.<\/p>\n","protected":false},"excerpt":{"rendered":"<p>A historiografia do per\u00edodo final da Rep\u00fablica Romana analisa a Batalha de Zela, ocorrida em 47 a.C., como um evento fundamental para a compreens\u00e3o da ascens\u00e3o pol\u00edtica de J\u00falio C\u00e9sar. Dentro do contexto das Guerras Civis Romanas e das campanhas no Oriente, o confronto contra Farnaces II do Ponto n\u00e3o representou apenas uma vit\u00f3ria t\u00e1tica, [&hellip;]<\/p>\n","protected":false},"author":12,"featured_media":128714,"comment_status":"open","ping_status":"open","sticky":false,"template":"","format":"standard","meta":{"_yoast_wpseo_focuskw":"Veni Vidi Vici","_yoast_wpseo_title":"","_yoast_wpseo_metadesc":"An\u00e1lise hist\u00f3rica da frase \"Veni, Vidi, Vici\" e seu papel na propaganda de J\u00falio C\u00e9sar ap\u00f3s a Batalha de Zela na Roma Antiga.","jnews-multi-image_gallery":[],"jnews_single_post":{"format":"standard"},"jnews_primary_category":[],"jnews_social_meta":[],"jnews_override_counter":[],"footnotes":""},"categories":[112],"tags":[144,13359,13356,13358,13357],"class_list":["post-166540","post","type-post","status-publish","format-standard","has-post-thumbnail","hentry","category-curiosidades","tag-curiosidades","tag-julio-cesar","tag-veni","tag-vici","tag-vidi"],"yoast_head":"<!-- This site is optimized with the Yoast SEO plugin v24.6 - https:\/\/yoast.com\/wordpress\/plugins\/seo\/ -->\n<title>A historicidade de &quot;Veni, Vidi, Vici&quot;, a propaganda cesariana em tr\u00eas atos - Correio Braziliense - Radar<\/title>\n<meta name=\"description\" content=\"An\u00e1lise hist\u00f3rica da frase &quot;Veni, Vidi, Vici&quot; e seu papel na propaganda de J\u00falio C\u00e9sar ap\u00f3s a Batalha de Zela na Roma Antiga.\" \/>\n<meta name=\"robots\" content=\"index, follow, max-snippet:-1, max-image-preview:large, max-video-preview:-1\" \/>\n<link rel=\"canonical\" href=\"https:\/\/www.correiobraziliense.com.br\/cbradar\/a-historicidade-de-veni-vidi-vici-a-propaganda-cesariana-em-tres-atos\/\" \/>\n<meta property=\"og:locale\" content=\"pt_BR\" \/>\n<meta property=\"og:type\" content=\"article\" \/>\n<meta property=\"og:title\" content=\"A historicidade de &quot;Veni, Vidi, Vici&quot;, a propaganda cesariana em tr\u00eas atos - Correio Braziliense - Radar\" \/>\n<meta property=\"og:description\" content=\"An\u00e1lise hist\u00f3rica da frase &quot;Veni, Vidi, Vici&quot; e seu papel na propaganda de J\u00falio C\u00e9sar ap\u00f3s a Batalha de Zela na Roma Antiga.\" \/>\n<meta property=\"og:url\" content=\"https:\/\/www.correiobraziliense.com.br\/cbradar\/a-historicidade-de-veni-vidi-vici-a-propaganda-cesariana-em-tres-atos\/\" \/>\n<meta property=\"og:site_name\" content=\"Correio Braziliense - Radar\" \/>\n<meta property=\"article:published_time\" content=\"2026-01-01T14:30:58+00:00\" \/>\n<meta property=\"article:modified_time\" content=\"2026-01-01T14:31:01+00:00\" \/>\n<meta property=\"og:image\" content=\"https:\/\/www.correiobraziliense.com.br\/cbradar\/wp-content\/uploads\/2025\/10\/1761867239700.png\" \/>\n\t<meta property=\"og:image:width\" content=\"1280\" \/>\n\t<meta property=\"og:image:height\" content=\"720\" \/>\n\t<meta property=\"og:image:type\" content=\"image\/png\" \/>\n<meta name=\"author\" content=\"Gabriel Leme\" \/>\n<meta name=\"twitter:card\" content=\"summary_large_image\" \/>\n<meta name=\"twitter:label1\" content=\"Escrito por\" \/>\n\t<meta name=\"twitter:data1\" content=\"Gabriel Leme\" \/>\n\t<meta name=\"twitter:label2\" content=\"Est. tempo de leitura\" \/>\n\t<meta name=\"twitter:data2\" content=\"4 minutos\" \/>\n<!-- \/ Yoast SEO plugin. -->","yoast_head_json":{"title":"A historicidade de \"Veni, Vidi, Vici\", a propaganda cesariana em tr\u00eas atos - Correio Braziliense - Radar","description":"An\u00e1lise hist\u00f3rica da frase \"Veni, Vidi, Vici\" e seu papel na propaganda de J\u00falio C\u00e9sar ap\u00f3s a Batalha de Zela na Roma Antiga.","robots":{"index":"index","follow":"follow","max-snippet":"max-snippet:-1","max-image-preview":"max-image-preview:large","max-video-preview":"max-video-preview:-1"},"canonical":"https:\/\/www.correiobraziliense.com.br\/cbradar\/a-historicidade-de-veni-vidi-vici-a-propaganda-cesariana-em-tres-atos\/","og_locale":"pt_BR","og_type":"article","og_title":"A historicidade de \"Veni, Vidi, Vici\", a propaganda cesariana em tr\u00eas atos - Correio Braziliense - Radar","og_description":"An\u00e1lise hist\u00f3rica da frase \"Veni, Vidi, Vici\" e seu papel na propaganda de J\u00falio C\u00e9sar ap\u00f3s a Batalha de Zela na Roma Antiga.","og_url":"https:\/\/www.correiobraziliense.com.br\/cbradar\/a-historicidade-de-veni-vidi-vici-a-propaganda-cesariana-em-tres-atos\/","og_site_name":"Correio Braziliense - Radar","article_published_time":"2026-01-01T14:30:58+00:00","article_modified_time":"2026-01-01T14:31:01+00:00","og_image":[{"width":1280,"height":720,"url":"https:\/\/www.correiobraziliense.com.br\/cbradar\/wp-content\/uploads\/2025\/10\/1761867239700.png","type":"image\/png"}],"author":"Gabriel Leme","twitter_card":"summary_large_image","twitter_misc":{"Escrito por":"Gabriel Leme","Est. tempo de leitura":"4 minutos"},"schema":{"@context":"https:\/\/schema.org","@graph":[{"@type":"WebPage","@id":"https:\/\/www.correiobraziliense.com.br\/cbradar\/a-historicidade-de-veni-vidi-vici-a-propaganda-cesariana-em-tres-atos\/","url":"https:\/\/www.correiobraziliense.com.br\/cbradar\/a-historicidade-de-veni-vidi-vici-a-propaganda-cesariana-em-tres-atos\/","name":"A historicidade de \"Veni, Vidi, Vici\", a propaganda cesariana em tr\u00eas atos - Correio Braziliense - Radar","isPartOf":{"@id":"https:\/\/www.correiobraziliense.com.br\/cbradar\/#website"},"primaryImageOfPage":{"@id":"https:\/\/www.correiobraziliense.com.br\/cbradar\/a-historicidade-de-veni-vidi-vici-a-propaganda-cesariana-em-tres-atos\/#primaryimage"},"image":{"@id":"https:\/\/www.correiobraziliense.com.br\/cbradar\/a-historicidade-de-veni-vidi-vici-a-propaganda-cesariana-em-tres-atos\/#primaryimage"},"thumbnailUrl":"https:\/\/www.correiobraziliense.com.br\/cbradar\/wp-content\/uploads\/2025\/10\/1761867239700.png","datePublished":"2026-01-01T14:30:58+00:00","dateModified":"2026-01-01T14:31:01+00:00","author":{"@id":"https:\/\/www.correiobraziliense.com.br\/cbradar\/#\/schema\/person\/67a081d63a0fe55fb267145a7be2f7c1"},"description":"An\u00e1lise hist\u00f3rica da frase \"Veni, Vidi, Vici\" e seu papel na propaganda de J\u00falio C\u00e9sar ap\u00f3s a Batalha de Zela na Roma Antiga.","breadcrumb":{"@id":"https:\/\/www.correiobraziliense.com.br\/cbradar\/a-historicidade-de-veni-vidi-vici-a-propaganda-cesariana-em-tres-atos\/#breadcrumb"},"inLanguage":"pt-BR","potentialAction":[{"@type":"ReadAction","target":["https:\/\/www.correiobraziliense.com.br\/cbradar\/a-historicidade-de-veni-vidi-vici-a-propaganda-cesariana-em-tres-atos\/"]}]},{"@type":"ImageObject","inLanguage":"pt-BR","@id":"https:\/\/www.correiobraziliense.com.br\/cbradar\/a-historicidade-de-veni-vidi-vici-a-propaganda-cesariana-em-tres-atos\/#primaryimage","url":"https:\/\/www.correiobraziliense.com.br\/cbradar\/wp-content\/uploads\/2025\/10\/1761867239700.png","contentUrl":"https:\/\/www.correiobraziliense.com.br\/cbradar\/wp-content\/uploads\/2025\/10\/1761867239700.png","width":1280,"height":720,"caption":"A frase de J\u00falio C\u00e9sar inspira autoconfian\u00e7a, efici\u00eancia e determina\u00e7\u00e3o nas conquistas."},{"@type":"BreadcrumbList","@id":"https:\/\/www.correiobraziliense.com.br\/cbradar\/a-historicidade-de-veni-vidi-vici-a-propaganda-cesariana-em-tres-atos\/#breadcrumb","itemListElement":[{"@type":"ListItem","position":1,"name":"In\u00edcio","item":"https:\/\/www.correiobraziliense.com.br\/cbradar\/"},{"@type":"ListItem","position":2,"name":"A historicidade de &#8220;Veni, Vidi, Vici&#8221;, a propaganda cesariana em tr\u00eas atos"}]},{"@type":"WebSite","@id":"https:\/\/www.correiobraziliense.com.br\/cbradar\/#website","url":"https:\/\/www.correiobraziliense.com.br\/cbradar\/","name":"Correio Braziliense - Radar","description":"Acompanhe as \u00faltimas not\u00edcias e fique bem informado sobre tudo o que acontece no Brasil e no mundo.","potentialAction":[{"@type":"SearchAction","target":{"@type":"EntryPoint","urlTemplate":"https:\/\/www.correiobraziliense.com.br\/cbradar\/?s={search_term_string}"},"query-input":{"@type":"PropertyValueSpecification","valueRequired":true,"valueName":"search_term_string"}}],"inLanguage":"pt-BR"},{"@type":"Person","@id":"https:\/\/www.correiobraziliense.com.br\/cbradar\/#\/schema\/person\/67a081d63a0fe55fb267145a7be2f7c1","name":"Gabriel Leme","image":{"@type":"ImageObject","inLanguage":"pt-BR","@id":"https:\/\/www.correiobraziliense.com.br\/cbradar\/#\/schema\/person\/image\/","url":"https:\/\/secure.gravatar.com\/avatar\/85bf2e3517d27149969b72412b460c20?s=96&d=mm&r=g","contentUrl":"https:\/\/secure.gravatar.com\/avatar\/85bf2e3517d27149969b72412b460c20?s=96&d=mm&r=g","caption":"Gabriel Leme"},"sameAs":["https:\/\/www.correiobraziliense.com.br\/"],"url":"https:\/\/www.correiobraziliense.com.br\/cbradar\/author\/gabrielmyth\/"}]}},"_links":{"self":[{"href":"https:\/\/www.correiobraziliense.com.br\/cbradar\/wp-json\/wp\/v2\/posts\/166540","targetHints":{"allow":["GET"]}}],"collection":[{"href":"https:\/\/www.correiobraziliense.com.br\/cbradar\/wp-json\/wp\/v2\/posts"}],"about":[{"href":"https:\/\/www.correiobraziliense.com.br\/cbradar\/wp-json\/wp\/v2\/types\/post"}],"author":[{"embeddable":true,"href":"https:\/\/www.correiobraziliense.com.br\/cbradar\/wp-json\/wp\/v2\/users\/12"}],"replies":[{"embeddable":true,"href":"https:\/\/www.correiobraziliense.com.br\/cbradar\/wp-json\/wp\/v2\/comments?post=166540"}],"version-history":[{"count":1,"href":"https:\/\/www.correiobraziliense.com.br\/cbradar\/wp-json\/wp\/v2\/posts\/166540\/revisions"}],"predecessor-version":[{"id":166551,"href":"https:\/\/www.correiobraziliense.com.br\/cbradar\/wp-json\/wp\/v2\/posts\/166540\/revisions\/166551"}],"wp:featuredmedia":[{"embeddable":true,"href":"https:\/\/www.correiobraziliense.com.br\/cbradar\/wp-json\/wp\/v2\/media\/128714"}],"wp:attachment":[{"href":"https:\/\/www.correiobraziliense.com.br\/cbradar\/wp-json\/wp\/v2\/media?parent=166540"}],"wp:term":[{"taxonomy":"category","embeddable":true,"href":"https:\/\/www.correiobraziliense.com.br\/cbradar\/wp-json\/wp\/v2\/categories?post=166540"},{"taxonomy":"post_tag","embeddable":true,"href":"https:\/\/www.correiobraziliense.com.br\/cbradar\/wp-json\/wp\/v2\/tags?post=166540"}],"curies":[{"name":"wp","href":"https:\/\/api.w.org\/{rel}","templated":true}]}}