{"id":1668,"date":"2025-02-11T21:30:00","date_gmt":"2025-02-12T00:30:00","guid":{"rendered":"https:\/\/www.correiobraziliense.com.br\/cbradar\/?p=1668"},"modified":"2025-06-02T17:56:56","modified_gmt":"2025-06-02T20:56:56","slug":"curiosidade-sobre-goiania-que-talvez-voce-nao-conheca","status":"publish","type":"post","link":"https:\/\/www.correiobraziliense.com.br\/cbradar\/curiosidade-sobre-goiania-que-talvez-voce-nao-conheca\/","title":{"rendered":"Curiosidade sobre Goi\u00e2nia que talvez voc\u00ea n\u00e3o conhe\u00e7a"},"content":{"rendered":"\n<p><strong><a href=\"https:\/\/www.goiania.go.gov.br\/\" target=\"_blank\" rel=\"noreferrer noopener\">Goi\u00e2nia<\/a><\/strong>, a capital do estado de <strong>Goi\u00e1s<\/strong>, \u00e9 uma cidade que se destaca por sua hist\u00f3ria rica e diversificada. Fundada em 1933, ela rapidamente se tornou um centro importante no <strong>Brasil<\/strong>, tanto cultural quanto economicamente. A <a href=\"https:\/\/www.correiobraziliense.com.br\/cbradar\/de-colonia-militar-a-destino-turistico-mundial-a-incrivel-transformacao-de-foz-do-iguacu\/\" target=\"_blank\" rel=\"noreferrer noopener\">cidade<\/a> foi planejada para ser um marco de modernidade e progresso, refletindo o esp\u00edrito de inova\u00e7\u00e3o da \u00e9poca.<\/p>\n\n\n\n<p>A escolha do nome &#8220;Goi\u00e2nia&#8221; \u00e9 um aspecto interessante de sua funda\u00e7\u00e3o. Em um concurso promovido por um jornal local, v\u00e1rias sugest\u00f5es foram apresentadas, incluindo &#8220;Petr\u00f4nia&#8221;, em homenagem ao fundador Pedro Ludovico Teixeira. No entanto, o nome &#8220;Goi\u00e2nia&#8221; foi adotado, inspirado por um poema \u00e9pico, trazendo consigo uma rica heran\u00e7a cultural e liter\u00e1ria.<\/p>\n\n\n\n<h2 class=\"wp-block-heading\"><strong>O planejamento urbano de Goi\u00e2nia<\/strong><\/h2>\n\n\n\n<p>O planejamento de Goi\u00e2nia foi um projeto ambicioso liderado pelo arquiteto Attilio Corr\u00eaa Lima. Ele prop\u00f4s um sistema de numera\u00e7\u00e3o para as ruas, uma ideia inovadora que visava facilitar futuras homenagens a figuras importantes da cidade. As avenidas receberam nomes regionais, enquanto as ruas eram numeradas, criando uma estrutura urbana organizada e moderna.<\/p>\n\n\n\n<figure class=\"wp-block-image size-large\"><img decoding=\"async\" width=\"1024\" height=\"576\" src=\"https:\/\/www.correiobraziliense.com.br\/cbradar\/wp-content\/uploads\/2025\/02\/Goiania_1739220448086-1024x576.jpg\" alt=\"Curiosidade sobre Goi\u00e2nia que talvez voc\u00ea n\u00e3o conhe\u00e7a\" class=\"wp-image-1670\" srcset=\"https:\/\/www.correiobraziliense.com.br\/cbradar\/wp-content\/uploads\/2025\/02\/Goiania_1739220448086-1024x576.jpg 1024w, https:\/\/www.correiobraziliense.com.br\/cbradar\/wp-content\/uploads\/2025\/02\/Goiania_1739220448086-300x169.jpg 300w, https:\/\/www.correiobraziliense.com.br\/cbradar\/wp-content\/uploads\/2025\/02\/Goiania_1739220448086-768x432.jpg 768w, https:\/\/www.correiobraziliense.com.br\/cbradar\/wp-content\/uploads\/2025\/02\/Goiania_1739220448086-750x422.jpg 750w, https:\/\/www.correiobraziliense.com.br\/cbradar\/wp-content\/uploads\/2025\/02\/Goiania_1739220448086-1140x642.jpg 1140w, https:\/\/www.correiobraziliense.com.br\/cbradar\/wp-content\/uploads\/2025\/02\/Goiania_1739220448086.jpg 1279w\" sizes=\"(max-width: 1024px) 100vw, 1024px\" \/><figcaption class=\"wp-element-caption\">Goi\u00e2nia. Cr\u00e9ditos: depositphotos.com \/ Cavalcante<\/figcaption><\/figure>\n\n\n\n<h2 class=\"wp-block-heading\"><strong>O conceito de &#8220;Cidade-Jardim&#8221; em Goi\u00e2nia<\/strong><\/h2>\n\n\n\n<p>O Setor Sul de Goi\u00e2nia \u00e9 um exemplo do conceito de &#8220;cidade-jardim&#8221;, introduzido pelo arquiteto Armando de Godoy. Inspirado pelas ideias de Ebenezer Howard, o projeto incorporou \u00e1reas verdes e quadras residenciais integradas ao ambiente urbano. Essa abordagem promoveu um equil\u00edbrio entre o desenvolvimento urbano e a natureza, destacando-se como um marco no urbanismo da cidade.<\/p>\n\n\n\n<h2 class=\"wp-block-heading\"><strong>Crescimento populacional e desenvolvimento<\/strong><\/h2>\n\n\n\n<p>Desde sua funda\u00e7\u00e3o, Goi\u00e2nia experimentou um crescimento populacional significativo. Na d\u00e9cada de 1930, a popula\u00e7\u00e3o do estado de Goi\u00e1s era de cerca de 400 mil habitantes. Com a inaugura\u00e7\u00e3o de Goi\u00e2nia em 1940, a cidade j\u00e1 contava com quase 19 mil habitantes. Hoje, a popula\u00e7\u00e3o de Goi\u00e2nia supera 1,5 milh\u00e3o, refletindo seu papel como um importante polo regional.<\/p>\n\n\n\n<h2 class=\"wp-block-heading\"><strong>Desafios de acessibilidade na d\u00e9cada de 1930<\/strong><\/h2>\n\n\n\n<p>Antes da constru\u00e7\u00e3o de Goi\u00e2nia, viajar para a antiga capital de Goi\u00e1s era uma tarefa desafiadora. O trajeto de S\u00e3o Paulo at\u00e9 Goi\u00e1s levava cerca de 49 dias, incluindo viagens de trem e longas jornadas em lombo de mula. A constru\u00e7\u00e3o de Goi\u00e2nia facilitou o acesso \u00e0 regi\u00e3o, marcando um ponto de virada no desenvolvimento e moderniza\u00e7\u00e3o da infraestrutura local.<\/p>\n\n\n\n<p>Esses aspectos da hist\u00f3ria de Goi\u00e2nia revelam uma cidade que sempre esteve em busca de inova\u00e7\u00e3o e progresso. Desde sua funda\u00e7\u00e3o at\u00e9 os dias atuais, Goi\u00e2nia continua a evoluir, mantendo-se como um centro din\u00e2mico e vibrante no cen\u00e1rio brasileiro.<\/p>\n","protected":false},"excerpt":{"rendered":"<p>Descubra a rica hist\u00f3ria de Goi\u00e2nia, capital de Goi\u00e1s no Brasil, incluindo sua funda\u00e7\u00e3o, planejamento urbano e crescimento. <\/p>\n","protected":false},"author":3,"featured_media":1669,"comment_status":"open","ping_status":"open","sticky":false,"template":"","format":"standard","meta":{"jnews-multi-image_gallery":[],"jnews_single_post":{"format":"standard"},"jnews_primary_category":[],"jnews_social_meta":[],"jnews_override_counter":[],"footnotes":""},"categories":[108],"post_tag":[246],"class_list":["post-1668","post","type-post","status-publish","format-standard","has-post-thumbnail","hentry","category-cidades","tag-goiania"],"yoast_head":"<!-- This site is optimized with the Yoast SEO plugin v24.6 - https:\/\/yoast.com\/wordpress\/plugins\/seo\/ -->\n<title>Curiosidade sobre Goi\u00e2nia que talvez voc\u00ea n\u00e3o conhe\u00e7a - Correio Braziliense - Radar<\/title>\n<meta name=\"description\" content=\"Descubra a rica hist\u00f3ria de Goi\u00e2nia, capital de Goi\u00e1s no Brasil, incluindo sua funda\u00e7\u00e3o, planejamento urbano e crescimento.\" \/>\n<meta name=\"robots\" content=\"index, follow, max-snippet:-1, max-image-preview:large, max-video-preview:-1\" \/>\n<link rel=\"canonical\" href=\"https:\/\/www.correiobraziliense.com.br\/cbradar\/curiosidade-sobre-goiania-que-talvez-voce-nao-conheca\/\" \/>\n<meta property=\"og:locale\" content=\"pt_BR\" \/>\n<meta property=\"og:type\" content=\"article\" \/>\n<meta property=\"og:title\" content=\"Curiosidade sobre Goi\u00e2nia que talvez voc\u00ea n\u00e3o conhe\u00e7a - Correio Braziliense - Radar\" \/>\n<meta property=\"og:description\" content=\"Descubra a rica hist\u00f3ria de Goi\u00e2nia, capital de Goi\u00e1s no Brasil, incluindo sua funda\u00e7\u00e3o, planejamento urbano e crescimento.\" \/>\n<meta property=\"og:url\" content=\"https:\/\/www.correiobraziliense.com.br\/cbradar\/curiosidade-sobre-goiania-que-talvez-voce-nao-conheca\/\" \/>\n<meta property=\"og:site_name\" content=\"Correio Braziliense - Radar\" \/>\n<meta property=\"article:published_time\" content=\"2025-02-12T00:30:00+00:00\" \/>\n<meta property=\"article:modified_time\" content=\"2025-06-02T20:56:56+00:00\" \/>\n<meta property=\"og:image\" content=\"https:\/\/www.correiobraziliense.com.br\/cbradar\/wp-content\/uploads\/2025\/02\/Goiania_1739220355803.jpg\" \/>\n\t<meta property=\"og:image:width\" content=\"1280\" \/>\n\t<meta property=\"og:image:height\" content=\"720\" \/>\n\t<meta property=\"og:image:type\" content=\"image\/jpeg\" \/>\n<meta name=\"author\" content=\"Larissa Carvalho\" \/>\n<meta name=\"twitter:card\" content=\"summary_large_image\" \/>\n<meta name=\"twitter:label1\" content=\"Escrito por\" \/>\n\t<meta name=\"twitter:data1\" content=\"Larissa Carvalho\" \/>\n\t<meta name=\"twitter:label2\" content=\"Est. tempo de leitura\" \/>\n\t<meta name=\"twitter:data2\" content=\"3 minutos\" \/>\n<!-- \/ Yoast SEO plugin. -->","yoast_head_json":{"title":"Curiosidade sobre Goi\u00e2nia que talvez voc\u00ea n\u00e3o conhe\u00e7a - Correio Braziliense - Radar","description":"Descubra a rica hist\u00f3ria de Goi\u00e2nia, capital de Goi\u00e1s no Brasil, incluindo sua funda\u00e7\u00e3o, planejamento urbano e crescimento.","robots":{"index":"index","follow":"follow","max-snippet":"max-snippet:-1","max-image-preview":"max-image-preview:large","max-video-preview":"max-video-preview:-1"},"canonical":"https:\/\/www.correiobraziliense.com.br\/cbradar\/curiosidade-sobre-goiania-que-talvez-voce-nao-conheca\/","og_locale":"pt_BR","og_type":"article","og_title":"Curiosidade sobre Goi\u00e2nia que talvez voc\u00ea n\u00e3o conhe\u00e7a - Correio Braziliense - Radar","og_description":"Descubra a rica hist\u00f3ria de Goi\u00e2nia, capital de Goi\u00e1s no Brasil, incluindo sua funda\u00e7\u00e3o, planejamento urbano e crescimento.","og_url":"https:\/\/www.correiobraziliense.com.br\/cbradar\/curiosidade-sobre-goiania-que-talvez-voce-nao-conheca\/","og_site_name":"Correio Braziliense - Radar","article_published_time":"2025-02-12T00:30:00+00:00","article_modified_time":"2025-06-02T20:56:56+00:00","og_image":[{"width":1280,"height":720,"url":"https:\/\/www.correiobraziliense.com.br\/cbradar\/wp-content\/uploads\/2025\/02\/Goiania_1739220355803.jpg","type":"image\/jpeg"}],"author":"Larissa Carvalho","twitter_card":"summary_large_image","twitter_misc":{"Escrito por":"Larissa Carvalho","Est. tempo de leitura":"3 minutos"},"schema":{"@context":"https:\/\/schema.org","@graph":[{"@type":"WebPage","@id":"https:\/\/www.correiobraziliense.com.br\/cbradar\/curiosidade-sobre-goiania-que-talvez-voce-nao-conheca\/","url":"https:\/\/www.correiobraziliense.com.br\/cbradar\/curiosidade-sobre-goiania-que-talvez-voce-nao-conheca\/","name":"Curiosidade sobre Goi\u00e2nia que talvez voc\u00ea n\u00e3o conhe\u00e7a - Correio Braziliense - Radar","isPartOf":{"@id":"https:\/\/www.correiobraziliense.com.br\/cbradar\/#website"},"primaryImageOfPage":{"@id":"https:\/\/www.correiobraziliense.com.br\/cbradar\/curiosidade-sobre-goiania-que-talvez-voce-nao-conheca\/#primaryimage"},"image":{"@id":"https:\/\/www.correiobraziliense.com.br\/cbradar\/curiosidade-sobre-goiania-que-talvez-voce-nao-conheca\/#primaryimage"},"thumbnailUrl":"https:\/\/www.correiobraziliense.com.br\/cbradar\/wp-content\/uploads\/2025\/02\/Goiania_1739220355803.jpg","datePublished":"2025-02-12T00:30:00+00:00","dateModified":"2025-06-02T20:56:56+00:00","author":{"@id":"https:\/\/www.correiobraziliense.com.br\/cbradar\/#\/schema\/person\/58422787644df994b53a19d3e56c1513"},"description":"Descubra a rica hist\u00f3ria de Goi\u00e2nia, capital de Goi\u00e1s no Brasil, incluindo sua funda\u00e7\u00e3o, planejamento urbano e crescimento.","breadcrumb":{"@id":"https:\/\/www.correiobraziliense.com.br\/cbradar\/curiosidade-sobre-goiania-que-talvez-voce-nao-conheca\/#breadcrumb"},"inLanguage":"pt-BR","potentialAction":[{"@type":"ReadAction","target":["https:\/\/www.correiobraziliense.com.br\/cbradar\/curiosidade-sobre-goiania-que-talvez-voce-nao-conheca\/"]}]},{"@type":"ImageObject","inLanguage":"pt-BR","@id":"https:\/\/www.correiobraziliense.com.br\/cbradar\/curiosidade-sobre-goiania-que-talvez-voce-nao-conheca\/#primaryimage","url":"https:\/\/www.correiobraziliense.com.br\/cbradar\/wp-content\/uploads\/2025\/02\/Goiania_1739220355803.jpg","contentUrl":"https:\/\/www.correiobraziliense.com.br\/cbradar\/wp-content\/uploads\/2025\/02\/Goiania_1739220355803.jpg","width":1280,"height":720,"caption":"Goi\u00e2nia, capital de Goi\u00e1s. Cr\u00e9ditos: depositphotos.com \/ AngelaMacario"},{"@type":"BreadcrumbList","@id":"https:\/\/www.correiobraziliense.com.br\/cbradar\/curiosidade-sobre-goiania-que-talvez-voce-nao-conheca\/#breadcrumb","itemListElement":[{"@type":"ListItem","position":1,"name":"In\u00edcio","item":"https:\/\/www.correiobraziliense.com.br\/cbradar\/"},{"@type":"ListItem","position":2,"name":"Curiosidade sobre Goi\u00e2nia que talvez voc\u00ea n\u00e3o conhe\u00e7a"}]},{"@type":"WebSite","@id":"https:\/\/www.correiobraziliense.com.br\/cbradar\/#website","url":"https:\/\/www.correiobraziliense.com.br\/cbradar\/","name":"Correio Braziliense - Radar","description":"Acompanhe as \u00faltimas not\u00edcias e fique bem informado sobre tudo o que acontece no Brasil e no mundo.","potentialAction":[{"@type":"SearchAction","target":{"@type":"EntryPoint","urlTemplate":"https:\/\/www.correiobraziliense.com.br\/cbradar\/?s={search_term_string}"},"query-input":{"@type":"PropertyValueSpecification","valueRequired":true,"valueName":"search_term_string"}}],"inLanguage":"pt-BR"},{"@type":"Person","@id":"https:\/\/www.correiobraziliense.com.br\/cbradar\/#\/schema\/person\/58422787644df994b53a19d3e56c1513","name":"Larissa Carvalho","image":{"@type":"ImageObject","inLanguage":"pt-BR","@id":"https:\/\/www.correiobraziliense.com.br\/cbradar\/#\/schema\/person\/image\/","url":"https:\/\/secure.gravatar.com\/avatar\/fe4f91a0de32b52a838d0d612abdc1aa?s=96&d=mm&r=g","contentUrl":"https:\/\/secure.gravatar.com\/avatar\/fe4f91a0de32b52a838d0d612abdc1aa?s=96&d=mm&r=g","caption":"Larissa Carvalho"},"url":"https:\/\/www.correiobraziliense.com.br\/cbradar\/author\/larissamyth\/"}]}},"_links":{"self":[{"href":"https:\/\/www.correiobraziliense.com.br\/cbradar\/wp-json\/wp\/v2\/posts\/1668","targetHints":{"allow":["GET"]}}],"collection":[{"href":"https:\/\/www.correiobraziliense.com.br\/cbradar\/wp-json\/wp\/v2\/posts"}],"about":[{"href":"https:\/\/www.correiobraziliense.com.br\/cbradar\/wp-json\/wp\/v2\/types\/post"}],"author":[{"embeddable":true,"href":"https:\/\/www.correiobraziliense.com.br\/cbradar\/wp-json\/wp\/v2\/users\/3"}],"replies":[{"embeddable":true,"href":"https:\/\/www.correiobraziliense.com.br\/cbradar\/wp-json\/wp\/v2\/comments?post=1668"}],"version-history":[{"count":1,"href":"https:\/\/www.correiobraziliense.com.br\/cbradar\/wp-json\/wp\/v2\/posts\/1668\/revisions"}],"predecessor-version":[{"id":1671,"href":"https:\/\/www.correiobraziliense.com.br\/cbradar\/wp-json\/wp\/v2\/posts\/1668\/revisions\/1671"}],"wp:featuredmedia":[{"embeddable":true,"href":"https:\/\/www.correiobraziliense.com.br\/cbradar\/wp-json\/wp\/v2\/media\/1669"}],"wp:attachment":[{"href":"https:\/\/www.correiobraziliense.com.br\/cbradar\/wp-json\/wp\/v2\/media?parent=1668"}],"wp:term":[{"taxonomy":"category","embeddable":true,"href":"https:\/\/www.correiobraziliense.com.br\/cbradar\/wp-json\/wp\/v2\/categories?post=1668"},{"taxonomy":"post_tag","embeddable":true,"href":"https:\/\/www.correiobraziliense.com.br\/cbradar\/wp-json\/wp\/v2\/post_tag?post=1668"}],"curies":[{"name":"wp","href":"https:\/\/api.w.org\/{rel}","templated":true}]}}