{"id":167226,"date":"2026-01-03T20:35:00","date_gmt":"2026-01-03T23:35:00","guid":{"rendered":"https:\/\/www.correiobraziliense.com.br\/cbradar\/?p=167226"},"modified":"2026-01-02T19:15:45","modified_gmt":"2026-01-02T22:15:45","slug":"poucas-pessoas-sabem-a-diferenca-entre-a-principio-e-em-principio","status":"publish","type":"post","link":"https:\/\/www.correiobraziliense.com.br\/cbradar\/poucas-pessoas-sabem-a-diferenca-entre-a-principio-e-em-principio\/","title":{"rendered":"Poucas pessoas sabem a diferen\u00e7a entre \u201cA princ\u00edpio\u201d e \u201cem princ\u00edpio\u201d"},"content":{"rendered":"\n<p>Poucas pessoas percebem, no dia a dia, a diferen\u00e7a entre <strong>a princ\u00edpio<\/strong> e <strong>em princ\u00edpio<\/strong>, embora as duas express\u00f5es apare\u00e7am com frequ\u00eancia em conversas, not\u00edcias e textos acad\u00eamicos. A semelhan\u00e7a gr\u00e1fica leva muitos leitores a trat\u00e1-las como sin\u00f4nimas, o que pode gerar mal-entendidos discretos, mas relevantes em contextos formais. Compreender o uso adequado de cada uma ajuda a tornar a comunica\u00e7\u00e3o mais clara, <strong>precisa<\/strong> e alinhada \u00e0 <strong>norma-padr\u00e3o do portugu\u00eas<\/strong>.<\/p>\n\n\n\n<h2 class=\"wp-block-heading\">Qual \u00e9 o significado de \u201ca princ\u00edpio\u201d na l\u00edngua portuguesa<\/h2>\n\n\n\n<p>A express\u00e3o <strong>a princ\u00edpio<\/strong> costuma ser usada quando se quer indicar o <strong>come\u00e7o de uma situa\u00e7\u00e3o<\/strong> ou a <strong>primeira impress\u00e3o<\/strong> sobre um fato. Nesse uso, ela se aproxima de termos como <em>no come\u00e7o<\/em> ou <em>inicialmente<\/em>, funcionando como refer\u00eancia temporal ou a uma percep\u00e7\u00e3o que pode mudar com o tempo.<\/p>\n\n\n\n<p>Em textos jornal\u00edsticos, por exemplo, \u00e9 comum encontrar frases como: \u201c<strong>A princ\u00edpio<\/strong>, os moradores n\u00e3o perceberam o problema\u201d. Quando se substitui <strong>a princ\u00edpio<\/strong> por \u201cno in\u00edcio\u201d e a frase continua fazendo sentido, o uso tende a estar adequado, o que \u00e9 \u00fatil na revis\u00e3o de <strong>relat\u00f3rios<\/strong>, <strong>trabalhos acad\u00eamicos<\/strong> e comunicados formais.<\/p>\n\n\n\n<figure class=\"wp-block-image size-large\"><img decoding=\"async\" width=\"1024\" height=\"572\" src=\"https:\/\/www.correiobraziliense.com.br\/cbradar\/wp-content\/uploads\/2026\/01\/A-principio-vs-Em-principio-1024x572.png\" alt=\"Poucas pessoas sabem a diferen\u00e7a entre \u201cA princ\u00edpio\u201d e \u201cem princ\u00edpio\u201d\" class=\"wp-image-167228\" srcset=\"https:\/\/www.correiobraziliense.com.br\/cbradar\/wp-content\/uploads\/2026\/01\/A-principio-vs-Em-principio-1024x572.png 1024w, https:\/\/www.correiobraziliense.com.br\/cbradar\/wp-content\/uploads\/2026\/01\/A-principio-vs-Em-principio-300x167.png 300w, https:\/\/www.correiobraziliense.com.br\/cbradar\/wp-content\/uploads\/2026\/01\/A-principio-vs-Em-principio-768x429.png 768w, https:\/\/www.correiobraziliense.com.br\/cbradar\/wp-content\/uploads\/2026\/01\/A-principio-vs-Em-principio-750x419.png 750w, https:\/\/www.correiobraziliense.com.br\/cbradar\/wp-content\/uploads\/2026\/01\/A-principio-vs-Em-principio-1140x636.png 1140w, https:\/\/www.correiobraziliense.com.br\/cbradar\/wp-content\/uploads\/2026\/01\/A-principio-vs-Em-principio.png 1376w\" sizes=\"(max-width: 1024px) 100vw, 1024px\" \/><figcaption class=\"wp-element-caption\">Ei, &#8216;a princ\u00edpio&#8217; \u00e9 pro come\u00e7o das coisas, e &#8217;em princ\u00edpio&#8217; \u00e9 tipo &#8217;em tese&#8217;. F\u00e1cil assim, n\u00e9? Use certo!<\/figcaption><\/figure>\n\n\n\n<h2 class=\"wp-block-heading\">O que quer dizer \u201cem princ\u00edpio\u201d em usos formais e cotidianos<\/h2>\n\n\n\n<p>J\u00e1 a locu\u00e7\u00e3o <strong>em princ\u00edpio<\/strong> costuma indicar algo que vale de forma <strong>geral<\/strong>, <strong>te\u00f3rica<\/strong> ou <strong>condicional<\/strong>. Aproxima-se de express\u00f5es como <em>em tese<\/em>, <em>de modo geral<\/em> ou <em>em regra<\/em>, sugerindo que algo \u00e9 verdadeiro como regra, mas pode ter exce\u00e7\u00f5es ou depender de confirma\u00e7\u00e3o posterior.<\/p>\n\n\n\n<p>Em contextos administrativos e jur\u00eddicos, \u00e9 comum encontrar: \u201c<strong>Em princ\u00edpio<\/strong>, o pedido ser\u00e1 atendido, salvo impedimentos legais\u201d. Um teste simples ajuda a diferenciar: se for poss\u00edvel trocar <strong>em princ\u00edpio<\/strong> por \u201cem tese\u201d ou \u201cde forma geral\u201d sem prejudicar o sentido, a express\u00e3o costuma estar empregada de maneira correta em <strong>e-mails profissionais<\/strong>, pareceres e textos t\u00e9cnicos.<\/p>\n\n\n\n<h2 class=\"wp-block-heading\">Como diferenciar \u201ca princ\u00edpio\u201d e \u201cem princ\u00edpio\u201d no dia a dia<\/h2>\n\n\n\n<p>Para diferenciar <strong>a princ\u00edpio<\/strong> de <strong>em princ\u00edpio<\/strong> no uso di\u00e1rio, \u00e9 essencial observar se a frase fala de <strong>tempo<\/strong> ou de <strong>hip\u00f3tese<\/strong>. Quando o foco est\u00e1 no in\u00edcio de um fato, a forma adequada costuma ser <strong>a princ\u00edpio<\/strong>; se a ideia for possibilidade, regra geral ou algo sujeito a confirma\u00e7\u00e3o, a escolha tende a ser <strong>em princ\u00edpio<\/strong>.<\/p>\n\n\n\n<p>Alguns exemplos pr\u00e1ticos ajudam a visualizar essa diferen\u00e7a e podem servir como guia r\u00e1pido na escrita e na fala:<\/p>\n\n\n\n<ul class=\"wp-block-list\">\n<li>\u201c<strong>A princ\u00edpio<\/strong>, o sistema funcionou bem, mas depois apresentou falhas.\u201d (momento inicial)<\/li>\n\n\n\n<li>\u201c<strong>Em princ\u00edpio<\/strong>, todos os candidatos podem participar da sele\u00e7\u00e3o.\u201d (regra geral, sujeita a condi\u00e7\u00f5es)<\/li>\n\n\n\n<li>\u201c<strong>A princ\u00edpio<\/strong>, n\u00e3o houve registro de feridos.\u201d (informa\u00e7\u00e3o dos primeiros instantes)<\/li>\n\n\n\n<li>\u201c<strong>Em princ\u00edpio<\/strong>, o contrato ser\u00e1 renovado.\u201d (inten\u00e7\u00e3o ou hip\u00f3tese, ainda n\u00e3o definitiva)<\/li>\n<\/ul>\n\n\n\n<p>Para exemplificarmos, trouxemos o v\u00eddeo da professora Larissa Ata\u00edde:<\/p>\n\n\n\n<blockquote class=\"tiktok-embed\" cite=\"https:\/\/www.tiktok.com\/@professoralarissaataide\/video\/7356362043299253509\" data-video-id=\"7356362043299253509\" style=\"max-width: 605px;min-width: 325px;\" > <section> <a target=\"_blank\" title=\"@professoralarissaataide\" href=\"https:\/\/www.tiktok.com\/@professoralarissaataide?refer=embed\">@professoralarissaataide<\/a> A princ\u00edpio X Em princ\u00edpio Descubra a diferen\u00e7a e n\u00e3o erre mais! <a title=\"concursospublicos\" target=\"_blank\" href=\"https:\/\/www.tiktok.com\/tag\/concursospublicos?refer=embed\">#concursospublicos<\/a> <a title=\"dicasdeportugues\" target=\"_blank\" href=\"https:\/\/www.tiktok.com\/tag\/dicasdeportugues?refer=embed\">#dicasdeportugues<\/a> <a target=\"_blank\" title=\"\u266c som original - Professora Larissa Ata\u00edde\" href=\"https:\/\/www.tiktok.com\/music\/som-original-7356362060000004869?refer=embed\">\u266c som original &#8211; Professora Larissa Ata\u00edde<\/a> <\/section> <\/blockquote> <script async src=\"https:\/\/www.tiktok.com\/embed.js\"><\/script>\n\n\n\n<h2 class=\"wp-block-heading\">Por que a diferen\u00e7a entre as express\u00f5es \u00e9 importante na escrita formal<\/h2>\n\n\n\n<p>A distin\u00e7\u00e3o entre <strong>a princ\u00edpio<\/strong> e <strong>em princ\u00edpio<\/strong> ganha relev\u00e2ncia em contextos formais, como documentos oficiais, contratos, not\u00edcias e trabalhos acad\u00eamicos. Pequenas mudan\u00e7as de sentido podem alterar a interpreta\u00e7\u00e3o de um texto, especialmente quando se pretende indicar apenas o <strong>in\u00edcio de uma situa\u00e7\u00e3o<\/strong> e n\u00e3o uma <strong>afirma\u00e7\u00e3o condicional<\/strong> ou te\u00f3rica.<\/p>\n\n\n\n<p>Al\u00e9m disso, a aten\u00e7\u00e3o a essas locu\u00e7\u00f5es refor\u00e7a a <strong>precis\u00e3o<\/strong> na escrita e contribui para a <strong>credibilidade<\/strong> de quem produz o texto, seja em relat\u00f3rios corporativos, seja em conte\u00fados publicados na internet. Com o uso constante e a observa\u00e7\u00e3o de exemplos em not\u00edcias, livros e documentos, a diferen\u00e7a entre as duas formas tende a se tornar intuitiva, aprimorando a <strong>comunica\u00e7\u00e3o clara<\/strong> no dia a dia.<\/p>\n","protected":false},"excerpt":{"rendered":"<p>Poucas pessoas sabem a diferen\u00e7a entre \u201ca princ\u00edpio\u201d e \u201cem princ\u00edpio\u201d: entenda significados, usos corretos e exemplos f\u00e1ceis de memorizar.<\/p>\n","protected":false},"author":3,"featured_media":167406,"comment_status":"open","ping_status":"open","sticky":false,"template":"","format":"standard","meta":{"_yoast_wpseo_focuskw":"\u201ca princ\u00edpio\u201d e \u201cem princ\u00edpio\u201d","_yoast_wpseo_title":"%%title%%","_yoast_wpseo_metadesc":"Poucas pessoas sabem a diferen\u00e7a entre \u201ca princ\u00edpio\u201d e \u201cem princ\u00edpio\u201d: entenda significados, usos corretos e exemplos f\u00e1ceis de memorizar.","jnews-multi-image_gallery":[],"jnews_single_post":{"format":"standard"},"jnews_primary_category":[],"jnews_social_meta":[],"jnews_override_counter":[],"footnotes":""},"categories":[112],"tags":[144,10902,11064,6081],"class_list":["post-167226","post","type-post","status-publish","format-standard","has-post-thumbnail","hentry","category-curiosidades","tag-curiosidades","tag-lingua-portuguesa","tag-linguas","tag-portugues"],"yoast_head":"<!-- This site is optimized with the Yoast SEO plugin v24.6 - https:\/\/yoast.com\/wordpress\/plugins\/seo\/ -->\n<title>Poucas pessoas sabem a diferen\u00e7a entre \u201cA princ\u00edpio\u201d e \u201cem princ\u00edpio\u201d<\/title>\n<meta name=\"description\" content=\"Poucas pessoas sabem a diferen\u00e7a entre \u201ca princ\u00edpio\u201d e \u201cem princ\u00edpio\u201d: entenda significados, usos corretos e exemplos f\u00e1ceis de memorizar.\" \/>\n<meta name=\"robots\" content=\"index, follow, max-snippet:-1, max-image-preview:large, max-video-preview:-1\" \/>\n<link rel=\"canonical\" href=\"https:\/\/www.correiobraziliense.com.br\/cbradar\/poucas-pessoas-sabem-a-diferenca-entre-a-principio-e-em-principio\/\" \/>\n<meta property=\"og:locale\" content=\"pt_BR\" \/>\n<meta property=\"og:type\" content=\"article\" \/>\n<meta property=\"og:title\" content=\"Poucas pessoas sabem a diferen\u00e7a entre \u201cA princ\u00edpio\u201d e \u201cem princ\u00edpio\u201d\" \/>\n<meta property=\"og:description\" content=\"Poucas pessoas sabem a diferen\u00e7a entre \u201ca princ\u00edpio\u201d e \u201cem princ\u00edpio\u201d: entenda significados, usos corretos e exemplos f\u00e1ceis de memorizar.\" \/>\n<meta property=\"og:url\" content=\"https:\/\/www.correiobraziliense.com.br\/cbradar\/poucas-pessoas-sabem-a-diferenca-entre-a-principio-e-em-principio\/\" \/>\n<meta property=\"og:site_name\" content=\"Correio Braziliense - Radar\" \/>\n<meta property=\"article:published_time\" content=\"2026-01-03T23:35:00+00:00\" \/>\n<meta property=\"og:image\" content=\"https:\/\/www.correiobraziliense.com.br\/cbradar\/wp-content\/uploads\/2026\/01\/freepik__imagem-metade-da-escrita-da-frase-a-princpio-e-na-__62087.png\" \/>\n\t<meta property=\"og:image:width\" content=\"1280\" \/>\n\t<meta property=\"og:image:height\" content=\"720\" \/>\n\t<meta property=\"og:image:type\" content=\"image\/png\" \/>\n<meta name=\"author\" content=\"Larissa Carvalho\" \/>\n<meta name=\"twitter:card\" content=\"summary_large_image\" \/>\n<meta name=\"twitter:label1\" content=\"Escrito por\" \/>\n\t<meta name=\"twitter:data1\" content=\"Larissa Carvalho\" \/>\n\t<meta name=\"twitter:label2\" content=\"Est. tempo de leitura\" \/>\n\t<meta name=\"twitter:data2\" content=\"4 minutos\" \/>\n<!-- \/ Yoast SEO plugin. -->","yoast_head_json":{"title":"Poucas pessoas sabem a diferen\u00e7a entre \u201cA princ\u00edpio\u201d e \u201cem princ\u00edpio\u201d","description":"Poucas pessoas sabem a diferen\u00e7a entre \u201ca princ\u00edpio\u201d e \u201cem princ\u00edpio\u201d: entenda significados, usos corretos e exemplos f\u00e1ceis de memorizar.","robots":{"index":"index","follow":"follow","max-snippet":"max-snippet:-1","max-image-preview":"max-image-preview:large","max-video-preview":"max-video-preview:-1"},"canonical":"https:\/\/www.correiobraziliense.com.br\/cbradar\/poucas-pessoas-sabem-a-diferenca-entre-a-principio-e-em-principio\/","og_locale":"pt_BR","og_type":"article","og_title":"Poucas pessoas sabem a diferen\u00e7a entre \u201cA princ\u00edpio\u201d e \u201cem princ\u00edpio\u201d","og_description":"Poucas pessoas sabem a diferen\u00e7a entre \u201ca princ\u00edpio\u201d e \u201cem princ\u00edpio\u201d: entenda significados, usos corretos e exemplos f\u00e1ceis de memorizar.","og_url":"https:\/\/www.correiobraziliense.com.br\/cbradar\/poucas-pessoas-sabem-a-diferenca-entre-a-principio-e-em-principio\/","og_site_name":"Correio Braziliense - Radar","article_published_time":"2026-01-03T23:35:00+00:00","og_image":[{"width":1280,"height":720,"url":"https:\/\/www.correiobraziliense.com.br\/cbradar\/wp-content\/uploads\/2026\/01\/freepik__imagem-metade-da-escrita-da-frase-a-princpio-e-na-__62087.png","type":"image\/png"}],"author":"Larissa Carvalho","twitter_card":"summary_large_image","twitter_misc":{"Escrito por":"Larissa Carvalho","Est. tempo de leitura":"4 minutos"},"schema":{"@context":"https:\/\/schema.org","@graph":[{"@type":"WebPage","@id":"https:\/\/www.correiobraziliense.com.br\/cbradar\/poucas-pessoas-sabem-a-diferenca-entre-a-principio-e-em-principio\/","url":"https:\/\/www.correiobraziliense.com.br\/cbradar\/poucas-pessoas-sabem-a-diferenca-entre-a-principio-e-em-principio\/","name":"Poucas pessoas sabem a diferen\u00e7a entre \u201cA princ\u00edpio\u201d e \u201cem princ\u00edpio\u201d","isPartOf":{"@id":"https:\/\/www.correiobraziliense.com.br\/cbradar\/#website"},"primaryImageOfPage":{"@id":"https:\/\/www.correiobraziliense.com.br\/cbradar\/poucas-pessoas-sabem-a-diferenca-entre-a-principio-e-em-principio\/#primaryimage"},"image":{"@id":"https:\/\/www.correiobraziliense.com.br\/cbradar\/poucas-pessoas-sabem-a-diferenca-entre-a-principio-e-em-principio\/#primaryimage"},"thumbnailUrl":"https:\/\/www.correiobraziliense.com.br\/cbradar\/wp-content\/uploads\/2026\/01\/freepik__imagem-metade-da-escrita-da-frase-a-princpio-e-na-__62087.png","datePublished":"2026-01-03T23:35:00+00:00","author":{"@id":"https:\/\/www.correiobraziliense.com.br\/cbradar\/#\/schema\/person\/58422787644df994b53a19d3e56c1513"},"description":"Poucas pessoas sabem a diferen\u00e7a entre \u201ca princ\u00edpio\u201d e \u201cem princ\u00edpio\u201d: entenda significados, usos corretos e exemplos f\u00e1ceis de memorizar.","breadcrumb":{"@id":"https:\/\/www.correiobraziliense.com.br\/cbradar\/poucas-pessoas-sabem-a-diferenca-entre-a-principio-e-em-principio\/#breadcrumb"},"inLanguage":"pt-BR","potentialAction":[{"@type":"ReadAction","target":["https:\/\/www.correiobraziliense.com.br\/cbradar\/poucas-pessoas-sabem-a-diferenca-entre-a-principio-e-em-principio\/"]}]},{"@type":"ImageObject","inLanguage":"pt-BR","@id":"https:\/\/www.correiobraziliense.com.br\/cbradar\/poucas-pessoas-sabem-a-diferenca-entre-a-principio-e-em-principio\/#primaryimage","url":"https:\/\/www.correiobraziliense.com.br\/cbradar\/wp-content\/uploads\/2026\/01\/freepik__imagem-metade-da-escrita-da-frase-a-princpio-e-na-__62087.png","contentUrl":"https:\/\/www.correiobraziliense.com.br\/cbradar\/wp-content\/uploads\/2026\/01\/freepik__imagem-metade-da-escrita-da-frase-a-princpio-e-na-__62087.png","width":1280,"height":720,"caption":"conversas, not\u00edcias e textos acad\u00eamicos. A semelhan\u00e7a gr\u00e1fica leva"},{"@type":"BreadcrumbList","@id":"https:\/\/www.correiobraziliense.com.br\/cbradar\/poucas-pessoas-sabem-a-diferenca-entre-a-principio-e-em-principio\/#breadcrumb","itemListElement":[{"@type":"ListItem","position":1,"name":"In\u00edcio","item":"https:\/\/www.correiobraziliense.com.br\/cbradar\/"},{"@type":"ListItem","position":2,"name":"Poucas pessoas sabem a diferen\u00e7a entre \u201cA princ\u00edpio\u201d e \u201cem princ\u00edpio\u201d"}]},{"@type":"WebSite","@id":"https:\/\/www.correiobraziliense.com.br\/cbradar\/#website","url":"https:\/\/www.correiobraziliense.com.br\/cbradar\/","name":"Correio Braziliense - Radar","description":"Acompanhe as \u00faltimas not\u00edcias e fique bem informado sobre tudo o que acontece no Brasil e no mundo.","potentialAction":[{"@type":"SearchAction","target":{"@type":"EntryPoint","urlTemplate":"https:\/\/www.correiobraziliense.com.br\/cbradar\/?s={search_term_string}"},"query-input":{"@type":"PropertyValueSpecification","valueRequired":true,"valueName":"search_term_string"}}],"inLanguage":"pt-BR"},{"@type":"Person","@id":"https:\/\/www.correiobraziliense.com.br\/cbradar\/#\/schema\/person\/58422787644df994b53a19d3e56c1513","name":"Larissa Carvalho","image":{"@type":"ImageObject","inLanguage":"pt-BR","@id":"https:\/\/www.correiobraziliense.com.br\/cbradar\/#\/schema\/person\/image\/","url":"https:\/\/secure.gravatar.com\/avatar\/fe4f91a0de32b52a838d0d612abdc1aa?s=96&d=mm&r=g","contentUrl":"https:\/\/secure.gravatar.com\/avatar\/fe4f91a0de32b52a838d0d612abdc1aa?s=96&d=mm&r=g","caption":"Larissa Carvalho"},"url":"https:\/\/www.correiobraziliense.com.br\/cbradar\/author\/larissamyth\/"}]}},"_links":{"self":[{"href":"https:\/\/www.correiobraziliense.com.br\/cbradar\/wp-json\/wp\/v2\/posts\/167226","targetHints":{"allow":["GET"]}}],"collection":[{"href":"https:\/\/www.correiobraziliense.com.br\/cbradar\/wp-json\/wp\/v2\/posts"}],"about":[{"href":"https:\/\/www.correiobraziliense.com.br\/cbradar\/wp-json\/wp\/v2\/types\/post"}],"author":[{"embeddable":true,"href":"https:\/\/www.correiobraziliense.com.br\/cbradar\/wp-json\/wp\/v2\/users\/3"}],"replies":[{"embeddable":true,"href":"https:\/\/www.correiobraziliense.com.br\/cbradar\/wp-json\/wp\/v2\/comments?post=167226"}],"version-history":[{"count":2,"href":"https:\/\/www.correiobraziliense.com.br\/cbradar\/wp-json\/wp\/v2\/posts\/167226\/revisions"}],"predecessor-version":[{"id":167229,"href":"https:\/\/www.correiobraziliense.com.br\/cbradar\/wp-json\/wp\/v2\/posts\/167226\/revisions\/167229"}],"wp:featuredmedia":[{"embeddable":true,"href":"https:\/\/www.correiobraziliense.com.br\/cbradar\/wp-json\/wp\/v2\/media\/167406"}],"wp:attachment":[{"href":"https:\/\/www.correiobraziliense.com.br\/cbradar\/wp-json\/wp\/v2\/media?parent=167226"}],"wp:term":[{"taxonomy":"category","embeddable":true,"href":"https:\/\/www.correiobraziliense.com.br\/cbradar\/wp-json\/wp\/v2\/categories?post=167226"},{"taxonomy":"post_tag","embeddable":true,"href":"https:\/\/www.correiobraziliense.com.br\/cbradar\/wp-json\/wp\/v2\/tags?post=167226"}],"curies":[{"name":"wp","href":"https:\/\/api.w.org\/{rel}","templated":true}]}}