{"id":167563,"date":"2026-01-05T12:45:00","date_gmt":"2026-01-05T15:45:00","guid":{"rendered":"https:\/\/www.correiobraziliense.com.br\/cbradar\/?p=167563"},"modified":"2026-01-03T04:28:42","modified_gmt":"2026-01-03T07:28:42","slug":"a-cidade-do-interior-de-sao-paulo-prospera-sendo-um-refugio-de-alto-padrao-com-qualidade-e-tranquilidade-que-atrai-visitantes","status":"publish","type":"post","link":"https:\/\/www.correiobraziliense.com.br\/cbradar\/a-cidade-do-interior-de-sao-paulo-prospera-sendo-um-refugio-de-alto-padrao-com-qualidade-e-tranquilidade-que-atrai-visitantes\/","title":{"rendered":"A cidade do interior de S\u00e3o Paulo pr\u00f3spera sendo um ref\u00fagio de alto padr\u00e3o com qualidade e tranquilidade que atra\u00ed visitantes"},"content":{"rendered":"\n<p><strong>Vinhedo<\/strong> destaca-se no cen\u00e1rio estadual como um enclave de sofistica\u00e7\u00e3o e qualidade de vida, estrategicamente posicionado entre as metr\u00f3poles de <strong>Campinas<\/strong> e <strong>S\u00e3o Paulo<\/strong>. A cidade harmoniza a tranquilidade buc\u00f3lica de seus parreirais com a infraestrutura robusta de condom\u00ednios de luxo, atraindo novos moradores em busca de seguran\u00e7a.<\/p>\n\n\n\n<h2 class=\"wp-block-heading\">Indicadores sociais que validam a excel\u00eancia urbana<\/h2>\n\n\n\n<p><strong>A gest\u00e3o p\u00fablica eficiente reflete-se diretamente no bem-estar da popula\u00e7\u00e3o, colocando o munic\u00edpio no topo dos rankings nacionais de desenvolvimento.<\/strong> Com um <strong><a href=\"https:\/\/cidades.ibge.gov.br\/brasil\/sp\/vinhedo\/panorama\" target=\"_blank\" rel=\"noreferrer noopener\">Instituto Brasileiro de Geografia e Estat\u00edstica (IBGE) <\/a>IDH 0,817<\/strong>, a cidade oferece servi\u00e7os de sa\u00fade e educa\u00e7\u00e3o compar\u00e1veis aos de pa\u00edses desenvolvidos, garantindo um futuro promissor para as fam\u00edlias residentes.<\/p>\n\n\n\n<p>O saneamento b\u00e1sico universalizado e a manuten\u00e7\u00e3o impec\u00e1vel das vias p\u00fablicas s\u00e3o marcas registradas da administra\u00e7\u00e3o local. Esse cuidado urbano valoriza o metro quadrado e sustenta um mercado imobili\u00e1rio aquecido, focado em empreendimentos que priorizam a privacidade e o contato com a natureza.<\/p>\n\n\n<div class=\"wp-block-image\">\n<figure class=\"aligncenter size-large\"><img decoding=\"async\" src=\"https:\/\/www.correiobraziliense.com.br\/cbradar\/wp-content\/uploads\/2025\/11\/Santos-Dumont-82-1024x576.png\" alt=\"A cidade do interior de S\u00e3o Paulo pr\u00f3spera sendo um ref\u00fagio de alto padr\u00e3o com qualidade e tranquilidade que atra\u00ed visitantes\" class=\"wp-image-138130\"\/><figcaption class=\"wp-element-caption\">Vinhedo, SP \u00e9 um munic\u00edpio no interior paulista, conhecido pela Festa da Uva e turismo rural. \/\/ Cr\u00e9ditos: YouTube @plenoimoveisimobiliaria<\/figcaption><\/figure><\/div>\n\n\n<h2 class=\"wp-block-heading\">A tradi\u00e7\u00e3o italiana e a famosa Festa da Uva<\/h2>\n\n\n\n<p>A heran\u00e7a dos imigrantes \u00e9 celebrada com fervor, transformando a cidade em um polo de turismo rural e gastron\u00f4mico aut\u00eantico. A <strong>Festa da Uva<\/strong>, realizada no <strong>Parque Municipal Jayme Ferragut<\/strong>, \u00e9 o \u00e1pice dessa celebra\u00e7\u00e3o, reunindo shows, leil\u00f5es de frutas premiadas e a tradicional pisa da uva que encanta turistas de todo o <strong>Brasil<\/strong>.<\/p>\n\n\n\n<p><strong>Fora da \u00e9poca festiva, as adegas familiares abrem suas portas para degusta\u00e7\u00e3o de vinhos artesanais e sucos, muitas vezes servidos pelos pr\u00f3prios descendentes dos fundadores.<\/strong> Restaurantes e cantinas espalhados pelo roteiro rural oferecem massas frescas e o famoso frango com polenta, pratos que definem a identidade culin\u00e1ria da regi\u00e3o.<\/p>\n\n\n<div class=\"wp-block-image\">\n<figure class=\"aligncenter size-large\"><img decoding=\"async\" src=\"https:\/\/www.correiobraziliense.com.br\/cbradar\/wp-content\/uploads\/2025\/11\/Santos-Dumont-84-1024x576.png\" alt=\"Essa \u00e9 a escolha perfeita para quem busca qualidade de vida excelente em cidade interiorana pr\u00f3spera\" class=\"wp-image-138142\"\/><figcaption class=\"wp-element-caption\">Venha curtir Vinhedo, suas paisagens lindas, vinhos artesanais e festas animadas! \/\/ Cr\u00e9ditos: YouTube @plenoimoveisimobiliaria<\/figcaption><\/figure><\/div>\n\n\n<h2 class=\"wp-block-heading\">Lazer radical e contempla\u00e7\u00e3o religiosa<\/h2>\n\n\n\n<p>A localiza\u00e7\u00e3o do munic\u00edpio permite f\u00e1cil acesso ao <strong>Distrito Tur\u00edstico Serra Azul<\/strong>, lar dos parques <strong>Hopi Hari<\/strong> e <strong>Wet\u2019n Wild<\/strong>, que garantem divers\u00e3o para todas as idades. Essa proximidade transforma a cidade em uma base estrat\u00e9gica para quem deseja aproveitar as atra\u00e7\u00f5es tem\u00e1ticas durante o dia e descansar em hot\u00e9is charmosos \u00e0 noite.<\/p>\n\n\n\n<p>Em contraste com a adrenalina, o <strong>Mosteiro de S\u00e3o Bento<\/strong> oferece um ref\u00fagio de sil\u00eancio e espiritualidade, famoso por suas missas com canto gregoriano. A arquitetura imponente e a loja de produtos mon\u00e1sticos, como p\u00e3es e bolos, atraem visitantes que buscam paz interior e cultura sacra.<\/p>\n\n\n<div class=\"wp-block-image\">\n<figure class=\"aligncenter size-large\"><img decoding=\"async\" src=\"https:\/\/www.correiobraziliense.com.br\/cbradar\/wp-content\/uploads\/2025\/08\/Edicoes-49-1024x576.png\" alt=\"Cidade do interior paulista \u00e9 ideal para viver com padr\u00e3o de vida alto\" class=\"wp-image-79911\"\/><figcaption class=\"wp-element-caption\">Vinhedo\ufeff \u00e9 refer\u00eancia em eventos gastron\u00f4micos e vin\u00edcolas na regi\u00e3o paulista. \/\/ Cr\u00e9ditos: YouTube @celsopp2<\/figcaption><\/figure><\/div>\n\n\n<h2 class=\"wp-block-heading\">Guia clim\u00e1tico para planejar rotas de vinho e parques<\/h2>\n\n\n\n<p><strong>O clima tropical de altitude proporciona dias ensolarados e noites frescas, ideais para o turismo em qualquer esta\u00e7\u00e3o. <\/strong>Confira os dados baseados no hist\u00f3rico do <a href=\"https:\/\/www.climatempo.com.br\/previsao-do-tempo\/cidade\/575\/vinhedo-sp\" target=\"_blank\" rel=\"noreferrer noopener\"><strong>Climatempo<\/strong> <\/a>para otimizar sua visita:<\/p>\n\n\n\n<figure class=\"wp-block-table\"><table class=\"has-fixed-layout\"><thead><tr><th>Per\u00edodo (meses)<\/th><th>Temperatura m\u00e9dia<\/th><th>Clima<\/th><th>Atividades recomendadas<\/th><\/tr><\/thead><tbody><tr><td>Dezembro a Fevereiro<\/td><td>28\u00b0C<\/td><td>Quente e \u00famido<\/td><td>Festa da Uva e parques aqu\u00e1ticos<\/td><\/tr><tr><td>Mar\u00e7o a Maio<\/td><td>23\u00b0C<\/td><td>Ameno<\/td><td>Turismo rural e adegas<\/td><\/tr><tr><td>Junho a Agosto<\/td><td>17\u00b0C<\/td><td>Frio e seco<\/td><td>Gastronomia italiana e vinhos<\/td><\/tr><tr><td>Setembro a Novembro<\/td><td>25\u00b0C<\/td><td>Agrad\u00e1vel<\/td><td>Passeios ao ar livre e Mosteiro<\/td><\/tr><\/tbody><\/table><\/figure>\n\n\n\n<h2 class=\"wp-block-heading\">Por que os condom\u00ednios fechados s\u00e3o refer\u00eancia estadual?<\/h2>\n\n\n\n<p>A cidade tornou-se sin\u00f4nimo de moradia de elite, abrigando residenciais hist\u00f3ricos como o <strong>Condom\u00ednio Marambaia<\/strong>, que funcionam como verdadeiros bairros planejados. A seguran\u00e7a armada, os lagos privativos e os clubes de campo internos atraem executivos e personalidades que valorizam a discri\u00e7\u00e3o.<\/p>\n\n\n\n<p>Viver em <strong>Vinhedo<\/strong> \u00e9 experimentar um cotidiano onde o tr\u00e2nsito flui e a vizinhan\u00e7a \u00e9 comunit\u00e1ria, sem perder o acesso r\u00e1pido aos aeroportos de <strong>Viracopos<\/strong> e Congonhas. A valoriza\u00e7\u00e3o constante desses im\u00f3veis confirma que a qualidade de vida \u00e9 o ativo mais precioso da atualidade.<\/p>\n\n\n\n<p><\/p>\n\n\n\n<p>Descubra\u00a0<strong>Vinhedo<\/strong>, no interior de S\u00e3o Paulo, um destino que combina a tranquilidade do campo com uma infraestrutura de excel\u00eancia. O v\u00eddeo \u00e9 do canal <strong>Pleno Im\u00f3veis<\/strong> e apresenta a cidade como o ref\u00fagio perfeito para quem procura qualidade de vida e seguran\u00e7a, a apenas 80 km da capital paulista.<\/p>\n\n\n\n<figure class=\"wp-block-embed aligncenter is-type-video is-provider-youtube wp-block-embed-youtube wp-embed-aspect-16-9 wp-has-aspect-ratio\"><div class=\"wp-block-embed__wrapper\">\n<div class=\"jeg_video_container jeg_video_content\"><iframe loading=\"lazy\" title=\"Conhe\u00e7a Vinhedo\/SP: destino perfeito para quem busca qualidade de vida, tranquilidade e gastronomia!\" width=\"500\" height=\"281\" src=\"https:\/\/www.youtube.com\/embed\/OVwdtySAMtA?start=6&#038;feature=oembed\" frameborder=\"0\" allow=\"accelerometer; autoplay; clipboard-write; encrypted-media; gyroscope; picture-in-picture; web-share\" referrerpolicy=\"strict-origin-when-cross-origin\" allowfullscreen><\/iframe><\/div>\n<\/div><\/figure>\n\n\n\n<p><strong>Leia tamb\u00e9m: <a href=\"https:\/\/www.correiobraziliense.com.br\/cbradar\/esses-4-destinos-de-ate-300-km-de-brasilia-sao-perfeitos-para-sair-da-rotina-e-aproveitar-lugares-incriveis-para-poucos-dias\/\" target=\"_blank\" rel=\"noreferrer noopener\">Esses 4 destinos de at\u00e9 300 km de Bras\u00edlia s\u00e3o perfeitos para sair da rotina e aproveitar lugares incr\u00edveis para poucos dias.<\/a><\/strong><\/p>\n\n\n\n<h2 class=\"wp-block-heading\">Vinhedo consolida-se como o equil\u00edbrio perfeito entre campo e cidade<\/h2>\n\n\n\n<p><strong>Estar nesta cidade \u00e9 desfrutar de um ritmo desacelerado, onde o fim de tarde \u00e9 marcado pelo p\u00f4r do sol nas colinas e pelo brinde com um vinho local.<\/strong> A conex\u00e3o emocional surge na simplicidade de colher uma uva direto do p\u00e9 ou na seguran\u00e7a de caminhar pelas pra\u00e7as bem cuidadas, provando que \u00e9 poss\u00edvel viver com modernidade mantendo as ra\u00edzes e a tranquilidade do interior.<\/p>\n\n\n\n<ul class=\"wp-block-list\">\n<li>O \u00edndice de desenvolvimento humano elevado garante servi\u00e7os p\u00fablicos e privados de excel\u00eancia.<\/li>\n\n\n\n<li>A cultura do vinho e a gastronomia italiana oferecem experi\u00eancias sensoriais ricas e tradicionais.<\/li>\n\n\n\n<li>A localiza\u00e7\u00e3o estrat\u00e9gica e a seguran\u00e7a fazem da cidade um polo residencial e tur\u00edstico de alto n\u00edvel.<\/li>\n<\/ul>\n","protected":false},"excerpt":{"rendered":"<p>Vinhedo destaca-se no cen\u00e1rio estadual como um enclave de sofistica\u00e7\u00e3o e qualidade de vida, estrategicamente posicionado entre as metr\u00f3poles de Campinas e S\u00e3o Paulo. A cidade harmoniza a tranquilidade buc\u00f3lica de seus parreirais com a infraestrutura robusta de condom\u00ednios de luxo, atraindo novos moradores em busca de seguran\u00e7a. Indicadores sociais que validam a excel\u00eancia urbana [&hellip;]<\/p>\n","protected":false},"author":8,"featured_media":150392,"comment_status":"open","ping_status":"open","sticky":false,"template":"","format":"standard","meta":{"_yoast_wpseo_focuskw":"interior de s\u00e3o paulo","_yoast_wpseo_title":"","_yoast_wpseo_metadesc":"Um ref\u00fagio de alto padr\u00e3o no interior de S\u00e3o Paulo atrai visitantes com tranquilidade e qualidade. Descubra o detalhe que explica isso.","jnews-multi-image_gallery":[],"jnews_single_post":{"format":"standard"},"jnews_primary_category":[],"jnews_social_meta":[],"jnews_override_counter":[],"footnotes":""},"categories":[108,111],"tags":[278,5086],"class_list":["post-167563","post","type-post","status-publish","format-standard","has-post-thumbnail","hentry","category-cidades","category-turismo","tag-sao-paulo","tag-vinhedo"],"yoast_head":"<!-- This site is optimized with the Yoast SEO plugin v24.6 - https:\/\/yoast.com\/wordpress\/plugins\/seo\/ -->\n<title>A cidade do interior de S\u00e3o Paulo pr\u00f3spera sendo um ref\u00fagio de alto padr\u00e3o com qualidade e tranquilidade que atra\u00ed visitantes - Correio Braziliense - Radar<\/title>\n<meta name=\"description\" content=\"Um ref\u00fagio de alto padr\u00e3o no interior de S\u00e3o Paulo atrai visitantes com tranquilidade e qualidade. Descubra o detalhe que explica isso.\" \/>\n<meta name=\"robots\" content=\"index, follow, max-snippet:-1, max-image-preview:large, max-video-preview:-1\" \/>\n<link rel=\"canonical\" href=\"https:\/\/www.correiobraziliense.com.br\/cbradar\/a-cidade-do-interior-de-sao-paulo-prospera-sendo-um-refugio-de-alto-padrao-com-qualidade-e-tranquilidade-que-atrai-visitantes\/\" \/>\n<meta property=\"og:locale\" content=\"pt_BR\" \/>\n<meta property=\"og:type\" content=\"article\" \/>\n<meta property=\"og:title\" content=\"A cidade do interior de S\u00e3o Paulo pr\u00f3spera sendo um ref\u00fagio de alto padr\u00e3o com qualidade e tranquilidade que atra\u00ed visitantes - Correio Braziliense - Radar\" \/>\n<meta property=\"og:description\" content=\"Um ref\u00fagio de alto padr\u00e3o no interior de S\u00e3o Paulo atrai visitantes com tranquilidade e qualidade. Descubra o detalhe que explica isso.\" \/>\n<meta property=\"og:url\" content=\"https:\/\/www.correiobraziliense.com.br\/cbradar\/a-cidade-do-interior-de-sao-paulo-prospera-sendo-um-refugio-de-alto-padrao-com-qualidade-e-tranquilidade-que-atrai-visitantes\/\" \/>\n<meta property=\"og:site_name\" content=\"Correio Braziliense - Radar\" \/>\n<meta property=\"article:published_time\" content=\"2026-01-05T15:45:00+00:00\" \/>\n<meta property=\"og:image\" content=\"https:\/\/www.correiobraziliense.com.br\/cbradar\/wp-content\/uploads\/2025\/12\/G-2025-12-05T020357.587.png\" \/>\n\t<meta property=\"og:image:width\" content=\"1280\" \/>\n\t<meta property=\"og:image:height\" content=\"720\" \/>\n\t<meta property=\"og:image:type\" content=\"image\/png\" \/>\n<meta name=\"author\" content=\"Maura Pereira\" \/>\n<meta name=\"twitter:card\" content=\"summary_large_image\" \/>\n<meta name=\"twitter:label1\" content=\"Escrito por\" \/>\n\t<meta name=\"twitter:data1\" content=\"Maura Pereira\" \/>\n\t<meta name=\"twitter:label2\" content=\"Est. tempo de leitura\" \/>\n\t<meta name=\"twitter:data2\" content=\"6 minutos\" \/>\n<!-- \/ Yoast SEO plugin. -->","yoast_head_json":{"title":"A cidade do interior de S\u00e3o Paulo pr\u00f3spera sendo um ref\u00fagio de alto padr\u00e3o com qualidade e tranquilidade que atra\u00ed visitantes - Correio Braziliense - Radar","description":"Um ref\u00fagio de alto padr\u00e3o no interior de S\u00e3o Paulo atrai visitantes com tranquilidade e qualidade. Descubra o detalhe que explica isso.","robots":{"index":"index","follow":"follow","max-snippet":"max-snippet:-1","max-image-preview":"max-image-preview:large","max-video-preview":"max-video-preview:-1"},"canonical":"https:\/\/www.correiobraziliense.com.br\/cbradar\/a-cidade-do-interior-de-sao-paulo-prospera-sendo-um-refugio-de-alto-padrao-com-qualidade-e-tranquilidade-que-atrai-visitantes\/","og_locale":"pt_BR","og_type":"article","og_title":"A cidade do interior de S\u00e3o Paulo pr\u00f3spera sendo um ref\u00fagio de alto padr\u00e3o com qualidade e tranquilidade que atra\u00ed visitantes - Correio Braziliense - Radar","og_description":"Um ref\u00fagio de alto padr\u00e3o no interior de S\u00e3o Paulo atrai visitantes com tranquilidade e qualidade. Descubra o detalhe que explica isso.","og_url":"https:\/\/www.correiobraziliense.com.br\/cbradar\/a-cidade-do-interior-de-sao-paulo-prospera-sendo-um-refugio-de-alto-padrao-com-qualidade-e-tranquilidade-que-atrai-visitantes\/","og_site_name":"Correio Braziliense - Radar","article_published_time":"2026-01-05T15:45:00+00:00","og_image":[{"width":1280,"height":720,"url":"https:\/\/www.correiobraziliense.com.br\/cbradar\/wp-content\/uploads\/2025\/12\/G-2025-12-05T020357.587.png","type":"image\/png"}],"author":"Maura Pereira","twitter_card":"summary_large_image","twitter_misc":{"Escrito por":"Maura Pereira","Est. tempo de leitura":"6 minutos"},"schema":{"@context":"https:\/\/schema.org","@graph":[{"@type":"WebPage","@id":"https:\/\/www.correiobraziliense.com.br\/cbradar\/a-cidade-do-interior-de-sao-paulo-prospera-sendo-um-refugio-de-alto-padrao-com-qualidade-e-tranquilidade-que-atrai-visitantes\/","url":"https:\/\/www.correiobraziliense.com.br\/cbradar\/a-cidade-do-interior-de-sao-paulo-prospera-sendo-um-refugio-de-alto-padrao-com-qualidade-e-tranquilidade-que-atrai-visitantes\/","name":"A cidade do interior de S\u00e3o Paulo pr\u00f3spera sendo um ref\u00fagio de alto padr\u00e3o com qualidade e tranquilidade que atra\u00ed visitantes - Correio Braziliense - Radar","isPartOf":{"@id":"https:\/\/www.correiobraziliense.com.br\/cbradar\/#website"},"primaryImageOfPage":{"@id":"https:\/\/www.correiobraziliense.com.br\/cbradar\/a-cidade-do-interior-de-sao-paulo-prospera-sendo-um-refugio-de-alto-padrao-com-qualidade-e-tranquilidade-que-atrai-visitantes\/#primaryimage"},"image":{"@id":"https:\/\/www.correiobraziliense.com.br\/cbradar\/a-cidade-do-interior-de-sao-paulo-prospera-sendo-um-refugio-de-alto-padrao-com-qualidade-e-tranquilidade-que-atrai-visitantes\/#primaryimage"},"thumbnailUrl":"https:\/\/www.correiobraziliense.com.br\/cbradar\/wp-content\/uploads\/2025\/12\/G-2025-12-05T020357.587.png","datePublished":"2026-01-05T15:45:00+00:00","author":{"@id":"https:\/\/www.correiobraziliense.com.br\/cbradar\/#\/schema\/person\/4053c651a9bfc785afc6f4cbc9032fd3"},"description":"Um ref\u00fagio de alto padr\u00e3o no interior de S\u00e3o Paulo atrai visitantes com tranquilidade e qualidade. Descubra o detalhe que explica isso.","breadcrumb":{"@id":"https:\/\/www.correiobraziliense.com.br\/cbradar\/a-cidade-do-interior-de-sao-paulo-prospera-sendo-um-refugio-de-alto-padrao-com-qualidade-e-tranquilidade-que-atrai-visitantes\/#breadcrumb"},"inLanguage":"pt-BR","potentialAction":[{"@type":"ReadAction","target":["https:\/\/www.correiobraziliense.com.br\/cbradar\/a-cidade-do-interior-de-sao-paulo-prospera-sendo-um-refugio-de-alto-padrao-com-qualidade-e-tranquilidade-que-atrai-visitantes\/"]}]},{"@type":"ImageObject","inLanguage":"pt-BR","@id":"https:\/\/www.correiobraziliense.com.br\/cbradar\/a-cidade-do-interior-de-sao-paulo-prospera-sendo-um-refugio-de-alto-padrao-com-qualidade-e-tranquilidade-que-atrai-visitantes\/#primaryimage","url":"https:\/\/www.correiobraziliense.com.br\/cbradar\/wp-content\/uploads\/2025\/12\/G-2025-12-05T020357.587.png","contentUrl":"https:\/\/www.correiobraziliense.com.br\/cbradar\/wp-content\/uploads\/2025\/12\/G-2025-12-05T020357.587.png","width":1280,"height":720,"caption":"Vinhedo \u00e9 a heran\u00e7a dos imigrantes \u00e9 celebrada com fervor, transformando a cidade em um polo de turismo rural e gastron\u00f4mico aut\u00eantico"},{"@type":"BreadcrumbList","@id":"https:\/\/www.correiobraziliense.com.br\/cbradar\/a-cidade-do-interior-de-sao-paulo-prospera-sendo-um-refugio-de-alto-padrao-com-qualidade-e-tranquilidade-que-atrai-visitantes\/#breadcrumb","itemListElement":[{"@type":"ListItem","position":1,"name":"In\u00edcio","item":"https:\/\/www.correiobraziliense.com.br\/cbradar\/"},{"@type":"ListItem","position":2,"name":"A cidade do interior de S\u00e3o Paulo pr\u00f3spera sendo um ref\u00fagio de alto padr\u00e3o com qualidade e tranquilidade que atra\u00ed visitantes"}]},{"@type":"WebSite","@id":"https:\/\/www.correiobraziliense.com.br\/cbradar\/#website","url":"https:\/\/www.correiobraziliense.com.br\/cbradar\/","name":"Correio Braziliense - Radar","description":"Acompanhe as \u00faltimas not\u00edcias e fique bem informado sobre tudo o que acontece no Brasil e no mundo.","potentialAction":[{"@type":"SearchAction","target":{"@type":"EntryPoint","urlTemplate":"https:\/\/www.correiobraziliense.com.br\/cbradar\/?s={search_term_string}"},"query-input":{"@type":"PropertyValueSpecification","valueRequired":true,"valueName":"search_term_string"}}],"inLanguage":"pt-BR"},{"@type":"Person","@id":"https:\/\/www.correiobraziliense.com.br\/cbradar\/#\/schema\/person\/4053c651a9bfc785afc6f4cbc9032fd3","name":"Maura Pereira","image":{"@type":"ImageObject","inLanguage":"pt-BR","@id":"https:\/\/www.correiobraziliense.com.br\/cbradar\/#\/schema\/person\/image\/","url":"https:\/\/secure.gravatar.com\/avatar\/3effd6bdadfa447f15089c7f7144eaa6?s=96&d=mm&r=g","contentUrl":"https:\/\/secure.gravatar.com\/avatar\/3effd6bdadfa447f15089c7f7144eaa6?s=96&d=mm&r=g","caption":"Maura Pereira"},"sameAs":["https:\/\/www.correiobraziliense.com.br\/"],"url":"https:\/\/www.correiobraziliense.com.br\/cbradar\/author\/mauramyth\/"}]}},"_links":{"self":[{"href":"https:\/\/www.correiobraziliense.com.br\/cbradar\/wp-json\/wp\/v2\/posts\/167563","targetHints":{"allow":["GET"]}}],"collection":[{"href":"https:\/\/www.correiobraziliense.com.br\/cbradar\/wp-json\/wp\/v2\/posts"}],"about":[{"href":"https:\/\/www.correiobraziliense.com.br\/cbradar\/wp-json\/wp\/v2\/types\/post"}],"author":[{"embeddable":true,"href":"https:\/\/www.correiobraziliense.com.br\/cbradar\/wp-json\/wp\/v2\/users\/8"}],"replies":[{"embeddable":true,"href":"https:\/\/www.correiobraziliense.com.br\/cbradar\/wp-json\/wp\/v2\/comments?post=167563"}],"version-history":[{"count":14,"href":"https:\/\/www.correiobraziliense.com.br\/cbradar\/wp-json\/wp\/v2\/posts\/167563\/revisions"}],"predecessor-version":[{"id":167699,"href":"https:\/\/www.correiobraziliense.com.br\/cbradar\/wp-json\/wp\/v2\/posts\/167563\/revisions\/167699"}],"wp:featuredmedia":[{"embeddable":true,"href":"https:\/\/www.correiobraziliense.com.br\/cbradar\/wp-json\/wp\/v2\/media\/150392"}],"wp:attachment":[{"href":"https:\/\/www.correiobraziliense.com.br\/cbradar\/wp-json\/wp\/v2\/media?parent=167563"}],"wp:term":[{"taxonomy":"category","embeddable":true,"href":"https:\/\/www.correiobraziliense.com.br\/cbradar\/wp-json\/wp\/v2\/categories?post=167563"},{"taxonomy":"post_tag","embeddable":true,"href":"https:\/\/www.correiobraziliense.com.br\/cbradar\/wp-json\/wp\/v2\/tags?post=167563"}],"curies":[{"name":"wp","href":"https:\/\/api.w.org\/{rel}","templated":true}]}}