{"id":16772,"date":"2025-03-29T13:10:20","date_gmt":"2025-03-29T16:10:20","guid":{"rendered":"https:\/\/www.correiobraziliense.com.br\/cbradar\/?p=16772"},"modified":"2025-03-28T15:59:32","modified_gmt":"2025-03-28T18:59:32","slug":"japao-cria-a-primeira-bateria-recarregavel-de-uranio-do-mundo","status":"publish","type":"post","link":"https:\/\/www.correiobraziliense.com.br\/cbradar\/japao-cria-a-primeira-bateria-recarregavel-de-uranio-do-mundo\/","title":{"rendered":"Jap\u00e3o cria a primeira bateria recarreg\u00e1vel de ur\u00e2nio do mundo"},"content":{"rendered":"\n<p>Pesquisadores no <strong>Jap\u00e3o<\/strong> anunciaram um avan\u00e7o significativo no campo das energias renov\u00e1veis com a cria\u00e7\u00e3o da <strong>primeira bateria recarreg\u00e1vel de ur\u00e2nio.<\/strong> Esta inova\u00e7\u00e3o utiliza <strong>ur\u00e2nio empobrecido,<\/strong> um subproduto do enriquecimento nuclear, para gerar <strong>eletricidade<\/strong>. Este desenvolvimento n\u00e3o apenas oferece uma nova maneira de utilizar res\u00edduos nucleares, mas tamb\u00e9m prop\u00f5e uma alternativa aos materiais tradicionais usados em baterias, como <strong>l\u00edtio <\/strong>e <strong>chumbo<\/strong>.<\/p>\n\n\n\n<p>O projeto, conduzido pela <a href=\"https:\/\/www.jaea.go.jp\/english\/news\/press\/2025\/031301\/\" target=\"_blank\" rel=\"noreferrer noopener\">Ag\u00eancia de Energia At\u00f4mica do Jap\u00e3o<\/a> <strong>(JAEA)<\/strong>, representa um avan\u00e7o importante na busca por solu\u00e7\u00f5es energ\u00e9ticas sustent\u00e1veis. A bateria prot\u00f3tipo, que mede <strong>10 cm de largura por 5 cm de altura<\/strong>, utiliza um eletr\u00f3lito de ur\u00e2nio no eletrodo negativo e um eletr\u00f3lito de ferro no eletrodo positivo, gerando uma voltagem de <strong>1,3 V<\/strong>. Este valor \u00e9 compar\u00e1vel aos <strong>1,5 V<\/strong> das baterias alcalinas convencionais, demonstrando o potencial da <a href=\"https:\/\/www.correiobraziliense.com.br\/cbradar\/nintendo-testa-tecnologia-para-melhorar-graficos-do-switch-2\/\" target=\"_blank\" rel=\"noreferrer noopener\">tecnologia<\/a>.<\/p>\n\n\n\n<h2 class=\"wp-block-heading\">Funcionamento da bateria de ur\u00e2nio<\/h2>\n\n\n\n<p>A bateria de ur\u00e2nio empobrecido opera atrav\u00e9s de processos eletroqu\u00edmicos que aproveitam as propriedades do ur\u00e2nio para gerar eletricidade. O ur\u00e2nio empobrecido, que \u00e9 menos radioativo que o ur\u00e2nio natural, \u00e9 um subproduto do enriquecimento nuclear e \u00e9 considerado <strong>lixo nuclear<\/strong>. Este material, que atualmente tem aplica\u00e7\u00f5es limitadas, principalmente na <strong>ind\u00fastria<\/strong> <strong>militar<\/strong>, encontra uma nova utilidade neste contexto.<\/p>\n\n\n\n<p>Durante os testes, a bateria foi carregada e descarregada <strong>10 vezes<\/strong>, mantendo um desempenho quase inalterado. Isso sugere que o dispositivo possui uma longevidade e confiabilidade promissoras, caracter\u00edsticas essenciais para sua aplica\u00e7\u00e3o pr\u00e1tica. A <strong>JAEA<\/strong> destacou que o desenvolvimento de c\u00e9lulas de fluxo redox pode aumentar ainda mais a capacidade de armazenamento e a efici\u00eancia energ\u00e9tica da bateria.<\/p>\n\n\n<div class=\"wp-block-image\">\n<figure class=\"aligncenter size-large\"><img decoding=\"async\" width=\"1024\" height=\"576\" src=\"https:\/\/www.correiobraziliense.com.br\/cbradar\/wp-content\/uploads\/2025\/03\/battery_1743188204958-1024x576.jpg\" alt=\"\" class=\"wp-image-16800\" srcset=\"https:\/\/www.correiobraziliense.com.br\/cbradar\/wp-content\/uploads\/2025\/03\/battery_1743188204958-1024x576.jpg 1024w, https:\/\/www.correiobraziliense.com.br\/cbradar\/wp-content\/uploads\/2025\/03\/battery_1743188204958-300x169.jpg 300w, https:\/\/www.correiobraziliense.com.br\/cbradar\/wp-content\/uploads\/2025\/03\/battery_1743188204958-768x432.jpg 768w, https:\/\/www.correiobraziliense.com.br\/cbradar\/wp-content\/uploads\/2025\/03\/battery_1743188204958-750x422.jpg 750w, https:\/\/www.correiobraziliense.com.br\/cbradar\/wp-content\/uploads\/2025\/03\/battery_1743188204958-1140x641.jpg 1140w, https:\/\/www.correiobraziliense.com.br\/cbradar\/wp-content\/uploads\/2025\/03\/battery_1743188204958.jpg 1280w\" sizes=\"(max-width: 1024px) 100vw, 1024px\" \/><figcaption class=\"wp-element-caption\">Bateria &#8211; Cr\u00e9ditos: depositphotos.com \/ VitalikRadko<\/figcaption><\/figure><\/div>\n\n\n<h2 class=\"wp-block-heading\">Possibilidades de aplica\u00e7\u00e3o da tecnologia<\/h2>\n\n\n\n<p>As baterias recarreg\u00e1veis de <strong>ur\u00e2nio empobrecido<\/strong> oferecem v\u00e1rias possibilidades de aplica\u00e7\u00e3o, especialmente em ambientes onde a radia\u00e7\u00e3o pode ser controlada. Usinas nucleares s\u00e3o locais ideais para a implementa\u00e7\u00e3o dessa tecnologia, devido \u00e0 sua infraestrutura j\u00e1 adaptada para lidar com materiais radioativos. Al\u00e9m disso, essas baterias podem ser usadas para otimizar a produ\u00e7\u00e3o e distribui\u00e7\u00e3o de energia renov\u00e1vel, contribuindo para uma sociedade mais descarbonizada.<\/p>\n\n\n\n<p>Embora a implementa\u00e7\u00e3o em larga escala ainda dependa de avan\u00e7os adicionais, como o aumento da capacidade de armazenamento, a <strong>tecnologia<\/strong> j\u00e1 demonstra potencial para transformar a forma como o lixo nuclear \u00e9 gerenciado. Ao reutilizar ur\u00e2nio empobrecido, as baterias n\u00e3o apenas reduzem o ac\u00famulo de res\u00edduos nucleares, mas tamb\u00e9m oferecem uma fonte de energia alternativa e <strong>sustent\u00e1vel<\/strong>.<\/p>\n\n\n\n<h2 class=\"wp-block-heading\">Desafios e perspectivas futuras<\/h2>\n\n\n\n<p>Apesar das promessas, a introdu\u00e7\u00e3o de baterias de ur\u00e2nio no <strong>mercado<\/strong> enfrenta desafios significativos. Quest\u00f5es de seguran\u00e7a s\u00e3o primordiais, dado o uso de materiais radioativos. Al\u00e9m disso, a aceita\u00e7\u00e3o p\u00fablica e a regulamenta\u00e7\u00e3o governamental ser\u00e3o cruciais para a ado\u00e7\u00e3o dessa tecnologia. A <strong>JAEA<\/strong> continua a trabalhar no aprimoramento das baterias, buscando solu\u00e7\u00f5es que minimizem os riscos e maximizem os benef\u00edcios.<\/p>\n\n\n\n<p>O desenvolvimento de baterias de ur\u00e2nio representa um passo importante na inova\u00e7\u00e3o energ\u00e9tica, mas tamb\u00e9m destaca a necessidade de uma abordagem cuidadosa e respons\u00e1vel. \u00c0 medida que a pesquisa avan\u00e7a, o potencial para integrar essa tecnologia em sistemas energ\u00e9ticos sustent\u00e1veis pode se tornar uma realidade, oferecendo uma nova forma de aproveitar recursos que antes eram considerados res\u00edduos.<\/p>\n","protected":false},"excerpt":{"rendered":"<p>Pesquisadores no Jap\u00e3o anunciaram um avan\u00e7o significativo no campo das energias renov\u00e1veis com a cria\u00e7\u00e3o da primeira bateria recarreg\u00e1vel de ur\u00e2nio. Esta inova\u00e7\u00e3o utiliza ur\u00e2nio empobrecido, um subproduto do enriquecimento nuclear, para gerar eletricidade. Este desenvolvimento n\u00e3o apenas oferece uma nova maneira de utilizar res\u00edduos nucleares, mas tamb\u00e9m prop\u00f5e uma alternativa aos materiais tradicionais usados [&hellip;]<\/p>\n","protected":false},"author":9,"featured_media":16799,"comment_status":"open","ping_status":"open","sticky":false,"template":"","format":"standard","meta":{"_yoast_wpseo_focuskw":"bateria","_yoast_wpseo_title":"%%title%% %%page%%","_yoast_wpseo_metadesc":"Jap\u00e3o cria bateria recarreg\u00e1vel de ur\u00e2nio empobrecido, oferecendo uma solu\u00e7\u00e3o sustent\u00e1vel para res\u00edduos nucleares e energia limpa.","jnews-multi-image_gallery":[],"jnews_single_post":{"format":"standard"},"jnews_primary_category":[],"jnews_social_meta":[],"jnews_override_counter":[],"footnotes":""},"categories":[169,115],"tags":[2547,2549,2546,2548],"class_list":["post-16772","post","type-post","status-publish","format-standard","has-post-thumbnail","hentry","category-noticias","category-tecnologia","tag-bateria-recarregavel","tag-descarbonizacao","tag-energia-renovavel","tag-uranio-empobrecido"],"yoast_head":"<!-- This site is optimized with the Yoast SEO plugin v24.6 - https:\/\/yoast.com\/wordpress\/plugins\/seo\/ -->\n<title>Jap\u00e3o cria a primeira bateria recarreg\u00e1vel de ur\u00e2nio do mundo<\/title>\n<meta name=\"description\" content=\"Jap\u00e3o cria bateria recarreg\u00e1vel de ur\u00e2nio empobrecido, oferecendo uma solu\u00e7\u00e3o sustent\u00e1vel para res\u00edduos nucleares e energia limpa.\" \/>\n<meta name=\"robots\" content=\"index, follow, max-snippet:-1, max-image-preview:large, max-video-preview:-1\" \/>\n<link rel=\"canonical\" href=\"https:\/\/www.correiobraziliense.com.br\/cbradar\/japao-cria-a-primeira-bateria-recarregavel-de-uranio-do-mundo\/\" \/>\n<meta property=\"og:locale\" content=\"pt_BR\" \/>\n<meta property=\"og:type\" content=\"article\" \/>\n<meta property=\"og:title\" content=\"Jap\u00e3o cria a primeira bateria recarreg\u00e1vel de ur\u00e2nio do mundo\" \/>\n<meta property=\"og:description\" content=\"Jap\u00e3o cria bateria recarreg\u00e1vel de ur\u00e2nio empobrecido, oferecendo uma solu\u00e7\u00e3o sustent\u00e1vel para res\u00edduos nucleares e energia limpa.\" \/>\n<meta property=\"og:url\" content=\"https:\/\/www.correiobraziliense.com.br\/cbradar\/japao-cria-a-primeira-bateria-recarregavel-de-uranio-do-mundo\/\" \/>\n<meta property=\"og:site_name\" content=\"Correio Braziliense - Radar\" \/>\n<meta property=\"article:published_time\" content=\"2025-03-29T16:10:20+00:00\" \/>\n<meta property=\"og:image\" content=\"https:\/\/www.correiobraziliense.com.br\/cbradar\/wp-content\/uploads\/2025\/03\/battery_1743188089080.jpg\" \/>\n\t<meta property=\"og:image:width\" content=\"1280\" \/>\n\t<meta property=\"og:image:height\" content=\"720\" \/>\n\t<meta property=\"og:image:type\" content=\"image\/jpeg\" \/>\n<meta name=\"author\" content=\"Daniely Cardoso\" \/>\n<meta name=\"twitter:card\" content=\"summary_large_image\" \/>\n<meta name=\"twitter:label1\" content=\"Escrito por\" \/>\n\t<meta name=\"twitter:data1\" content=\"Daniely Cardoso\" \/>\n\t<meta name=\"twitter:label2\" content=\"Est. tempo de leitura\" \/>\n\t<meta name=\"twitter:data2\" content=\"4 minutos\" \/>\n<!-- \/ Yoast SEO plugin. -->","yoast_head_json":{"title":"Jap\u00e3o cria a primeira bateria recarreg\u00e1vel de ur\u00e2nio do mundo","description":"Jap\u00e3o cria bateria recarreg\u00e1vel de ur\u00e2nio empobrecido, oferecendo uma solu\u00e7\u00e3o sustent\u00e1vel para res\u00edduos nucleares e energia limpa.","robots":{"index":"index","follow":"follow","max-snippet":"max-snippet:-1","max-image-preview":"max-image-preview:large","max-video-preview":"max-video-preview:-1"},"canonical":"https:\/\/www.correiobraziliense.com.br\/cbradar\/japao-cria-a-primeira-bateria-recarregavel-de-uranio-do-mundo\/","og_locale":"pt_BR","og_type":"article","og_title":"Jap\u00e3o cria a primeira bateria recarreg\u00e1vel de ur\u00e2nio do mundo","og_description":"Jap\u00e3o cria bateria recarreg\u00e1vel de ur\u00e2nio empobrecido, oferecendo uma solu\u00e7\u00e3o sustent\u00e1vel para res\u00edduos nucleares e energia limpa.","og_url":"https:\/\/www.correiobraziliense.com.br\/cbradar\/japao-cria-a-primeira-bateria-recarregavel-de-uranio-do-mundo\/","og_site_name":"Correio Braziliense - Radar","article_published_time":"2025-03-29T16:10:20+00:00","og_image":[{"width":1280,"height":720,"url":"https:\/\/www.correiobraziliense.com.br\/cbradar\/wp-content\/uploads\/2025\/03\/battery_1743188089080.jpg","type":"image\/jpeg"}],"author":"Daniely Cardoso","twitter_card":"summary_large_image","twitter_misc":{"Escrito por":"Daniely Cardoso","Est. tempo de leitura":"4 minutos"},"schema":{"@context":"https:\/\/schema.org","@graph":[{"@type":"WebPage","@id":"https:\/\/www.correiobraziliense.com.br\/cbradar\/japao-cria-a-primeira-bateria-recarregavel-de-uranio-do-mundo\/","url":"https:\/\/www.correiobraziliense.com.br\/cbradar\/japao-cria-a-primeira-bateria-recarregavel-de-uranio-do-mundo\/","name":"Jap\u00e3o cria a primeira bateria recarreg\u00e1vel de ur\u00e2nio do mundo","isPartOf":{"@id":"https:\/\/www.correiobraziliense.com.br\/cbradar\/#website"},"primaryImageOfPage":{"@id":"https:\/\/www.correiobraziliense.com.br\/cbradar\/japao-cria-a-primeira-bateria-recarregavel-de-uranio-do-mundo\/#primaryimage"},"image":{"@id":"https:\/\/www.correiobraziliense.com.br\/cbradar\/japao-cria-a-primeira-bateria-recarregavel-de-uranio-do-mundo\/#primaryimage"},"thumbnailUrl":"https:\/\/www.correiobraziliense.com.br\/cbradar\/wp-content\/uploads\/2025\/03\/battery_1743188089080.jpg","datePublished":"2025-03-29T16:10:20+00:00","author":{"@id":"https:\/\/www.correiobraziliense.com.br\/cbradar\/#\/schema\/person\/7356666e12ec0ee53f348ee5db227032"},"description":"Jap\u00e3o cria bateria recarreg\u00e1vel de ur\u00e2nio empobrecido, oferecendo uma solu\u00e7\u00e3o sustent\u00e1vel para res\u00edduos nucleares e energia limpa.","breadcrumb":{"@id":"https:\/\/www.correiobraziliense.com.br\/cbradar\/japao-cria-a-primeira-bateria-recarregavel-de-uranio-do-mundo\/#breadcrumb"},"inLanguage":"pt-BR","potentialAction":[{"@type":"ReadAction","target":["https:\/\/www.correiobraziliense.com.br\/cbradar\/japao-cria-a-primeira-bateria-recarregavel-de-uranio-do-mundo\/"]}]},{"@type":"ImageObject","inLanguage":"pt-BR","@id":"https:\/\/www.correiobraziliense.com.br\/cbradar\/japao-cria-a-primeira-bateria-recarregavel-de-uranio-do-mundo\/#primaryimage","url":"https:\/\/www.correiobraziliense.com.br\/cbradar\/wp-content\/uploads\/2025\/03\/battery_1743188089080.jpg","contentUrl":"https:\/\/www.correiobraziliense.com.br\/cbradar\/wp-content\/uploads\/2025\/03\/battery_1743188089080.jpg","width":1280,"height":720,"caption":"Bateria - Cr\u00e9ditos: depositphotos.com \/ Frank-Peters"},{"@type":"BreadcrumbList","@id":"https:\/\/www.correiobraziliense.com.br\/cbradar\/japao-cria-a-primeira-bateria-recarregavel-de-uranio-do-mundo\/#breadcrumb","itemListElement":[{"@type":"ListItem","position":1,"name":"In\u00edcio","item":"https:\/\/www.correiobraziliense.com.br\/cbradar\/"},{"@type":"ListItem","position":2,"name":"Jap\u00e3o cria a primeira bateria recarreg\u00e1vel de ur\u00e2nio do mundo"}]},{"@type":"WebSite","@id":"https:\/\/www.correiobraziliense.com.br\/cbradar\/#website","url":"https:\/\/www.correiobraziliense.com.br\/cbradar\/","name":"Correio Braziliense - Radar","description":"Acompanhe as \u00faltimas not\u00edcias e fique bem informado sobre tudo o que acontece no Brasil e no mundo.","potentialAction":[{"@type":"SearchAction","target":{"@type":"EntryPoint","urlTemplate":"https:\/\/www.correiobraziliense.com.br\/cbradar\/?s={search_term_string}"},"query-input":{"@type":"PropertyValueSpecification","valueRequired":true,"valueName":"search_term_string"}}],"inLanguage":"pt-BR"},{"@type":"Person","@id":"https:\/\/www.correiobraziliense.com.br\/cbradar\/#\/schema\/person\/7356666e12ec0ee53f348ee5db227032","name":"Daniely Cardoso","image":{"@type":"ImageObject","inLanguage":"pt-BR","@id":"https:\/\/www.correiobraziliense.com.br\/cbradar\/#\/schema\/person\/image\/","url":"https:\/\/secure.gravatar.com\/avatar\/4b80ddbd124d1f071b626d52d62e5dff?s=96&d=mm&r=g","contentUrl":"https:\/\/secure.gravatar.com\/avatar\/4b80ddbd124d1f071b626d52d62e5dff?s=96&d=mm&r=g","caption":"Daniely Cardoso"},"description":"Redatora nos portais CB Radar e EM Foco, formada pela Universidade Federal de Goi\u00e1s, em Goi\u00e2nia. Apaixonada por comunica\u00e7\u00e3o, arte, decora\u00e7\u00e3o e tend\u00eancias, atuo na produ\u00e7\u00e3o de conte\u00fados envolventes sobre curiosidades, moda, beleza e paisagismo, sempre com um olhar atento \u00e0s novidades do momento.","sameAs":["https:\/\/www.correiobraziliense.com.br\/cbradar"],"url":"https:\/\/www.correiobraziliense.com.br\/cbradar\/author\/danielymyth\/"}]}},"_links":{"self":[{"href":"https:\/\/www.correiobraziliense.com.br\/cbradar\/wp-json\/wp\/v2\/posts\/16772","targetHints":{"allow":["GET"]}}],"collection":[{"href":"https:\/\/www.correiobraziliense.com.br\/cbradar\/wp-json\/wp\/v2\/posts"}],"about":[{"href":"https:\/\/www.correiobraziliense.com.br\/cbradar\/wp-json\/wp\/v2\/types\/post"}],"author":[{"embeddable":true,"href":"https:\/\/www.correiobraziliense.com.br\/cbradar\/wp-json\/wp\/v2\/users\/9"}],"replies":[{"embeddable":true,"href":"https:\/\/www.correiobraziliense.com.br\/cbradar\/wp-json\/wp\/v2\/comments?post=16772"}],"version-history":[{"count":3,"href":"https:\/\/www.correiobraziliense.com.br\/cbradar\/wp-json\/wp\/v2\/posts\/16772\/revisions"}],"predecessor-version":[{"id":16803,"href":"https:\/\/www.correiobraziliense.com.br\/cbradar\/wp-json\/wp\/v2\/posts\/16772\/revisions\/16803"}],"wp:featuredmedia":[{"embeddable":true,"href":"https:\/\/www.correiobraziliense.com.br\/cbradar\/wp-json\/wp\/v2\/media\/16799"}],"wp:attachment":[{"href":"https:\/\/www.correiobraziliense.com.br\/cbradar\/wp-json\/wp\/v2\/media?parent=16772"}],"wp:term":[{"taxonomy":"category","embeddable":true,"href":"https:\/\/www.correiobraziliense.com.br\/cbradar\/wp-json\/wp\/v2\/categories?post=16772"},{"taxonomy":"post_tag","embeddable":true,"href":"https:\/\/www.correiobraziliense.com.br\/cbradar\/wp-json\/wp\/v2\/tags?post=16772"}],"curies":[{"name":"wp","href":"https:\/\/api.w.org\/{rel}","templated":true}]}}